{"id":22807,"date":"2016-04-19T21:46:40","date_gmt":"2016-04-20T02:46:40","guid":{"rendered":"http:\/\/www.lospoliticosveracruz.com.mx\/?p=22807"},"modified":"2016-04-19T21:46:40","modified_gmt":"2016-04-20T02:46:40","slug":"yunes-del-panama-papers-a-las-propiedades-en-ny","status":"publish","type":"post","link":"https:\/\/lospoliticosveracruz.com\/?p=22807","title":{"rendered":"Yunes, del Panama Papers a las propiedades en NY"},"content":{"rendered":"<p><a href=\"http:\/\/www.lospoliticosveracruz.com.mx\/wp-content\/uploads\/2016\/04\/Omar-Yunes-M\u00e1rquez.jpg\"><img loading=\"lazy\" decoding=\"async\" class=\"alignnone size-medium wp-image-22580\" src=\"http:\/\/www.lospoliticosveracruz.com.mx\/wp-content\/uploads\/2016\/04\/Omar-Yunes-M\u00e1rquez-300x169.jpg\" alt=\"Omar Yunes M\u00e1rquez\" width=\"300\" height=\"169\" \/><\/a><\/p>\n<p><strong>Luis Alberto Romero<\/strong><\/p>\n<p><em>Hora Cero<\/em><\/p>\n<p>Unos quince d\u00edas despu\u00e9s del esc\u00e1ndalo conocido como Panama Papers, los papeles de Panam\u00e1, que involucr\u00f3 a Omar Yunes M\u00e1rquez, hijo del candidato de la alianza PAN-PRD al gobierno del estado, Miguel \u00c1ngel Yunes Linares, con el intento de realizar inversiones en para\u00edsos fiscales, un nuevo caso vuelve a empa\u00f1ar la campa\u00f1a de la alianza \u201cPara Rescatar Veracruz\u201d: la filtraci\u00f3n de un audio que pone al descubierto una conversaci\u00f3n entre el abanderado del albiazul y el menor de sus hijos.<\/p>\n<p>El joven empresario del sector inmobiliario platica con su padre, el aspirante al gobierno del estado por Acci\u00f3n Nacional, sobre una inversi\u00f3n para adquirir una propiedad en Nueva York; es una operaci\u00f3n que se ubica muy cerca de los 58 millones de d\u00f3lares, lo que equivale a poco m\u00e1s de mil millones de pesos, seg\u00fan el tipo de cambio actual.<\/p>\n<p>El audio fue difundido originalmente por la empresa Univisi\u00f3n y retomado por diferentes medios informativos del pa\u00eds, hasta escalar dimensiones y ganar titulares en peri\u00f3dicos, y espacios en p\u00e1ginas de internet y noticiarios de radio y televisi\u00f3n.<\/p>\n<p>Por otro lado, justo cuando en el debate de Coatzacoalcos los candidatos hablaban del combate a la corrupci\u00f3n, en el entorno nacional reventaba el esc\u00e1ndalo derivado de dicha conversaci\u00f3n entre el panista y su hijo, lo que meti\u00f3 ruido en la campa\u00f1a de la alianza \u201cPara Rescatar Veracruz\u201d, cuyo candidato se apresur\u00f3 a denunciar una guerra sucia en su contra, por parte del PRI y del gobierno del estado.<\/p>\n<p>Yunes Linares recibe golpes desde diferentes flancos; los esc\u00e1ndalos de Panama Papers y de la actividad empresarial de su hijo menor no son los \u00fanicos ataques que cosecha, pero s\u00ed los que m\u00e1s le han desgastado porque pegan en su entorno m\u00e1s cercano y en un tema que ha sido recurrente en su discurso antes y durante la campa\u00f1a al gobierno estatal: la corrupci\u00f3n.<\/p>\n<p><strong>Una casa \u201cque no tiene ni Obama\u201d<\/strong><\/p>\n<p>A ello se suma la andanada de cr\u00edticas lanzada por el dirigente nacional de Morena y ex candidato presidencial del PRD, Andr\u00e9s Manuel L\u00f3pez Obrador, quien durante su reciente gira por la Huasteca veracruzana denunci\u00f3 la presunta riqueza de Yunes Linares; dijo, por ejemplo, que el panista tiene departamentos en Estados Unidos, yate y una casa en Boca del R\u00edo \u201cque no tiene ni Obama\u201d.<\/p>\n<p>Lo curioso, sin embargo, es que esas cr\u00edticas y esos esc\u00e1ndalos que han sido revelados por medios nacionales e internacionales no han enviado a la lona a Yunes Linares; no lo han tambaleado ni lo tienen siquiera contra las cuerdas; al contrario, contin\u00faa con un buen nivel de competitividad pol\u00edtico electoral.<\/p>\n<p>Aunque ya hab\u00edan bajado del ring del debate en Coatzacoalcos, este martes, posterior al encuentro de Olmeca TV, continu\u00f3 la refriega entre los candidatos punteros; en un noticiario radiof\u00f3nico, el priista H\u00e9ctor Yunes Landa retom\u00f3 el caso de la presunta compra de una propiedad en Nueva York por parte del hijo menor de su contendiente; dijo que Yunes Linares es el \u201crey del lodo\u201d \u2013en referencia a las denuncias del panista sobre la supuesta guerra sucia en su contra\u2013 y lo defini\u00f3 como \u201cel interventor de tel\u00e9fonos m\u00e1s grande en la historia de Veracruz\u201d, casi como el amo del espionaje telef\u00f3nico, pero en versi\u00f3n local.<\/p>\n<p>En respuesta, el candidato panista habl\u00f3 de guerra sucia; dijo que la acusaci\u00f3n sobre la propiedad en NY no se pod\u00eda acreditar y que el gobierno estatal enfocaba las bater\u00edas en su contra, porque le ven adelante en las preferencias.<\/p>\n<p>Yunes Linares neg\u00f3 los se\u00f1alamientos; aclar\u00f3 que no cuenta con los recursos para adquirir una propiedad como la mencionada; que se trata de la inversi\u00f3n que realizar\u00edan terceros; y que no dedicar\u00e1 tiempo a la guerra sucia.<\/p>\n<p>Esto apenas comienza.<\/p>\n<p><strong>El PAN, las pluris y Cinthya Lobato<\/strong><\/p>\n<p>Aunque las fechas para el registro de los candidatos a diputados locales por representaci\u00f3n proporcional van del 4 al 13 de mayo, en el Partido Acci\u00f3n Nacional ya tienen pr\u00e1cticamente definido el tema.<\/p>\n<p>Sergio Hern\u00e1ndez, Cinthya Lobato, Hip\u00f3lito Deschamps, Teresa Zocolotto y Marco Antonio N\u00fa\u00f1ez integrar\u00edan la lista preliminar, misma que todav\u00eda no ha sido registrada ante el \u00f3rgano electoral.<\/p>\n<p>En el PAN est\u00e1 pendiente la resoluci\u00f3n de la queja interpuesta por Mar\u00eda del Rosario Guzm\u00e1n, hermana del diputado local y cacique de Tantoyuca, Joaqu\u00edn Guzm\u00e1n Avil\u00e9s, quien busca mejorar su sexto lugar en la lista para ubicarse en el segundo, en el que hoy estar\u00eda la ex diputada local Cinthya Lobato.<\/p>\n<p>El tema en el albiazul no s\u00f3lo pasa por la lista de plurinominales, sino tambi\u00e9n por el reacomodo de los grupos internos; el diputado Guzm\u00e1n Avil\u00e9s busca asegurar la curul para su hermana, a fin de mantener la hegemon\u00eda en la Huasteca; sin embargo, en t\u00e9rmino de rentabilidad electoral, esa familia poco aportar\u00e1, adicional a lo que ya tiene su candidato a gobernador en ese distrito del norte.<\/p>\n<p>Algo diferente ocurre en Xalapa Rural, donde Cinthya Lobato es una figura de peso que podr\u00eda contribuir a incrementar la fuerza de Miguel \u00c1ngel Yunes en la capital veracruzana y aumentar el n\u00famero de votos proyectados para su partido. @luisromero85<\/p>\n","protected":false},"excerpt":{"rendered":"<p>Luis Alberto Romero Hora Cero Unos quince d\u00edas despu\u00e9s del esc\u00e1ndalo conocido como Panama Papers, los papeles de Panam\u00e1, que involucr\u00f3 a Omar Yunes M\u00e1rquez, hijo del candidato de la alianza PAN-PRD al gobierno del estado, Miguel \u00c1ngel Yunes Linares, con el intento de realizar inversiones en para\u00edsos fiscales, un nuevo caso vuelve a empa\u00f1ar [&hellip;]<\/p>\n","protected":false},"author":2,"featured_media":0,"comment_status":"open","ping_status":"open","sticky":false,"template":"","format":"standard","meta":{"tdm_status":"","tdm_grid_status":"","footnotes":""},"categories":[70],"tags":[428,5207,5279],"class_list":{"0":"post-22807","1":"post","2":"type-post","3":"status-publish","4":"format-standard","6":"category-de-opinion","7":"tag-miguel-angel-yunes-linares","8":"tag-omar-yunes-marquez","9":"tag-para-rescatar-veracruz"},"yoast_head":"<!-- This site is optimized with the Yoast SEO plugin v27.4 - https:\/\/yoast.com\/product\/yoast-seo-wordpress\/ -->\n<title>Yunes, del Panama Papers a las propiedades en NY - Los pol\u00edticos Veracruz<\/title>\n<meta name=\"robots\" content=\"index, follow, max-snippet:-1, max-image-preview:large, max-video-preview:-1\" \/>\n<link rel=\"canonical\" href=\"https:\/\/lospoliticosveracruz.com\/?p=22807\" \/>\n<meta property=\"og:locale\" content=\"es_ES\" \/>\n<meta property=\"og:type\" content=\"article\" \/>\n<meta property=\"og:title\" content=\"Yunes, del Panama Papers a las propiedades en NY - Los pol\u00edticos Veracruz\" \/>\n<meta property=\"og:description\" content=\"Luis Alberto Romero Hora Cero Unos quince d\u00edas despu\u00e9s del esc\u00e1ndalo conocido como Panama Papers, los papeles de Panam\u00e1, que involucr\u00f3 a Omar Yunes M\u00e1rquez, hijo del candidato de la alianza PAN-PRD al gobierno del estado, Miguel \u00c1ngel Yunes Linares, con el intento de realizar inversiones en para\u00edsos fiscales, un nuevo caso vuelve a empa\u00f1ar [&hellip;]\" \/>\n<meta property=\"og:url\" content=\"https:\/\/lospoliticosveracruz.com\/?p=22807\" \/>\n<meta property=\"og:site_name\" content=\"Los pol\u00edticos Veracruz\" \/>\n<meta property=\"article:publisher\" content=\"https:\/\/www.facebook.com\/people\/Notimemes-de-los-Polticos\/61565672886568\/\" \/>\n<meta property=\"article:published_time\" content=\"2016-04-20T02:46:40+00:00\" \/>\n<meta property=\"og:image\" content=\"https:\/\/lospoliticosveracruz.com\/wp-content\/uploads\/2016\/07\/Logo-Dor.jpg\" \/>\n\t<meta property=\"og:image:width\" content=\"200\" \/>\n\t<meta property=\"og:image:height\" content=\"200\" \/>\n\t<meta property=\"og:image:type\" content=\"image\/jpeg\" \/>\n<meta name=\"author\" content=\"Lo viste en Los Pol\u00edticos\" \/>\n<meta name=\"twitter:card\" content=\"summary_large_image\" \/>\n<meta name=\"twitter:creator\" content=\"@LosPoliticosVer\" \/>\n<meta name=\"twitter:site\" content=\"@LosPoliticosVer\" \/>\n<meta name=\"twitter:label1\" content=\"Escrito por\" \/>\n\t<meta name=\"twitter:data1\" content=\"Lo viste en Los Pol\u00edticos\" \/>\n\t<meta name=\"twitter:label2\" content=\"Tiempo de lectura\" \/>\n\t<meta name=\"twitter:data2\" content=\"5 minutos\" \/>\n<script type=\"application\/ld+json\" class=\"yoast-schema-graph\">{\"@context\":\"https:\\\/\\\/schema.org\",\"@graph\":[{\"@type\":\"Article\",\"@id\":\"https:\\\/\\\/lospoliticosveracruz.com\\\/?p=22807#article\",\"isPartOf\":{\"@id\":\"https:\\\/\\\/lospoliticosveracruz.com\\\/?p=22807\"},\"author\":{\"name\":\"Lo viste en Los Pol\u00edticos\",\"@id\":\"https:\\\/\\\/lospoliticosveracruz.com\\\/#\\\/schema\\\/person\\\/b8702bb0e538456e6efd07080bf2a4a2\"},\"headline\":\"Yunes, del Panama Papers a las propiedades en NY\",\"datePublished\":\"2016-04-20T02:46:40+00:00\",\"mainEntityOfPage\":{\"@id\":\"https:\\\/\\\/lospoliticosveracruz.com\\\/?p=22807\"},\"wordCount\":929,\"commentCount\":0,\"publisher\":{\"@id\":\"https:\\\/\\\/lospoliticosveracruz.com\\\/#organization\"},\"keywords\":[\"Miguel Angel Yunes Linares\",\"Omar Yunes M\u00e1rquez\",\"Para Rescatar Veracruz\"],\"articleSection\":[\"De Opini\u00f3n\"],\"inLanguage\":\"es\",\"potentialAction\":[{\"@type\":\"CommentAction\",\"name\":\"Comment\",\"target\":[\"https:\\\/\\\/lospoliticosveracruz.com\\\/?p=22807#respond\"]}]},{\"@type\":\"WebPage\",\"@id\":\"https:\\\/\\\/lospoliticosveracruz.com\\\/?p=22807\",\"url\":\"https:\\\/\\\/lospoliticosveracruz.com\\\/?p=22807\",\"name\":\"Yunes, del Panama Papers a las propiedades en NY - Los pol\u00edticos Veracruz\",\"isPartOf\":{\"@id\":\"https:\\\/\\\/lospoliticosveracruz.com\\\/#website\"},\"datePublished\":\"2016-04-20T02:46:40+00:00\",\"breadcrumb\":{\"@id\":\"https:\\\/\\\/lospoliticosveracruz.com\\\/?p=22807#breadcrumb\"},\"inLanguage\":\"es\",\"potentialAction\":[{\"@type\":\"ReadAction\",\"target\":[\"https:\\\/\\\/lospoliticosveracruz.com\\\/?p=22807\"]}]},{\"@type\":\"BreadcrumbList\",\"@id\":\"https:\\\/\\\/lospoliticosveracruz.com\\\/?p=22807#breadcrumb\",\"itemListElement\":[{\"@type\":\"ListItem\",\"position\":1,\"name\":\"Portada\",\"item\":\"https:\\\/\\\/lospoliticosveracruz.com\\\/\"},{\"@type\":\"ListItem\",\"position\":2,\"name\":\"Yunes, del Panama Papers a las propiedades en NY\"}]},{\"@type\":\"WebSite\",\"@id\":\"https:\\\/\\\/lospoliticosveracruz.com\\\/#website\",\"url\":\"https:\\\/\\\/lospoliticosveracruz.com\\\/\",\"name\":\"Los pol\u00edticos Veracruz\",\"description\":\"\",\"publisher\":{\"@id\":\"https:\\\/\\\/lospoliticosveracruz.com\\\/#organization\"},\"potentialAction\":[{\"@type\":\"SearchAction\",\"target\":{\"@type\":\"EntryPoint\",\"urlTemplate\":\"https:\\\/\\\/lospoliticosveracruz.com\\\/?s={search_term_string}\"},\"query-input\":{\"@type\":\"PropertyValueSpecification\",\"valueRequired\":true,\"valueName\":\"search_term_string\"}}],\"inLanguage\":\"es\"},{\"@type\":\"Organization\",\"@id\":\"https:\\\/\\\/lospoliticosveracruz.com\\\/#organization\",\"name\":\"Los pol\u00edticos Veracruz\",\"url\":\"https:\\\/\\\/lospoliticosveracruz.com\\\/\",\"logo\":{\"@type\":\"ImageObject\",\"inLanguage\":\"es\",\"@id\":\"https:\\\/\\\/lospoliticosveracruz.com\\\/#\\\/schema\\\/logo\\\/image\\\/\",\"url\":\"https:\\\/\\\/lospoliticosveracruz.com\\\/wp-content\\\/uploads\\\/2025\\\/12\\\/Logo-Nuevo-LOS-POLITICOS-1.jpg\",\"contentUrl\":\"https:\\\/\\\/lospoliticosveracruz.com\\\/wp-content\\\/uploads\\\/2025\\\/12\\\/Logo-Nuevo-LOS-POLITICOS-1.jpg\",\"width\":260,\"height\":70,\"caption\":\"Los pol\u00edticos Veracruz\"},\"image\":{\"@id\":\"https:\\\/\\\/lospoliticosveracruz.com\\\/#\\\/schema\\\/logo\\\/image\\\/\"},\"sameAs\":[\"https:\\\/\\\/www.facebook.com\\\/people\\\/Notimemes-de-los-Polticos\\\/61565672886568\\\/\",\"https:\\\/\\\/x.com\\\/LosPoliticosVer\"]},{\"@type\":\"Person\",\"@id\":\"https:\\\/\\\/lospoliticosveracruz.com\\\/#\\\/schema\\\/person\\\/b8702bb0e538456e6efd07080bf2a4a2\",\"name\":\"Lo viste en Los Pol\u00edticos\",\"image\":{\"@type\":\"ImageObject\",\"inLanguage\":\"es\",\"@id\":\"https:\\\/\\\/secure.gravatar.com\\\/avatar\\\/3a8de04a2656d44082be478bd6c086daa447c4651605818287b9532d3d0bd435?s=96&d=mm&r=g\",\"url\":\"https:\\\/\\\/secure.gravatar.com\\\/avatar\\\/3a8de04a2656d44082be478bd6c086daa447c4651605818287b9532d3d0bd435?s=96&d=mm&r=g\",\"contentUrl\":\"https:\\\/\\\/secure.gravatar.com\\\/avatar\\\/3a8de04a2656d44082be478bd6c086daa447c4651605818287b9532d3d0bd435?s=96&d=mm&r=g\",\"caption\":\"Lo viste en Los Pol\u00edticos\"},\"url\":\"https:\\\/\\\/lospoliticosveracruz.com\\\/?author=2\"}]}<\/script>\n<!-- \/ Yoast SEO plugin. -->","yoast_head_json":{"title":"Yunes, del Panama Papers a las propiedades en NY - Los pol\u00edticos Veracruz","robots":{"index":"index","follow":"follow","max-snippet":"max-snippet:-1","max-image-preview":"max-image-preview:large","max-video-preview":"max-video-preview:-1"},"canonical":"https:\/\/lospoliticosveracruz.com\/?p=22807","og_locale":"es_ES","og_type":"article","og_title":"Yunes, del Panama Papers a las propiedades en NY - Los pol\u00edticos Veracruz","og_description":"Luis Alberto Romero Hora Cero Unos quince d\u00edas despu\u00e9s del esc\u00e1ndalo conocido como Panama Papers, los papeles de Panam\u00e1, que involucr\u00f3 a Omar Yunes M\u00e1rquez, hijo del candidato de la alianza PAN-PRD al gobierno del estado, Miguel \u00c1ngel Yunes Linares, con el intento de realizar inversiones en para\u00edsos fiscales, un nuevo caso vuelve a empa\u00f1ar [&hellip;]","og_url":"https:\/\/lospoliticosveracruz.com\/?p=22807","og_site_name":"Los pol\u00edticos Veracruz","article_publisher":"https:\/\/www.facebook.com\/people\/Notimemes-de-los-Polticos\/61565672886568\/","article_published_time":"2016-04-20T02:46:40+00:00","og_image":[{"width":200,"height":200,"url":"https:\/\/lospoliticosveracruz.com\/wp-content\/uploads\/2016\/07\/Logo-Dor.jpg","type":"image\/jpeg"}],"author":"Lo viste en Los Pol\u00edticos","twitter_card":"summary_large_image","twitter_creator":"@LosPoliticosVer","twitter_site":"@LosPoliticosVer","twitter_misc":{"Escrito por":"Lo viste en Los Pol\u00edticos","Tiempo de lectura":"5 minutos"},"schema":{"@context":"https:\/\/schema.org","@graph":[{"@type":"Article","@id":"https:\/\/lospoliticosveracruz.com\/?p=22807#article","isPartOf":{"@id":"https:\/\/lospoliticosveracruz.com\/?p=22807"},"author":{"name":"Lo viste en Los Pol\u00edticos","@id":"https:\/\/lospoliticosveracruz.com\/#\/schema\/person\/b8702bb0e538456e6efd07080bf2a4a2"},"headline":"Yunes, del Panama Papers a las propiedades en NY","datePublished":"2016-04-20T02:46:40+00:00","mainEntityOfPage":{"@id":"https:\/\/lospoliticosveracruz.com\/?p=22807"},"wordCount":929,"commentCount":0,"publisher":{"@id":"https:\/\/lospoliticosveracruz.com\/#organization"},"keywords":["Miguel Angel Yunes Linares","Omar Yunes M\u00e1rquez","Para Rescatar Veracruz"],"articleSection":["De Opini\u00f3n"],"inLanguage":"es","potentialAction":[{"@type":"CommentAction","name":"Comment","target":["https:\/\/lospoliticosveracruz.com\/?p=22807#respond"]}]},{"@type":"WebPage","@id":"https:\/\/lospoliticosveracruz.com\/?p=22807","url":"https:\/\/lospoliticosveracruz.com\/?p=22807","name":"Yunes, del Panama Papers a las propiedades en NY - Los pol\u00edticos Veracruz","isPartOf":{"@id":"https:\/\/lospoliticosveracruz.com\/#website"},"datePublished":"2016-04-20T02:46:40+00:00","breadcrumb":{"@id":"https:\/\/lospoliticosveracruz.com\/?p=22807#breadcrumb"},"inLanguage":"es","potentialAction":[{"@type":"ReadAction","target":["https:\/\/lospoliticosveracruz.com\/?p=22807"]}]},{"@type":"BreadcrumbList","@id":"https:\/\/lospoliticosveracruz.com\/?p=22807#breadcrumb","itemListElement":[{"@type":"ListItem","position":1,"name":"Portada","item":"https:\/\/lospoliticosveracruz.com\/"},{"@type":"ListItem","position":2,"name":"Yunes, del Panama Papers a las propiedades en NY"}]},{"@type":"WebSite","@id":"https:\/\/lospoliticosveracruz.com\/#website","url":"https:\/\/lospoliticosveracruz.com\/","name":"Los pol\u00edticos Veracruz","description":"","publisher":{"@id":"https:\/\/lospoliticosveracruz.com\/#organization"},"potentialAction":[{"@type":"SearchAction","target":{"@type":"EntryPoint","urlTemplate":"https:\/\/lospoliticosveracruz.com\/?s={search_term_string}"},"query-input":{"@type":"PropertyValueSpecification","valueRequired":true,"valueName":"search_term_string"}}],"inLanguage":"es"},{"@type":"Organization","@id":"https:\/\/lospoliticosveracruz.com\/#organization","name":"Los pol\u00edticos Veracruz","url":"https:\/\/lospoliticosveracruz.com\/","logo":{"@type":"ImageObject","inLanguage":"es","@id":"https:\/\/lospoliticosveracruz.com\/#\/schema\/logo\/image\/","url":"https:\/\/lospoliticosveracruz.com\/wp-content\/uploads\/2025\/12\/Logo-Nuevo-LOS-POLITICOS-1.jpg","contentUrl":"https:\/\/lospoliticosveracruz.com\/wp-content\/uploads\/2025\/12\/Logo-Nuevo-LOS-POLITICOS-1.jpg","width":260,"height":70,"caption":"Los pol\u00edticos Veracruz"},"image":{"@id":"https:\/\/lospoliticosveracruz.com\/#\/schema\/logo\/image\/"},"sameAs":["https:\/\/www.facebook.com\/people\/Notimemes-de-los-Polticos\/61565672886568\/","https:\/\/x.com\/LosPoliticosVer"]},{"@type":"Person","@id":"https:\/\/lospoliticosveracruz.com\/#\/schema\/person\/b8702bb0e538456e6efd07080bf2a4a2","name":"Lo viste en Los Pol\u00edticos","image":{"@type":"ImageObject","inLanguage":"es","@id":"https:\/\/secure.gravatar.com\/avatar\/3a8de04a2656d44082be478bd6c086daa447c4651605818287b9532d3d0bd435?s=96&d=mm&r=g","url":"https:\/\/secure.gravatar.com\/avatar\/3a8de04a2656d44082be478bd6c086daa447c4651605818287b9532d3d0bd435?s=96&d=mm&r=g","contentUrl":"https:\/\/secure.gravatar.com\/avatar\/3a8de04a2656d44082be478bd6c086daa447c4651605818287b9532d3d0bd435?s=96&d=mm&r=g","caption":"Lo viste en Los Pol\u00edticos"},"url":"https:\/\/lospoliticosveracruz.com\/?author=2"}]}},"_links":{"self":[{"href":"https:\/\/lospoliticosveracruz.com\/index.php?rest_route=\/wp\/v2\/posts\/22807","targetHints":{"allow":["GET"]}}],"collection":[{"href":"https:\/\/lospoliticosveracruz.com\/index.php?rest_route=\/wp\/v2\/posts"}],"about":[{"href":"https:\/\/lospoliticosveracruz.com\/index.php?rest_route=\/wp\/v2\/types\/post"}],"author":[{"embeddable":true,"href":"https:\/\/lospoliticosveracruz.com\/index.php?rest_route=\/wp\/v2\/users\/2"}],"replies":[{"embeddable":true,"href":"https:\/\/lospoliticosveracruz.com\/index.php?rest_route=%2Fwp%2Fv2%2Fcomments&post=22807"}],"version-history":[{"count":1,"href":"https:\/\/lospoliticosveracruz.com\/index.php?rest_route=\/wp\/v2\/posts\/22807\/revisions"}],"predecessor-version":[{"id":22808,"href":"https:\/\/lospoliticosveracruz.com\/index.php?rest_route=\/wp\/v2\/posts\/22807\/revisions\/22808"}],"wp:attachment":[{"href":"https:\/\/lospoliticosveracruz.com\/index.php?rest_route=%2Fwp%2Fv2%2Fmedia&parent=22807"}],"wp:term":[{"taxonomy":"category","embeddable":true,"href":"https:\/\/lospoliticosveracruz.com\/index.php?rest_route=%2Fwp%2Fv2%2Fcategories&post=22807"},{"taxonomy":"post_tag","embeddable":true,"href":"https:\/\/lospoliticosveracruz.com\/index.php?rest_route=%2Fwp%2Fv2%2Ftags&post=22807"}],"curies":[{"name":"wp","href":"https:\/\/api.w.org\/{rel}","templated":true}]}}