{"id":22809,"date":"2016-04-19T21:57:51","date_gmt":"2016-04-20T02:57:51","guid":{"rendered":"http:\/\/www.lospoliticosveracruz.com.mx\/?p=22809"},"modified":"2016-04-19T21:57:51","modified_gmt":"2016-04-20T02:57:51","slug":"el-terremoto-y-miyuli","status":"publish","type":"post","link":"https:\/\/lospoliticosveracruz.com\/?p=22809","title":{"rendered":"El terremoto y Miyuli"},"content":{"rendered":"<p><a href=\"http:\/\/www.lospoliticosveracruz.com.mx\/wp-content\/uploads\/2016\/04\/Panam\u00e1-Papers.jpg\"><img loading=\"lazy\" decoding=\"async\" class=\"alignnone size-medium wp-image-22472\" src=\"http:\/\/www.lospoliticosveracruz.com.mx\/wp-content\/uploads\/2016\/04\/Panam\u00e1-Papers-209x300.jpg\" alt=\"Panam\u00e1 Papers\" width=\"209\" height=\"300\" \/><\/a><br \/>\n<strong>Brenda Caballero<\/strong><br \/>\n<em>N\u00fameros Rojos<\/em><\/p>\n<p>\u00bfTe lleg\u00f3 el mensaje? me preguntan. De inmediato pienso en un mensaje electoral, ahorita que est\u00e1n las campa\u00f1as pol\u00edticas. \u00bfTierra? \u00bfLodo? No, el asunto es un terremoto.<br \/>\nTodo Whatsapp entr\u00f3 en p\u00e1nico al reenviar el mensaje de que cient\u00edficos de la Universidad Aut\u00f3noma de M\u00e9xico (UNAM) hab\u00edan anunciado un mega-terremoto que afectar\u00eda a M\u00e9xico y Estados Unidos; esto en virtud de los recientes sismos en Jap\u00f3n y Ecuador.<br \/>\nAnte tal preocupaci\u00f3n, el d\u00eda de ayer, el Sistema Sismol\u00f3gico Nacional emiti\u00f3 un comunicado v\u00eda twitter en el que anunci\u00f3 lo siguiente: \u201cLos sismos no se pueden predecir\u201d, aunque aclar\u00f3 que M\u00e9xico se encuentra en un contexto tect\u00f3nico, donde se pueden presentar, por lo que hace una invitaci\u00f3n a toda la poblaci\u00f3n a estar preparados y bien informados sobre qu\u00e9 hacer antes, durante y despu\u00e9s en caso de estar frente a un movimiento tel\u00farico.<br \/>\nEn verdad no se pueden predecir, si no, que le pregunten a Miguel \u00c1ngel Yunes Linares, candidato del PAN-PRD que en quince d\u00edas, m\u00e1s que lloverle sobre mojado, le ha cimbrado los esc\u00e1ndalos financieros de su hijo Omar Yunes M\u00e1rquez.<br \/>\nTal vez tenga raz\u00f3n Yunes Linares y lleve doce puntos de ventaja en las encuestas como lo declar\u00f3 ayer en MVS Noticias. Pero \u00bfcon todos estos esc\u00e1ndalos seguir\u00e1 igual? Recuerde que un terremoto si no tira la estructura, al menos la sacude, la cuartea o la estrella. Y es lo que est\u00e1 sucediendo.<br \/>\nTodos los d\u00edas para saciar, mi morbo, pregunto a los amigos y compa\u00f1eros sobre sus preferencias electorales. Desde luego que el voto es secreto, pero es una manera de medir la olla de los tamales del proceso electoral.<br \/>\nConfieso que muchos al principio met\u00edan las manos al fuego por Miguel \u00c1ngel Yunes; hoy, ya no tanto. \u00a1Est\u00e1n desilusionados!<br \/>\nY es que, algo que pega a cualquiera es que te mientan y que lo caches en la mentira. Algo as\u00ed como cuando ves que tu pareja te enga\u00f1a y al decirle te contesta \u00ab\u00a1No es cierto!\u00bb Ahhh pero tus ojos lo vieron; luego entonces, est\u00e1s loco o necesitas lentes?<br \/>\nEsa sensaci\u00f3n me dio cuando en la entrevista a Miguel \u00c1ngel, el periodista Alejandro Cacho le pregunta a \u00e9l, el porqu\u00e9 su hijo Omar, mejor conocido como Boni o El Conejo, discuten sobre una inversi\u00f3n inmobiliaria millonaria en Nueva York, algo as\u00ed como 58 millones de d\u00f3lares, difundida a trav\u00e9s de la cadena Univisi\u00f3n.<br \/>\nDe inmediato, Miyuli afirma que es una guerra sucia contra \u00e9l porque va de puntero y ganar\u00e1 en las elecciones a la gubernatura. Asimismo, refiere que Omar ya declar\u00f3 al respecto.<br \/>\nPresume hasta cierto punto tener una relaci\u00f3n excelente con sus tres hijos, ya que todos los d\u00edas se llaman para informarse de lo que hace cada uno. \u00a1Vaya comunicaci\u00f3n!<br \/>\nPero lo triste del caso es que su hijo ya tiene un antecedente de \u201cotra guerra sucia\u201d: Los Papeles de Panam\u00e1, en donde se le vincul\u00f3 con evasi\u00f3n fiscal, no olvidando las compras de inmuebles por m\u00e1s de 30 millones de pesos que hizo en Polanco, una de las zonas m\u00e1s exclusivas de la Ciudad de M\u00e9xico&#8230; Por lo que me entra la duda&#8230;<br \/>\nSi todo es l\u00edcito como lo afirma su padre al decir que es un muchacho trabajador, y aparentemente con mucha suerte, si Miguel \u00c1ngel Yunes quedar\u00e1 como gobernador, seguramente tendr\u00edamos un conflicto de intereses como el caso Higa con el gobierno federal, por lo que habr\u00eda un terremoto en Veracruz con epicentro en la capital Xalapa.<\/p>\n<p>caballero_brenda@hotmail.com<\/p>\n","protected":false},"excerpt":{"rendered":"<p>Brenda Caballero N\u00fameros Rojos \u00bfTe lleg\u00f3 el mensaje? me preguntan. De inmediato pienso en un mensaje electoral, ahorita que est\u00e1n las campa\u00f1as pol\u00edticas. \u00bfTierra? \u00bfLodo? No, el asunto es un terremoto. Todo Whatsapp entr\u00f3 en p\u00e1nico al reenviar el mensaje de que cient\u00edficos de la Universidad Aut\u00f3noma de M\u00e9xico (UNAM) hab\u00edan anunciado un mega-terremoto que [&hellip;]<\/p>\n","protected":false},"author":2,"featured_media":0,"comment_status":"open","ping_status":"open","sticky":false,"template":"","format":"standard","meta":{"tdm_status":"","tdm_grid_status":"","footnotes":""},"categories":[70],"tags":[428,5207,5280,195],"class_list":{"0":"post-22809","1":"post","2":"type-post","3":"status-publish","4":"format-standard","6":"category-de-opinion","7":"tag-miguel-angel-yunes-linares","8":"tag-omar-yunes-marquez","9":"tag-terremoto","10":"tag-veracruz"},"yoast_head":"<!-- This site is optimized with the Yoast SEO plugin v27.4 - https:\/\/yoast.com\/product\/yoast-seo-wordpress\/ -->\n<title>El terremoto y Miyuli - Los pol\u00edticos Veracruz<\/title>\n<meta name=\"robots\" content=\"index, follow, max-snippet:-1, max-image-preview:large, max-video-preview:-1\" \/>\n<link rel=\"canonical\" href=\"https:\/\/lospoliticosveracruz.com\/?p=22809\" \/>\n<meta property=\"og:locale\" content=\"es_ES\" \/>\n<meta property=\"og:type\" content=\"article\" \/>\n<meta property=\"og:title\" content=\"El terremoto y Miyuli - Los pol\u00edticos Veracruz\" \/>\n<meta property=\"og:description\" content=\"Brenda Caballero N\u00fameros Rojos \u00bfTe lleg\u00f3 el mensaje? me preguntan. De inmediato pienso en un mensaje electoral, ahorita que est\u00e1n las campa\u00f1as pol\u00edticas. \u00bfTierra? \u00bfLodo? No, el asunto es un terremoto. Todo Whatsapp entr\u00f3 en p\u00e1nico al reenviar el mensaje de que cient\u00edficos de la Universidad Aut\u00f3noma de M\u00e9xico (UNAM) hab\u00edan anunciado un mega-terremoto que [&hellip;]\" \/>\n<meta property=\"og:url\" content=\"https:\/\/lospoliticosveracruz.com\/?p=22809\" \/>\n<meta property=\"og:site_name\" content=\"Los pol\u00edticos Veracruz\" \/>\n<meta property=\"article:publisher\" content=\"https:\/\/www.facebook.com\/people\/Notimemes-de-los-Polticos\/61565672886568\/\" \/>\n<meta property=\"article:published_time\" content=\"2016-04-20T02:57:51+00:00\" \/>\n<meta property=\"og:image\" content=\"https:\/\/lospoliticosveracruz.com\/wp-content\/uploads\/2016\/07\/Logo-Dor.jpg\" \/>\n\t<meta property=\"og:image:width\" content=\"200\" \/>\n\t<meta property=\"og:image:height\" content=\"200\" \/>\n\t<meta property=\"og:image:type\" content=\"image\/jpeg\" \/>\n<meta name=\"author\" content=\"Lo viste en Los Pol\u00edticos\" \/>\n<meta name=\"twitter:card\" content=\"summary_large_image\" \/>\n<meta name=\"twitter:creator\" content=\"@LosPoliticosVer\" \/>\n<meta name=\"twitter:site\" content=\"@LosPoliticosVer\" \/>\n<meta name=\"twitter:label1\" content=\"Escrito por\" \/>\n\t<meta name=\"twitter:data1\" content=\"Lo viste en Los Pol\u00edticos\" \/>\n\t<meta name=\"twitter:label2\" content=\"Tiempo de lectura\" \/>\n\t<meta name=\"twitter:data2\" content=\"3 minutos\" \/>\n<script type=\"application\/ld+json\" class=\"yoast-schema-graph\">{\"@context\":\"https:\\\/\\\/schema.org\",\"@graph\":[{\"@type\":\"Article\",\"@id\":\"https:\\\/\\\/lospoliticosveracruz.com\\\/?p=22809#article\",\"isPartOf\":{\"@id\":\"https:\\\/\\\/lospoliticosveracruz.com\\\/?p=22809\"},\"author\":{\"name\":\"Lo viste en Los Pol\u00edticos\",\"@id\":\"https:\\\/\\\/lospoliticosveracruz.com\\\/#\\\/schema\\\/person\\\/b8702bb0e538456e6efd07080bf2a4a2\"},\"headline\":\"El terremoto y Miyuli\",\"datePublished\":\"2016-04-20T02:57:51+00:00\",\"mainEntityOfPage\":{\"@id\":\"https:\\\/\\\/lospoliticosveracruz.com\\\/?p=22809\"},\"wordCount\":636,\"commentCount\":0,\"publisher\":{\"@id\":\"https:\\\/\\\/lospoliticosveracruz.com\\\/#organization\"},\"keywords\":[\"Miguel Angel Yunes Linares\",\"Omar Yunes M\u00e1rquez\",\"terremoto\",\"Veracruz\"],\"articleSection\":[\"De Opini\u00f3n\"],\"inLanguage\":\"es\",\"potentialAction\":[{\"@type\":\"CommentAction\",\"name\":\"Comment\",\"target\":[\"https:\\\/\\\/lospoliticosveracruz.com\\\/?p=22809#respond\"]}]},{\"@type\":\"WebPage\",\"@id\":\"https:\\\/\\\/lospoliticosveracruz.com\\\/?p=22809\",\"url\":\"https:\\\/\\\/lospoliticosveracruz.com\\\/?p=22809\",\"name\":\"El terremoto y Miyuli - Los pol\u00edticos Veracruz\",\"isPartOf\":{\"@id\":\"https:\\\/\\\/lospoliticosveracruz.com\\\/#website\"},\"datePublished\":\"2016-04-20T02:57:51+00:00\",\"breadcrumb\":{\"@id\":\"https:\\\/\\\/lospoliticosveracruz.com\\\/?p=22809#breadcrumb\"},\"inLanguage\":\"es\",\"potentialAction\":[{\"@type\":\"ReadAction\",\"target\":[\"https:\\\/\\\/lospoliticosveracruz.com\\\/?p=22809\"]}]},{\"@type\":\"BreadcrumbList\",\"@id\":\"https:\\\/\\\/lospoliticosveracruz.com\\\/?p=22809#breadcrumb\",\"itemListElement\":[{\"@type\":\"ListItem\",\"position\":1,\"name\":\"Portada\",\"item\":\"https:\\\/\\\/lospoliticosveracruz.com\\\/\"},{\"@type\":\"ListItem\",\"position\":2,\"name\":\"El terremoto y Miyuli\"}]},{\"@type\":\"WebSite\",\"@id\":\"https:\\\/\\\/lospoliticosveracruz.com\\\/#website\",\"url\":\"https:\\\/\\\/lospoliticosveracruz.com\\\/\",\"name\":\"Los pol\u00edticos Veracruz\",\"description\":\"\",\"publisher\":{\"@id\":\"https:\\\/\\\/lospoliticosveracruz.com\\\/#organization\"},\"potentialAction\":[{\"@type\":\"SearchAction\",\"target\":{\"@type\":\"EntryPoint\",\"urlTemplate\":\"https:\\\/\\\/lospoliticosveracruz.com\\\/?s={search_term_string}\"},\"query-input\":{\"@type\":\"PropertyValueSpecification\",\"valueRequired\":true,\"valueName\":\"search_term_string\"}}],\"inLanguage\":\"es\"},{\"@type\":\"Organization\",\"@id\":\"https:\\\/\\\/lospoliticosveracruz.com\\\/#organization\",\"name\":\"Los pol\u00edticos Veracruz\",\"url\":\"https:\\\/\\\/lospoliticosveracruz.com\\\/\",\"logo\":{\"@type\":\"ImageObject\",\"inLanguage\":\"es\",\"@id\":\"https:\\\/\\\/lospoliticosveracruz.com\\\/#\\\/schema\\\/logo\\\/image\\\/\",\"url\":\"https:\\\/\\\/lospoliticosveracruz.com\\\/wp-content\\\/uploads\\\/2025\\\/12\\\/Logo-Nuevo-LOS-POLITICOS-1.jpg\",\"contentUrl\":\"https:\\\/\\\/lospoliticosveracruz.com\\\/wp-content\\\/uploads\\\/2025\\\/12\\\/Logo-Nuevo-LOS-POLITICOS-1.jpg\",\"width\":260,\"height\":70,\"caption\":\"Los pol\u00edticos Veracruz\"},\"image\":{\"@id\":\"https:\\\/\\\/lospoliticosveracruz.com\\\/#\\\/schema\\\/logo\\\/image\\\/\"},\"sameAs\":[\"https:\\\/\\\/www.facebook.com\\\/people\\\/Notimemes-de-los-Polticos\\\/61565672886568\\\/\",\"https:\\\/\\\/x.com\\\/LosPoliticosVer\"]},{\"@type\":\"Person\",\"@id\":\"https:\\\/\\\/lospoliticosveracruz.com\\\/#\\\/schema\\\/person\\\/b8702bb0e538456e6efd07080bf2a4a2\",\"name\":\"Lo viste en Los Pol\u00edticos\",\"image\":{\"@type\":\"ImageObject\",\"inLanguage\":\"es\",\"@id\":\"https:\\\/\\\/secure.gravatar.com\\\/avatar\\\/3a8de04a2656d44082be478bd6c086daa447c4651605818287b9532d3d0bd435?s=96&d=mm&r=g\",\"url\":\"https:\\\/\\\/secure.gravatar.com\\\/avatar\\\/3a8de04a2656d44082be478bd6c086daa447c4651605818287b9532d3d0bd435?s=96&d=mm&r=g\",\"contentUrl\":\"https:\\\/\\\/secure.gravatar.com\\\/avatar\\\/3a8de04a2656d44082be478bd6c086daa447c4651605818287b9532d3d0bd435?s=96&d=mm&r=g\",\"caption\":\"Lo viste en Los Pol\u00edticos\"},\"url\":\"https:\\\/\\\/lospoliticosveracruz.com\\\/?author=2\"}]}<\/script>\n<!-- \/ Yoast SEO plugin. -->","yoast_head_json":{"title":"El terremoto y Miyuli - Los pol\u00edticos Veracruz","robots":{"index":"index","follow":"follow","max-snippet":"max-snippet:-1","max-image-preview":"max-image-preview:large","max-video-preview":"max-video-preview:-1"},"canonical":"https:\/\/lospoliticosveracruz.com\/?p=22809","og_locale":"es_ES","og_type":"article","og_title":"El terremoto y Miyuli - Los pol\u00edticos Veracruz","og_description":"Brenda Caballero N\u00fameros Rojos \u00bfTe lleg\u00f3 el mensaje? me preguntan. De inmediato pienso en un mensaje electoral, ahorita que est\u00e1n las campa\u00f1as pol\u00edticas. \u00bfTierra? \u00bfLodo? No, el asunto es un terremoto. Todo Whatsapp entr\u00f3 en p\u00e1nico al reenviar el mensaje de que cient\u00edficos de la Universidad Aut\u00f3noma de M\u00e9xico (UNAM) hab\u00edan anunciado un mega-terremoto que [&hellip;]","og_url":"https:\/\/lospoliticosveracruz.com\/?p=22809","og_site_name":"Los pol\u00edticos Veracruz","article_publisher":"https:\/\/www.facebook.com\/people\/Notimemes-de-los-Polticos\/61565672886568\/","article_published_time":"2016-04-20T02:57:51+00:00","og_image":[{"width":200,"height":200,"url":"https:\/\/lospoliticosveracruz.com\/wp-content\/uploads\/2016\/07\/Logo-Dor.jpg","type":"image\/jpeg"}],"author":"Lo viste en Los Pol\u00edticos","twitter_card":"summary_large_image","twitter_creator":"@LosPoliticosVer","twitter_site":"@LosPoliticosVer","twitter_misc":{"Escrito por":"Lo viste en Los Pol\u00edticos","Tiempo de lectura":"3 minutos"},"schema":{"@context":"https:\/\/schema.org","@graph":[{"@type":"Article","@id":"https:\/\/lospoliticosveracruz.com\/?p=22809#article","isPartOf":{"@id":"https:\/\/lospoliticosveracruz.com\/?p=22809"},"author":{"name":"Lo viste en Los Pol\u00edticos","@id":"https:\/\/lospoliticosveracruz.com\/#\/schema\/person\/b8702bb0e538456e6efd07080bf2a4a2"},"headline":"El terremoto y Miyuli","datePublished":"2016-04-20T02:57:51+00:00","mainEntityOfPage":{"@id":"https:\/\/lospoliticosveracruz.com\/?p=22809"},"wordCount":636,"commentCount":0,"publisher":{"@id":"https:\/\/lospoliticosveracruz.com\/#organization"},"keywords":["Miguel Angel Yunes Linares","Omar Yunes M\u00e1rquez","terremoto","Veracruz"],"articleSection":["De Opini\u00f3n"],"inLanguage":"es","potentialAction":[{"@type":"CommentAction","name":"Comment","target":["https:\/\/lospoliticosveracruz.com\/?p=22809#respond"]}]},{"@type":"WebPage","@id":"https:\/\/lospoliticosveracruz.com\/?p=22809","url":"https:\/\/lospoliticosveracruz.com\/?p=22809","name":"El terremoto y Miyuli - Los pol\u00edticos Veracruz","isPartOf":{"@id":"https:\/\/lospoliticosveracruz.com\/#website"},"datePublished":"2016-04-20T02:57:51+00:00","breadcrumb":{"@id":"https:\/\/lospoliticosveracruz.com\/?p=22809#breadcrumb"},"inLanguage":"es","potentialAction":[{"@type":"ReadAction","target":["https:\/\/lospoliticosveracruz.com\/?p=22809"]}]},{"@type":"BreadcrumbList","@id":"https:\/\/lospoliticosveracruz.com\/?p=22809#breadcrumb","itemListElement":[{"@type":"ListItem","position":1,"name":"Portada","item":"https:\/\/lospoliticosveracruz.com\/"},{"@type":"ListItem","position":2,"name":"El terremoto y Miyuli"}]},{"@type":"WebSite","@id":"https:\/\/lospoliticosveracruz.com\/#website","url":"https:\/\/lospoliticosveracruz.com\/","name":"Los pol\u00edticos Veracruz","description":"","publisher":{"@id":"https:\/\/lospoliticosveracruz.com\/#organization"},"potentialAction":[{"@type":"SearchAction","target":{"@type":"EntryPoint","urlTemplate":"https:\/\/lospoliticosveracruz.com\/?s={search_term_string}"},"query-input":{"@type":"PropertyValueSpecification","valueRequired":true,"valueName":"search_term_string"}}],"inLanguage":"es"},{"@type":"Organization","@id":"https:\/\/lospoliticosveracruz.com\/#organization","name":"Los pol\u00edticos Veracruz","url":"https:\/\/lospoliticosveracruz.com\/","logo":{"@type":"ImageObject","inLanguage":"es","@id":"https:\/\/lospoliticosveracruz.com\/#\/schema\/logo\/image\/","url":"https:\/\/lospoliticosveracruz.com\/wp-content\/uploads\/2025\/12\/Logo-Nuevo-LOS-POLITICOS-1.jpg","contentUrl":"https:\/\/lospoliticosveracruz.com\/wp-content\/uploads\/2025\/12\/Logo-Nuevo-LOS-POLITICOS-1.jpg","width":260,"height":70,"caption":"Los pol\u00edticos Veracruz"},"image":{"@id":"https:\/\/lospoliticosveracruz.com\/#\/schema\/logo\/image\/"},"sameAs":["https:\/\/www.facebook.com\/people\/Notimemes-de-los-Polticos\/61565672886568\/","https:\/\/x.com\/LosPoliticosVer"]},{"@type":"Person","@id":"https:\/\/lospoliticosveracruz.com\/#\/schema\/person\/b8702bb0e538456e6efd07080bf2a4a2","name":"Lo viste en Los Pol\u00edticos","image":{"@type":"ImageObject","inLanguage":"es","@id":"https:\/\/secure.gravatar.com\/avatar\/3a8de04a2656d44082be478bd6c086daa447c4651605818287b9532d3d0bd435?s=96&d=mm&r=g","url":"https:\/\/secure.gravatar.com\/avatar\/3a8de04a2656d44082be478bd6c086daa447c4651605818287b9532d3d0bd435?s=96&d=mm&r=g","contentUrl":"https:\/\/secure.gravatar.com\/avatar\/3a8de04a2656d44082be478bd6c086daa447c4651605818287b9532d3d0bd435?s=96&d=mm&r=g","caption":"Lo viste en Los Pol\u00edticos"},"url":"https:\/\/lospoliticosveracruz.com\/?author=2"}]}},"_links":{"self":[{"href":"https:\/\/lospoliticosveracruz.com\/index.php?rest_route=\/wp\/v2\/posts\/22809","targetHints":{"allow":["GET"]}}],"collection":[{"href":"https:\/\/lospoliticosveracruz.com\/index.php?rest_route=\/wp\/v2\/posts"}],"about":[{"href":"https:\/\/lospoliticosveracruz.com\/index.php?rest_route=\/wp\/v2\/types\/post"}],"author":[{"embeddable":true,"href":"https:\/\/lospoliticosveracruz.com\/index.php?rest_route=\/wp\/v2\/users\/2"}],"replies":[{"embeddable":true,"href":"https:\/\/lospoliticosveracruz.com\/index.php?rest_route=%2Fwp%2Fv2%2Fcomments&post=22809"}],"version-history":[{"count":1,"href":"https:\/\/lospoliticosveracruz.com\/index.php?rest_route=\/wp\/v2\/posts\/22809\/revisions"}],"predecessor-version":[{"id":22810,"href":"https:\/\/lospoliticosveracruz.com\/index.php?rest_route=\/wp\/v2\/posts\/22809\/revisions\/22810"}],"wp:attachment":[{"href":"https:\/\/lospoliticosveracruz.com\/index.php?rest_route=%2Fwp%2Fv2%2Fmedia&parent=22809"}],"wp:term":[{"taxonomy":"category","embeddable":true,"href":"https:\/\/lospoliticosveracruz.com\/index.php?rest_route=%2Fwp%2Fv2%2Fcategories&post=22809"},{"taxonomy":"post_tag","embeddable":true,"href":"https:\/\/lospoliticosveracruz.com\/index.php?rest_route=%2Fwp%2Fv2%2Ftags&post=22809"}],"curies":[{"name":"wp","href":"https:\/\/api.w.org\/{rel}","templated":true}]}}