{"id":22811,"date":"2016-04-20T12:57:28","date_gmt":"2016-04-20T17:57:28","guid":{"rendered":"http:\/\/www.lospoliticosveracruz.com.mx\/?p=22811"},"modified":"2016-04-20T12:58:37","modified_gmt":"2016-04-20T17:58:37","slug":"chiquiyunes-bloquea-a-la-cnc","status":"publish","type":"post","link":"https:\/\/lospoliticosveracruz.com\/?p=22811","title":{"rendered":"\u00a1Chiquiyunes bloquea a la CNC!"},"content":{"rendered":"<blockquote><p><a href=\"http:\/\/www.lospoliticosveracruz.com.mx\/wp-content\/uploads\/2016\/04\/CNC.jpg\"><img loading=\"lazy\" decoding=\"async\" class=\"alignnone size-medium wp-image-22812\" src=\"http:\/\/www.lospoliticosveracruz.com.mx\/wp-content\/uploads\/2016\/04\/CNC-300x181.jpg\" alt=\"CNC\" width=\"300\" height=\"181\" \/><\/a><\/p>\n<p>Impide \u00a0venta de carne a bajo costo que\u00a0la agrupaci\u00f3n campesina\u00a0implementa en la colonia El Morro<\/p><\/blockquote>\n<p>El alcalde panista de Boca del R\u00edo, Miguel \u00c1ngel Yunes M\u00e1rquez, arremete nuevamente contra la CNC al intentar bloquear el programa de venta de carne a bajo costo que la organizaci\u00f3n campesina dispuso para las familias veracruzanas.<\/p>\n<p>En esta ocasi\u00f3n los afectados fueron los vecinos de la colonia El Morro, quienes denunciaron la represi\u00f3n que sufrieron por parte del alcalde boque\u00f1o Miguel Angel Yunes M\u00e1rquez al enviar camiones de la direcci\u00f3n de Limpia P\u00fablica a obstaculizar el \u00e1rea donde se instal\u00f3 el m\u00f3dulo de venta de carne a bajo costo.<\/p>\n<p>\u00abEstamos muy molestos con el presidente municipal porque evidentemente est\u00e1 usando su poder para obstaculizar el programa que es para bien de la poblaci\u00f3n, pero \u00e9l le est\u00e1 poniendo el tinte pol\u00edtico sin importarle que somos los ciudadanos los afectados\u00bb, indic\u00f3 la se\u00f1ora Araceli Acosta, vecina de esta zona.<\/p>\n<p>Tal como han venido realizando en otros puntos de la zona conurbada, la CNC que preside Juan Carlos Molina Palacios, instal\u00f3 el m\u00f3dulo para ofertar productos de muy alta calidad a precios bajos, a manera de apoyar la econom\u00eda de la gente, sin embargo, en Boca del R\u00edo han sido objeto de diferentes artima\u00f1as para boicotearlo, \u00abahora mand\u00f3 camiones de volteo del ayuntamiento a trabajar enfrente de donde se pusieron, levantando polvo, generando f\u00e9tidos olores y contaminando el \u00e1rea \u00ab, explic\u00f3 Do\u00f1a Leonor Pascasio, quien se dedica a la venta de comida y antojitos.<\/p>\n<p>\u00abPara m\u00ed, como para los vecinos, comprar esta carne es de gran ayuda, sabemos que el alcalde no ha podido hacer nada para levantar la econom\u00eda, entonces porqu\u00e9 se comporta de esta manera, si no ayuda que no estorbe \u00ab, dijo la se\u00f1ora Leonor Pascasio.<\/p>\n<p>Los vecinos de El Morro y colonias aleda\u00f1as acudieron a adquirir los productos a primera hora de este martes, \u00abcuando llegaron los camiones estos que levantaron toda la tierra y basura, lo que hace Yunes es demostrarle a la gente que no sabe jugar limpio\u00bb, agreg\u00f3 la se\u00f1ora Concepci\u00f3n N\u00fa\u00f1ez L\u00f3pez.<\/p>\n<p>Este programa forma parte de las acciones que realiza la CNC en Veracruz para beneficiar a sus afiliados, por lo que continuar\u00e1 llevando el m\u00f3dulo a distintos puntos de Veracruz.<\/p>\n","protected":false},"excerpt":{"rendered":"<p>Impide \u00a0venta de carne a bajo costo que\u00a0la agrupaci\u00f3n campesina\u00a0implementa en la colonia El Morro El alcalde panista de Boca del R\u00edo, Miguel \u00c1ngel Yunes M\u00e1rquez, arremete nuevamente contra la CNC al intentar bloquear el programa de venta de carne a bajo costo que la organizaci\u00f3n campesina dispuso para las familias veracruzanas. En esta ocasi\u00f3n [&hellip;]<\/p>\n","protected":false},"author":2,"featured_media":0,"comment_status":"open","ping_status":"open","sticky":false,"template":"","format":"standard","meta":{"tdm_status":"","tdm_grid_status":"","footnotes":""},"categories":[73],"tags":[3118,3256,536],"class_list":{"0":"post-22811","1":"post","2":"type-post","3":"status-publish","4":"format-standard","6":"category-de-boleto","7":"tag-cnc","8":"tag-juan-carlos-molina-palacios","9":"tag-miguel-angel-yunes-marquez"},"yoast_head":"<!-- This site is optimized with the Yoast SEO plugin v27.4 - https:\/\/yoast.com\/product\/yoast-seo-wordpress\/ -->\n<title>\u00a1Chiquiyunes bloquea a la CNC! - Los pol\u00edticos Veracruz<\/title>\n<meta name=\"robots\" content=\"index, follow, max-snippet:-1, max-image-preview:large, max-video-preview:-1\" \/>\n<link rel=\"canonical\" href=\"https:\/\/lospoliticosveracruz.com\/?p=22811\" \/>\n<meta property=\"og:locale\" content=\"es_ES\" \/>\n<meta property=\"og:type\" content=\"article\" \/>\n<meta property=\"og:title\" content=\"\u00a1Chiquiyunes bloquea a la CNC! - Los pol\u00edticos Veracruz\" \/>\n<meta property=\"og:description\" content=\"Impide \u00a0venta de carne a bajo costo que\u00a0la agrupaci\u00f3n campesina\u00a0implementa en la colonia El Morro El alcalde panista de Boca del R\u00edo, Miguel \u00c1ngel Yunes M\u00e1rquez, arremete nuevamente contra la CNC al intentar bloquear el programa de venta de carne a bajo costo que la organizaci\u00f3n campesina dispuso para las familias veracruzanas. En esta ocasi\u00f3n [&hellip;]\" \/>\n<meta property=\"og:url\" content=\"https:\/\/lospoliticosveracruz.com\/?p=22811\" \/>\n<meta property=\"og:site_name\" content=\"Los pol\u00edticos Veracruz\" \/>\n<meta property=\"article:publisher\" content=\"https:\/\/www.facebook.com\/people\/Notimemes-de-los-Polticos\/61565672886568\/\" \/>\n<meta property=\"article:published_time\" content=\"2016-04-20T17:57:28+00:00\" \/>\n<meta property=\"article:modified_time\" content=\"2016-04-20T17:58:37+00:00\" \/>\n<meta property=\"og:image\" content=\"http:\/\/www.lospoliticosveracruz.com.mx\/wp-content\/uploads\/2016\/04\/CNC-300x181.jpg\" \/>\n<meta name=\"author\" content=\"Lo viste en Los Pol\u00edticos\" \/>\n<meta name=\"twitter:card\" content=\"summary_large_image\" \/>\n<meta name=\"twitter:creator\" content=\"@LosPoliticosVer\" \/>\n<meta name=\"twitter:site\" content=\"@LosPoliticosVer\" \/>\n<meta name=\"twitter:label1\" content=\"Escrito por\" \/>\n\t<meta name=\"twitter:data1\" content=\"Lo viste en Los Pol\u00edticos\" \/>\n\t<meta name=\"twitter:label2\" content=\"Tiempo de lectura\" \/>\n\t<meta name=\"twitter:data2\" content=\"2 minutos\" \/>\n<script type=\"application\/ld+json\" class=\"yoast-schema-graph\">{\"@context\":\"https:\\\/\\\/schema.org\",\"@graph\":[{\"@type\":\"Article\",\"@id\":\"https:\\\/\\\/lospoliticosveracruz.com\\\/?p=22811#article\",\"isPartOf\":{\"@id\":\"https:\\\/\\\/lospoliticosveracruz.com\\\/?p=22811\"},\"author\":{\"name\":\"Lo viste en Los Pol\u00edticos\",\"@id\":\"https:\\\/\\\/lospoliticosveracruz.com\\\/#\\\/schema\\\/person\\\/b8702bb0e538456e6efd07080bf2a4a2\"},\"headline\":\"\u00a1Chiquiyunes bloquea a la CNC!\",\"datePublished\":\"2016-04-20T17:57:28+00:00\",\"dateModified\":\"2016-04-20T17:58:37+00:00\",\"mainEntityOfPage\":{\"@id\":\"https:\\\/\\\/lospoliticosveracruz.com\\\/?p=22811\"},\"wordCount\":407,\"commentCount\":0,\"publisher\":{\"@id\":\"https:\\\/\\\/lospoliticosveracruz.com\\\/#organization\"},\"image\":{\"@id\":\"https:\\\/\\\/lospoliticosveracruz.com\\\/?p=22811#primaryimage\"},\"thumbnailUrl\":\"http:\\\/\\\/www.lospoliticosveracruz.com.mx\\\/wp-content\\\/uploads\\\/2016\\\/04\\\/CNC-300x181.jpg\",\"keywords\":[\"CNC\",\"Juan Carlos Molina Palacios\",\"Miguel \u00c1ngel Yunes M\u00e1rquez\"],\"articleSection\":[\"De Boleto\"],\"inLanguage\":\"es\",\"potentialAction\":[{\"@type\":\"CommentAction\",\"name\":\"Comment\",\"target\":[\"https:\\\/\\\/lospoliticosveracruz.com\\\/?p=22811#respond\"]}]},{\"@type\":\"WebPage\",\"@id\":\"https:\\\/\\\/lospoliticosveracruz.com\\\/?p=22811\",\"url\":\"https:\\\/\\\/lospoliticosveracruz.com\\\/?p=22811\",\"name\":\"\u00a1Chiquiyunes bloquea a la CNC! - Los pol\u00edticos Veracruz\",\"isPartOf\":{\"@id\":\"https:\\\/\\\/lospoliticosveracruz.com\\\/#website\"},\"primaryImageOfPage\":{\"@id\":\"https:\\\/\\\/lospoliticosveracruz.com\\\/?p=22811#primaryimage\"},\"image\":{\"@id\":\"https:\\\/\\\/lospoliticosveracruz.com\\\/?p=22811#primaryimage\"},\"thumbnailUrl\":\"http:\\\/\\\/www.lospoliticosveracruz.com.mx\\\/wp-content\\\/uploads\\\/2016\\\/04\\\/CNC-300x181.jpg\",\"datePublished\":\"2016-04-20T17:57:28+00:00\",\"dateModified\":\"2016-04-20T17:58:37+00:00\",\"breadcrumb\":{\"@id\":\"https:\\\/\\\/lospoliticosveracruz.com\\\/?p=22811#breadcrumb\"},\"inLanguage\":\"es\",\"potentialAction\":[{\"@type\":\"ReadAction\",\"target\":[\"https:\\\/\\\/lospoliticosveracruz.com\\\/?p=22811\"]}]},{\"@type\":\"ImageObject\",\"inLanguage\":\"es\",\"@id\":\"https:\\\/\\\/lospoliticosveracruz.com\\\/?p=22811#primaryimage\",\"url\":\"http:\\\/\\\/www.lospoliticosveracruz.com.mx\\\/wp-content\\\/uploads\\\/2016\\\/04\\\/CNC-300x181.jpg\",\"contentUrl\":\"http:\\\/\\\/www.lospoliticosveracruz.com.mx\\\/wp-content\\\/uploads\\\/2016\\\/04\\\/CNC-300x181.jpg\"},{\"@type\":\"BreadcrumbList\",\"@id\":\"https:\\\/\\\/lospoliticosveracruz.com\\\/?p=22811#breadcrumb\",\"itemListElement\":[{\"@type\":\"ListItem\",\"position\":1,\"name\":\"Portada\",\"item\":\"https:\\\/\\\/lospoliticosveracruz.com\\\/\"},{\"@type\":\"ListItem\",\"position\":2,\"name\":\"\u00a1Chiquiyunes bloquea a la CNC!\"}]},{\"@type\":\"WebSite\",\"@id\":\"https:\\\/\\\/lospoliticosveracruz.com\\\/#website\",\"url\":\"https:\\\/\\\/lospoliticosveracruz.com\\\/\",\"name\":\"Los pol\u00edticos Veracruz\",\"description\":\"\",\"publisher\":{\"@id\":\"https:\\\/\\\/lospoliticosveracruz.com\\\/#organization\"},\"potentialAction\":[{\"@type\":\"SearchAction\",\"target\":{\"@type\":\"EntryPoint\",\"urlTemplate\":\"https:\\\/\\\/lospoliticosveracruz.com\\\/?s={search_term_string}\"},\"query-input\":{\"@type\":\"PropertyValueSpecification\",\"valueRequired\":true,\"valueName\":\"search_term_string\"}}],\"inLanguage\":\"es\"},{\"@type\":\"Organization\",\"@id\":\"https:\\\/\\\/lospoliticosveracruz.com\\\/#organization\",\"name\":\"Los pol\u00edticos Veracruz\",\"url\":\"https:\\\/\\\/lospoliticosveracruz.com\\\/\",\"logo\":{\"@type\":\"ImageObject\",\"inLanguage\":\"es\",\"@id\":\"https:\\\/\\\/lospoliticosveracruz.com\\\/#\\\/schema\\\/logo\\\/image\\\/\",\"url\":\"https:\\\/\\\/lospoliticosveracruz.com\\\/wp-content\\\/uploads\\\/2025\\\/12\\\/Logo-Nuevo-LOS-POLITICOS-1.jpg\",\"contentUrl\":\"https:\\\/\\\/lospoliticosveracruz.com\\\/wp-content\\\/uploads\\\/2025\\\/12\\\/Logo-Nuevo-LOS-POLITICOS-1.jpg\",\"width\":260,\"height\":70,\"caption\":\"Los pol\u00edticos Veracruz\"},\"image\":{\"@id\":\"https:\\\/\\\/lospoliticosveracruz.com\\\/#\\\/schema\\\/logo\\\/image\\\/\"},\"sameAs\":[\"https:\\\/\\\/www.facebook.com\\\/people\\\/Notimemes-de-los-Polticos\\\/61565672886568\\\/\",\"https:\\\/\\\/x.com\\\/LosPoliticosVer\"]},{\"@type\":\"Person\",\"@id\":\"https:\\\/\\\/lospoliticosveracruz.com\\\/#\\\/schema\\\/person\\\/b8702bb0e538456e6efd07080bf2a4a2\",\"name\":\"Lo viste en Los Pol\u00edticos\",\"image\":{\"@type\":\"ImageObject\",\"inLanguage\":\"es\",\"@id\":\"https:\\\/\\\/secure.gravatar.com\\\/avatar\\\/3a8de04a2656d44082be478bd6c086daa447c4651605818287b9532d3d0bd435?s=96&d=mm&r=g\",\"url\":\"https:\\\/\\\/secure.gravatar.com\\\/avatar\\\/3a8de04a2656d44082be478bd6c086daa447c4651605818287b9532d3d0bd435?s=96&d=mm&r=g\",\"contentUrl\":\"https:\\\/\\\/secure.gravatar.com\\\/avatar\\\/3a8de04a2656d44082be478bd6c086daa447c4651605818287b9532d3d0bd435?s=96&d=mm&r=g\",\"caption\":\"Lo viste en Los Pol\u00edticos\"},\"url\":\"https:\\\/\\\/lospoliticosveracruz.com\\\/?author=2\"}]}<\/script>\n<!-- \/ Yoast SEO plugin. -->","yoast_head_json":{"title":"\u00a1Chiquiyunes bloquea a la CNC! - Los pol\u00edticos Veracruz","robots":{"index":"index","follow":"follow","max-snippet":"max-snippet:-1","max-image-preview":"max-image-preview:large","max-video-preview":"max-video-preview:-1"},"canonical":"https:\/\/lospoliticosveracruz.com\/?p=22811","og_locale":"es_ES","og_type":"article","og_title":"\u00a1Chiquiyunes bloquea a la CNC! - Los pol\u00edticos Veracruz","og_description":"Impide \u00a0venta de carne a bajo costo que\u00a0la agrupaci\u00f3n campesina\u00a0implementa en la colonia El Morro El alcalde panista de Boca del R\u00edo, Miguel \u00c1ngel Yunes M\u00e1rquez, arremete nuevamente contra la CNC al intentar bloquear el programa de venta de carne a bajo costo que la organizaci\u00f3n campesina dispuso para las familias veracruzanas. En esta ocasi\u00f3n [&hellip;]","og_url":"https:\/\/lospoliticosveracruz.com\/?p=22811","og_site_name":"Los pol\u00edticos Veracruz","article_publisher":"https:\/\/www.facebook.com\/people\/Notimemes-de-los-Polticos\/61565672886568\/","article_published_time":"2016-04-20T17:57:28+00:00","article_modified_time":"2016-04-20T17:58:37+00:00","og_image":[{"url":"http:\/\/www.lospoliticosveracruz.com.mx\/wp-content\/uploads\/2016\/04\/CNC-300x181.jpg","type":"","width":"","height":""}],"author":"Lo viste en Los Pol\u00edticos","twitter_card":"summary_large_image","twitter_creator":"@LosPoliticosVer","twitter_site":"@LosPoliticosVer","twitter_misc":{"Escrito por":"Lo viste en Los Pol\u00edticos","Tiempo de lectura":"2 minutos"},"schema":{"@context":"https:\/\/schema.org","@graph":[{"@type":"Article","@id":"https:\/\/lospoliticosveracruz.com\/?p=22811#article","isPartOf":{"@id":"https:\/\/lospoliticosveracruz.com\/?p=22811"},"author":{"name":"Lo viste en Los Pol\u00edticos","@id":"https:\/\/lospoliticosveracruz.com\/#\/schema\/person\/b8702bb0e538456e6efd07080bf2a4a2"},"headline":"\u00a1Chiquiyunes bloquea a la CNC!","datePublished":"2016-04-20T17:57:28+00:00","dateModified":"2016-04-20T17:58:37+00:00","mainEntityOfPage":{"@id":"https:\/\/lospoliticosveracruz.com\/?p=22811"},"wordCount":407,"commentCount":0,"publisher":{"@id":"https:\/\/lospoliticosveracruz.com\/#organization"},"image":{"@id":"https:\/\/lospoliticosveracruz.com\/?p=22811#primaryimage"},"thumbnailUrl":"http:\/\/www.lospoliticosveracruz.com.mx\/wp-content\/uploads\/2016\/04\/CNC-300x181.jpg","keywords":["CNC","Juan Carlos Molina Palacios","Miguel \u00c1ngel Yunes M\u00e1rquez"],"articleSection":["De Boleto"],"inLanguage":"es","potentialAction":[{"@type":"CommentAction","name":"Comment","target":["https:\/\/lospoliticosveracruz.com\/?p=22811#respond"]}]},{"@type":"WebPage","@id":"https:\/\/lospoliticosveracruz.com\/?p=22811","url":"https:\/\/lospoliticosveracruz.com\/?p=22811","name":"\u00a1Chiquiyunes bloquea a la CNC! - Los pol\u00edticos Veracruz","isPartOf":{"@id":"https:\/\/lospoliticosveracruz.com\/#website"},"primaryImageOfPage":{"@id":"https:\/\/lospoliticosveracruz.com\/?p=22811#primaryimage"},"image":{"@id":"https:\/\/lospoliticosveracruz.com\/?p=22811#primaryimage"},"thumbnailUrl":"http:\/\/www.lospoliticosveracruz.com.mx\/wp-content\/uploads\/2016\/04\/CNC-300x181.jpg","datePublished":"2016-04-20T17:57:28+00:00","dateModified":"2016-04-20T17:58:37+00:00","breadcrumb":{"@id":"https:\/\/lospoliticosveracruz.com\/?p=22811#breadcrumb"},"inLanguage":"es","potentialAction":[{"@type":"ReadAction","target":["https:\/\/lospoliticosveracruz.com\/?p=22811"]}]},{"@type":"ImageObject","inLanguage":"es","@id":"https:\/\/lospoliticosveracruz.com\/?p=22811#primaryimage","url":"http:\/\/www.lospoliticosveracruz.com.mx\/wp-content\/uploads\/2016\/04\/CNC-300x181.jpg","contentUrl":"http:\/\/www.lospoliticosveracruz.com.mx\/wp-content\/uploads\/2016\/04\/CNC-300x181.jpg"},{"@type":"BreadcrumbList","@id":"https:\/\/lospoliticosveracruz.com\/?p=22811#breadcrumb","itemListElement":[{"@type":"ListItem","position":1,"name":"Portada","item":"https:\/\/lospoliticosveracruz.com\/"},{"@type":"ListItem","position":2,"name":"\u00a1Chiquiyunes bloquea a la CNC!"}]},{"@type":"WebSite","@id":"https:\/\/lospoliticosveracruz.com\/#website","url":"https:\/\/lospoliticosveracruz.com\/","name":"Los pol\u00edticos Veracruz","description":"","publisher":{"@id":"https:\/\/lospoliticosveracruz.com\/#organization"},"potentialAction":[{"@type":"SearchAction","target":{"@type":"EntryPoint","urlTemplate":"https:\/\/lospoliticosveracruz.com\/?s={search_term_string}"},"query-input":{"@type":"PropertyValueSpecification","valueRequired":true,"valueName":"search_term_string"}}],"inLanguage":"es"},{"@type":"Organization","@id":"https:\/\/lospoliticosveracruz.com\/#organization","name":"Los pol\u00edticos Veracruz","url":"https:\/\/lospoliticosveracruz.com\/","logo":{"@type":"ImageObject","inLanguage":"es","@id":"https:\/\/lospoliticosveracruz.com\/#\/schema\/logo\/image\/","url":"https:\/\/lospoliticosveracruz.com\/wp-content\/uploads\/2025\/12\/Logo-Nuevo-LOS-POLITICOS-1.jpg","contentUrl":"https:\/\/lospoliticosveracruz.com\/wp-content\/uploads\/2025\/12\/Logo-Nuevo-LOS-POLITICOS-1.jpg","width":260,"height":70,"caption":"Los pol\u00edticos Veracruz"},"image":{"@id":"https:\/\/lospoliticosveracruz.com\/#\/schema\/logo\/image\/"},"sameAs":["https:\/\/www.facebook.com\/people\/Notimemes-de-los-Polticos\/61565672886568\/","https:\/\/x.com\/LosPoliticosVer"]},{"@type":"Person","@id":"https:\/\/lospoliticosveracruz.com\/#\/schema\/person\/b8702bb0e538456e6efd07080bf2a4a2","name":"Lo viste en Los Pol\u00edticos","image":{"@type":"ImageObject","inLanguage":"es","@id":"https:\/\/secure.gravatar.com\/avatar\/3a8de04a2656d44082be478bd6c086daa447c4651605818287b9532d3d0bd435?s=96&d=mm&r=g","url":"https:\/\/secure.gravatar.com\/avatar\/3a8de04a2656d44082be478bd6c086daa447c4651605818287b9532d3d0bd435?s=96&d=mm&r=g","contentUrl":"https:\/\/secure.gravatar.com\/avatar\/3a8de04a2656d44082be478bd6c086daa447c4651605818287b9532d3d0bd435?s=96&d=mm&r=g","caption":"Lo viste en Los Pol\u00edticos"},"url":"https:\/\/lospoliticosveracruz.com\/?author=2"}]}},"_links":{"self":[{"href":"https:\/\/lospoliticosveracruz.com\/index.php?rest_route=\/wp\/v2\/posts\/22811","targetHints":{"allow":["GET"]}}],"collection":[{"href":"https:\/\/lospoliticosveracruz.com\/index.php?rest_route=\/wp\/v2\/posts"}],"about":[{"href":"https:\/\/lospoliticosveracruz.com\/index.php?rest_route=\/wp\/v2\/types\/post"}],"author":[{"embeddable":true,"href":"https:\/\/lospoliticosveracruz.com\/index.php?rest_route=\/wp\/v2\/users\/2"}],"replies":[{"embeddable":true,"href":"https:\/\/lospoliticosveracruz.com\/index.php?rest_route=%2Fwp%2Fv2%2Fcomments&post=22811"}],"version-history":[{"count":2,"href":"https:\/\/lospoliticosveracruz.com\/index.php?rest_route=\/wp\/v2\/posts\/22811\/revisions"}],"predecessor-version":[{"id":22814,"href":"https:\/\/lospoliticosveracruz.com\/index.php?rest_route=\/wp\/v2\/posts\/22811\/revisions\/22814"}],"wp:attachment":[{"href":"https:\/\/lospoliticosveracruz.com\/index.php?rest_route=%2Fwp%2Fv2%2Fmedia&parent=22811"}],"wp:term":[{"taxonomy":"category","embeddable":true,"href":"https:\/\/lospoliticosveracruz.com\/index.php?rest_route=%2Fwp%2Fv2%2Fcategories&post=22811"},{"taxonomy":"post_tag","embeddable":true,"href":"https:\/\/lospoliticosveracruz.com\/index.php?rest_route=%2Fwp%2Fv2%2Ftags&post=22811"}],"curies":[{"name":"wp","href":"https:\/\/api.w.org\/{rel}","templated":true}]}}