{"id":22820,"date":"2016-04-20T22:52:06","date_gmt":"2016-04-21T03:52:06","guid":{"rendered":"http:\/\/www.lospoliticosveracruz.com.mx\/?p=22820"},"modified":"2016-04-20T22:52:06","modified_gmt":"2016-04-21T03:52:06","slug":"la-infamia-revivida","status":"publish","type":"post","link":"https:\/\/lospoliticosveracruz.com\/?p=22820","title":{"rendered":"La infamia revivida"},"content":{"rendered":"<p><a href=\"http:\/\/www.lospoliticosveracruz.com.mx\/wp-content\/uploads\/2016\/04\/Armando-Ortiz.jpg\"><img loading=\"lazy\" decoding=\"async\" class=\"alignnone size-medium wp-image-22822\" src=\"http:\/\/www.lospoliticosveracruz.com.mx\/wp-content\/uploads\/2016\/04\/Armando-Ortiz-300x218.jpg\" alt=\"Armando Ortiz\" width=\"300\" height=\"218\" \/><\/a><\/p>\n<p><strong>Armando Ortiz<\/strong><\/p>\n<p><em>El Hijo Pr\u00f3digo<\/em><\/p>\n<p>En un medio local de Xalapa, de cuyo nombre no quiero acordarme, revivieron una denuncia que en mayo de 2013 la se\u00f1ora M\u00f3nica Camarena interpusiera ante la PGR en mi contra. En la denuncia la se\u00f1ora asegura que en alg\u00fan momento del trayecto entre el banco y su domicilio un servidor sustrajo su correspondencia. En otra parte de la denuncia ella supone que si yo tuve acceso a los datos de su estado de cuenta fue porque de alguna manera, que ella no explica, sustraje ese estado de cuenta de su domicilio.<br \/>\nPor supuesto la denuncia no prosper\u00f3 porque un servidor no rob\u00f3 correspondencia alguna y porque ella no present\u00f3 ninguna prueba en mi contra. Sin embargo s\u00ed tuve acceso a los datos de un estado de cuenta que compart\u00edan M\u00f3nica Camarena y Leticia Perlasca. El caso ha sido m\u00e1s que difundido. S\u00f3lo queda decir que con ese documento, testimonios y pruebas, realic\u00e9 un reportaje con el que obtuve el Premio Nacional de Periodismo.<br \/>\nPor supuesto la Procuradur\u00eda General de la Rep\u00fablica ni siquiera me pidi\u00f3 que diera el nombre de las personas que me hab\u00edan proporcionado la informaci\u00f3n de los estados de cuenta. La PGR no lo solicit\u00f3 porque sabe que leyes internacionales protegen la reserva de las fuentes period\u00edsticas.<br \/>\nLa reserva de las fuentes period\u00edsticas est\u00e1 amparada en el art. 4 de la Declaraci\u00f3n Americana de Derechos y Deberes del Hombre; el art.19 de la Declaraci\u00f3n Universal de DDHH; el art. 13.1 de la Convenci\u00f3n Americana sobre DDHH; el art 19.2 del Pacto Internacional de Derechos Civiles y Pol\u00edticos; todos estas normas son supraconstitucionales y nuestro pa\u00eds est\u00e1 adherido a ellas. \u201cAh\u00ed se establece -dice la Dra Piccinini- que la libertad de expresi\u00f3n comprende la libertad de buscar, recibir y difundir informaci\u00f3n\u201d.<br \/>\nEl caso qued\u00f3 cerrado, pero las huestes de este medio local quisieron utilizar el caso con la pretensi\u00f3n de manchar mi reputaci\u00f3n. \u00bfPor qu\u00e9?<br \/>\nDesde hace unas semanas hemos estado difundiendo en el portal informativo Libertad bajo Palabra, que alumnos del Instituto Tecnol\u00f3gico de Xalapa se han estado manifestando en contra del director de este plantel, el se\u00f1or Miguel \u00c1ngel Mart\u00ednez Poceros, sobrino de los due\u00f1os de ese medio local que sac\u00f3 la nota con la infamia. Miguel \u00c1ngel Mart\u00ednez Poceros es acusado por los estudiantes de este plantel por no exigir al departamento de Espacios Educativos de la SEV las obras de infraestructura que prometieron. Estas obras se las prometieron porque arteramente y con la colusi\u00f3n del director, el gobierno del estado se qued\u00f3 con terrenos del Tecnol\u00f3gico, terrenos que fueron utilizados para unas villas ol\u00edmpicas que nunca se utilizaron.<br \/>\nQuien deber\u00eda exigir que las obras de infraestructura se realizaran es el director del plantel, sin embargo Miguel \u00c1ngel Mart\u00ednez Poceros ha dilatado la exigencia, incluso ha sido acusado de coludirse con los diferentes titulares de Espacios Educativos para que las obras no se lleven a cabo.<br \/>\nLos alumnos han presionado, han obligado a que las autoridades los escuchen. Pero el d\u00eda que Natalia Callejas iba a asistir a hacer una inspecci\u00f3n, la tarde anterior sospechosamente estall\u00f3 un trasformador que dej\u00f3 sin luz al plantel y por ello se suspendieron las clases. A los mismos alumnos les preocupa que el d\u00eda que tambi\u00e9n quedaron de hablar con las autoridades, una alumna fue asaltada cuando caminaba a las instalaciones del Tecnol\u00f3gico de Xalapa. A los alumnos les inquieta que sea una manera de coacci\u00f3n para que desistan de presionar sobre el caso.<br \/>\nFinalmente las autoridades fueron a hacer una inspecci\u00f3n al plantel, obteniendo lo que ya se esperaban, puras promesas y m\u00e1s dilaci\u00f3n; supuestamente las obras empezar\u00e1n en septiembre de este a\u00f1o.<br \/>\nEs muy com\u00fan de ese medio local ese tipo de notas infamantes, que en alg\u00fan tiempo tuvieron efecto. Pero ahora, con los nuevos medios de comunicaci\u00f3n, con las redes sociales y con un periodismo m\u00e1s apegado a las pruebas y a la verdad, ese tipo de notas s\u00f3lo las puede sacar un medio decr\u00e9pito, que ya no tiene ning\u00fan impacto, un peri\u00f3dico que s\u00f3lo sirve para madurar papayas, o para envolver pescado.<br \/>\nPor cierto, es todo lo que voy a decir sobre este medio.<\/p>\n<p>aortiz52@hotmail.com<\/p>\n","protected":false},"excerpt":{"rendered":"<p>Armando Ortiz El Hijo Pr\u00f3digo En un medio local de Xalapa, de cuyo nombre no quiero acordarme, revivieron una denuncia que en mayo de 2013 la se\u00f1ora M\u00f3nica Camarena interpusiera ante la PGR en mi contra. En la denuncia la se\u00f1ora asegura que en alg\u00fan momento del trayecto entre el banco y su domicilio un [&hellip;]<\/p>\n","protected":false},"author":2,"featured_media":0,"comment_status":"open","ping_status":"open","sticky":false,"template":"","format":"standard","meta":{"tdm_status":"","tdm_grid_status":"","footnotes":""},"categories":[70],"tags":[1466,5283,5282,2869],"class_list":{"0":"post-22820","1":"post","2":"type-post","3":"status-publish","4":"format-standard","6":"category-de-opinion","7":"tag-leticia-perlasca","8":"tag-miguel-angel-martinez-poceros","9":"tag-monica-camarena","10":"tag-pgr"},"yoast_head":"<!-- This site is optimized with the Yoast SEO plugin v27.4 - https:\/\/yoast.com\/product\/yoast-seo-wordpress\/ -->\n<title>La infamia revivida - Los pol\u00edticos Veracruz<\/title>\n<meta name=\"robots\" content=\"index, follow, max-snippet:-1, max-image-preview:large, max-video-preview:-1\" \/>\n<link rel=\"canonical\" href=\"https:\/\/lospoliticosveracruz.com\/?p=22820\" \/>\n<meta property=\"og:locale\" content=\"es_ES\" \/>\n<meta property=\"og:type\" content=\"article\" \/>\n<meta property=\"og:title\" content=\"La infamia revivida - Los pol\u00edticos Veracruz\" \/>\n<meta property=\"og:description\" content=\"Armando Ortiz El Hijo Pr\u00f3digo En un medio local de Xalapa, de cuyo nombre no quiero acordarme, revivieron una denuncia que en mayo de 2013 la se\u00f1ora M\u00f3nica Camarena interpusiera ante la PGR en mi contra. En la denuncia la se\u00f1ora asegura que en alg\u00fan momento del trayecto entre el banco y su domicilio un [&hellip;]\" \/>\n<meta property=\"og:url\" content=\"https:\/\/lospoliticosveracruz.com\/?p=22820\" \/>\n<meta property=\"og:site_name\" content=\"Los pol\u00edticos Veracruz\" \/>\n<meta property=\"article:publisher\" content=\"https:\/\/www.facebook.com\/people\/Notimemes-de-los-Polticos\/61565672886568\/\" \/>\n<meta property=\"article:published_time\" content=\"2016-04-21T03:52:06+00:00\" \/>\n<meta property=\"og:image\" content=\"http:\/\/www.lospoliticosveracruz.com.mx\/wp-content\/uploads\/2016\/04\/Armando-Ortiz-300x218.jpg\" \/>\n<meta name=\"author\" content=\"Lo viste en Los Pol\u00edticos\" \/>\n<meta name=\"twitter:card\" content=\"summary_large_image\" \/>\n<meta name=\"twitter:creator\" content=\"@LosPoliticosVer\" \/>\n<meta name=\"twitter:site\" content=\"@LosPoliticosVer\" \/>\n<meta name=\"twitter:label1\" content=\"Escrito por\" \/>\n\t<meta name=\"twitter:data1\" content=\"Lo viste en Los Pol\u00edticos\" \/>\n\t<meta name=\"twitter:label2\" content=\"Tiempo de lectura\" \/>\n\t<meta name=\"twitter:data2\" content=\"4 minutos\" \/>\n<script type=\"application\/ld+json\" class=\"yoast-schema-graph\">{\"@context\":\"https:\\\/\\\/schema.org\",\"@graph\":[{\"@type\":\"Article\",\"@id\":\"https:\\\/\\\/lospoliticosveracruz.com\\\/?p=22820#article\",\"isPartOf\":{\"@id\":\"https:\\\/\\\/lospoliticosveracruz.com\\\/?p=22820\"},\"author\":{\"name\":\"Lo viste en Los Pol\u00edticos\",\"@id\":\"https:\\\/\\\/lospoliticosveracruz.com\\\/#\\\/schema\\\/person\\\/b8702bb0e538456e6efd07080bf2a4a2\"},\"headline\":\"La infamia revivida\",\"datePublished\":\"2016-04-21T03:52:06+00:00\",\"mainEntityOfPage\":{\"@id\":\"https:\\\/\\\/lospoliticosveracruz.com\\\/?p=22820\"},\"wordCount\":751,\"commentCount\":0,\"publisher\":{\"@id\":\"https:\\\/\\\/lospoliticosveracruz.com\\\/#organization\"},\"image\":{\"@id\":\"https:\\\/\\\/lospoliticosveracruz.com\\\/?p=22820#primaryimage\"},\"thumbnailUrl\":\"http:\\\/\\\/www.lospoliticosveracruz.com.mx\\\/wp-content\\\/uploads\\\/2016\\\/04\\\/Armando-Ortiz-300x218.jpg\",\"keywords\":[\"Leticia Perlasca\",\"Miguel \u00c1ngel Mart\u00ednez Poceros\",\"M\u00f3nica Camarena\",\"PGR\"],\"articleSection\":[\"De Opini\u00f3n\"],\"inLanguage\":\"es\",\"potentialAction\":[{\"@type\":\"CommentAction\",\"name\":\"Comment\",\"target\":[\"https:\\\/\\\/lospoliticosveracruz.com\\\/?p=22820#respond\"]}]},{\"@type\":\"WebPage\",\"@id\":\"https:\\\/\\\/lospoliticosveracruz.com\\\/?p=22820\",\"url\":\"https:\\\/\\\/lospoliticosveracruz.com\\\/?p=22820\",\"name\":\"La infamia revivida - Los pol\u00edticos Veracruz\",\"isPartOf\":{\"@id\":\"https:\\\/\\\/lospoliticosveracruz.com\\\/#website\"},\"primaryImageOfPage\":{\"@id\":\"https:\\\/\\\/lospoliticosveracruz.com\\\/?p=22820#primaryimage\"},\"image\":{\"@id\":\"https:\\\/\\\/lospoliticosveracruz.com\\\/?p=22820#primaryimage\"},\"thumbnailUrl\":\"http:\\\/\\\/www.lospoliticosveracruz.com.mx\\\/wp-content\\\/uploads\\\/2016\\\/04\\\/Armando-Ortiz-300x218.jpg\",\"datePublished\":\"2016-04-21T03:52:06+00:00\",\"breadcrumb\":{\"@id\":\"https:\\\/\\\/lospoliticosveracruz.com\\\/?p=22820#breadcrumb\"},\"inLanguage\":\"es\",\"potentialAction\":[{\"@type\":\"ReadAction\",\"target\":[\"https:\\\/\\\/lospoliticosveracruz.com\\\/?p=22820\"]}]},{\"@type\":\"ImageObject\",\"inLanguage\":\"es\",\"@id\":\"https:\\\/\\\/lospoliticosveracruz.com\\\/?p=22820#primaryimage\",\"url\":\"http:\\\/\\\/www.lospoliticosveracruz.com.mx\\\/wp-content\\\/uploads\\\/2016\\\/04\\\/Armando-Ortiz-300x218.jpg\",\"contentUrl\":\"http:\\\/\\\/www.lospoliticosveracruz.com.mx\\\/wp-content\\\/uploads\\\/2016\\\/04\\\/Armando-Ortiz-300x218.jpg\"},{\"@type\":\"BreadcrumbList\",\"@id\":\"https:\\\/\\\/lospoliticosveracruz.com\\\/?p=22820#breadcrumb\",\"itemListElement\":[{\"@type\":\"ListItem\",\"position\":1,\"name\":\"Portada\",\"item\":\"https:\\\/\\\/lospoliticosveracruz.com\\\/\"},{\"@type\":\"ListItem\",\"position\":2,\"name\":\"La infamia revivida\"}]},{\"@type\":\"WebSite\",\"@id\":\"https:\\\/\\\/lospoliticosveracruz.com\\\/#website\",\"url\":\"https:\\\/\\\/lospoliticosveracruz.com\\\/\",\"name\":\"Los pol\u00edticos Veracruz\",\"description\":\"\",\"publisher\":{\"@id\":\"https:\\\/\\\/lospoliticosveracruz.com\\\/#organization\"},\"potentialAction\":[{\"@type\":\"SearchAction\",\"target\":{\"@type\":\"EntryPoint\",\"urlTemplate\":\"https:\\\/\\\/lospoliticosveracruz.com\\\/?s={search_term_string}\"},\"query-input\":{\"@type\":\"PropertyValueSpecification\",\"valueRequired\":true,\"valueName\":\"search_term_string\"}}],\"inLanguage\":\"es\"},{\"@type\":\"Organization\",\"@id\":\"https:\\\/\\\/lospoliticosveracruz.com\\\/#organization\",\"name\":\"Los pol\u00edticos Veracruz\",\"url\":\"https:\\\/\\\/lospoliticosveracruz.com\\\/\",\"logo\":{\"@type\":\"ImageObject\",\"inLanguage\":\"es\",\"@id\":\"https:\\\/\\\/lospoliticosveracruz.com\\\/#\\\/schema\\\/logo\\\/image\\\/\",\"url\":\"https:\\\/\\\/lospoliticosveracruz.com\\\/wp-content\\\/uploads\\\/2025\\\/12\\\/Logo-Nuevo-LOS-POLITICOS-1.jpg\",\"contentUrl\":\"https:\\\/\\\/lospoliticosveracruz.com\\\/wp-content\\\/uploads\\\/2025\\\/12\\\/Logo-Nuevo-LOS-POLITICOS-1.jpg\",\"width\":260,\"height\":70,\"caption\":\"Los pol\u00edticos Veracruz\"},\"image\":{\"@id\":\"https:\\\/\\\/lospoliticosveracruz.com\\\/#\\\/schema\\\/logo\\\/image\\\/\"},\"sameAs\":[\"https:\\\/\\\/www.facebook.com\\\/people\\\/Notimemes-de-los-Polticos\\\/61565672886568\\\/\",\"https:\\\/\\\/x.com\\\/LosPoliticosVer\"]},{\"@type\":\"Person\",\"@id\":\"https:\\\/\\\/lospoliticosveracruz.com\\\/#\\\/schema\\\/person\\\/b8702bb0e538456e6efd07080bf2a4a2\",\"name\":\"Lo viste en Los Pol\u00edticos\",\"image\":{\"@type\":\"ImageObject\",\"inLanguage\":\"es\",\"@id\":\"https:\\\/\\\/secure.gravatar.com\\\/avatar\\\/3a8de04a2656d44082be478bd6c086daa447c4651605818287b9532d3d0bd435?s=96&d=mm&r=g\",\"url\":\"https:\\\/\\\/secure.gravatar.com\\\/avatar\\\/3a8de04a2656d44082be478bd6c086daa447c4651605818287b9532d3d0bd435?s=96&d=mm&r=g\",\"contentUrl\":\"https:\\\/\\\/secure.gravatar.com\\\/avatar\\\/3a8de04a2656d44082be478bd6c086daa447c4651605818287b9532d3d0bd435?s=96&d=mm&r=g\",\"caption\":\"Lo viste en Los Pol\u00edticos\"},\"url\":\"https:\\\/\\\/lospoliticosveracruz.com\\\/?author=2\"}]}<\/script>\n<!-- \/ Yoast SEO plugin. -->","yoast_head_json":{"title":"La infamia revivida - Los pol\u00edticos Veracruz","robots":{"index":"index","follow":"follow","max-snippet":"max-snippet:-1","max-image-preview":"max-image-preview:large","max-video-preview":"max-video-preview:-1"},"canonical":"https:\/\/lospoliticosveracruz.com\/?p=22820","og_locale":"es_ES","og_type":"article","og_title":"La infamia revivida - Los pol\u00edticos Veracruz","og_description":"Armando Ortiz El Hijo Pr\u00f3digo En un medio local de Xalapa, de cuyo nombre no quiero acordarme, revivieron una denuncia que en mayo de 2013 la se\u00f1ora M\u00f3nica Camarena interpusiera ante la PGR en mi contra. En la denuncia la se\u00f1ora asegura que en alg\u00fan momento del trayecto entre el banco y su domicilio un [&hellip;]","og_url":"https:\/\/lospoliticosveracruz.com\/?p=22820","og_site_name":"Los pol\u00edticos Veracruz","article_publisher":"https:\/\/www.facebook.com\/people\/Notimemes-de-los-Polticos\/61565672886568\/","article_published_time":"2016-04-21T03:52:06+00:00","og_image":[{"url":"http:\/\/www.lospoliticosveracruz.com.mx\/wp-content\/uploads\/2016\/04\/Armando-Ortiz-300x218.jpg","type":"","width":"","height":""}],"author":"Lo viste en Los Pol\u00edticos","twitter_card":"summary_large_image","twitter_creator":"@LosPoliticosVer","twitter_site":"@LosPoliticosVer","twitter_misc":{"Escrito por":"Lo viste en Los Pol\u00edticos","Tiempo de lectura":"4 minutos"},"schema":{"@context":"https:\/\/schema.org","@graph":[{"@type":"Article","@id":"https:\/\/lospoliticosveracruz.com\/?p=22820#article","isPartOf":{"@id":"https:\/\/lospoliticosveracruz.com\/?p=22820"},"author":{"name":"Lo viste en Los Pol\u00edticos","@id":"https:\/\/lospoliticosveracruz.com\/#\/schema\/person\/b8702bb0e538456e6efd07080bf2a4a2"},"headline":"La infamia revivida","datePublished":"2016-04-21T03:52:06+00:00","mainEntityOfPage":{"@id":"https:\/\/lospoliticosveracruz.com\/?p=22820"},"wordCount":751,"commentCount":0,"publisher":{"@id":"https:\/\/lospoliticosveracruz.com\/#organization"},"image":{"@id":"https:\/\/lospoliticosveracruz.com\/?p=22820#primaryimage"},"thumbnailUrl":"http:\/\/www.lospoliticosveracruz.com.mx\/wp-content\/uploads\/2016\/04\/Armando-Ortiz-300x218.jpg","keywords":["Leticia Perlasca","Miguel \u00c1ngel Mart\u00ednez Poceros","M\u00f3nica Camarena","PGR"],"articleSection":["De Opini\u00f3n"],"inLanguage":"es","potentialAction":[{"@type":"CommentAction","name":"Comment","target":["https:\/\/lospoliticosveracruz.com\/?p=22820#respond"]}]},{"@type":"WebPage","@id":"https:\/\/lospoliticosveracruz.com\/?p=22820","url":"https:\/\/lospoliticosveracruz.com\/?p=22820","name":"La infamia revivida - Los pol\u00edticos Veracruz","isPartOf":{"@id":"https:\/\/lospoliticosveracruz.com\/#website"},"primaryImageOfPage":{"@id":"https:\/\/lospoliticosveracruz.com\/?p=22820#primaryimage"},"image":{"@id":"https:\/\/lospoliticosveracruz.com\/?p=22820#primaryimage"},"thumbnailUrl":"http:\/\/www.lospoliticosveracruz.com.mx\/wp-content\/uploads\/2016\/04\/Armando-Ortiz-300x218.jpg","datePublished":"2016-04-21T03:52:06+00:00","breadcrumb":{"@id":"https:\/\/lospoliticosveracruz.com\/?p=22820#breadcrumb"},"inLanguage":"es","potentialAction":[{"@type":"ReadAction","target":["https:\/\/lospoliticosveracruz.com\/?p=22820"]}]},{"@type":"ImageObject","inLanguage":"es","@id":"https:\/\/lospoliticosveracruz.com\/?p=22820#primaryimage","url":"http:\/\/www.lospoliticosveracruz.com.mx\/wp-content\/uploads\/2016\/04\/Armando-Ortiz-300x218.jpg","contentUrl":"http:\/\/www.lospoliticosveracruz.com.mx\/wp-content\/uploads\/2016\/04\/Armando-Ortiz-300x218.jpg"},{"@type":"BreadcrumbList","@id":"https:\/\/lospoliticosveracruz.com\/?p=22820#breadcrumb","itemListElement":[{"@type":"ListItem","position":1,"name":"Portada","item":"https:\/\/lospoliticosveracruz.com\/"},{"@type":"ListItem","position":2,"name":"La infamia revivida"}]},{"@type":"WebSite","@id":"https:\/\/lospoliticosveracruz.com\/#website","url":"https:\/\/lospoliticosveracruz.com\/","name":"Los pol\u00edticos Veracruz","description":"","publisher":{"@id":"https:\/\/lospoliticosveracruz.com\/#organization"},"potentialAction":[{"@type":"SearchAction","target":{"@type":"EntryPoint","urlTemplate":"https:\/\/lospoliticosveracruz.com\/?s={search_term_string}"},"query-input":{"@type":"PropertyValueSpecification","valueRequired":true,"valueName":"search_term_string"}}],"inLanguage":"es"},{"@type":"Organization","@id":"https:\/\/lospoliticosveracruz.com\/#organization","name":"Los pol\u00edticos Veracruz","url":"https:\/\/lospoliticosveracruz.com\/","logo":{"@type":"ImageObject","inLanguage":"es","@id":"https:\/\/lospoliticosveracruz.com\/#\/schema\/logo\/image\/","url":"https:\/\/lospoliticosveracruz.com\/wp-content\/uploads\/2025\/12\/Logo-Nuevo-LOS-POLITICOS-1.jpg","contentUrl":"https:\/\/lospoliticosveracruz.com\/wp-content\/uploads\/2025\/12\/Logo-Nuevo-LOS-POLITICOS-1.jpg","width":260,"height":70,"caption":"Los pol\u00edticos Veracruz"},"image":{"@id":"https:\/\/lospoliticosveracruz.com\/#\/schema\/logo\/image\/"},"sameAs":["https:\/\/www.facebook.com\/people\/Notimemes-de-los-Polticos\/61565672886568\/","https:\/\/x.com\/LosPoliticosVer"]},{"@type":"Person","@id":"https:\/\/lospoliticosveracruz.com\/#\/schema\/person\/b8702bb0e538456e6efd07080bf2a4a2","name":"Lo viste en Los Pol\u00edticos","image":{"@type":"ImageObject","inLanguage":"es","@id":"https:\/\/secure.gravatar.com\/avatar\/3a8de04a2656d44082be478bd6c086daa447c4651605818287b9532d3d0bd435?s=96&d=mm&r=g","url":"https:\/\/secure.gravatar.com\/avatar\/3a8de04a2656d44082be478bd6c086daa447c4651605818287b9532d3d0bd435?s=96&d=mm&r=g","contentUrl":"https:\/\/secure.gravatar.com\/avatar\/3a8de04a2656d44082be478bd6c086daa447c4651605818287b9532d3d0bd435?s=96&d=mm&r=g","caption":"Lo viste en Los Pol\u00edticos"},"url":"https:\/\/lospoliticosveracruz.com\/?author=2"}]}},"_links":{"self":[{"href":"https:\/\/lospoliticosveracruz.com\/index.php?rest_route=\/wp\/v2\/posts\/22820","targetHints":{"allow":["GET"]}}],"collection":[{"href":"https:\/\/lospoliticosveracruz.com\/index.php?rest_route=\/wp\/v2\/posts"}],"about":[{"href":"https:\/\/lospoliticosveracruz.com\/index.php?rest_route=\/wp\/v2\/types\/post"}],"author":[{"embeddable":true,"href":"https:\/\/lospoliticosveracruz.com\/index.php?rest_route=\/wp\/v2\/users\/2"}],"replies":[{"embeddable":true,"href":"https:\/\/lospoliticosveracruz.com\/index.php?rest_route=%2Fwp%2Fv2%2Fcomments&post=22820"}],"version-history":[{"count":1,"href":"https:\/\/lospoliticosveracruz.com\/index.php?rest_route=\/wp\/v2\/posts\/22820\/revisions"}],"predecessor-version":[{"id":22823,"href":"https:\/\/lospoliticosveracruz.com\/index.php?rest_route=\/wp\/v2\/posts\/22820\/revisions\/22823"}],"wp:attachment":[{"href":"https:\/\/lospoliticosveracruz.com\/index.php?rest_route=%2Fwp%2Fv2%2Fmedia&parent=22820"}],"wp:term":[{"taxonomy":"category","embeddable":true,"href":"https:\/\/lospoliticosveracruz.com\/index.php?rest_route=%2Fwp%2Fv2%2Fcategories&post=22820"},{"taxonomy":"post_tag","embeddable":true,"href":"https:\/\/lospoliticosveracruz.com\/index.php?rest_route=%2Fwp%2Fv2%2Ftags&post=22820"}],"curies":[{"name":"wp","href":"https:\/\/api.w.org\/{rel}","templated":true}]}}