{"id":22824,"date":"2016-04-20T23:05:55","date_gmt":"2016-04-21T04:05:55","guid":{"rendered":"http:\/\/www.lospoliticosveracruz.com.mx\/?p=22824"},"modified":"2016-04-20T23:05:55","modified_gmt":"2016-04-21T04:05:55","slug":"la-importancia-de-las-abogadas-y-abogados-victimales","status":"publish","type":"post","link":"https:\/\/lospoliticosveracruz.com\/?p=22824","title":{"rendered":"La importancia de las abogadas y abogados victimales"},"content":{"rendered":"<p><a href=\"http:\/\/www.lospoliticosveracruz.com.mx\/wp-content\/uploads\/2016\/04\/Frin\u00e9-abogados.jpg\"><img loading=\"lazy\" decoding=\"async\" class=\"alignnone size-medium wp-image-22827\" src=\"http:\/\/www.lospoliticosveracruz.com.mx\/wp-content\/uploads\/2016\/04\/Frin\u00e9-abogados-300x184.jpg\" alt=\"Frin\u00e9 abogados\" width=\"300\" height=\"184\" \/><\/a><\/p>\n<p><strong>Norma Ang\u00e9lica Lozada G\u00f3mez<\/strong><\/p>\n<p><em>Mujeres Que Saben Lat\u00edn\u2026<\/em><\/p>\n<p>El papel de las y los abogados victimales es de gran importancia, luchan para garantizar el reconocimiento y goce de los derechos humanos de las v\u00edctimas en un proceso legal, los cuales se encuentran estipulados en la Constituci\u00f3n del pa\u00eds, en los instrumentos internacionales y dem\u00e1s ordenamientos legales, tales como la Ley de Acceso de las Mujeres a una Vida Libre de Violencia, la Ley para la Igualdad entre Mujeres y Hombres, la Ley para Prevenir y Eliminar la Discriminaci\u00f3n, la Ley de V\u00edctimas, sin dejar de mencionar el Protocolo para Juzgar con Perspectiva de G\u00e9nero, el cual fue emitido por la Suprema Corte de Justicia de la Naci\u00f3n.<\/p>\n<p>Abogadas y abogados vict\u00edmales que en el estado de Veracruz son escasos, en virtud de que son pocos los profesionales de Derecho que tienen empat\u00eda sobre temas que involucran a las mujeres y sus derechos.<\/p>\n<p>\u00bfCu\u00e1l es el trabajo que deben realizar las y los abogados vict\u00edmales? Representar a las mujeres, brindar asesor\u00eda jur\u00eddica especializada y proporcionar la informaci\u00f3n que requiera la v\u00edctima sobre las medidas de protecci\u00f3n que puede solicitar. Tambi\u00e9n deber\u00e1 explicarle de forma clara y detallada los avances que se tienen en su proceso legal, realizar las acciones legales necesarias, con la debida diligencia, para garantizar los derechos procesales de las v\u00edctimas y as\u00ed como la reparaci\u00f3n del da\u00f1o.<\/p>\n<p>\u00bfEl Estado est\u00e1 obligado a proporcionar a mujeres de escasos recursos abogados y abogadas vict\u00edmales? S\u00ed. De acuerdo a los instrumentos internacionales que M\u00e9xico ha ratificado, el Estado tiene la obligaci\u00f3n de proteger los derechos humanos de las mujeres, adoptando o creando medidas adecuadas para la protecci\u00f3n de los mismos.<\/p>\n<p>De acuerdo al art\u00edculo 4\u00b0, inciso f, de la Convenci\u00f3n Interamericana para Prevenir, Sancionar y Erradicar la Violencia contra la Mujer \u201cConvenci\u00f3n de Belem do Par\u00e1\u201d, las mujeres tenemos \u201cderecho a igualdad protecci\u00f3n ante la ley y de la ley\u201d, raz\u00f3n por lo cual la misma convenci\u00f3n compromete a los Estados a \u201cestablecer los mecanismos judiciales y administrativos necesarios para asegurar que la mujer objeto de violencia tenga efectivo a resarcimiento, reparaci\u00f3n del da\u00f1o u otros medios de compensaci\u00f3n justos y eficaces\u201d.<\/p>\n<p>Derechos que actualmente se encuentran restringidos por situaciones sociales, econ\u00f3micas, pol\u00edticas entre otras, que conllevan a una discriminaci\u00f3n, tomando en consideraci\u00f3n la definici\u00f3n que proporciona la Convenci\u00f3n sobre la Eliminaci\u00f3n de todas las Formas de Discriminaci\u00f3n contra la Mujer, la cual menciona en su art\u00edculo primero que la expresi\u00f3n discriminaci\u00f3n contra la Mujer denotar\u00e1 \u201ctoda distinci\u00f3n, exclusi\u00f3n o restricci\u00f3n basada en el sexo que tenga por objeto o por resultado menoscabar o anular el reconocimiento, goce o ejercicio por la mujer, independientemente de su estado civil, sobre la base de la igualdad del hombre y la mujer, de los derechos humanos y las libertades fundamentales en las esferas pol\u00edtica, econ\u00f3mica, social, cultural y civil en cualquier otra esfera\u201d.<\/p>\n<p>Entonces lo que podemos destacar de ello que todav\u00eda faltan trabajos por realizar, en esta lucha que se tiene desde hace d\u00e9cadas, para que las mujeres podamos gozar libremente de nuestros derechos humanos y para que sean reconocidos en todos los \u00e1mbitos de gobierno y por los operadores de justicia.<\/p>\n","protected":false},"excerpt":{"rendered":"<p>Norma Ang\u00e9lica Lozada G\u00f3mez Mujeres Que Saben Lat\u00edn\u2026 El papel de las y los abogados victimales es de gran importancia, luchan para garantizar el reconocimiento y goce de los derechos humanos de las v\u00edctimas en un proceso legal, los cuales se encuentran estipulados en la Constituci\u00f3n del pa\u00eds, en los instrumentos internacionales y dem\u00e1s ordenamientos [&hellip;]<\/p>\n","protected":false},"author":2,"featured_media":0,"comment_status":"open","ping_status":"open","sticky":false,"template":"","format":"standard","meta":{"tdm_status":"","tdm_grid_status":"","footnotes":""},"categories":[70],"tags":[2305,195,463],"class_list":{"0":"post-22824","1":"post","2":"type-post","3":"status-publish","4":"format-standard","6":"category-de-opinion","7":"tag-mujeres","8":"tag-veracruz","9":"tag-violencia"},"yoast_head":"<!-- This site is optimized with the Yoast SEO plugin v27.4 - https:\/\/yoast.com\/product\/yoast-seo-wordpress\/ -->\n<title>La importancia de las abogadas y abogados victimales - Los pol\u00edticos Veracruz<\/title>\n<meta name=\"robots\" content=\"index, follow, max-snippet:-1, max-image-preview:large, max-video-preview:-1\" \/>\n<link rel=\"canonical\" href=\"https:\/\/lospoliticosveracruz.com\/?p=22824\" \/>\n<meta property=\"og:locale\" content=\"es_ES\" \/>\n<meta property=\"og:type\" content=\"article\" \/>\n<meta property=\"og:title\" content=\"La importancia de las abogadas y abogados victimales - Los pol\u00edticos Veracruz\" \/>\n<meta property=\"og:description\" content=\"Norma Ang\u00e9lica Lozada G\u00f3mez Mujeres Que Saben Lat\u00edn\u2026 El papel de las y los abogados victimales es de gran importancia, luchan para garantizar el reconocimiento y goce de los derechos humanos de las v\u00edctimas en un proceso legal, los cuales se encuentran estipulados en la Constituci\u00f3n del pa\u00eds, en los instrumentos internacionales y dem\u00e1s ordenamientos [&hellip;]\" \/>\n<meta property=\"og:url\" content=\"https:\/\/lospoliticosveracruz.com\/?p=22824\" \/>\n<meta property=\"og:site_name\" content=\"Los pol\u00edticos Veracruz\" \/>\n<meta property=\"article:publisher\" content=\"https:\/\/www.facebook.com\/people\/Notimemes-de-los-Polticos\/61565672886568\/\" \/>\n<meta property=\"article:published_time\" content=\"2016-04-21T04:05:55+00:00\" \/>\n<meta property=\"og:image\" content=\"https:\/\/lospoliticosveracruz.com\/wp-content\/uploads\/2016\/07\/Logo-Dor.jpg\" \/>\n\t<meta property=\"og:image:width\" content=\"200\" \/>\n\t<meta property=\"og:image:height\" content=\"200\" \/>\n\t<meta property=\"og:image:type\" content=\"image\/jpeg\" \/>\n<meta name=\"author\" content=\"Lo viste en Los Pol\u00edticos\" \/>\n<meta name=\"twitter:card\" content=\"summary_large_image\" \/>\n<meta name=\"twitter:creator\" content=\"@LosPoliticosVer\" \/>\n<meta name=\"twitter:site\" content=\"@LosPoliticosVer\" \/>\n<meta name=\"twitter:label1\" content=\"Escrito por\" \/>\n\t<meta name=\"twitter:data1\" content=\"Lo viste en Los Pol\u00edticos\" \/>\n\t<meta name=\"twitter:label2\" content=\"Tiempo de lectura\" \/>\n\t<meta name=\"twitter:data2\" content=\"3 minutos\" \/>\n<script type=\"application\/ld+json\" class=\"yoast-schema-graph\">{\"@context\":\"https:\\\/\\\/schema.org\",\"@graph\":[{\"@type\":\"Article\",\"@id\":\"https:\\\/\\\/lospoliticosveracruz.com\\\/?p=22824#article\",\"isPartOf\":{\"@id\":\"https:\\\/\\\/lospoliticosveracruz.com\\\/?p=22824\"},\"author\":{\"name\":\"Lo viste en Los Pol\u00edticos\",\"@id\":\"https:\\\/\\\/lospoliticosveracruz.com\\\/#\\\/schema\\\/person\\\/b8702bb0e538456e6efd07080bf2a4a2\"},\"headline\":\"La importancia de las abogadas y abogados victimales\",\"datePublished\":\"2016-04-21T04:05:55+00:00\",\"mainEntityOfPage\":{\"@id\":\"https:\\\/\\\/lospoliticosveracruz.com\\\/?p=22824\"},\"wordCount\":591,\"commentCount\":0,\"publisher\":{\"@id\":\"https:\\\/\\\/lospoliticosveracruz.com\\\/#organization\"},\"keywords\":[\"Mujeres\",\"Veracruz\",\"violencia\"],\"articleSection\":[\"De Opini\u00f3n\"],\"inLanguage\":\"es\",\"potentialAction\":[{\"@type\":\"CommentAction\",\"name\":\"Comment\",\"target\":[\"https:\\\/\\\/lospoliticosveracruz.com\\\/?p=22824#respond\"]}]},{\"@type\":\"WebPage\",\"@id\":\"https:\\\/\\\/lospoliticosveracruz.com\\\/?p=22824\",\"url\":\"https:\\\/\\\/lospoliticosveracruz.com\\\/?p=22824\",\"name\":\"La importancia de las abogadas y abogados victimales - Los pol\u00edticos Veracruz\",\"isPartOf\":{\"@id\":\"https:\\\/\\\/lospoliticosveracruz.com\\\/#website\"},\"datePublished\":\"2016-04-21T04:05:55+00:00\",\"breadcrumb\":{\"@id\":\"https:\\\/\\\/lospoliticosveracruz.com\\\/?p=22824#breadcrumb\"},\"inLanguage\":\"es\",\"potentialAction\":[{\"@type\":\"ReadAction\",\"target\":[\"https:\\\/\\\/lospoliticosveracruz.com\\\/?p=22824\"]}]},{\"@type\":\"BreadcrumbList\",\"@id\":\"https:\\\/\\\/lospoliticosveracruz.com\\\/?p=22824#breadcrumb\",\"itemListElement\":[{\"@type\":\"ListItem\",\"position\":1,\"name\":\"Portada\",\"item\":\"https:\\\/\\\/lospoliticosveracruz.com\\\/\"},{\"@type\":\"ListItem\",\"position\":2,\"name\":\"La importancia de las abogadas y abogados victimales\"}]},{\"@type\":\"WebSite\",\"@id\":\"https:\\\/\\\/lospoliticosveracruz.com\\\/#website\",\"url\":\"https:\\\/\\\/lospoliticosveracruz.com\\\/\",\"name\":\"Los pol\u00edticos Veracruz\",\"description\":\"\",\"publisher\":{\"@id\":\"https:\\\/\\\/lospoliticosveracruz.com\\\/#organization\"},\"potentialAction\":[{\"@type\":\"SearchAction\",\"target\":{\"@type\":\"EntryPoint\",\"urlTemplate\":\"https:\\\/\\\/lospoliticosveracruz.com\\\/?s={search_term_string}\"},\"query-input\":{\"@type\":\"PropertyValueSpecification\",\"valueRequired\":true,\"valueName\":\"search_term_string\"}}],\"inLanguage\":\"es\"},{\"@type\":\"Organization\",\"@id\":\"https:\\\/\\\/lospoliticosveracruz.com\\\/#organization\",\"name\":\"Los pol\u00edticos Veracruz\",\"url\":\"https:\\\/\\\/lospoliticosveracruz.com\\\/\",\"logo\":{\"@type\":\"ImageObject\",\"inLanguage\":\"es\",\"@id\":\"https:\\\/\\\/lospoliticosveracruz.com\\\/#\\\/schema\\\/logo\\\/image\\\/\",\"url\":\"https:\\\/\\\/lospoliticosveracruz.com\\\/wp-content\\\/uploads\\\/2025\\\/12\\\/Logo-Nuevo-LOS-POLITICOS-1.jpg\",\"contentUrl\":\"https:\\\/\\\/lospoliticosveracruz.com\\\/wp-content\\\/uploads\\\/2025\\\/12\\\/Logo-Nuevo-LOS-POLITICOS-1.jpg\",\"width\":260,\"height\":70,\"caption\":\"Los pol\u00edticos Veracruz\"},\"image\":{\"@id\":\"https:\\\/\\\/lospoliticosveracruz.com\\\/#\\\/schema\\\/logo\\\/image\\\/\"},\"sameAs\":[\"https:\\\/\\\/www.facebook.com\\\/people\\\/Notimemes-de-los-Polticos\\\/61565672886568\\\/\",\"https:\\\/\\\/x.com\\\/LosPoliticosVer\"]},{\"@type\":\"Person\",\"@id\":\"https:\\\/\\\/lospoliticosveracruz.com\\\/#\\\/schema\\\/person\\\/b8702bb0e538456e6efd07080bf2a4a2\",\"name\":\"Lo viste en Los Pol\u00edticos\",\"image\":{\"@type\":\"ImageObject\",\"inLanguage\":\"es\",\"@id\":\"https:\\\/\\\/secure.gravatar.com\\\/avatar\\\/3a8de04a2656d44082be478bd6c086daa447c4651605818287b9532d3d0bd435?s=96&d=mm&r=g\",\"url\":\"https:\\\/\\\/secure.gravatar.com\\\/avatar\\\/3a8de04a2656d44082be478bd6c086daa447c4651605818287b9532d3d0bd435?s=96&d=mm&r=g\",\"contentUrl\":\"https:\\\/\\\/secure.gravatar.com\\\/avatar\\\/3a8de04a2656d44082be478bd6c086daa447c4651605818287b9532d3d0bd435?s=96&d=mm&r=g\",\"caption\":\"Lo viste en Los Pol\u00edticos\"},\"url\":\"https:\\\/\\\/lospoliticosveracruz.com\\\/?author=2\"}]}<\/script>\n<!-- \/ Yoast SEO plugin. -->","yoast_head_json":{"title":"La importancia de las abogadas y abogados victimales - Los pol\u00edticos Veracruz","robots":{"index":"index","follow":"follow","max-snippet":"max-snippet:-1","max-image-preview":"max-image-preview:large","max-video-preview":"max-video-preview:-1"},"canonical":"https:\/\/lospoliticosveracruz.com\/?p=22824","og_locale":"es_ES","og_type":"article","og_title":"La importancia de las abogadas y abogados victimales - Los pol\u00edticos Veracruz","og_description":"Norma Ang\u00e9lica Lozada G\u00f3mez Mujeres Que Saben Lat\u00edn\u2026 El papel de las y los abogados victimales es de gran importancia, luchan para garantizar el reconocimiento y goce de los derechos humanos de las v\u00edctimas en un proceso legal, los cuales se encuentran estipulados en la Constituci\u00f3n del pa\u00eds, en los instrumentos internacionales y dem\u00e1s ordenamientos [&hellip;]","og_url":"https:\/\/lospoliticosveracruz.com\/?p=22824","og_site_name":"Los pol\u00edticos Veracruz","article_publisher":"https:\/\/www.facebook.com\/people\/Notimemes-de-los-Polticos\/61565672886568\/","article_published_time":"2016-04-21T04:05:55+00:00","og_image":[{"width":200,"height":200,"url":"https:\/\/lospoliticosveracruz.com\/wp-content\/uploads\/2016\/07\/Logo-Dor.jpg","type":"image\/jpeg"}],"author":"Lo viste en Los Pol\u00edticos","twitter_card":"summary_large_image","twitter_creator":"@LosPoliticosVer","twitter_site":"@LosPoliticosVer","twitter_misc":{"Escrito por":"Lo viste en Los Pol\u00edticos","Tiempo de lectura":"3 minutos"},"schema":{"@context":"https:\/\/schema.org","@graph":[{"@type":"Article","@id":"https:\/\/lospoliticosveracruz.com\/?p=22824#article","isPartOf":{"@id":"https:\/\/lospoliticosveracruz.com\/?p=22824"},"author":{"name":"Lo viste en Los Pol\u00edticos","@id":"https:\/\/lospoliticosveracruz.com\/#\/schema\/person\/b8702bb0e538456e6efd07080bf2a4a2"},"headline":"La importancia de las abogadas y abogados victimales","datePublished":"2016-04-21T04:05:55+00:00","mainEntityOfPage":{"@id":"https:\/\/lospoliticosveracruz.com\/?p=22824"},"wordCount":591,"commentCount":0,"publisher":{"@id":"https:\/\/lospoliticosveracruz.com\/#organization"},"keywords":["Mujeres","Veracruz","violencia"],"articleSection":["De Opini\u00f3n"],"inLanguage":"es","potentialAction":[{"@type":"CommentAction","name":"Comment","target":["https:\/\/lospoliticosveracruz.com\/?p=22824#respond"]}]},{"@type":"WebPage","@id":"https:\/\/lospoliticosveracruz.com\/?p=22824","url":"https:\/\/lospoliticosveracruz.com\/?p=22824","name":"La importancia de las abogadas y abogados victimales - Los pol\u00edticos Veracruz","isPartOf":{"@id":"https:\/\/lospoliticosveracruz.com\/#website"},"datePublished":"2016-04-21T04:05:55+00:00","breadcrumb":{"@id":"https:\/\/lospoliticosveracruz.com\/?p=22824#breadcrumb"},"inLanguage":"es","potentialAction":[{"@type":"ReadAction","target":["https:\/\/lospoliticosveracruz.com\/?p=22824"]}]},{"@type":"BreadcrumbList","@id":"https:\/\/lospoliticosveracruz.com\/?p=22824#breadcrumb","itemListElement":[{"@type":"ListItem","position":1,"name":"Portada","item":"https:\/\/lospoliticosveracruz.com\/"},{"@type":"ListItem","position":2,"name":"La importancia de las abogadas y abogados victimales"}]},{"@type":"WebSite","@id":"https:\/\/lospoliticosveracruz.com\/#website","url":"https:\/\/lospoliticosveracruz.com\/","name":"Los pol\u00edticos Veracruz","description":"","publisher":{"@id":"https:\/\/lospoliticosveracruz.com\/#organization"},"potentialAction":[{"@type":"SearchAction","target":{"@type":"EntryPoint","urlTemplate":"https:\/\/lospoliticosveracruz.com\/?s={search_term_string}"},"query-input":{"@type":"PropertyValueSpecification","valueRequired":true,"valueName":"search_term_string"}}],"inLanguage":"es"},{"@type":"Organization","@id":"https:\/\/lospoliticosveracruz.com\/#organization","name":"Los pol\u00edticos Veracruz","url":"https:\/\/lospoliticosveracruz.com\/","logo":{"@type":"ImageObject","inLanguage":"es","@id":"https:\/\/lospoliticosveracruz.com\/#\/schema\/logo\/image\/","url":"https:\/\/lospoliticosveracruz.com\/wp-content\/uploads\/2025\/12\/Logo-Nuevo-LOS-POLITICOS-1.jpg","contentUrl":"https:\/\/lospoliticosveracruz.com\/wp-content\/uploads\/2025\/12\/Logo-Nuevo-LOS-POLITICOS-1.jpg","width":260,"height":70,"caption":"Los pol\u00edticos Veracruz"},"image":{"@id":"https:\/\/lospoliticosveracruz.com\/#\/schema\/logo\/image\/"},"sameAs":["https:\/\/www.facebook.com\/people\/Notimemes-de-los-Polticos\/61565672886568\/","https:\/\/x.com\/LosPoliticosVer"]},{"@type":"Person","@id":"https:\/\/lospoliticosveracruz.com\/#\/schema\/person\/b8702bb0e538456e6efd07080bf2a4a2","name":"Lo viste en Los Pol\u00edticos","image":{"@type":"ImageObject","inLanguage":"es","@id":"https:\/\/secure.gravatar.com\/avatar\/3a8de04a2656d44082be478bd6c086daa447c4651605818287b9532d3d0bd435?s=96&d=mm&r=g","url":"https:\/\/secure.gravatar.com\/avatar\/3a8de04a2656d44082be478bd6c086daa447c4651605818287b9532d3d0bd435?s=96&d=mm&r=g","contentUrl":"https:\/\/secure.gravatar.com\/avatar\/3a8de04a2656d44082be478bd6c086daa447c4651605818287b9532d3d0bd435?s=96&d=mm&r=g","caption":"Lo viste en Los Pol\u00edticos"},"url":"https:\/\/lospoliticosveracruz.com\/?author=2"}]}},"_links":{"self":[{"href":"https:\/\/lospoliticosveracruz.com\/index.php?rest_route=\/wp\/v2\/posts\/22824","targetHints":{"allow":["GET"]}}],"collection":[{"href":"https:\/\/lospoliticosveracruz.com\/index.php?rest_route=\/wp\/v2\/posts"}],"about":[{"href":"https:\/\/lospoliticosveracruz.com\/index.php?rest_route=\/wp\/v2\/types\/post"}],"author":[{"embeddable":true,"href":"https:\/\/lospoliticosveracruz.com\/index.php?rest_route=\/wp\/v2\/users\/2"}],"replies":[{"embeddable":true,"href":"https:\/\/lospoliticosveracruz.com\/index.php?rest_route=%2Fwp%2Fv2%2Fcomments&post=22824"}],"version-history":[{"count":1,"href":"https:\/\/lospoliticosveracruz.com\/index.php?rest_route=\/wp\/v2\/posts\/22824\/revisions"}],"predecessor-version":[{"id":22828,"href":"https:\/\/lospoliticosveracruz.com\/index.php?rest_route=\/wp\/v2\/posts\/22824\/revisions\/22828"}],"wp:attachment":[{"href":"https:\/\/lospoliticosveracruz.com\/index.php?rest_route=%2Fwp%2Fv2%2Fmedia&parent=22824"}],"wp:term":[{"taxonomy":"category","embeddable":true,"href":"https:\/\/lospoliticosveracruz.com\/index.php?rest_route=%2Fwp%2Fv2%2Fcategories&post=22824"},{"taxonomy":"post_tag","embeddable":true,"href":"https:\/\/lospoliticosveracruz.com\/index.php?rest_route=%2Fwp%2Fv2%2Ftags&post=22824"}],"curies":[{"name":"wp","href":"https:\/\/api.w.org\/{rel}","templated":true}]}}