{"id":22858,"date":"2016-04-21T22:21:00","date_gmt":"2016-04-22T03:21:00","guid":{"rendered":"http:\/\/www.lospoliticosveracruz.com.mx\/?p=22858"},"modified":"2016-04-21T22:21:00","modified_gmt":"2016-04-22T03:21:00","slug":"corrupcion-y-transparencia","status":"publish","type":"post","link":"https:\/\/lospoliticosveracruz.com\/?p=22858","title":{"rendered":"Corrupci\u00f3n y Transparencia"},"content":{"rendered":"<p><a href=\"http:\/\/www.lospoliticosveracruz.com.mx\/wp-content\/uploads\/2016\/02\/Ley-3-de-3.png\"><img loading=\"lazy\" decoding=\"async\" class=\"alignnone size-medium wp-image-20915\" src=\"http:\/\/www.lospoliticosveracruz.com.mx\/wp-content\/uploads\/2016\/02\/Ley-3-de-3-300x175.png\" alt=\"Ley 3 de 3\" width=\"300\" height=\"175\" \/><\/a><br \/>\n<strong>Brenda Caballero<\/strong><br \/>\n<em>N\u00fameros Rojos<\/em><\/p>\n<p>Uno de los deseos de cualquier mexicano es que se acabe la corrupci\u00f3n y que haya m\u00e1s transparencia. Incluso, ahora que hay campa\u00f1as electorales, la mayor\u00eda de los discursos de los candidatos recae en tomar medidas e iniciativas para abatir esos males que se han convertido en el c\u00e1ncer de la sociedad.<br \/>\nEstamos hartos de escuchar el enriquecimiento il\u00edcito de la clase pol\u00edtica as\u00ed como la impunidad hacia las mismas. Estamos hartos de que no pase ni se haga nada.<br \/>\nHasta se cuestiona en spots el que se castigue a un ciudadano cualquiera con varios a\u00f1os de prisi\u00f3n por robar comida para dar de comer a su familia, pero a un pol\u00edtico que roba millones no se le haga nada, \u00a1bueno! hasta se le pida disculpas y se le deje en libertad.<br \/>\nAnte ese hartazgo, se ha hecho la iniciativa ciudadana denominada Ley 3 de 3 (obligaci\u00f3n de presentar las declaraciones fiscal, de intereses y patrimonial) y se ha llevado hasta la C\u00e1mara alta para su aprobaci\u00f3n.<br \/>\nPero \u00bfc\u00f3mo va su discusi\u00f3n? Todo parece indicar que los pri\u00edstas a trav\u00e9s de su coordinador del PRI en el Senado Emilio Gamboa, se resisten a la aprobaci\u00f3n por considerarla una cacer\u00eda de brujas. Le cuento. Dentro de la iniciativa existe un apartado de recompensa, es decir, si usted denuncia un acto de corrupci\u00f3n, y se comprueba, le dar\u00e1n un incentivo equivalente al diez por ciento. \u00bfLe parece mala idea?<br \/>\nDesde mi punto de vista, no, al contrario, trat\u00e1ndose de dinero extra y con tal de abatir la corrupci\u00f3n, yo aplaudo ese art\u00edculo. Aunque Gamboa afirma que esto se convertir\u00eda en estar denunciando a todos por todo. \u00bfA qu\u00e9 le teme?<br \/>\nContrario a la opini\u00f3n del pri\u00edsta, el director de transparencia ciudadana Eduardo Boh\u00f3rquez defiende el sistema de recompensas y se\u00f1ala que este esquema sirvi\u00f3 como clave contra el esc\u00e1ndalo de corrupci\u00f3n internacional en la FIFA.<br \/>\n\u00bfSe imagina cu\u00e1ntos actos de corrupci\u00f3n saldr\u00edan a la luz p\u00fablica?<br \/>\nMientras siguen calentando la Ley 3 de 3, el Senado aprob\u00f3 ayer la Nueva Ley Federal de Transparencia con 75 votos a favor y 4 en contra. En ella se garantiza el acceso a la informaci\u00f3n p\u00fablica que est\u00e9 en posesi\u00f3n de la autoridad, cualquiera que \u00e9sta sea; aplica para personas f\u00edsicas, morales, partidos pol\u00edticos o sindicatos que ejerzan fondos p\u00fablicos, y fideicomisos.<br \/>\nRecordemos que ya hab\u00eda una Ley, incluso, los organismos y las instituciones estaban obligados a hacer p\u00fablica su informaci\u00f3n o a proporcionarla a quien la necesitara, cosa que desgraciadamente no se hac\u00eda ni se hace.<br \/>\n\u00bfSer\u00e1 que esta nueva ley ahora s\u00ed se aplique de la manera correcta en beneficio de los ciudadanos?<\/p>\n<p>***<br \/>\nEl candidato a la gubernatura por Movimiento Ciudadano, Armando M\u00e9ndez de la Luz, estuvo ayer con integrantes de Otero Ciudadano a cargo de Leonor de la Miyar. All\u00ed, M\u00e9ndez plante\u00f3 sus propuestas de campa\u00f1a y contest\u00f3 preguntas de los miembros.<br \/>\nAlgo que resalt\u00f3 de su ideolog\u00eda es \u201cCrear Ciudadan\u00eda\u201d, eso definitivamente, sin importar color ni partidos es la base de la sociedad.<\/p>\n<p>Email: caballero_brenda@hotmail.com<\/p>\n","protected":false},"excerpt":{"rendered":"<p>Brenda Caballero N\u00fameros Rojos Uno de los deseos de cualquier mexicano es que se acabe la corrupci\u00f3n y que haya m\u00e1s transparencia. Incluso, ahora que hay campa\u00f1as electorales, la mayor\u00eda de los discursos de los candidatos recae en tomar medidas e iniciativas para abatir esos males que se han convertido en el c\u00e1ncer de la [&hellip;]<\/p>\n","protected":false},"author":2,"featured_media":0,"comment_status":"open","ping_status":"open","sticky":false,"template":"","format":"standard","meta":{"tdm_status":"","tdm_grid_status":"","footnotes":""},"categories":[70],"tags":[3672,282,1020,4727,1067],"class_list":{"0":"post-22858","1":"post","2":"type-post","3":"status-publish","4":"format-standard","6":"category-de-opinion","7":"tag-armando-mendez-de-la-luz","8":"tag-corrupcion","9":"tag-emilio-gamboa","10":"tag-ley-3-de-3","11":"tag-transparencia"},"yoast_head":"<!-- This site is optimized with the Yoast SEO plugin v27.4 - https:\/\/yoast.com\/product\/yoast-seo-wordpress\/ -->\n<title>Corrupci\u00f3n y Transparencia - Los pol\u00edticos Veracruz<\/title>\n<meta name=\"robots\" content=\"index, follow, max-snippet:-1, max-image-preview:large, max-video-preview:-1\" \/>\n<link rel=\"canonical\" href=\"https:\/\/lospoliticosveracruz.com\/?p=22858\" \/>\n<meta property=\"og:locale\" content=\"es_ES\" \/>\n<meta property=\"og:type\" content=\"article\" \/>\n<meta property=\"og:title\" content=\"Corrupci\u00f3n y Transparencia - Los pol\u00edticos Veracruz\" \/>\n<meta property=\"og:description\" content=\"Brenda Caballero N\u00fameros Rojos Uno de los deseos de cualquier mexicano es que se acabe la corrupci\u00f3n y que haya m\u00e1s transparencia. Incluso, ahora que hay campa\u00f1as electorales, la mayor\u00eda de los discursos de los candidatos recae en tomar medidas e iniciativas para abatir esos males que se han convertido en el c\u00e1ncer de la [&hellip;]\" \/>\n<meta property=\"og:url\" content=\"https:\/\/lospoliticosveracruz.com\/?p=22858\" \/>\n<meta property=\"og:site_name\" content=\"Los pol\u00edticos Veracruz\" \/>\n<meta property=\"article:publisher\" content=\"https:\/\/www.facebook.com\/people\/Notimemes-de-los-Polticos\/61565672886568\/\" \/>\n<meta property=\"article:published_time\" content=\"2016-04-22T03:21:00+00:00\" \/>\n<meta property=\"og:image\" content=\"http:\/\/www.lospoliticosveracruz.com.mx\/wp-content\/uploads\/2016\/02\/Ley-3-de-3-300x175.png\" \/>\n<meta name=\"author\" content=\"Lo viste en Los Pol\u00edticos\" \/>\n<meta name=\"twitter:card\" content=\"summary_large_image\" \/>\n<meta name=\"twitter:creator\" content=\"@LosPoliticosVer\" \/>\n<meta name=\"twitter:site\" content=\"@LosPoliticosVer\" \/>\n<meta name=\"twitter:label1\" content=\"Escrito por\" \/>\n\t<meta name=\"twitter:data1\" content=\"Lo viste en Los Pol\u00edticos\" \/>\n\t<meta name=\"twitter:label2\" content=\"Tiempo de lectura\" \/>\n\t<meta name=\"twitter:data2\" content=\"3 minutos\" \/>\n<script type=\"application\/ld+json\" class=\"yoast-schema-graph\">{\"@context\":\"https:\\\/\\\/schema.org\",\"@graph\":[{\"@type\":\"Article\",\"@id\":\"https:\\\/\\\/lospoliticosveracruz.com\\\/?p=22858#article\",\"isPartOf\":{\"@id\":\"https:\\\/\\\/lospoliticosveracruz.com\\\/?p=22858\"},\"author\":{\"name\":\"Lo viste en Los Pol\u00edticos\",\"@id\":\"https:\\\/\\\/lospoliticosveracruz.com\\\/#\\\/schema\\\/person\\\/b8702bb0e538456e6efd07080bf2a4a2\"},\"headline\":\"Corrupci\u00f3n y Transparencia\",\"datePublished\":\"2016-04-22T03:21:00+00:00\",\"mainEntityOfPage\":{\"@id\":\"https:\\\/\\\/lospoliticosveracruz.com\\\/?p=22858\"},\"wordCount\":560,\"commentCount\":0,\"publisher\":{\"@id\":\"https:\\\/\\\/lospoliticosveracruz.com\\\/#organization\"},\"image\":{\"@id\":\"https:\\\/\\\/lospoliticosveracruz.com\\\/?p=22858#primaryimage\"},\"thumbnailUrl\":\"http:\\\/\\\/www.lospoliticosveracruz.com.mx\\\/wp-content\\\/uploads\\\/2016\\\/02\\\/Ley-3-de-3-300x175.png\",\"keywords\":[\"Armando M\u00e9ndez de la Luz\",\"corrupci\u00f3n\",\"Emilio Gamboa\",\"Ley 3 de 3\",\"transparencia\"],\"articleSection\":[\"De Opini\u00f3n\"],\"inLanguage\":\"es\",\"potentialAction\":[{\"@type\":\"CommentAction\",\"name\":\"Comment\",\"target\":[\"https:\\\/\\\/lospoliticosveracruz.com\\\/?p=22858#respond\"]}]},{\"@type\":\"WebPage\",\"@id\":\"https:\\\/\\\/lospoliticosveracruz.com\\\/?p=22858\",\"url\":\"https:\\\/\\\/lospoliticosveracruz.com\\\/?p=22858\",\"name\":\"Corrupci\u00f3n y Transparencia - Los pol\u00edticos Veracruz\",\"isPartOf\":{\"@id\":\"https:\\\/\\\/lospoliticosveracruz.com\\\/#website\"},\"primaryImageOfPage\":{\"@id\":\"https:\\\/\\\/lospoliticosveracruz.com\\\/?p=22858#primaryimage\"},\"image\":{\"@id\":\"https:\\\/\\\/lospoliticosveracruz.com\\\/?p=22858#primaryimage\"},\"thumbnailUrl\":\"http:\\\/\\\/www.lospoliticosveracruz.com.mx\\\/wp-content\\\/uploads\\\/2016\\\/02\\\/Ley-3-de-3-300x175.png\",\"datePublished\":\"2016-04-22T03:21:00+00:00\",\"breadcrumb\":{\"@id\":\"https:\\\/\\\/lospoliticosveracruz.com\\\/?p=22858#breadcrumb\"},\"inLanguage\":\"es\",\"potentialAction\":[{\"@type\":\"ReadAction\",\"target\":[\"https:\\\/\\\/lospoliticosveracruz.com\\\/?p=22858\"]}]},{\"@type\":\"ImageObject\",\"inLanguage\":\"es\",\"@id\":\"https:\\\/\\\/lospoliticosveracruz.com\\\/?p=22858#primaryimage\",\"url\":\"http:\\\/\\\/www.lospoliticosveracruz.com.mx\\\/wp-content\\\/uploads\\\/2016\\\/02\\\/Ley-3-de-3-300x175.png\",\"contentUrl\":\"http:\\\/\\\/www.lospoliticosveracruz.com.mx\\\/wp-content\\\/uploads\\\/2016\\\/02\\\/Ley-3-de-3-300x175.png\"},{\"@type\":\"BreadcrumbList\",\"@id\":\"https:\\\/\\\/lospoliticosveracruz.com\\\/?p=22858#breadcrumb\",\"itemListElement\":[{\"@type\":\"ListItem\",\"position\":1,\"name\":\"Portada\",\"item\":\"https:\\\/\\\/lospoliticosveracruz.com\\\/\"},{\"@type\":\"ListItem\",\"position\":2,\"name\":\"Corrupci\u00f3n y Transparencia\"}]},{\"@type\":\"WebSite\",\"@id\":\"https:\\\/\\\/lospoliticosveracruz.com\\\/#website\",\"url\":\"https:\\\/\\\/lospoliticosveracruz.com\\\/\",\"name\":\"Los pol\u00edticos Veracruz\",\"description\":\"\",\"publisher\":{\"@id\":\"https:\\\/\\\/lospoliticosveracruz.com\\\/#organization\"},\"potentialAction\":[{\"@type\":\"SearchAction\",\"target\":{\"@type\":\"EntryPoint\",\"urlTemplate\":\"https:\\\/\\\/lospoliticosveracruz.com\\\/?s={search_term_string}\"},\"query-input\":{\"@type\":\"PropertyValueSpecification\",\"valueRequired\":true,\"valueName\":\"search_term_string\"}}],\"inLanguage\":\"es\"},{\"@type\":\"Organization\",\"@id\":\"https:\\\/\\\/lospoliticosveracruz.com\\\/#organization\",\"name\":\"Los pol\u00edticos Veracruz\",\"url\":\"https:\\\/\\\/lospoliticosveracruz.com\\\/\",\"logo\":{\"@type\":\"ImageObject\",\"inLanguage\":\"es\",\"@id\":\"https:\\\/\\\/lospoliticosveracruz.com\\\/#\\\/schema\\\/logo\\\/image\\\/\",\"url\":\"https:\\\/\\\/lospoliticosveracruz.com\\\/wp-content\\\/uploads\\\/2025\\\/12\\\/Logo-Nuevo-LOS-POLITICOS-1.jpg\",\"contentUrl\":\"https:\\\/\\\/lospoliticosveracruz.com\\\/wp-content\\\/uploads\\\/2025\\\/12\\\/Logo-Nuevo-LOS-POLITICOS-1.jpg\",\"width\":260,\"height\":70,\"caption\":\"Los pol\u00edticos Veracruz\"},\"image\":{\"@id\":\"https:\\\/\\\/lospoliticosveracruz.com\\\/#\\\/schema\\\/logo\\\/image\\\/\"},\"sameAs\":[\"https:\\\/\\\/www.facebook.com\\\/people\\\/Notimemes-de-los-Polticos\\\/61565672886568\\\/\",\"https:\\\/\\\/x.com\\\/LosPoliticosVer\"]},{\"@type\":\"Person\",\"@id\":\"https:\\\/\\\/lospoliticosveracruz.com\\\/#\\\/schema\\\/person\\\/b8702bb0e538456e6efd07080bf2a4a2\",\"name\":\"Lo viste en Los Pol\u00edticos\",\"image\":{\"@type\":\"ImageObject\",\"inLanguage\":\"es\",\"@id\":\"https:\\\/\\\/secure.gravatar.com\\\/avatar\\\/3a8de04a2656d44082be478bd6c086daa447c4651605818287b9532d3d0bd435?s=96&d=mm&r=g\",\"url\":\"https:\\\/\\\/secure.gravatar.com\\\/avatar\\\/3a8de04a2656d44082be478bd6c086daa447c4651605818287b9532d3d0bd435?s=96&d=mm&r=g\",\"contentUrl\":\"https:\\\/\\\/secure.gravatar.com\\\/avatar\\\/3a8de04a2656d44082be478bd6c086daa447c4651605818287b9532d3d0bd435?s=96&d=mm&r=g\",\"caption\":\"Lo viste en Los Pol\u00edticos\"},\"url\":\"https:\\\/\\\/lospoliticosveracruz.com\\\/?author=2\"}]}<\/script>\n<!-- \/ Yoast SEO plugin. -->","yoast_head_json":{"title":"Corrupci\u00f3n y Transparencia - Los pol\u00edticos Veracruz","robots":{"index":"index","follow":"follow","max-snippet":"max-snippet:-1","max-image-preview":"max-image-preview:large","max-video-preview":"max-video-preview:-1"},"canonical":"https:\/\/lospoliticosveracruz.com\/?p=22858","og_locale":"es_ES","og_type":"article","og_title":"Corrupci\u00f3n y Transparencia - Los pol\u00edticos Veracruz","og_description":"Brenda Caballero N\u00fameros Rojos Uno de los deseos de cualquier mexicano es que se acabe la corrupci\u00f3n y que haya m\u00e1s transparencia. Incluso, ahora que hay campa\u00f1as electorales, la mayor\u00eda de los discursos de los candidatos recae en tomar medidas e iniciativas para abatir esos males que se han convertido en el c\u00e1ncer de la [&hellip;]","og_url":"https:\/\/lospoliticosveracruz.com\/?p=22858","og_site_name":"Los pol\u00edticos Veracruz","article_publisher":"https:\/\/www.facebook.com\/people\/Notimemes-de-los-Polticos\/61565672886568\/","article_published_time":"2016-04-22T03:21:00+00:00","og_image":[{"url":"http:\/\/www.lospoliticosveracruz.com.mx\/wp-content\/uploads\/2016\/02\/Ley-3-de-3-300x175.png","type":"","width":"","height":""}],"author":"Lo viste en Los Pol\u00edticos","twitter_card":"summary_large_image","twitter_creator":"@LosPoliticosVer","twitter_site":"@LosPoliticosVer","twitter_misc":{"Escrito por":"Lo viste en Los Pol\u00edticos","Tiempo de lectura":"3 minutos"},"schema":{"@context":"https:\/\/schema.org","@graph":[{"@type":"Article","@id":"https:\/\/lospoliticosveracruz.com\/?p=22858#article","isPartOf":{"@id":"https:\/\/lospoliticosveracruz.com\/?p=22858"},"author":{"name":"Lo viste en Los Pol\u00edticos","@id":"https:\/\/lospoliticosveracruz.com\/#\/schema\/person\/b8702bb0e538456e6efd07080bf2a4a2"},"headline":"Corrupci\u00f3n y Transparencia","datePublished":"2016-04-22T03:21:00+00:00","mainEntityOfPage":{"@id":"https:\/\/lospoliticosveracruz.com\/?p=22858"},"wordCount":560,"commentCount":0,"publisher":{"@id":"https:\/\/lospoliticosveracruz.com\/#organization"},"image":{"@id":"https:\/\/lospoliticosveracruz.com\/?p=22858#primaryimage"},"thumbnailUrl":"http:\/\/www.lospoliticosveracruz.com.mx\/wp-content\/uploads\/2016\/02\/Ley-3-de-3-300x175.png","keywords":["Armando M\u00e9ndez de la Luz","corrupci\u00f3n","Emilio Gamboa","Ley 3 de 3","transparencia"],"articleSection":["De Opini\u00f3n"],"inLanguage":"es","potentialAction":[{"@type":"CommentAction","name":"Comment","target":["https:\/\/lospoliticosveracruz.com\/?p=22858#respond"]}]},{"@type":"WebPage","@id":"https:\/\/lospoliticosveracruz.com\/?p=22858","url":"https:\/\/lospoliticosveracruz.com\/?p=22858","name":"Corrupci\u00f3n y Transparencia - Los pol\u00edticos Veracruz","isPartOf":{"@id":"https:\/\/lospoliticosveracruz.com\/#website"},"primaryImageOfPage":{"@id":"https:\/\/lospoliticosveracruz.com\/?p=22858#primaryimage"},"image":{"@id":"https:\/\/lospoliticosveracruz.com\/?p=22858#primaryimage"},"thumbnailUrl":"http:\/\/www.lospoliticosveracruz.com.mx\/wp-content\/uploads\/2016\/02\/Ley-3-de-3-300x175.png","datePublished":"2016-04-22T03:21:00+00:00","breadcrumb":{"@id":"https:\/\/lospoliticosveracruz.com\/?p=22858#breadcrumb"},"inLanguage":"es","potentialAction":[{"@type":"ReadAction","target":["https:\/\/lospoliticosveracruz.com\/?p=22858"]}]},{"@type":"ImageObject","inLanguage":"es","@id":"https:\/\/lospoliticosveracruz.com\/?p=22858#primaryimage","url":"http:\/\/www.lospoliticosveracruz.com.mx\/wp-content\/uploads\/2016\/02\/Ley-3-de-3-300x175.png","contentUrl":"http:\/\/www.lospoliticosveracruz.com.mx\/wp-content\/uploads\/2016\/02\/Ley-3-de-3-300x175.png"},{"@type":"BreadcrumbList","@id":"https:\/\/lospoliticosveracruz.com\/?p=22858#breadcrumb","itemListElement":[{"@type":"ListItem","position":1,"name":"Portada","item":"https:\/\/lospoliticosveracruz.com\/"},{"@type":"ListItem","position":2,"name":"Corrupci\u00f3n y Transparencia"}]},{"@type":"WebSite","@id":"https:\/\/lospoliticosveracruz.com\/#website","url":"https:\/\/lospoliticosveracruz.com\/","name":"Los pol\u00edticos Veracruz","description":"","publisher":{"@id":"https:\/\/lospoliticosveracruz.com\/#organization"},"potentialAction":[{"@type":"SearchAction","target":{"@type":"EntryPoint","urlTemplate":"https:\/\/lospoliticosveracruz.com\/?s={search_term_string}"},"query-input":{"@type":"PropertyValueSpecification","valueRequired":true,"valueName":"search_term_string"}}],"inLanguage":"es"},{"@type":"Organization","@id":"https:\/\/lospoliticosveracruz.com\/#organization","name":"Los pol\u00edticos Veracruz","url":"https:\/\/lospoliticosveracruz.com\/","logo":{"@type":"ImageObject","inLanguage":"es","@id":"https:\/\/lospoliticosveracruz.com\/#\/schema\/logo\/image\/","url":"https:\/\/lospoliticosveracruz.com\/wp-content\/uploads\/2025\/12\/Logo-Nuevo-LOS-POLITICOS-1.jpg","contentUrl":"https:\/\/lospoliticosveracruz.com\/wp-content\/uploads\/2025\/12\/Logo-Nuevo-LOS-POLITICOS-1.jpg","width":260,"height":70,"caption":"Los pol\u00edticos Veracruz"},"image":{"@id":"https:\/\/lospoliticosveracruz.com\/#\/schema\/logo\/image\/"},"sameAs":["https:\/\/www.facebook.com\/people\/Notimemes-de-los-Polticos\/61565672886568\/","https:\/\/x.com\/LosPoliticosVer"]},{"@type":"Person","@id":"https:\/\/lospoliticosveracruz.com\/#\/schema\/person\/b8702bb0e538456e6efd07080bf2a4a2","name":"Lo viste en Los Pol\u00edticos","image":{"@type":"ImageObject","inLanguage":"es","@id":"https:\/\/secure.gravatar.com\/avatar\/3a8de04a2656d44082be478bd6c086daa447c4651605818287b9532d3d0bd435?s=96&d=mm&r=g","url":"https:\/\/secure.gravatar.com\/avatar\/3a8de04a2656d44082be478bd6c086daa447c4651605818287b9532d3d0bd435?s=96&d=mm&r=g","contentUrl":"https:\/\/secure.gravatar.com\/avatar\/3a8de04a2656d44082be478bd6c086daa447c4651605818287b9532d3d0bd435?s=96&d=mm&r=g","caption":"Lo viste en Los Pol\u00edticos"},"url":"https:\/\/lospoliticosveracruz.com\/?author=2"}]}},"_links":{"self":[{"href":"https:\/\/lospoliticosveracruz.com\/index.php?rest_route=\/wp\/v2\/posts\/22858","targetHints":{"allow":["GET"]}}],"collection":[{"href":"https:\/\/lospoliticosveracruz.com\/index.php?rest_route=\/wp\/v2\/posts"}],"about":[{"href":"https:\/\/lospoliticosveracruz.com\/index.php?rest_route=\/wp\/v2\/types\/post"}],"author":[{"embeddable":true,"href":"https:\/\/lospoliticosveracruz.com\/index.php?rest_route=\/wp\/v2\/users\/2"}],"replies":[{"embeddable":true,"href":"https:\/\/lospoliticosveracruz.com\/index.php?rest_route=%2Fwp%2Fv2%2Fcomments&post=22858"}],"version-history":[{"count":1,"href":"https:\/\/lospoliticosveracruz.com\/index.php?rest_route=\/wp\/v2\/posts\/22858\/revisions"}],"predecessor-version":[{"id":22859,"href":"https:\/\/lospoliticosveracruz.com\/index.php?rest_route=\/wp\/v2\/posts\/22858\/revisions\/22859"}],"wp:attachment":[{"href":"https:\/\/lospoliticosveracruz.com\/index.php?rest_route=%2Fwp%2Fv2%2Fmedia&parent=22858"}],"wp:term":[{"taxonomy":"category","embeddable":true,"href":"https:\/\/lospoliticosveracruz.com\/index.php?rest_route=%2Fwp%2Fv2%2Fcategories&post=22858"},{"taxonomy":"post_tag","embeddable":true,"href":"https:\/\/lospoliticosveracruz.com\/index.php?rest_route=%2Fwp%2Fv2%2Ftags&post=22858"}],"curies":[{"name":"wp","href":"https:\/\/api.w.org\/{rel}","templated":true}]}}