{"id":22863,"date":"2016-04-21T23:13:30","date_gmt":"2016-04-22T04:13:30","guid":{"rendered":"http:\/\/www.lospoliticosveracruz.com.mx\/el-video-de-la-explosion\/"},"modified":"2016-04-21T23:13:30","modified_gmt":"2016-04-22T04:13:30","slug":"el-video-de-la-explosion","status":"publish","type":"post","link":"https:\/\/lospoliticosveracruz.com\/?p=22863","title":{"rendered":"El video de la explosi\u00f3n"},"content":{"rendered":"<p><a href=\"http:\/\/www.lospoliticosveracruz.com.mx\/wp-content\/uploads\/2016\/04\/Javier-Duarte.jpg\"><img loading=\"lazy\" decoding=\"async\" class=\"alignnone size-medium wp-image-22866\" src=\"http:\/\/www.lospoliticosveracruz.com.mx\/wp-content\/uploads\/2016\/04\/Javier-Duarte-300x190.jpg\" alt=\"Javier Duarte\" width=\"300\" height=\"190\" \/><\/a> <a href=\"http:\/\/www.lospoliticosveracruz.com.mx\/wp-content\/uploads\/2016\/04\/Ra\u00fal-Mart\u00ednez.jpg\"><img loading=\"lazy\" decoding=\"async\" class=\"alignnone size-medium wp-image-22864\" src=\"http:\/\/www.lospoliticosveracruz.com.mx\/wp-content\/uploads\/2016\/04\/Ra\u00fal-Mart\u00ednez-300x290.jpg\" alt=\"Ra\u00fal Mart\u00ednez\" width=\"300\" height=\"290\" \/><\/a><\/p>\n<p><iframe loading=\"lazy\" title=\"Explosion En Planta De Procesamiento De Pemex Gas\" width=\"696\" height=\"522\" src=\"https:\/\/www.youtube.com\/embed\/TANby39nyso?feature=oembed\" frameborder=\"0\" allow=\"accelerometer; autoplay; clipboard-write; encrypted-media; gyroscope; picture-in-picture; web-share\" referrerpolicy=\"strict-origin-when-cross-origin\" allowfullscreen><\/iframe><br \/>\n<strong>Salvador Mu\u00f1oz<\/strong><\/p>\n<p><em>Los Pol\u00edticos<\/em><\/p>\n<p>Dos burlas.<br \/>\n1.- El twitter del Gobernador sobre la explosi\u00f3n en Pajaritos, donde aparece la imagen de un suceso en Libia. Por supuesto que el objeto de la burla ha de ser Javier Duarte de Ochoa por ese resbal\u00f3n.<br \/>\n2.- El video que sube Ra\u00fal Mart\u00ednez, comunicador y enlace de prensa de Miguel \u00c1ngel Yunes Linares, candidato a la Gubernatura por la alianza PAN-PRD, tiene el encabezado siguiente: \u201cVideos del momento de las explosiones en la planta de clorados en el complejo petroqu\u00edmicos en la ciudad de COATZACOALCOS, Veracruz\u201d, pero las im\u00e1genes corresponden a un desastre ocurrido en Reynosa Tamaulipas, a finales del 2012. \u00bfBurla? La considero as\u00ed porque a pesar de que muchas personas le dijeron al amigo Ra\u00fal que el video no correspond\u00eda con la realidad, no lo baj\u00f3, tampoco lo aclar\u00f3 y permiti\u00f3 que su mentira se propagara a m\u00e1s de nueve mil personas que lo promovieron.<br \/>\nPero, si el objeto de la burla en el twitter de Duarte de Ochoa fue el mismo gobernador, \u00bfen el video de Ra\u00fal Mart\u00ednez? Yo creo que todos quienes creyeron en este comunicador fueron objeto de una burla.<br \/>\nLo decepcionante es ver que quienes compartieron el video de Ra\u00fal Mart\u00ednez, a pesar de ser aclarado el suceso, se justificaban \u201ccomparando\u201d la tragedia de Reynosa con la de Coatzacoalcos.<br \/>\nPero igual hubo amigos, entre ellos una agencia de fotograf\u00eda, que subi\u00f3 el video y en cuanto le precisaron el dato, lo bajaron\u2026 no as\u00ed una amiga que cuando le puse: \u201cEso fue en el vecino estado del norte&#8230; hace como cuatro a\u00f1os\u2026\u201d, me respondi\u00f3 \u201ceso me est\u00e1n diciendo&#8230; lo bajar\u00e9\u201d, cosa que al menos hasta el cierre de esta columna, no hizo.<br \/>\nAlgo que no se puede ocultar es la incertidumbre. Mi ma\u00f1ana de ayer fue como cuento de terror: Me duermo el mi\u00e9rcoles por la noche con tres muertos y despierto este jueves con 13.<br \/>\nA ello le sumo las cantidades o cifras que las redes sociales empezaron a dar con respecto al n\u00famero de muertos\u2026 de 50 a arriba del centenar. A ello sumemos a los varios familiares que reclamaban saber algo de sus desaparecidos que se encontraban laborando en Clorados en el momento del percance. Es cuando uno quisiera que esas cifras sean tan falsas como la foto de Duarte y la explosi\u00f3n de Libia, o el video de Ra\u00fal Mart\u00ednez de un suceso ocurrido hace m\u00e1s de cuatro a\u00f1os que nada tiene que ver con el lamentable siniestro de Coatzacoalcos.<br \/>\nLas autoridades, sean estatales o federales, deben en este momento en atender, no s\u00f3lo el siniestro ocurrido, sino tambi\u00e9n el dolor de todas esas personas, compa\u00f1eros de trabajo, esposas, hijos, que reclaman una esperanza tras las puertas de esa empresa Mexichem.<br \/>\nNo basta la presencia del presidente Enrique Pe\u00f1a Nieto en el lugar del siniestro porque eso, para quien vive en estos momentos en la incertidumbre por no saber del ser querido, no implica una respuesta, m\u00e1s cuando su presencia genera m\u00e1s operativos en torno a su figura que soluciones en torno a la gente.<br \/>\nLeo un \u201cpost\u201d de Silvia N\u00fa\u00f1ez, aguerrida columnista, una mujer congruente con su l\u00ednea y fuerte cr\u00edtica del sistema. Pide difundir una informaci\u00f3n: \u201cPor favor, ayuden a difundir para localizar a su familia. Paciente en PEMEX MINATITLAN: Gustavo Mart\u00ednez Vargas, de 27 a\u00f1os. Est\u00e1 grave, no encuentran familiares\u201d. Y alguien agrega la foto de una credencial de Petroqu\u00edmica Mexicana de Vinilo, propiedad de Roger M. Collado Guti\u00e9rrez con la siguiente leyenda: #Clorados3 #Coatzacoalcos Se solicita ayuda para encontrar a los familiares de esta persona, la cual se encuentra hospitalizada en la cl\u00ednica de Pemex de #Minatitl\u00e1n.<br \/>\nPor supuesto, a diferencia del twitter de Javier Duarte de Ochoa o del video del enlace de prensa de Miguel \u00c1ngel Yunes Linares, la respuesta de los internautas para ayudar a estas dos personas fue parca, por no decir pobre\u2026 quiz\u00e1s porque sea m\u00e1s f\u00e1cil burlarse del Gobernador o burlarse de la gente como lo hizo Ra\u00fal Mart\u00ednez. El morbo y las v\u00edsceras siguen siendo nuestro motor en las redes sociales, aun por encima de la tragedia.<\/p>\n<p>smcainito@gmail.com<\/p>\n","protected":false},"excerpt":{"rendered":"<p>Salvador Mu\u00f1oz Los Pol\u00edticos Dos burlas. 1.- El twitter del Gobernador sobre la explosi\u00f3n en Pajaritos, donde aparece la imagen de un suceso en Libia. Por supuesto que el objeto de la burla ha de ser Javier Duarte de Ochoa por ese resbal\u00f3n. 2.- El video que sube Ra\u00fal Mart\u00ednez, comunicador y enlace de prensa [&hellip;]<\/p>\n","protected":false},"author":2,"featured_media":0,"comment_status":"open","ping_status":"open","sticky":false,"template":"","format":"standard","meta":{"tdm_status":"","tdm_grid_status":"","footnotes":""},"categories":[70],"tags":[5297,371,260,428,5291,5296,5298],"class_list":{"0":"post-22863","1":"post","2":"type-post","3":"status-publish","4":"format-standard","6":"category-de-opinion","7":"tag-clorados","8":"tag-coatzacoalcos","9":"tag-javier-duarte-de-ochoa","10":"tag-miguel-angel-yunes-linares","11":"tag-pajaritos","12":"tag-raul-martinez","13":"tag-silvia-nunez"},"yoast_head":"<!-- This site is optimized with the Yoast SEO plugin v27.4 - https:\/\/yoast.com\/product\/yoast-seo-wordpress\/ -->\n<title>El video de la explosi\u00f3n - Los pol\u00edticos Veracruz<\/title>\n<meta name=\"robots\" content=\"index, follow, max-snippet:-1, max-image-preview:large, max-video-preview:-1\" \/>\n<link rel=\"canonical\" href=\"https:\/\/lospoliticosveracruz.com\/?p=22863\" \/>\n<meta property=\"og:locale\" content=\"es_ES\" \/>\n<meta property=\"og:type\" content=\"article\" \/>\n<meta property=\"og:title\" content=\"El video de la explosi\u00f3n - Los pol\u00edticos Veracruz\" \/>\n<meta property=\"og:description\" content=\"Salvador Mu\u00f1oz Los Pol\u00edticos Dos burlas. 1.- El twitter del Gobernador sobre la explosi\u00f3n en Pajaritos, donde aparece la imagen de un suceso en Libia. Por supuesto que el objeto de la burla ha de ser Javier Duarte de Ochoa por ese resbal\u00f3n. 2.- El video que sube Ra\u00fal Mart\u00ednez, comunicador y enlace de prensa [&hellip;]\" \/>\n<meta property=\"og:url\" content=\"https:\/\/lospoliticosveracruz.com\/?p=22863\" \/>\n<meta property=\"og:site_name\" content=\"Los pol\u00edticos Veracruz\" \/>\n<meta property=\"article:publisher\" content=\"https:\/\/www.facebook.com\/people\/Notimemes-de-los-Polticos\/61565672886568\/\" \/>\n<meta property=\"article:published_time\" content=\"2016-04-22T04:13:30+00:00\" \/>\n<meta property=\"og:image\" content=\"http:\/\/www.lospoliticosveracruz.com.mx\/wp-content\/uploads\/2016\/04\/Javier-Duarte-300x190.jpg\" \/>\n<meta name=\"author\" content=\"Lo viste en Los Pol\u00edticos\" \/>\n<meta name=\"twitter:card\" content=\"summary_large_image\" \/>\n<meta name=\"twitter:creator\" content=\"@LosPoliticosVer\" \/>\n<meta name=\"twitter:site\" content=\"@LosPoliticosVer\" \/>\n<meta name=\"twitter:label1\" content=\"Escrito por\" \/>\n\t<meta name=\"twitter:data1\" content=\"Lo viste en Los Pol\u00edticos\" \/>\n\t<meta name=\"twitter:label2\" content=\"Tiempo de lectura\" \/>\n\t<meta name=\"twitter:data2\" content=\"4 minutos\" \/>\n<script type=\"application\/ld+json\" class=\"yoast-schema-graph\">{\"@context\":\"https:\\\/\\\/schema.org\",\"@graph\":[{\"@type\":\"Article\",\"@id\":\"https:\\\/\\\/lospoliticosveracruz.com\\\/?p=22863#article\",\"isPartOf\":{\"@id\":\"https:\\\/\\\/lospoliticosveracruz.com\\\/?p=22863\"},\"author\":{\"name\":\"Lo viste en Los Pol\u00edticos\",\"@id\":\"https:\\\/\\\/lospoliticosveracruz.com\\\/#\\\/schema\\\/person\\\/b8702bb0e538456e6efd07080bf2a4a2\"},\"headline\":\"El video de la explosi\u00f3n\",\"datePublished\":\"2016-04-22T04:13:30+00:00\",\"mainEntityOfPage\":{\"@id\":\"https:\\\/\\\/lospoliticosveracruz.com\\\/?p=22863\"},\"wordCount\":743,\"commentCount\":0,\"publisher\":{\"@id\":\"https:\\\/\\\/lospoliticosveracruz.com\\\/#organization\"},\"image\":{\"@id\":\"https:\\\/\\\/lospoliticosveracruz.com\\\/?p=22863#primaryimage\"},\"thumbnailUrl\":\"http:\\\/\\\/www.lospoliticosveracruz.com.mx\\\/wp-content\\\/uploads\\\/2016\\\/04\\\/Javier-Duarte-300x190.jpg\",\"keywords\":[\"Clorados\",\"Coatzacoalcos\",\"Javier Duarte de Ochoa\",\"Miguel Angel Yunes Linares\",\"Pajaritos\",\"Ra\u00fal Mart\u00ednez\",\"Silvia N\u00fa\u00f1ez\"],\"articleSection\":[\"De Opini\u00f3n\"],\"inLanguage\":\"es\",\"potentialAction\":[{\"@type\":\"CommentAction\",\"name\":\"Comment\",\"target\":[\"https:\\\/\\\/lospoliticosveracruz.com\\\/?p=22863#respond\"]}]},{\"@type\":\"WebPage\",\"@id\":\"https:\\\/\\\/lospoliticosveracruz.com\\\/?p=22863\",\"url\":\"https:\\\/\\\/lospoliticosveracruz.com\\\/?p=22863\",\"name\":\"El video de la explosi\u00f3n - Los pol\u00edticos Veracruz\",\"isPartOf\":{\"@id\":\"https:\\\/\\\/lospoliticosveracruz.com\\\/#website\"},\"primaryImageOfPage\":{\"@id\":\"https:\\\/\\\/lospoliticosveracruz.com\\\/?p=22863#primaryimage\"},\"image\":{\"@id\":\"https:\\\/\\\/lospoliticosveracruz.com\\\/?p=22863#primaryimage\"},\"thumbnailUrl\":\"http:\\\/\\\/www.lospoliticosveracruz.com.mx\\\/wp-content\\\/uploads\\\/2016\\\/04\\\/Javier-Duarte-300x190.jpg\",\"datePublished\":\"2016-04-22T04:13:30+00:00\",\"breadcrumb\":{\"@id\":\"https:\\\/\\\/lospoliticosveracruz.com\\\/?p=22863#breadcrumb\"},\"inLanguage\":\"es\",\"potentialAction\":[{\"@type\":\"ReadAction\",\"target\":[\"https:\\\/\\\/lospoliticosveracruz.com\\\/?p=22863\"]}]},{\"@type\":\"ImageObject\",\"inLanguage\":\"es\",\"@id\":\"https:\\\/\\\/lospoliticosveracruz.com\\\/?p=22863#primaryimage\",\"url\":\"http:\\\/\\\/www.lospoliticosveracruz.com.mx\\\/wp-content\\\/uploads\\\/2016\\\/04\\\/Javier-Duarte-300x190.jpg\",\"contentUrl\":\"http:\\\/\\\/www.lospoliticosveracruz.com.mx\\\/wp-content\\\/uploads\\\/2016\\\/04\\\/Javier-Duarte-300x190.jpg\"},{\"@type\":\"BreadcrumbList\",\"@id\":\"https:\\\/\\\/lospoliticosveracruz.com\\\/?p=22863#breadcrumb\",\"itemListElement\":[{\"@type\":\"ListItem\",\"position\":1,\"name\":\"Portada\",\"item\":\"https:\\\/\\\/lospoliticosveracruz.com\\\/\"},{\"@type\":\"ListItem\",\"position\":2,\"name\":\"El video de la explosi\u00f3n\"}]},{\"@type\":\"WebSite\",\"@id\":\"https:\\\/\\\/lospoliticosveracruz.com\\\/#website\",\"url\":\"https:\\\/\\\/lospoliticosveracruz.com\\\/\",\"name\":\"Los pol\u00edticos Veracruz\",\"description\":\"\",\"publisher\":{\"@id\":\"https:\\\/\\\/lospoliticosveracruz.com\\\/#organization\"},\"potentialAction\":[{\"@type\":\"SearchAction\",\"target\":{\"@type\":\"EntryPoint\",\"urlTemplate\":\"https:\\\/\\\/lospoliticosveracruz.com\\\/?s={search_term_string}\"},\"query-input\":{\"@type\":\"PropertyValueSpecification\",\"valueRequired\":true,\"valueName\":\"search_term_string\"}}],\"inLanguage\":\"es\"},{\"@type\":\"Organization\",\"@id\":\"https:\\\/\\\/lospoliticosveracruz.com\\\/#organization\",\"name\":\"Los pol\u00edticos Veracruz\",\"url\":\"https:\\\/\\\/lospoliticosveracruz.com\\\/\",\"logo\":{\"@type\":\"ImageObject\",\"inLanguage\":\"es\",\"@id\":\"https:\\\/\\\/lospoliticosveracruz.com\\\/#\\\/schema\\\/logo\\\/image\\\/\",\"url\":\"https:\\\/\\\/lospoliticosveracruz.com\\\/wp-content\\\/uploads\\\/2025\\\/12\\\/Logo-Nuevo-LOS-POLITICOS-1.jpg\",\"contentUrl\":\"https:\\\/\\\/lospoliticosveracruz.com\\\/wp-content\\\/uploads\\\/2025\\\/12\\\/Logo-Nuevo-LOS-POLITICOS-1.jpg\",\"width\":260,\"height\":70,\"caption\":\"Los pol\u00edticos Veracruz\"},\"image\":{\"@id\":\"https:\\\/\\\/lospoliticosveracruz.com\\\/#\\\/schema\\\/logo\\\/image\\\/\"},\"sameAs\":[\"https:\\\/\\\/www.facebook.com\\\/people\\\/Notimemes-de-los-Polticos\\\/61565672886568\\\/\",\"https:\\\/\\\/x.com\\\/LosPoliticosVer\"]},{\"@type\":\"Person\",\"@id\":\"https:\\\/\\\/lospoliticosveracruz.com\\\/#\\\/schema\\\/person\\\/b8702bb0e538456e6efd07080bf2a4a2\",\"name\":\"Lo viste en Los Pol\u00edticos\",\"image\":{\"@type\":\"ImageObject\",\"inLanguage\":\"es\",\"@id\":\"https:\\\/\\\/secure.gravatar.com\\\/avatar\\\/3a8de04a2656d44082be478bd6c086daa447c4651605818287b9532d3d0bd435?s=96&d=mm&r=g\",\"url\":\"https:\\\/\\\/secure.gravatar.com\\\/avatar\\\/3a8de04a2656d44082be478bd6c086daa447c4651605818287b9532d3d0bd435?s=96&d=mm&r=g\",\"contentUrl\":\"https:\\\/\\\/secure.gravatar.com\\\/avatar\\\/3a8de04a2656d44082be478bd6c086daa447c4651605818287b9532d3d0bd435?s=96&d=mm&r=g\",\"caption\":\"Lo viste en Los Pol\u00edticos\"},\"url\":\"https:\\\/\\\/lospoliticosveracruz.com\\\/?author=2\"}]}<\/script>\n<!-- \/ Yoast SEO plugin. -->","yoast_head_json":{"title":"El video de la explosi\u00f3n - Los pol\u00edticos Veracruz","robots":{"index":"index","follow":"follow","max-snippet":"max-snippet:-1","max-image-preview":"max-image-preview:large","max-video-preview":"max-video-preview:-1"},"canonical":"https:\/\/lospoliticosveracruz.com\/?p=22863","og_locale":"es_ES","og_type":"article","og_title":"El video de la explosi\u00f3n - Los pol\u00edticos Veracruz","og_description":"Salvador Mu\u00f1oz Los Pol\u00edticos Dos burlas. 1.- El twitter del Gobernador sobre la explosi\u00f3n en Pajaritos, donde aparece la imagen de un suceso en Libia. Por supuesto que el objeto de la burla ha de ser Javier Duarte de Ochoa por ese resbal\u00f3n. 2.- El video que sube Ra\u00fal Mart\u00ednez, comunicador y enlace de prensa [&hellip;]","og_url":"https:\/\/lospoliticosveracruz.com\/?p=22863","og_site_name":"Los pol\u00edticos Veracruz","article_publisher":"https:\/\/www.facebook.com\/people\/Notimemes-de-los-Polticos\/61565672886568\/","article_published_time":"2016-04-22T04:13:30+00:00","og_image":[{"url":"http:\/\/www.lospoliticosveracruz.com.mx\/wp-content\/uploads\/2016\/04\/Javier-Duarte-300x190.jpg","type":"","width":"","height":""}],"author":"Lo viste en Los Pol\u00edticos","twitter_card":"summary_large_image","twitter_creator":"@LosPoliticosVer","twitter_site":"@LosPoliticosVer","twitter_misc":{"Escrito por":"Lo viste en Los Pol\u00edticos","Tiempo de lectura":"4 minutos"},"schema":{"@context":"https:\/\/schema.org","@graph":[{"@type":"Article","@id":"https:\/\/lospoliticosveracruz.com\/?p=22863#article","isPartOf":{"@id":"https:\/\/lospoliticosveracruz.com\/?p=22863"},"author":{"name":"Lo viste en Los Pol\u00edticos","@id":"https:\/\/lospoliticosveracruz.com\/#\/schema\/person\/b8702bb0e538456e6efd07080bf2a4a2"},"headline":"El video de la explosi\u00f3n","datePublished":"2016-04-22T04:13:30+00:00","mainEntityOfPage":{"@id":"https:\/\/lospoliticosveracruz.com\/?p=22863"},"wordCount":743,"commentCount":0,"publisher":{"@id":"https:\/\/lospoliticosveracruz.com\/#organization"},"image":{"@id":"https:\/\/lospoliticosveracruz.com\/?p=22863#primaryimage"},"thumbnailUrl":"http:\/\/www.lospoliticosveracruz.com.mx\/wp-content\/uploads\/2016\/04\/Javier-Duarte-300x190.jpg","keywords":["Clorados","Coatzacoalcos","Javier Duarte de Ochoa","Miguel Angel Yunes Linares","Pajaritos","Ra\u00fal Mart\u00ednez","Silvia N\u00fa\u00f1ez"],"articleSection":["De Opini\u00f3n"],"inLanguage":"es","potentialAction":[{"@type":"CommentAction","name":"Comment","target":["https:\/\/lospoliticosveracruz.com\/?p=22863#respond"]}]},{"@type":"WebPage","@id":"https:\/\/lospoliticosveracruz.com\/?p=22863","url":"https:\/\/lospoliticosveracruz.com\/?p=22863","name":"El video de la explosi\u00f3n - Los pol\u00edticos Veracruz","isPartOf":{"@id":"https:\/\/lospoliticosveracruz.com\/#website"},"primaryImageOfPage":{"@id":"https:\/\/lospoliticosveracruz.com\/?p=22863#primaryimage"},"image":{"@id":"https:\/\/lospoliticosveracruz.com\/?p=22863#primaryimage"},"thumbnailUrl":"http:\/\/www.lospoliticosveracruz.com.mx\/wp-content\/uploads\/2016\/04\/Javier-Duarte-300x190.jpg","datePublished":"2016-04-22T04:13:30+00:00","breadcrumb":{"@id":"https:\/\/lospoliticosveracruz.com\/?p=22863#breadcrumb"},"inLanguage":"es","potentialAction":[{"@type":"ReadAction","target":["https:\/\/lospoliticosveracruz.com\/?p=22863"]}]},{"@type":"ImageObject","inLanguage":"es","@id":"https:\/\/lospoliticosveracruz.com\/?p=22863#primaryimage","url":"http:\/\/www.lospoliticosveracruz.com.mx\/wp-content\/uploads\/2016\/04\/Javier-Duarte-300x190.jpg","contentUrl":"http:\/\/www.lospoliticosveracruz.com.mx\/wp-content\/uploads\/2016\/04\/Javier-Duarte-300x190.jpg"},{"@type":"BreadcrumbList","@id":"https:\/\/lospoliticosveracruz.com\/?p=22863#breadcrumb","itemListElement":[{"@type":"ListItem","position":1,"name":"Portada","item":"https:\/\/lospoliticosveracruz.com\/"},{"@type":"ListItem","position":2,"name":"El video de la explosi\u00f3n"}]},{"@type":"WebSite","@id":"https:\/\/lospoliticosveracruz.com\/#website","url":"https:\/\/lospoliticosveracruz.com\/","name":"Los pol\u00edticos Veracruz","description":"","publisher":{"@id":"https:\/\/lospoliticosveracruz.com\/#organization"},"potentialAction":[{"@type":"SearchAction","target":{"@type":"EntryPoint","urlTemplate":"https:\/\/lospoliticosveracruz.com\/?s={search_term_string}"},"query-input":{"@type":"PropertyValueSpecification","valueRequired":true,"valueName":"search_term_string"}}],"inLanguage":"es"},{"@type":"Organization","@id":"https:\/\/lospoliticosveracruz.com\/#organization","name":"Los pol\u00edticos Veracruz","url":"https:\/\/lospoliticosveracruz.com\/","logo":{"@type":"ImageObject","inLanguage":"es","@id":"https:\/\/lospoliticosveracruz.com\/#\/schema\/logo\/image\/","url":"https:\/\/lospoliticosveracruz.com\/wp-content\/uploads\/2025\/12\/Logo-Nuevo-LOS-POLITICOS-1.jpg","contentUrl":"https:\/\/lospoliticosveracruz.com\/wp-content\/uploads\/2025\/12\/Logo-Nuevo-LOS-POLITICOS-1.jpg","width":260,"height":70,"caption":"Los pol\u00edticos Veracruz"},"image":{"@id":"https:\/\/lospoliticosveracruz.com\/#\/schema\/logo\/image\/"},"sameAs":["https:\/\/www.facebook.com\/people\/Notimemes-de-los-Polticos\/61565672886568\/","https:\/\/x.com\/LosPoliticosVer"]},{"@type":"Person","@id":"https:\/\/lospoliticosveracruz.com\/#\/schema\/person\/b8702bb0e538456e6efd07080bf2a4a2","name":"Lo viste en Los Pol\u00edticos","image":{"@type":"ImageObject","inLanguage":"es","@id":"https:\/\/secure.gravatar.com\/avatar\/3a8de04a2656d44082be478bd6c086daa447c4651605818287b9532d3d0bd435?s=96&d=mm&r=g","url":"https:\/\/secure.gravatar.com\/avatar\/3a8de04a2656d44082be478bd6c086daa447c4651605818287b9532d3d0bd435?s=96&d=mm&r=g","contentUrl":"https:\/\/secure.gravatar.com\/avatar\/3a8de04a2656d44082be478bd6c086daa447c4651605818287b9532d3d0bd435?s=96&d=mm&r=g","caption":"Lo viste en Los Pol\u00edticos"},"url":"https:\/\/lospoliticosveracruz.com\/?author=2"}]}},"_links":{"self":[{"href":"https:\/\/lospoliticosveracruz.com\/index.php?rest_route=\/wp\/v2\/posts\/22863","targetHints":{"allow":["GET"]}}],"collection":[{"href":"https:\/\/lospoliticosveracruz.com\/index.php?rest_route=\/wp\/v2\/posts"}],"about":[{"href":"https:\/\/lospoliticosveracruz.com\/index.php?rest_route=\/wp\/v2\/types\/post"}],"author":[{"embeddable":true,"href":"https:\/\/lospoliticosveracruz.com\/index.php?rest_route=\/wp\/v2\/users\/2"}],"replies":[{"embeddable":true,"href":"https:\/\/lospoliticosveracruz.com\/index.php?rest_route=%2Fwp%2Fv2%2Fcomments&post=22863"}],"version-history":[{"count":1,"href":"https:\/\/lospoliticosveracruz.com\/index.php?rest_route=\/wp\/v2\/posts\/22863\/revisions"}],"predecessor-version":[{"id":22867,"href":"https:\/\/lospoliticosveracruz.com\/index.php?rest_route=\/wp\/v2\/posts\/22863\/revisions\/22867"}],"wp:attachment":[{"href":"https:\/\/lospoliticosveracruz.com\/index.php?rest_route=%2Fwp%2Fv2%2Fmedia&parent=22863"}],"wp:term":[{"taxonomy":"category","embeddable":true,"href":"https:\/\/lospoliticosveracruz.com\/index.php?rest_route=%2Fwp%2Fv2%2Fcategories&post=22863"},{"taxonomy":"post_tag","embeddable":true,"href":"https:\/\/lospoliticosveracruz.com\/index.php?rest_route=%2Fwp%2Fv2%2Ftags&post=22863"}],"curies":[{"name":"wp","href":"https:\/\/api.w.org\/{rel}","templated":true}]}}