{"id":22911,"date":"2016-04-24T23:14:28","date_gmt":"2016-04-25T04:14:28","guid":{"rendered":"http:\/\/www.lospoliticosveracruz.com.mx\/?p=22911"},"modified":"2016-04-24T23:14:28","modified_gmt":"2016-04-25T04:14:28","slug":"primavera-violeta-2","status":"publish","type":"post","link":"https:\/\/lospoliticosveracruz.com\/?p=22911","title":{"rendered":"Primavera Violeta"},"content":{"rendered":"<p><a href=\"http:\/\/www.lospoliticosveracruz.com.mx\/wp-content\/uploads\/2016\/04\/Marcha-mujeres2.jpeg\"><img loading=\"lazy\" decoding=\"async\" class=\"alignnone size-medium wp-image-22921\" src=\"http:\/\/www.lospoliticosveracruz.com.mx\/wp-content\/uploads\/2016\/04\/Marcha-mujeres2-300x225.jpeg\" alt=\"Marcha mujeres2\" width=\"300\" height=\"225\" \/><\/a><br \/>\n<strong>Cecilia Mu\u00f1oz<\/strong><br \/>\n<em>Polisemia<\/em><br \/>\nMujeres de diferentes partes del pa\u00eds, ayer domingo salieron a ocupar las calles de sus ciudades. Si en la cotidianidad, el espacio p\u00fablico es un territorio por el que es necesario transitar, pero con aprehensi\u00f3n gracias al miedo provocado por las distintas manifestaciones de violencia que vivimos en \u00e9l, este 24 de abril decidimos llenarlo de gritos de rabia, de indignaci\u00f3n, pero tambi\u00e9n de alegr\u00eda y apoyo. Gracias a las redes sociales, pudimos ver batucadas feministas de distintas partes de M\u00e9xico, as\u00ed como distintas mujeres sosteniendo carteles, a menudo con los mismos mensajes: \u201cNo quiero tu piropo, quiero tu respeto\u201d, \u201cVivas nos queremos\u201d, \u201cEl espacio es p\u00fablico, mi cuerpo no\u201d.<\/p>\n<p><img loading=\"lazy\" decoding=\"async\" class=\"alignnone size-medium wp-image-22919\" src=\"http:\/\/www.lospoliticosveracruz.com.mx\/wp-content\/uploads\/2016\/04\/Marcha-mujeres6-300x208.jpeg\" alt=\"Marcha mujeres6\" width=\"300\" height=\"208\" \/><br \/>\nEn Xalapa, la marcha inici\u00f3 con un estremecimiento: \u201c\u00a1vivas se las llevaron, vivas las queremos!\u201d. Y es que tan s\u00f3lo en el primer trimestre de este a\u00f1o, la entidad veracruzana ha registrado la desaparici\u00f3n forzada de 74 mujeres de diversas edades. Aquel primer grito tra\u00eda en las entra\u00f1as no s\u00f3lo ese n\u00famero, ni siquiera aquel que podemos adivinar mayor conforme retrocedemos en el tiempo, sino los rostros de quienes, desesperados, anhelan cada d\u00eda el reencuentro con una mujer que un d\u00eda no volvieron a ver: una hija, una madre, una amiga, una hermana, una pareja\u2026 Las primeras que salieron desde el Monumento a la Madre, en la marcha de este domingo, no fueron las que gritaron, sino las que hasta ahora s\u00f3lo parecen ser n\u00famero y dolorosa memoria.<\/p>\n<p><img loading=\"lazy\" decoding=\"async\" class=\"alignnone size-medium wp-image-22917\" src=\"http:\/\/www.lospoliticosveracruz.com.mx\/wp-content\/uploads\/2016\/04\/Marcha-mujeres-300x237.jpeg\" alt=\"Marcha mujeres\" width=\"300\" height=\"237\" \/><br \/>\nAunque hubo algunas que llevaban blanco o gris, varias mujeres vest\u00edan de negro, cual riguroso luto. Dado lo descrito antes, pareciera que no es para menos. Pero tambi\u00e9n estaban las que vest\u00edan de morado-violeta, el color del feminismo. Dicen que quien se pone las \u201cgafas violetas\u201d una vez, nunca se las vuelve a quitar. Y esas gafas funcionan para todo: para la m\u00fasica, las novelas, las pel\u00edculas, los libros, los \u201cpiropos\u201d callejeros, la vida diaria, y hasta para la voz. Porque cuando una se las pone, la lengua le empieza a quemar.<br \/>\nPor eso, desde la garganta de las asistentes a la marcha sal\u00edan expresiones como: \u201c\u00a1Fue el esposo, fue el patr\u00f3n, fue el estado represor!\u201d, \u201c\u00a1No, no, no somos infiltradas, somos ciudadanas y estamos indignadas!\u201d, \u201c\u00a1No fue crimen pasional, fue un macho patriarcal!\u201d, \u201c\u00a1No, no, no me da la gana, ser una mujer sumisa y abnegada. S\u00ed, s\u00ed, s\u00ed me da la gana, ser una mujer consciente y liberada!\u201d, \u201c\u00a1No, no, no. No me da la gana, ser asesinada por quien dice que me ama!\u201d. Como ocurre siempre en Xalapa, el viaducto fue el punto donde estas palabras se intensificaron y llenaron los bajos del parque Ju\u00e1rez. En la semioscuridad, las consignas resonaban y adquir\u00edan un sentido m\u00e1s all\u00e1 de la demanda: lo cat\u00e1rtico de gritar junto a otras mujeres lo que se exige en cada paso en la calle, ante cada nueva desaparici\u00f3n, ante cada nuevo feminicidio que es menospreciado por las autoridades que deber\u00edan aplicar justicia.<\/p>\n<p><img loading=\"lazy\" decoding=\"async\" class=\"alignnone size-medium wp-image-22915\" src=\"http:\/\/www.lospoliticosveracruz.com.mx\/wp-content\/uploads\/2016\/04\/Marcha-mujeres41-300x209.jpeg\" alt=\"Marcha mujeres4\" width=\"300\" height=\"209\" \/><br \/>\n\u00bfQui\u00e9nes asistieron a la marcha de este domingo contra las violencias machistas? Aunque en comparaci\u00f3n con otros estados del pa\u00eds, incluso con otras manifestaciones p\u00fablicas ocurridas en la capital veracruzana, la concurrencia que fue peque\u00f1a, su diversidad no. Claramente estaba compuesta por una gran mayor\u00eda de mujeres de todas las edades, pero tambi\u00e9n hubo hombres que marchaban codo a codo con sus compa\u00f1eras. Con las frentes en alto, pero las bocas cerradas: aliados feministas, no protagonistas. Entre la multitud, tambi\u00e9n resaltaban las ni\u00f1as y los ni\u00f1os que durante los primeros minutos de la caminata parec\u00edan asombrados, quiz\u00e1s hasta confundidos. Pero poco a poco, con la ayuda de los adultos que jam\u00e1s soltaron sus manos, fueron adquiriendo confianza. Frente a m\u00ed, pude ver a una ni\u00f1a de unos 10 a\u00f1os compartiendo cada vez con mayor desenfado las consignas del grupo con el que iba. Probablemente no se dio cuenta del instante en que pasamos frente a otra ni\u00f1a de su edad que miraba el contingente con fascinaci\u00f3n y desconfianza a partes iguales.<br \/>\nAl igual que sus asistentes, la agenda feminista de la marcha fue variada: la protesta no se centraba en un punto espec\u00edfico, pues la violencia machista tampoco lo hace. Si se focaliza en algo, es en su v\u00edctima: todos aquellos seres que no pertenecen al modelo de la masculinidad tradicional. Por ello, este domingo marchamos en contra del acoso sexual callejero, de la violencia obst\u00e9trica, de las leyes que criminalizan a las mujeres que abortan y de quienes las promueven; este domingo, repudiamos la violencia sexual, el estado capitalista y opresor, la sociedad heteropatriarcal y lesbof\u00f3bica y transf\u00f3bica; as\u00ed como la violencia de g\u00e9nero, el amor rom\u00e1ntico que mata, los feminicidios y las desapariciones.<\/p>\n<p><img loading=\"lazy\" decoding=\"async\" class=\"alignnone size-medium wp-image-22918\" src=\"http:\/\/www.lospoliticosveracruz.com.mx\/wp-content\/uploads\/2016\/04\/Marcha-mujeres5-300x225.jpeg\" alt=\"Marcha mujeres5\" width=\"300\" height=\"225\" \/><br \/>\nPor supuesto, la manifestaci\u00f3n de este domingo no pod\u00eda terminar sin antes pasar lista a nuestras ausentes: a Gaby Ben\u00edtez, Nadia Vera, Regina Mart\u00ednez, Berta C\u00e1sares, Rosa Luxemburgo; a las muertas de Ju\u00e1rez, de Zongolica y de Veracruz. Al o\u00edrlas mencionar, todas las presentes exclam\u00e1bamos \u201c\u00a1presente!\u201d al un\u00edsono, con la potencia que su recuerdo merece.<br \/>\nEste domingo, el centro xalape\u00f1o, tan frecuentemente hostil con las mujeres, se volvi\u00f3 nuestro territorio. Lo llenamos de nuestras voces y nuestra capacidad para unirnos. Este domingo, iniciamos la Primavera Violeta y \u00e9sta nos demostr\u00f3 \u2015como dice Tania Tagle\u2015 que podemos no ser flores, sino hogueras.<\/p>\n<p>polisemia@outlook.es<\/p>\n","protected":false},"excerpt":{"rendered":"<p>Cecilia Mu\u00f1oz Polisemia Mujeres de diferentes partes del pa\u00eds, ayer domingo salieron a ocupar las calles de sus ciudades. Si en la cotidianidad, el espacio p\u00fablico es un territorio por el que es necesario transitar, pero con aprehensi\u00f3n gracias al miedo provocado por las distintas manifestaciones de violencia que vivimos en \u00e9l, este 24 de [&hellip;]<\/p>\n","protected":false},"author":2,"featured_media":0,"comment_status":"open","ping_status":"open","sticky":false,"template":"","format":"standard","meta":{"tdm_status":"","tdm_grid_status":"","footnotes":""},"categories":[70],"tags":[5312,2305,3093,5311,493,5314,96],"class_list":{"0":"post-22911","1":"post","2":"type-post","3":"status-publish","4":"format-standard","6":"category-de-opinion","7":"tag-gaby-benitez","8":"tag-mujeres","9":"tag-nadia-vera","10":"tag-primavera-violeta","11":"tag-regina-martinez","12":"tag-rosa-luxemburgo","13":"tag-xalapa"},"yoast_head":"<!-- This site is optimized with the Yoast SEO plugin v27.4 - https:\/\/yoast.com\/product\/yoast-seo-wordpress\/ -->\n<title>Primavera Violeta - Los pol\u00edticos Veracruz<\/title>\n<meta name=\"robots\" content=\"index, follow, max-snippet:-1, max-image-preview:large, max-video-preview:-1\" \/>\n<link rel=\"canonical\" href=\"https:\/\/lospoliticosveracruz.com\/?p=22911\" \/>\n<meta property=\"og:locale\" content=\"es_ES\" \/>\n<meta property=\"og:type\" content=\"article\" \/>\n<meta property=\"og:title\" content=\"Primavera Violeta - Los pol\u00edticos Veracruz\" \/>\n<meta property=\"og:description\" content=\"Cecilia Mu\u00f1oz Polisemia Mujeres de diferentes partes del pa\u00eds, ayer domingo salieron a ocupar las calles de sus ciudades. Si en la cotidianidad, el espacio p\u00fablico es un territorio por el que es necesario transitar, pero con aprehensi\u00f3n gracias al miedo provocado por las distintas manifestaciones de violencia que vivimos en \u00e9l, este 24 de [&hellip;]\" \/>\n<meta property=\"og:url\" content=\"https:\/\/lospoliticosveracruz.com\/?p=22911\" \/>\n<meta property=\"og:site_name\" content=\"Los pol\u00edticos Veracruz\" \/>\n<meta property=\"article:publisher\" content=\"https:\/\/www.facebook.com\/people\/Notimemes-de-los-Polticos\/61565672886568\/\" \/>\n<meta property=\"article:published_time\" content=\"2016-04-25T04:14:28+00:00\" \/>\n<meta property=\"og:image\" content=\"http:\/\/www.lospoliticosveracruz.com.mx\/wp-content\/uploads\/2016\/04\/Marcha-mujeres2-300x225.jpeg\" \/>\n<meta name=\"author\" content=\"Lo viste en Los Pol\u00edticos\" \/>\n<meta name=\"twitter:card\" content=\"summary_large_image\" \/>\n<meta name=\"twitter:creator\" content=\"@LosPoliticosVer\" \/>\n<meta name=\"twitter:site\" content=\"@LosPoliticosVer\" \/>\n<meta name=\"twitter:label1\" content=\"Escrito por\" \/>\n\t<meta name=\"twitter:data1\" content=\"Lo viste en Los Pol\u00edticos\" \/>\n\t<meta name=\"twitter:label2\" content=\"Tiempo de lectura\" \/>\n\t<meta name=\"twitter:data2\" content=\"5 minutos\" \/>\n<script type=\"application\/ld+json\" class=\"yoast-schema-graph\">{\"@context\":\"https:\\\/\\\/schema.org\",\"@graph\":[{\"@type\":\"Article\",\"@id\":\"https:\\\/\\\/lospoliticosveracruz.com\\\/?p=22911#article\",\"isPartOf\":{\"@id\":\"https:\\\/\\\/lospoliticosveracruz.com\\\/?p=22911\"},\"author\":{\"name\":\"Lo viste en Los Pol\u00edticos\",\"@id\":\"https:\\\/\\\/lospoliticosveracruz.com\\\/#\\\/schema\\\/person\\\/b8702bb0e538456e6efd07080bf2a4a2\"},\"headline\":\"Primavera Violeta\",\"datePublished\":\"2016-04-25T04:14:28+00:00\",\"mainEntityOfPage\":{\"@id\":\"https:\\\/\\\/lospoliticosveracruz.com\\\/?p=22911\"},\"wordCount\":946,\"commentCount\":0,\"publisher\":{\"@id\":\"https:\\\/\\\/lospoliticosveracruz.com\\\/#organization\"},\"image\":{\"@id\":\"https:\\\/\\\/lospoliticosveracruz.com\\\/?p=22911#primaryimage\"},\"thumbnailUrl\":\"http:\\\/\\\/www.lospoliticosveracruz.com.mx\\\/wp-content\\\/uploads\\\/2016\\\/04\\\/Marcha-mujeres2-300x225.jpeg\",\"keywords\":[\"Gaby Ben\u00edtez\",\"Mujeres\",\"Nadia Vera\",\"Primavera Violeta\",\"Regina Mart\u00ednez\",\"Rosa Luxemburgo\",\"Xalapa\"],\"articleSection\":[\"De Opini\u00f3n\"],\"inLanguage\":\"es\",\"potentialAction\":[{\"@type\":\"CommentAction\",\"name\":\"Comment\",\"target\":[\"https:\\\/\\\/lospoliticosveracruz.com\\\/?p=22911#respond\"]}]},{\"@type\":\"WebPage\",\"@id\":\"https:\\\/\\\/lospoliticosveracruz.com\\\/?p=22911\",\"url\":\"https:\\\/\\\/lospoliticosveracruz.com\\\/?p=22911\",\"name\":\"Primavera Violeta - Los pol\u00edticos Veracruz\",\"isPartOf\":{\"@id\":\"https:\\\/\\\/lospoliticosveracruz.com\\\/#website\"},\"primaryImageOfPage\":{\"@id\":\"https:\\\/\\\/lospoliticosveracruz.com\\\/?p=22911#primaryimage\"},\"image\":{\"@id\":\"https:\\\/\\\/lospoliticosveracruz.com\\\/?p=22911#primaryimage\"},\"thumbnailUrl\":\"http:\\\/\\\/www.lospoliticosveracruz.com.mx\\\/wp-content\\\/uploads\\\/2016\\\/04\\\/Marcha-mujeres2-300x225.jpeg\",\"datePublished\":\"2016-04-25T04:14:28+00:00\",\"breadcrumb\":{\"@id\":\"https:\\\/\\\/lospoliticosveracruz.com\\\/?p=22911#breadcrumb\"},\"inLanguage\":\"es\",\"potentialAction\":[{\"@type\":\"ReadAction\",\"target\":[\"https:\\\/\\\/lospoliticosveracruz.com\\\/?p=22911\"]}]},{\"@type\":\"ImageObject\",\"inLanguage\":\"es\",\"@id\":\"https:\\\/\\\/lospoliticosveracruz.com\\\/?p=22911#primaryimage\",\"url\":\"http:\\\/\\\/www.lospoliticosveracruz.com.mx\\\/wp-content\\\/uploads\\\/2016\\\/04\\\/Marcha-mujeres2-300x225.jpeg\",\"contentUrl\":\"http:\\\/\\\/www.lospoliticosveracruz.com.mx\\\/wp-content\\\/uploads\\\/2016\\\/04\\\/Marcha-mujeres2-300x225.jpeg\"},{\"@type\":\"BreadcrumbList\",\"@id\":\"https:\\\/\\\/lospoliticosveracruz.com\\\/?p=22911#breadcrumb\",\"itemListElement\":[{\"@type\":\"ListItem\",\"position\":1,\"name\":\"Portada\",\"item\":\"https:\\\/\\\/lospoliticosveracruz.com\\\/\"},{\"@type\":\"ListItem\",\"position\":2,\"name\":\"Primavera Violeta\"}]},{\"@type\":\"WebSite\",\"@id\":\"https:\\\/\\\/lospoliticosveracruz.com\\\/#website\",\"url\":\"https:\\\/\\\/lospoliticosveracruz.com\\\/\",\"name\":\"Los pol\u00edticos Veracruz\",\"description\":\"\",\"publisher\":{\"@id\":\"https:\\\/\\\/lospoliticosveracruz.com\\\/#organization\"},\"potentialAction\":[{\"@type\":\"SearchAction\",\"target\":{\"@type\":\"EntryPoint\",\"urlTemplate\":\"https:\\\/\\\/lospoliticosveracruz.com\\\/?s={search_term_string}\"},\"query-input\":{\"@type\":\"PropertyValueSpecification\",\"valueRequired\":true,\"valueName\":\"search_term_string\"}}],\"inLanguage\":\"es\"},{\"@type\":\"Organization\",\"@id\":\"https:\\\/\\\/lospoliticosveracruz.com\\\/#organization\",\"name\":\"Los pol\u00edticos Veracruz\",\"url\":\"https:\\\/\\\/lospoliticosveracruz.com\\\/\",\"logo\":{\"@type\":\"ImageObject\",\"inLanguage\":\"es\",\"@id\":\"https:\\\/\\\/lospoliticosveracruz.com\\\/#\\\/schema\\\/logo\\\/image\\\/\",\"url\":\"https:\\\/\\\/lospoliticosveracruz.com\\\/wp-content\\\/uploads\\\/2025\\\/12\\\/Logo-Nuevo-LOS-POLITICOS-1.jpg\",\"contentUrl\":\"https:\\\/\\\/lospoliticosveracruz.com\\\/wp-content\\\/uploads\\\/2025\\\/12\\\/Logo-Nuevo-LOS-POLITICOS-1.jpg\",\"width\":260,\"height\":70,\"caption\":\"Los pol\u00edticos Veracruz\"},\"image\":{\"@id\":\"https:\\\/\\\/lospoliticosveracruz.com\\\/#\\\/schema\\\/logo\\\/image\\\/\"},\"sameAs\":[\"https:\\\/\\\/www.facebook.com\\\/people\\\/Notimemes-de-los-Polticos\\\/61565672886568\\\/\",\"https:\\\/\\\/x.com\\\/LosPoliticosVer\"]},{\"@type\":\"Person\",\"@id\":\"https:\\\/\\\/lospoliticosveracruz.com\\\/#\\\/schema\\\/person\\\/b8702bb0e538456e6efd07080bf2a4a2\",\"name\":\"Lo viste en Los Pol\u00edticos\",\"image\":{\"@type\":\"ImageObject\",\"inLanguage\":\"es\",\"@id\":\"https:\\\/\\\/secure.gravatar.com\\\/avatar\\\/3a8de04a2656d44082be478bd6c086daa447c4651605818287b9532d3d0bd435?s=96&d=mm&r=g\",\"url\":\"https:\\\/\\\/secure.gravatar.com\\\/avatar\\\/3a8de04a2656d44082be478bd6c086daa447c4651605818287b9532d3d0bd435?s=96&d=mm&r=g\",\"contentUrl\":\"https:\\\/\\\/secure.gravatar.com\\\/avatar\\\/3a8de04a2656d44082be478bd6c086daa447c4651605818287b9532d3d0bd435?s=96&d=mm&r=g\",\"caption\":\"Lo viste en Los Pol\u00edticos\"},\"url\":\"https:\\\/\\\/lospoliticosveracruz.com\\\/?author=2\"}]}<\/script>\n<!-- \/ Yoast SEO plugin. -->","yoast_head_json":{"title":"Primavera Violeta - Los pol\u00edticos Veracruz","robots":{"index":"index","follow":"follow","max-snippet":"max-snippet:-1","max-image-preview":"max-image-preview:large","max-video-preview":"max-video-preview:-1"},"canonical":"https:\/\/lospoliticosveracruz.com\/?p=22911","og_locale":"es_ES","og_type":"article","og_title":"Primavera Violeta - Los pol\u00edticos Veracruz","og_description":"Cecilia Mu\u00f1oz Polisemia Mujeres de diferentes partes del pa\u00eds, ayer domingo salieron a ocupar las calles de sus ciudades. Si en la cotidianidad, el espacio p\u00fablico es un territorio por el que es necesario transitar, pero con aprehensi\u00f3n gracias al miedo provocado por las distintas manifestaciones de violencia que vivimos en \u00e9l, este 24 de [&hellip;]","og_url":"https:\/\/lospoliticosveracruz.com\/?p=22911","og_site_name":"Los pol\u00edticos Veracruz","article_publisher":"https:\/\/www.facebook.com\/people\/Notimemes-de-los-Polticos\/61565672886568\/","article_published_time":"2016-04-25T04:14:28+00:00","og_image":[{"url":"http:\/\/www.lospoliticosveracruz.com.mx\/wp-content\/uploads\/2016\/04\/Marcha-mujeres2-300x225.jpeg","type":"","width":"","height":""}],"author":"Lo viste en Los Pol\u00edticos","twitter_card":"summary_large_image","twitter_creator":"@LosPoliticosVer","twitter_site":"@LosPoliticosVer","twitter_misc":{"Escrito por":"Lo viste en Los Pol\u00edticos","Tiempo de lectura":"5 minutos"},"schema":{"@context":"https:\/\/schema.org","@graph":[{"@type":"Article","@id":"https:\/\/lospoliticosveracruz.com\/?p=22911#article","isPartOf":{"@id":"https:\/\/lospoliticosveracruz.com\/?p=22911"},"author":{"name":"Lo viste en Los Pol\u00edticos","@id":"https:\/\/lospoliticosveracruz.com\/#\/schema\/person\/b8702bb0e538456e6efd07080bf2a4a2"},"headline":"Primavera Violeta","datePublished":"2016-04-25T04:14:28+00:00","mainEntityOfPage":{"@id":"https:\/\/lospoliticosveracruz.com\/?p=22911"},"wordCount":946,"commentCount":0,"publisher":{"@id":"https:\/\/lospoliticosveracruz.com\/#organization"},"image":{"@id":"https:\/\/lospoliticosveracruz.com\/?p=22911#primaryimage"},"thumbnailUrl":"http:\/\/www.lospoliticosveracruz.com.mx\/wp-content\/uploads\/2016\/04\/Marcha-mujeres2-300x225.jpeg","keywords":["Gaby Ben\u00edtez","Mujeres","Nadia Vera","Primavera Violeta","Regina Mart\u00ednez","Rosa Luxemburgo","Xalapa"],"articleSection":["De Opini\u00f3n"],"inLanguage":"es","potentialAction":[{"@type":"CommentAction","name":"Comment","target":["https:\/\/lospoliticosveracruz.com\/?p=22911#respond"]}]},{"@type":"WebPage","@id":"https:\/\/lospoliticosveracruz.com\/?p=22911","url":"https:\/\/lospoliticosveracruz.com\/?p=22911","name":"Primavera Violeta - Los pol\u00edticos Veracruz","isPartOf":{"@id":"https:\/\/lospoliticosveracruz.com\/#website"},"primaryImageOfPage":{"@id":"https:\/\/lospoliticosveracruz.com\/?p=22911#primaryimage"},"image":{"@id":"https:\/\/lospoliticosveracruz.com\/?p=22911#primaryimage"},"thumbnailUrl":"http:\/\/www.lospoliticosveracruz.com.mx\/wp-content\/uploads\/2016\/04\/Marcha-mujeres2-300x225.jpeg","datePublished":"2016-04-25T04:14:28+00:00","breadcrumb":{"@id":"https:\/\/lospoliticosveracruz.com\/?p=22911#breadcrumb"},"inLanguage":"es","potentialAction":[{"@type":"ReadAction","target":["https:\/\/lospoliticosveracruz.com\/?p=22911"]}]},{"@type":"ImageObject","inLanguage":"es","@id":"https:\/\/lospoliticosveracruz.com\/?p=22911#primaryimage","url":"http:\/\/www.lospoliticosveracruz.com.mx\/wp-content\/uploads\/2016\/04\/Marcha-mujeres2-300x225.jpeg","contentUrl":"http:\/\/www.lospoliticosveracruz.com.mx\/wp-content\/uploads\/2016\/04\/Marcha-mujeres2-300x225.jpeg"},{"@type":"BreadcrumbList","@id":"https:\/\/lospoliticosveracruz.com\/?p=22911#breadcrumb","itemListElement":[{"@type":"ListItem","position":1,"name":"Portada","item":"https:\/\/lospoliticosveracruz.com\/"},{"@type":"ListItem","position":2,"name":"Primavera Violeta"}]},{"@type":"WebSite","@id":"https:\/\/lospoliticosveracruz.com\/#website","url":"https:\/\/lospoliticosveracruz.com\/","name":"Los pol\u00edticos Veracruz","description":"","publisher":{"@id":"https:\/\/lospoliticosveracruz.com\/#organization"},"potentialAction":[{"@type":"SearchAction","target":{"@type":"EntryPoint","urlTemplate":"https:\/\/lospoliticosveracruz.com\/?s={search_term_string}"},"query-input":{"@type":"PropertyValueSpecification","valueRequired":true,"valueName":"search_term_string"}}],"inLanguage":"es"},{"@type":"Organization","@id":"https:\/\/lospoliticosveracruz.com\/#organization","name":"Los pol\u00edticos Veracruz","url":"https:\/\/lospoliticosveracruz.com\/","logo":{"@type":"ImageObject","inLanguage":"es","@id":"https:\/\/lospoliticosveracruz.com\/#\/schema\/logo\/image\/","url":"https:\/\/lospoliticosveracruz.com\/wp-content\/uploads\/2025\/12\/Logo-Nuevo-LOS-POLITICOS-1.jpg","contentUrl":"https:\/\/lospoliticosveracruz.com\/wp-content\/uploads\/2025\/12\/Logo-Nuevo-LOS-POLITICOS-1.jpg","width":260,"height":70,"caption":"Los pol\u00edticos Veracruz"},"image":{"@id":"https:\/\/lospoliticosveracruz.com\/#\/schema\/logo\/image\/"},"sameAs":["https:\/\/www.facebook.com\/people\/Notimemes-de-los-Polticos\/61565672886568\/","https:\/\/x.com\/LosPoliticosVer"]},{"@type":"Person","@id":"https:\/\/lospoliticosveracruz.com\/#\/schema\/person\/b8702bb0e538456e6efd07080bf2a4a2","name":"Lo viste en Los Pol\u00edticos","image":{"@type":"ImageObject","inLanguage":"es","@id":"https:\/\/secure.gravatar.com\/avatar\/3a8de04a2656d44082be478bd6c086daa447c4651605818287b9532d3d0bd435?s=96&d=mm&r=g","url":"https:\/\/secure.gravatar.com\/avatar\/3a8de04a2656d44082be478bd6c086daa447c4651605818287b9532d3d0bd435?s=96&d=mm&r=g","contentUrl":"https:\/\/secure.gravatar.com\/avatar\/3a8de04a2656d44082be478bd6c086daa447c4651605818287b9532d3d0bd435?s=96&d=mm&r=g","caption":"Lo viste en Los Pol\u00edticos"},"url":"https:\/\/lospoliticosveracruz.com\/?author=2"}]}},"_links":{"self":[{"href":"https:\/\/lospoliticosveracruz.com\/index.php?rest_route=\/wp\/v2\/posts\/22911","targetHints":{"allow":["GET"]}}],"collection":[{"href":"https:\/\/lospoliticosveracruz.com\/index.php?rest_route=\/wp\/v2\/posts"}],"about":[{"href":"https:\/\/lospoliticosveracruz.com\/index.php?rest_route=\/wp\/v2\/types\/post"}],"author":[{"embeddable":true,"href":"https:\/\/lospoliticosveracruz.com\/index.php?rest_route=\/wp\/v2\/users\/2"}],"replies":[{"embeddable":true,"href":"https:\/\/lospoliticosveracruz.com\/index.php?rest_route=%2Fwp%2Fv2%2Fcomments&post=22911"}],"version-history":[{"count":1,"href":"https:\/\/lospoliticosveracruz.com\/index.php?rest_route=\/wp\/v2\/posts\/22911\/revisions"}],"predecessor-version":[{"id":22922,"href":"https:\/\/lospoliticosveracruz.com\/index.php?rest_route=\/wp\/v2\/posts\/22911\/revisions\/22922"}],"wp:attachment":[{"href":"https:\/\/lospoliticosveracruz.com\/index.php?rest_route=%2Fwp%2Fv2%2Fmedia&parent=22911"}],"wp:term":[{"taxonomy":"category","embeddable":true,"href":"https:\/\/lospoliticosveracruz.com\/index.php?rest_route=%2Fwp%2Fv2%2Fcategories&post=22911"},{"taxonomy":"post_tag","embeddable":true,"href":"https:\/\/lospoliticosveracruz.com\/index.php?rest_route=%2Fwp%2Fv2%2Ftags&post=22911"}],"curies":[{"name":"wp","href":"https:\/\/api.w.org\/{rel}","templated":true}]}}