{"id":22923,"date":"2016-04-24T23:21:53","date_gmt":"2016-04-25T04:21:53","guid":{"rendered":"http:\/\/www.lospoliticosveracruz.com.mx\/?p=22923"},"modified":"2016-04-24T23:21:53","modified_gmt":"2016-04-25T04:21:53","slug":"mi-marido-es-el-mejor","status":"publish","type":"post","link":"https:\/\/lospoliticosveracruz.com\/?p=22923","title":{"rendered":"Mi marido, \u00a1es el mejor!"},"content":{"rendered":"<p><a href=\"http:\/\/www.lospoliticosveracruz.com.mx\/wp-content\/uploads\/2016\/04\/Dulce-Dauz\u00f3n.jpg\"><img loading=\"lazy\" decoding=\"async\" class=\"alignnone size-medium wp-image-22924\" src=\"http:\/\/www.lospoliticosveracruz.com.mx\/wp-content\/uploads\/2016\/04\/Dulce-Dauz\u00f3n-300x235.jpg\" alt=\"Dulce Dauz\u00f3n\" width=\"300\" height=\"235\" \/><\/a><br \/>\n<strong>Brenda Caballero<\/strong><br \/>\n<em>N\u00fameros Rojos<\/em><\/p>\n<p>\u201cNo peleen al mismo tiempo, primero uno y despu\u00e9s el otro\u201d Fueron las palabras del Padre Mart\u00edn del Campo despu\u00e9s de darles la bendici\u00f3n a Dulce Mar\u00eda Dauz\u00f3n M\u00e1rquez y Armando M\u00e9ndez de la Luz hace 38 a\u00f1os.<br \/>\nY no es que pelen, sino que el matrimonio no es miel sobre hojuelas, me dice Dulce Mar\u00eda; \u201cen ocasiones es necesario tranquilizarse y todo seguir\u00e1 unido\u201d<br \/>\nEsta an\u00e9cdota contada surge despu\u00e9s de un evento de Otero Ciudadano, donde fue invitado Armando M\u00e9ndez de la Luz, donde se\u00f1al\u00f3 sus compromisos con Veracruz adem\u00e1s de contestar diversas preguntas de sus miembros.<br \/>\nTerminando el evento y previo beso de despedida de su esposo -pues continuaba con su campa\u00f1a- la Se\u00f1ora Dulce me platic\u00f3 que conoci\u00f3 a Armando cuando estudiaba Administraci\u00f3n de Empresas en la Universidad Veracruzana.<br \/>\nElla reci\u00e9n hab\u00eda ingresado a primer a\u00f1o, cuando la invit\u00f3 a pertenecer a una Planilla, le llevaba dos a\u00f1os en la carrera. Ya estaba metido en pol\u00edtica, en pol\u00edtica estudiantil.<br \/>\nTiempo despu\u00e9s quiso separar los representantes juveniles la facultad de Administraci\u00f3n de la de Comercio. Y lo logr\u00f3 por un voto. Me dice orgullosa. \u201cLibr\u00f3 esa batalla contra los porros de la Universidad Veracruzana, me convenci\u00f3 como persona y como pol\u00edtico, fue en 1971.<br \/>\nEn ese tiempo no eran novios, fueron amigos cinco a\u00f1os y compa\u00f1eros de lucha, compart\u00edan ideales y siguieron trabajando juntos con la mesa directiva de la facultad.<br \/>\nSus ojos se abren de admiraci\u00f3n al decirme que Armando es una persona preparada, brillante, tenaz con muchos conocimientos e ideales.<br \/>\nRecuerda cuando le llevaba serenata, pues a \u00e9l le gusta mucho la musica. Adem\u00e1s de que en la facultad ten\u00eda en sus manos oro puro: sabe tocar la guitarra.<br \/>\nAunque ella es m\u00e1s empresaria tambi\u00e9n es pol\u00edtica, pues adem\u00e1s de participar en pol\u00edtica estudiantil en la Universidad Veracruzana un parte aguas en su vida fue cuando fue Presidenta del DIF Municipal al mismo tiempo que su esposo fue Presidente Munnicipal de Xalapa. \u201cEl trabajo comunitario es lo que m\u00e1s la llena de satisfacciones\u201d.<br \/>\nEn nuestro estado hay demasiados grupos vulnerables por los que hay que trabajar y a los que se les debe dar respuesta en sus necesidades y carencias, los que resultan invisibles a los gobernantes, pues nadie quiere comprometerse, y son los que Armando tiene presentes.<br \/>\nPara que puedan expresar sus necesidades, Dulce le organiza eventos a su esposo, principalmente en Xalapa. Me dice que el pr\u00f3ximo 30 de abril se reunir\u00e1 Armando con poblaci\u00f3n vulnerable , adultos mayores, madres solteras, ni\u00f1os en situaci\u00f3n de calle, personas con discapacidad y posteriormente tambi\u00e9n le organizar\u00e1 ella uno con maestros.<br \/>\nTendr\u00e1 tambi\u00e9n reuni\u00f3n con campesinos, j\u00f3venes, comerciantes, ambulantes entre otros, pues se pretende abarcar todos los temas a los que debe dar respuesta un gobernante.<br \/>\nDulce asegura que van contra corriente, pero afirma que su marido es la mejor opci\u00f3n par Veracruz, es comprometido, no le tiembla la mano, es fuerte, toma decisiones importantes caiga quien caiga, tiene mano dura para actuar cuando se requiere, es responsable, sabe planear y organizar. \u00a1Hasta hace milagros, es tod\u00f3logo! R\u00ede y es que me dice que organiza su propia propaganda, sus recorridos, cosas que a otros candidatos les hacen, \u00e9l las hace. Trabaja todo los d\u00edas con tan poco, muy poco. \u201cVale la pena este esfuerzo, todos los d\u00edas se lo hago saber, pues \u00e9l es otra opci\u00f3n de los veracruzanos, sin discursos mentirosos\u201d.<br \/>\nDulce fue tambi\u00e9n candidata a la Alcald\u00eda, all\u00ed Armando la apoyo con todo, su tiempo, su experiencia pol\u00edtica, sus ahorros y aunque no gan\u00f3 porque asegura le robaron la elecci\u00f3n gan\u00f3 la satisfacci\u00f3n de que a los xalape\u00f1os sin regalarles absolutamente nada, confiaron en ella.<br \/>\nArmando es independiente en algunas actividades, pero ella siempre est\u00e1 a su lado, apoy\u00e1ndole, d\u00e1ndole \u00e1nimos, incluso hasta repartiendo folletos de \u00e9l en las calles. \u201cNo pagamos para que alguien se vaya a parar al crucero.\u201d<br \/>\n\u201cArmando est\u00e1 preparado, es honesto y sabe dirigir, ojal\u00e1 y la ciudadan\u00eda despierte, se informe y analice quien es quien, porque equivocarnos nos ha costado muy caro. Estos \u00faltimos 12 a\u00f1os de Veracruz han sido terribles, el estado se est\u00e1 cayendo a pedazos y solo nosotros los veracruzanos de manera sencilla y pr\u00e1ctica podemos cambiar la historia del estado. No hay varitas m\u00e1gicas, s\u00f3lo la decisi\u00f3n de ir a votar\u201d<\/p>\n<p>Email: caballero_brenda@hotmail.com<\/p>\n","protected":false},"excerpt":{"rendered":"<p>Brenda Caballero N\u00fameros Rojos \u201cNo peleen al mismo tiempo, primero uno y despu\u00e9s el otro\u201d Fueron las palabras del Padre Mart\u00edn del Campo despu\u00e9s de darles la bendici\u00f3n a Dulce Mar\u00eda Dauz\u00f3n M\u00e1rquez y Armando M\u00e9ndez de la Luz hace 38 a\u00f1os. Y no es que pelen, sino que el matrimonio no es miel sobre [&hellip;]<\/p>\n","protected":false},"author":2,"featured_media":0,"comment_status":"open","ping_status":"open","sticky":false,"template":"","format":"standard","meta":{"tdm_status":"","tdm_grid_status":"","footnotes":""},"categories":[70],"tags":[3672,5221,662,2327],"class_list":{"0":"post-22923","1":"post","2":"type-post","3":"status-publish","4":"format-standard","6":"category-de-opinion","7":"tag-armando-mendez-de-la-luz","8":"tag-dulce-maria-dauzon-marquez","9":"tag-gubernatura","10":"tag-movimiento-ciudadano"},"yoast_head":"<!-- This site is optimized with the Yoast SEO plugin v27.4 - https:\/\/yoast.com\/product\/yoast-seo-wordpress\/ -->\n<title>Mi marido, \u00a1es el mejor! - Los pol\u00edticos Veracruz<\/title>\n<meta name=\"robots\" content=\"index, follow, max-snippet:-1, max-image-preview:large, max-video-preview:-1\" \/>\n<link rel=\"canonical\" href=\"https:\/\/lospoliticosveracruz.com\/?p=22923\" \/>\n<meta property=\"og:locale\" content=\"es_ES\" \/>\n<meta property=\"og:type\" content=\"article\" \/>\n<meta property=\"og:title\" content=\"Mi marido, \u00a1es el mejor! - Los pol\u00edticos Veracruz\" \/>\n<meta property=\"og:description\" content=\"Brenda Caballero N\u00fameros Rojos \u201cNo peleen al mismo tiempo, primero uno y despu\u00e9s el otro\u201d Fueron las palabras del Padre Mart\u00edn del Campo despu\u00e9s de darles la bendici\u00f3n a Dulce Mar\u00eda Dauz\u00f3n M\u00e1rquez y Armando M\u00e9ndez de la Luz hace 38 a\u00f1os. Y no es que pelen, sino que el matrimonio no es miel sobre [&hellip;]\" \/>\n<meta property=\"og:url\" content=\"https:\/\/lospoliticosveracruz.com\/?p=22923\" \/>\n<meta property=\"og:site_name\" content=\"Los pol\u00edticos Veracruz\" \/>\n<meta property=\"article:publisher\" content=\"https:\/\/www.facebook.com\/people\/Notimemes-de-los-Polticos\/61565672886568\/\" \/>\n<meta property=\"article:published_time\" content=\"2016-04-25T04:21:53+00:00\" \/>\n<meta property=\"og:image\" content=\"https:\/\/lospoliticosveracruz.com\/wp-content\/uploads\/2016\/07\/Logo-Dor.jpg\" \/>\n\t<meta property=\"og:image:width\" content=\"200\" \/>\n\t<meta property=\"og:image:height\" content=\"200\" \/>\n\t<meta property=\"og:image:type\" content=\"image\/jpeg\" \/>\n<meta name=\"author\" content=\"Lo viste en Los Pol\u00edticos\" \/>\n<meta name=\"twitter:card\" content=\"summary_large_image\" \/>\n<meta name=\"twitter:creator\" content=\"@LosPoliticosVer\" \/>\n<meta name=\"twitter:site\" content=\"@LosPoliticosVer\" \/>\n<meta name=\"twitter:label1\" content=\"Escrito por\" \/>\n\t<meta name=\"twitter:data1\" content=\"Lo viste en Los Pol\u00edticos\" \/>\n\t<meta name=\"twitter:label2\" content=\"Tiempo de lectura\" \/>\n\t<meta name=\"twitter:data2\" content=\"4 minutos\" \/>\n<script type=\"application\/ld+json\" class=\"yoast-schema-graph\">{\"@context\":\"https:\\\/\\\/schema.org\",\"@graph\":[{\"@type\":\"Article\",\"@id\":\"https:\\\/\\\/lospoliticosveracruz.com\\\/?p=22923#article\",\"isPartOf\":{\"@id\":\"https:\\\/\\\/lospoliticosveracruz.com\\\/?p=22923\"},\"author\":{\"name\":\"Lo viste en Los Pol\u00edticos\",\"@id\":\"https:\\\/\\\/lospoliticosveracruz.com\\\/#\\\/schema\\\/person\\\/b8702bb0e538456e6efd07080bf2a4a2\"},\"headline\":\"Mi marido, \u00a1es el mejor!\",\"datePublished\":\"2016-04-25T04:21:53+00:00\",\"mainEntityOfPage\":{\"@id\":\"https:\\\/\\\/lospoliticosveracruz.com\\\/?p=22923\"},\"wordCount\":793,\"commentCount\":0,\"publisher\":{\"@id\":\"https:\\\/\\\/lospoliticosveracruz.com\\\/#organization\"},\"keywords\":[\"Armando M\u00e9ndez de la Luz\",\"Dulce Mar\u00eda Dauz\u00f3n M\u00e1rquez\",\"gubernatura\",\"Movimiento Ciudadano\"],\"articleSection\":[\"De Opini\u00f3n\"],\"inLanguage\":\"es\",\"potentialAction\":[{\"@type\":\"CommentAction\",\"name\":\"Comment\",\"target\":[\"https:\\\/\\\/lospoliticosveracruz.com\\\/?p=22923#respond\"]}]},{\"@type\":\"WebPage\",\"@id\":\"https:\\\/\\\/lospoliticosveracruz.com\\\/?p=22923\",\"url\":\"https:\\\/\\\/lospoliticosveracruz.com\\\/?p=22923\",\"name\":\"Mi marido, \u00a1es el mejor! - Los pol\u00edticos Veracruz\",\"isPartOf\":{\"@id\":\"https:\\\/\\\/lospoliticosveracruz.com\\\/#website\"},\"datePublished\":\"2016-04-25T04:21:53+00:00\",\"breadcrumb\":{\"@id\":\"https:\\\/\\\/lospoliticosveracruz.com\\\/?p=22923#breadcrumb\"},\"inLanguage\":\"es\",\"potentialAction\":[{\"@type\":\"ReadAction\",\"target\":[\"https:\\\/\\\/lospoliticosveracruz.com\\\/?p=22923\"]}]},{\"@type\":\"BreadcrumbList\",\"@id\":\"https:\\\/\\\/lospoliticosveracruz.com\\\/?p=22923#breadcrumb\",\"itemListElement\":[{\"@type\":\"ListItem\",\"position\":1,\"name\":\"Portada\",\"item\":\"https:\\\/\\\/lospoliticosveracruz.com\\\/\"},{\"@type\":\"ListItem\",\"position\":2,\"name\":\"Mi marido, \u00a1es el mejor!\"}]},{\"@type\":\"WebSite\",\"@id\":\"https:\\\/\\\/lospoliticosveracruz.com\\\/#website\",\"url\":\"https:\\\/\\\/lospoliticosveracruz.com\\\/\",\"name\":\"Los pol\u00edticos Veracruz\",\"description\":\"\",\"publisher\":{\"@id\":\"https:\\\/\\\/lospoliticosveracruz.com\\\/#organization\"},\"potentialAction\":[{\"@type\":\"SearchAction\",\"target\":{\"@type\":\"EntryPoint\",\"urlTemplate\":\"https:\\\/\\\/lospoliticosveracruz.com\\\/?s={search_term_string}\"},\"query-input\":{\"@type\":\"PropertyValueSpecification\",\"valueRequired\":true,\"valueName\":\"search_term_string\"}}],\"inLanguage\":\"es\"},{\"@type\":\"Organization\",\"@id\":\"https:\\\/\\\/lospoliticosveracruz.com\\\/#organization\",\"name\":\"Los pol\u00edticos Veracruz\",\"url\":\"https:\\\/\\\/lospoliticosveracruz.com\\\/\",\"logo\":{\"@type\":\"ImageObject\",\"inLanguage\":\"es\",\"@id\":\"https:\\\/\\\/lospoliticosveracruz.com\\\/#\\\/schema\\\/logo\\\/image\\\/\",\"url\":\"https:\\\/\\\/lospoliticosveracruz.com\\\/wp-content\\\/uploads\\\/2025\\\/12\\\/Logo-Nuevo-LOS-POLITICOS-1.jpg\",\"contentUrl\":\"https:\\\/\\\/lospoliticosveracruz.com\\\/wp-content\\\/uploads\\\/2025\\\/12\\\/Logo-Nuevo-LOS-POLITICOS-1.jpg\",\"width\":260,\"height\":70,\"caption\":\"Los pol\u00edticos Veracruz\"},\"image\":{\"@id\":\"https:\\\/\\\/lospoliticosveracruz.com\\\/#\\\/schema\\\/logo\\\/image\\\/\"},\"sameAs\":[\"https:\\\/\\\/www.facebook.com\\\/people\\\/Notimemes-de-los-Polticos\\\/61565672886568\\\/\",\"https:\\\/\\\/x.com\\\/LosPoliticosVer\"]},{\"@type\":\"Person\",\"@id\":\"https:\\\/\\\/lospoliticosveracruz.com\\\/#\\\/schema\\\/person\\\/b8702bb0e538456e6efd07080bf2a4a2\",\"name\":\"Lo viste en Los Pol\u00edticos\",\"image\":{\"@type\":\"ImageObject\",\"inLanguage\":\"es\",\"@id\":\"https:\\\/\\\/secure.gravatar.com\\\/avatar\\\/3a8de04a2656d44082be478bd6c086daa447c4651605818287b9532d3d0bd435?s=96&d=mm&r=g\",\"url\":\"https:\\\/\\\/secure.gravatar.com\\\/avatar\\\/3a8de04a2656d44082be478bd6c086daa447c4651605818287b9532d3d0bd435?s=96&d=mm&r=g\",\"contentUrl\":\"https:\\\/\\\/secure.gravatar.com\\\/avatar\\\/3a8de04a2656d44082be478bd6c086daa447c4651605818287b9532d3d0bd435?s=96&d=mm&r=g\",\"caption\":\"Lo viste en Los Pol\u00edticos\"},\"url\":\"https:\\\/\\\/lospoliticosveracruz.com\\\/?author=2\"}]}<\/script>\n<!-- \/ Yoast SEO plugin. -->","yoast_head_json":{"title":"Mi marido, \u00a1es el mejor! - Los pol\u00edticos Veracruz","robots":{"index":"index","follow":"follow","max-snippet":"max-snippet:-1","max-image-preview":"max-image-preview:large","max-video-preview":"max-video-preview:-1"},"canonical":"https:\/\/lospoliticosveracruz.com\/?p=22923","og_locale":"es_ES","og_type":"article","og_title":"Mi marido, \u00a1es el mejor! - Los pol\u00edticos Veracruz","og_description":"Brenda Caballero N\u00fameros Rojos \u201cNo peleen al mismo tiempo, primero uno y despu\u00e9s el otro\u201d Fueron las palabras del Padre Mart\u00edn del Campo despu\u00e9s de darles la bendici\u00f3n a Dulce Mar\u00eda Dauz\u00f3n M\u00e1rquez y Armando M\u00e9ndez de la Luz hace 38 a\u00f1os. Y no es que pelen, sino que el matrimonio no es miel sobre [&hellip;]","og_url":"https:\/\/lospoliticosveracruz.com\/?p=22923","og_site_name":"Los pol\u00edticos Veracruz","article_publisher":"https:\/\/www.facebook.com\/people\/Notimemes-de-los-Polticos\/61565672886568\/","article_published_time":"2016-04-25T04:21:53+00:00","og_image":[{"width":200,"height":200,"url":"https:\/\/lospoliticosveracruz.com\/wp-content\/uploads\/2016\/07\/Logo-Dor.jpg","type":"image\/jpeg"}],"author":"Lo viste en Los Pol\u00edticos","twitter_card":"summary_large_image","twitter_creator":"@LosPoliticosVer","twitter_site":"@LosPoliticosVer","twitter_misc":{"Escrito por":"Lo viste en Los Pol\u00edticos","Tiempo de lectura":"4 minutos"},"schema":{"@context":"https:\/\/schema.org","@graph":[{"@type":"Article","@id":"https:\/\/lospoliticosveracruz.com\/?p=22923#article","isPartOf":{"@id":"https:\/\/lospoliticosveracruz.com\/?p=22923"},"author":{"name":"Lo viste en Los Pol\u00edticos","@id":"https:\/\/lospoliticosveracruz.com\/#\/schema\/person\/b8702bb0e538456e6efd07080bf2a4a2"},"headline":"Mi marido, \u00a1es el mejor!","datePublished":"2016-04-25T04:21:53+00:00","mainEntityOfPage":{"@id":"https:\/\/lospoliticosveracruz.com\/?p=22923"},"wordCount":793,"commentCount":0,"publisher":{"@id":"https:\/\/lospoliticosveracruz.com\/#organization"},"keywords":["Armando M\u00e9ndez de la Luz","Dulce Mar\u00eda Dauz\u00f3n M\u00e1rquez","gubernatura","Movimiento Ciudadano"],"articleSection":["De Opini\u00f3n"],"inLanguage":"es","potentialAction":[{"@type":"CommentAction","name":"Comment","target":["https:\/\/lospoliticosveracruz.com\/?p=22923#respond"]}]},{"@type":"WebPage","@id":"https:\/\/lospoliticosveracruz.com\/?p=22923","url":"https:\/\/lospoliticosveracruz.com\/?p=22923","name":"Mi marido, \u00a1es el mejor! - Los pol\u00edticos Veracruz","isPartOf":{"@id":"https:\/\/lospoliticosveracruz.com\/#website"},"datePublished":"2016-04-25T04:21:53+00:00","breadcrumb":{"@id":"https:\/\/lospoliticosveracruz.com\/?p=22923#breadcrumb"},"inLanguage":"es","potentialAction":[{"@type":"ReadAction","target":["https:\/\/lospoliticosveracruz.com\/?p=22923"]}]},{"@type":"BreadcrumbList","@id":"https:\/\/lospoliticosveracruz.com\/?p=22923#breadcrumb","itemListElement":[{"@type":"ListItem","position":1,"name":"Portada","item":"https:\/\/lospoliticosveracruz.com\/"},{"@type":"ListItem","position":2,"name":"Mi marido, \u00a1es el mejor!"}]},{"@type":"WebSite","@id":"https:\/\/lospoliticosveracruz.com\/#website","url":"https:\/\/lospoliticosveracruz.com\/","name":"Los pol\u00edticos Veracruz","description":"","publisher":{"@id":"https:\/\/lospoliticosveracruz.com\/#organization"},"potentialAction":[{"@type":"SearchAction","target":{"@type":"EntryPoint","urlTemplate":"https:\/\/lospoliticosveracruz.com\/?s={search_term_string}"},"query-input":{"@type":"PropertyValueSpecification","valueRequired":true,"valueName":"search_term_string"}}],"inLanguage":"es"},{"@type":"Organization","@id":"https:\/\/lospoliticosveracruz.com\/#organization","name":"Los pol\u00edticos Veracruz","url":"https:\/\/lospoliticosveracruz.com\/","logo":{"@type":"ImageObject","inLanguage":"es","@id":"https:\/\/lospoliticosveracruz.com\/#\/schema\/logo\/image\/","url":"https:\/\/lospoliticosveracruz.com\/wp-content\/uploads\/2025\/12\/Logo-Nuevo-LOS-POLITICOS-1.jpg","contentUrl":"https:\/\/lospoliticosveracruz.com\/wp-content\/uploads\/2025\/12\/Logo-Nuevo-LOS-POLITICOS-1.jpg","width":260,"height":70,"caption":"Los pol\u00edticos Veracruz"},"image":{"@id":"https:\/\/lospoliticosveracruz.com\/#\/schema\/logo\/image\/"},"sameAs":["https:\/\/www.facebook.com\/people\/Notimemes-de-los-Polticos\/61565672886568\/","https:\/\/x.com\/LosPoliticosVer"]},{"@type":"Person","@id":"https:\/\/lospoliticosveracruz.com\/#\/schema\/person\/b8702bb0e538456e6efd07080bf2a4a2","name":"Lo viste en Los Pol\u00edticos","image":{"@type":"ImageObject","inLanguage":"es","@id":"https:\/\/secure.gravatar.com\/avatar\/3a8de04a2656d44082be478bd6c086daa447c4651605818287b9532d3d0bd435?s=96&d=mm&r=g","url":"https:\/\/secure.gravatar.com\/avatar\/3a8de04a2656d44082be478bd6c086daa447c4651605818287b9532d3d0bd435?s=96&d=mm&r=g","contentUrl":"https:\/\/secure.gravatar.com\/avatar\/3a8de04a2656d44082be478bd6c086daa447c4651605818287b9532d3d0bd435?s=96&d=mm&r=g","caption":"Lo viste en Los Pol\u00edticos"},"url":"https:\/\/lospoliticosveracruz.com\/?author=2"}]}},"_links":{"self":[{"href":"https:\/\/lospoliticosveracruz.com\/index.php?rest_route=\/wp\/v2\/posts\/22923","targetHints":{"allow":["GET"]}}],"collection":[{"href":"https:\/\/lospoliticosveracruz.com\/index.php?rest_route=\/wp\/v2\/posts"}],"about":[{"href":"https:\/\/lospoliticosveracruz.com\/index.php?rest_route=\/wp\/v2\/types\/post"}],"author":[{"embeddable":true,"href":"https:\/\/lospoliticosveracruz.com\/index.php?rest_route=\/wp\/v2\/users\/2"}],"replies":[{"embeddable":true,"href":"https:\/\/lospoliticosveracruz.com\/index.php?rest_route=%2Fwp%2Fv2%2Fcomments&post=22923"}],"version-history":[{"count":1,"href":"https:\/\/lospoliticosveracruz.com\/index.php?rest_route=\/wp\/v2\/posts\/22923\/revisions"}],"predecessor-version":[{"id":22925,"href":"https:\/\/lospoliticosveracruz.com\/index.php?rest_route=\/wp\/v2\/posts\/22923\/revisions\/22925"}],"wp:attachment":[{"href":"https:\/\/lospoliticosveracruz.com\/index.php?rest_route=%2Fwp%2Fv2%2Fmedia&parent=22923"}],"wp:term":[{"taxonomy":"category","embeddable":true,"href":"https:\/\/lospoliticosveracruz.com\/index.php?rest_route=%2Fwp%2Fv2%2Fcategories&post=22923"},{"taxonomy":"post_tag","embeddable":true,"href":"https:\/\/lospoliticosveracruz.com\/index.php?rest_route=%2Fwp%2Fv2%2Ftags&post=22923"}],"curies":[{"name":"wp","href":"https:\/\/api.w.org\/{rel}","templated":true}]}}