{"id":22964,"date":"2016-04-26T21:42:18","date_gmt":"2016-04-27T02:42:18","guid":{"rendered":"http:\/\/www.lospoliticosveracruz.com.mx\/?p=22964"},"modified":"2016-04-26T21:42:18","modified_gmt":"2016-04-27T02:42:18","slug":"el-reto-de-las-casas","status":"publish","type":"post","link":"https:\/\/lospoliticosveracruz.com\/?p=22964","title":{"rendered":"El reto de las casas"},"content":{"rendered":"<p><a href=\"http:\/\/www.lospoliticosveracruz.com.mx\/wp-content\/uploads\/2016\/04\/Reforma.jpg\"><img loading=\"lazy\" decoding=\"async\" class=\"alignnone size-medium wp-image-22966\" src=\"http:\/\/www.lospoliticosveracruz.com.mx\/wp-content\/uploads\/2016\/04\/Reforma-300x252.jpg\" alt=\"Reforma\" width=\"300\" height=\"252\" \/><\/a><br \/>\n<strong>Salvador Mu\u00f1oz<\/strong><\/p>\n<p><em>Los Pol\u00edticos<\/em><\/p>\n<p>El reto de H\u00e9ctor Yunes Landa a Miguel \u00c1ngel Yunes Linares para que cada quien abra su casa (\u00bfcasa? \u00a1casa la m\u00eda! habr\u00e1 que ver las de ellos) habr\u00eda que plantearlo desde todos los \u00e1ngulos posibles.<br \/>\nVa la lista:<br \/>\n1.- \u00bfPor el tama\u00f1o de la casa se puede medir la honorabilidad de las personas? Quiz\u00e1s no. Aunque creo que lo que pretende H\u00e9ctor es apostar a que en el lapso en que ambos han sido funcionarios, alguien ha aprovechado el tiempo, el puesto, o hasta puede que sea m\u00e1s ahorrativo.<br \/>\n2.- \u00bfA los veracruzanos nos interesa conocer la casa de los candidatos? En lo particular, no\u2026 \u00bfcu\u00e1ntas casas de pol\u00edticos he conocido? Muy pocas, aunque eso s\u00ed, he de agradecer las puertas que me han abierto esos pocos\u2026 En lo general, quiz\u00e1s motivado el morbo de la clase media p\u2019abajo, creo que s\u00ed, bajo el entendido de que se tiene una mal idea de que nuestros pol\u00edticos son \u201cpudientes\u201d y ser\u00eda algo as\u00ed como un reality show de \u201cvea en d\u00f3nde viven sus pol\u00edticos\u201d.<br \/>\n3.- \u00bfBeneficia o perjudica conocer la casa de los candidatos? Es seguro que si cada candidato mostrara su casa as\u00ed como sus interiores, en una de \u00e9sas podr\u00eda ir generando un poco m\u00e1s de ese \u201cmal humor social\u201d que refiere el presidente Pe\u00f1a Nieto, dependiendo de qui\u00e9n la tiene m\u00e1s grande y qui\u00e9n la tiene m\u00e1s chica\u2026 la casa, la casa\u2026 aunque a ello se agrega que hay varios pol\u00edticos (m\u00e1s los de nuevo cu\u00f1o) que se hicieron no de una, sino de varias residencias, tan as\u00ed, que hay quienes tienen casa grande y \u201ccasa chica\u201d; hay tambi\u00e9n quienes tienen su casa y tambi\u00e9n tienen su hogar, que para el caso es lo mismo.<br \/>\n4.- \u00bfViolaci\u00f3n a la intimidad o ejercicio de transparencia? Para nuestros pol\u00edticos, exhibir tan solo la direcci\u00f3n de su domicilio implica tres riesgos:<br \/>\na) Inconformes con el actuar de un funcionario, bien pueden trasladarse al vecindario y organizarle una manifestaci\u00f3n.<br \/>\nb) El crimen organizado podr\u00eda\u2026 \u00a1olv\u00eddenlo! es seguro que a estas alturas, el crimen organizado sepa el domicilio de cada pr\u00f3spero pol\u00edtico, por eso tanta seguridad en el per\u00edmetro de su casa.<br \/>\nc) Podr\u00eda evidenciar la opulencia, la riqueza, bien habida o mal habida del que abriera su casa.<br \/>\n\u00bfEjercicio de transparencia? No es usual, ser\u00eda nuevo, pero creo la medici\u00f3n podr\u00eda implicar una serie de errores de percepci\u00f3n, por ejemplo, sin conocer la casa de Juan Bueno Torio, un empresario con varios negocios, he de suponer que no tiene casa \u00a1que ha de tener mansi\u00f3n! entendido esto como fruto del trabajo de su padre y sus t\u00edos y actualmente, el de \u00e9l y sus hermanos. \u00bfC\u00f3mo podr\u00eda entonces calificar a Bueno Torio? Tampoco conozco la casa de Alba Leonila M\u00e9ndez, pero calculo que lleva unos 16 a\u00f1os de carrera pol\u00edtica\u2026 \u00bfel tama\u00f1o o interiores de su casa me podr\u00eda decir qu\u00e9 tan honrada es?<br \/>\n5.- \u00bfPor qu\u00e9 nada m\u00e1s las casas de Miguel \u00c1ngel y H\u00e9ctor Yunes Landa? Si apostamos a estrategia electoral por parte del priista, tendremos la respuesta. Y es que desde hace casi un sexenio, no s\u00f3lo la casa del candidato del PAN y PRD ha sido motivo de \u201csospechosismo\u201d, \u00a1sino hasta la de su hijo Miguel \u00c1ngel Yunes M\u00e1rquez!, actual alcalde de Boca del R\u00edo.<br \/>\nA diferencia de la casa de H\u00e9ctor, creo que la mayor\u00eda de quienes de un modo u otro nos involucramos en la pol\u00edtica, conocemos (al menos en fotograf\u00eda a\u00e9rea) la residencia (el t\u00e9rmino, por el lugar en que reside) de Miguel \u00c1ngel Yunes Linares.<br \/>\n6.- Yo la conoc\u00ed cuando \u201cReforma\u201d, a mediados del 2011, lo saca en primera plana, si no mal recuerdo. Esperen\u2026 tengo suscripci\u00f3n. Checo.<br \/>\n\u201cMiguel \u00c1ngel Yunes, ex director del Issste, construye en un predio de Veracruz de mil 500 metros cuadrados una casa que, de acuerdo con expertos inmobiliarios, tendr\u00eda un costo de 20 a 30 millones de pesos, seg\u00fan la calidad de los acabados\u201d.<br \/>\n\u201cDe acuerdo con informaci\u00f3n catastral, los terrenos donde Yunes levanta su residencia, fueron adquiridos por la empresa Veracruzana de Bienes Inmuebles (VBI), cuya apoderada es Leticia Isabel M\u00e1rquez Mora, quien es esposa del ex director general del Issste\u201d.<br \/>\n\u201cLa documentaci\u00f3n que pudo ser consultada establece que VBI fue constituida como sociedad mercantil el 7 de marzo de 1981 por Miguel \u00c1ngel Yunes Linares y sus hermanos Antonio, Norma Graciela y Alicia, as\u00ed como Fidel Romero P\u00e9rez. El giro registrado por esta empresa, se\u00f1alan documentos, fue la construcci\u00f3n, compraventa y arrendamiento de inmuebles; desmonte, planificaci\u00f3n, urbanizaci\u00f3n y fraccionamiento de tierras, as\u00ed como compraventa y renta de maquinaria. El terreno de Yunes corresponde a tres predios que fueron comprados y fusionados por VBI en abril de 2010.\u201d<br \/>\n7.- Al a\u00f1o siguiente (30 octubre 2012), \u201cReforma\u201d da a conocer la inauguraci\u00f3n de la mansi\u00f3n de Yunes Linares, \u201cde acuerdo con versiones, habr\u00eda costado m\u00e1s de 35 millones de pesos\u201d, as\u00ed como la \u201cde reciente estreno, perteneciente a su hijo, el ex alcalde de Boca del R\u00edo, Miguel \u00c1ngel Yunes M\u00e1rquez\u201d. La casa de Chiquiyunes, dice el diario, cuenta con un garaje para siete autos, siete habitaciones, dos albercas, sala de cine, sala de juegos, cuartos de sauna y vapor, as\u00ed como gimnasio y spa completos\u201d.<br \/>\n8.- No s\u00e9 si H\u00e9ctor y Miguel \u00c1ngel abran las puertas de sus respectivas casas este jueves y mucho menos si sus hijas e hijos hagan lo propio el viernes. El asunto es que es H\u00e9ctor act\u00faa con premeditaci\u00f3n y ventaja a sabiendas de que la residencia de Miguel \u00c1ngel Yunes Linares, desde el 2011, fue puesta por \u201cReforma\u201d bajo el sospechosismo. Aunque tambi\u00e9n es la oportunidad del candidato del PAN-PRD para echar abajo de una vez por todas ese velo de corrupci\u00f3n que le quieren poner a su casa, pues ya lo dice Amadeo Flores Espinosa, dirigente del PRI estatal: \u201cTiene raz\u00f3n (Jos\u00e9 Mancha, presidente del PAN estatal) cuando dice que no debe responderle (Yunes Linares) al PRI. Pero s\u00ed debe responderle a m\u00e1s de siete millones de veracruzanos a los que aspira fallidamente a gobernar. El agravio a la inteligencia es evidente. Si se trata de una mentira de los medios de comunicaci\u00f3n, que lo aclare. Pero no lo hace porque su riqueza no la puede ocultar\u201d.<\/p>\n<p>smcainito@gmail.com<\/p>\n","protected":false},"excerpt":{"rendered":"<p>Salvador Mu\u00f1oz Los Pol\u00edticos El reto de H\u00e9ctor Yunes Landa a Miguel \u00c1ngel Yunes Linares para que cada quien abra su casa (\u00bfcasa? \u00a1casa la m\u00eda! habr\u00e1 que ver las de ellos) habr\u00eda que plantearlo desde todos los \u00e1ngulos posibles. Va la lista: 1.- \u00bfPor el tama\u00f1o de la casa se puede medir la honorabilidad [&hellip;]<\/p>\n","protected":false},"author":2,"featured_media":0,"comment_status":"open","ping_status":"open","sticky":false,"template":"","format":"standard","meta":{"tdm_status":"","tdm_grid_status":"","footnotes":""},"categories":[70],"tags":[5323,348,5324,428,3091],"class_list":{"0":"post-22964","1":"post","2":"type-post","3":"status-publish","4":"format-standard","6":"category-de-opinion","7":"tag-casa","8":"tag-hector-yunes-landa","9":"tag-mansion","10":"tag-miguel-angel-yunes-linares","11":"tag-reforma"},"yoast_head":"<!-- This site is optimized with the Yoast SEO plugin v27.4 - https:\/\/yoast.com\/product\/yoast-seo-wordpress\/ -->\n<title>El reto de las casas - Los pol\u00edticos Veracruz<\/title>\n<meta name=\"robots\" content=\"index, follow, max-snippet:-1, max-image-preview:large, max-video-preview:-1\" \/>\n<link rel=\"canonical\" href=\"https:\/\/lospoliticosveracruz.com\/?p=22964\" \/>\n<meta property=\"og:locale\" content=\"es_ES\" \/>\n<meta property=\"og:type\" content=\"article\" \/>\n<meta property=\"og:title\" content=\"El reto de las casas - Los pol\u00edticos Veracruz\" \/>\n<meta property=\"og:description\" content=\"Salvador Mu\u00f1oz Los Pol\u00edticos El reto de H\u00e9ctor Yunes Landa a Miguel \u00c1ngel Yunes Linares para que cada quien abra su casa (\u00bfcasa? \u00a1casa la m\u00eda! habr\u00e1 que ver las de ellos) habr\u00eda que plantearlo desde todos los \u00e1ngulos posibles. Va la lista: 1.- \u00bfPor el tama\u00f1o de la casa se puede medir la honorabilidad [&hellip;]\" \/>\n<meta property=\"og:url\" content=\"https:\/\/lospoliticosveracruz.com\/?p=22964\" \/>\n<meta property=\"og:site_name\" content=\"Los pol\u00edticos Veracruz\" \/>\n<meta property=\"article:publisher\" content=\"https:\/\/www.facebook.com\/people\/Notimemes-de-los-Polticos\/61565672886568\/\" \/>\n<meta property=\"article:published_time\" content=\"2016-04-27T02:42:18+00:00\" \/>\n<meta property=\"og:image\" content=\"http:\/\/www.lospoliticosveracruz.com.mx\/wp-content\/uploads\/2016\/04\/Reforma-300x252.jpg\" \/>\n<meta name=\"author\" content=\"Lo viste en Los Pol\u00edticos\" \/>\n<meta name=\"twitter:card\" content=\"summary_large_image\" \/>\n<meta name=\"twitter:creator\" content=\"@LosPoliticosVer\" \/>\n<meta name=\"twitter:site\" content=\"@LosPoliticosVer\" \/>\n<meta name=\"twitter:label1\" content=\"Escrito por\" \/>\n\t<meta name=\"twitter:data1\" content=\"Lo viste en Los Pol\u00edticos\" \/>\n\t<meta name=\"twitter:label2\" content=\"Tiempo de lectura\" \/>\n\t<meta name=\"twitter:data2\" content=\"6 minutos\" \/>\n<script type=\"application\/ld+json\" class=\"yoast-schema-graph\">{\"@context\":\"https:\\\/\\\/schema.org\",\"@graph\":[{\"@type\":\"Article\",\"@id\":\"https:\\\/\\\/lospoliticosveracruz.com\\\/?p=22964#article\",\"isPartOf\":{\"@id\":\"https:\\\/\\\/lospoliticosveracruz.com\\\/?p=22964\"},\"author\":{\"name\":\"Lo viste en Los Pol\u00edticos\",\"@id\":\"https:\\\/\\\/lospoliticosveracruz.com\\\/#\\\/schema\\\/person\\\/b8702bb0e538456e6efd07080bf2a4a2\"},\"headline\":\"El reto de las casas\",\"datePublished\":\"2016-04-27T02:42:18+00:00\",\"mainEntityOfPage\":{\"@id\":\"https:\\\/\\\/lospoliticosveracruz.com\\\/?p=22964\"},\"wordCount\":1128,\"commentCount\":0,\"publisher\":{\"@id\":\"https:\\\/\\\/lospoliticosveracruz.com\\\/#organization\"},\"image\":{\"@id\":\"https:\\\/\\\/lospoliticosveracruz.com\\\/?p=22964#primaryimage\"},\"thumbnailUrl\":\"http:\\\/\\\/www.lospoliticosveracruz.com.mx\\\/wp-content\\\/uploads\\\/2016\\\/04\\\/Reforma-300x252.jpg\",\"keywords\":[\"casa\",\"H\u00e9ctor Yunes Landa\",\"mansi\u00f3n\",\"Miguel Angel Yunes Linares\",\"Reforma\"],\"articleSection\":[\"De Opini\u00f3n\"],\"inLanguage\":\"es\",\"potentialAction\":[{\"@type\":\"CommentAction\",\"name\":\"Comment\",\"target\":[\"https:\\\/\\\/lospoliticosveracruz.com\\\/?p=22964#respond\"]}]},{\"@type\":\"WebPage\",\"@id\":\"https:\\\/\\\/lospoliticosveracruz.com\\\/?p=22964\",\"url\":\"https:\\\/\\\/lospoliticosveracruz.com\\\/?p=22964\",\"name\":\"El reto de las casas - Los pol\u00edticos Veracruz\",\"isPartOf\":{\"@id\":\"https:\\\/\\\/lospoliticosveracruz.com\\\/#website\"},\"primaryImageOfPage\":{\"@id\":\"https:\\\/\\\/lospoliticosveracruz.com\\\/?p=22964#primaryimage\"},\"image\":{\"@id\":\"https:\\\/\\\/lospoliticosveracruz.com\\\/?p=22964#primaryimage\"},\"thumbnailUrl\":\"http:\\\/\\\/www.lospoliticosveracruz.com.mx\\\/wp-content\\\/uploads\\\/2016\\\/04\\\/Reforma-300x252.jpg\",\"datePublished\":\"2016-04-27T02:42:18+00:00\",\"breadcrumb\":{\"@id\":\"https:\\\/\\\/lospoliticosveracruz.com\\\/?p=22964#breadcrumb\"},\"inLanguage\":\"es\",\"potentialAction\":[{\"@type\":\"ReadAction\",\"target\":[\"https:\\\/\\\/lospoliticosveracruz.com\\\/?p=22964\"]}]},{\"@type\":\"ImageObject\",\"inLanguage\":\"es\",\"@id\":\"https:\\\/\\\/lospoliticosveracruz.com\\\/?p=22964#primaryimage\",\"url\":\"http:\\\/\\\/www.lospoliticosveracruz.com.mx\\\/wp-content\\\/uploads\\\/2016\\\/04\\\/Reforma-300x252.jpg\",\"contentUrl\":\"http:\\\/\\\/www.lospoliticosveracruz.com.mx\\\/wp-content\\\/uploads\\\/2016\\\/04\\\/Reforma-300x252.jpg\"},{\"@type\":\"BreadcrumbList\",\"@id\":\"https:\\\/\\\/lospoliticosveracruz.com\\\/?p=22964#breadcrumb\",\"itemListElement\":[{\"@type\":\"ListItem\",\"position\":1,\"name\":\"Portada\",\"item\":\"https:\\\/\\\/lospoliticosveracruz.com\\\/\"},{\"@type\":\"ListItem\",\"position\":2,\"name\":\"El reto de las casas\"}]},{\"@type\":\"WebSite\",\"@id\":\"https:\\\/\\\/lospoliticosveracruz.com\\\/#website\",\"url\":\"https:\\\/\\\/lospoliticosveracruz.com\\\/\",\"name\":\"Los pol\u00edticos Veracruz\",\"description\":\"\",\"publisher\":{\"@id\":\"https:\\\/\\\/lospoliticosveracruz.com\\\/#organization\"},\"potentialAction\":[{\"@type\":\"SearchAction\",\"target\":{\"@type\":\"EntryPoint\",\"urlTemplate\":\"https:\\\/\\\/lospoliticosveracruz.com\\\/?s={search_term_string}\"},\"query-input\":{\"@type\":\"PropertyValueSpecification\",\"valueRequired\":true,\"valueName\":\"search_term_string\"}}],\"inLanguage\":\"es\"},{\"@type\":\"Organization\",\"@id\":\"https:\\\/\\\/lospoliticosveracruz.com\\\/#organization\",\"name\":\"Los pol\u00edticos Veracruz\",\"url\":\"https:\\\/\\\/lospoliticosveracruz.com\\\/\",\"logo\":{\"@type\":\"ImageObject\",\"inLanguage\":\"es\",\"@id\":\"https:\\\/\\\/lospoliticosveracruz.com\\\/#\\\/schema\\\/logo\\\/image\\\/\",\"url\":\"https:\\\/\\\/lospoliticosveracruz.com\\\/wp-content\\\/uploads\\\/2025\\\/12\\\/Logo-Nuevo-LOS-POLITICOS-1.jpg\",\"contentUrl\":\"https:\\\/\\\/lospoliticosveracruz.com\\\/wp-content\\\/uploads\\\/2025\\\/12\\\/Logo-Nuevo-LOS-POLITICOS-1.jpg\",\"width\":260,\"height\":70,\"caption\":\"Los pol\u00edticos Veracruz\"},\"image\":{\"@id\":\"https:\\\/\\\/lospoliticosveracruz.com\\\/#\\\/schema\\\/logo\\\/image\\\/\"},\"sameAs\":[\"https:\\\/\\\/www.facebook.com\\\/people\\\/Notimemes-de-los-Polticos\\\/61565672886568\\\/\",\"https:\\\/\\\/x.com\\\/LosPoliticosVer\"]},{\"@type\":\"Person\",\"@id\":\"https:\\\/\\\/lospoliticosveracruz.com\\\/#\\\/schema\\\/person\\\/b8702bb0e538456e6efd07080bf2a4a2\",\"name\":\"Lo viste en Los Pol\u00edticos\",\"image\":{\"@type\":\"ImageObject\",\"inLanguage\":\"es\",\"@id\":\"https:\\\/\\\/secure.gravatar.com\\\/avatar\\\/3a8de04a2656d44082be478bd6c086daa447c4651605818287b9532d3d0bd435?s=96&d=mm&r=g\",\"url\":\"https:\\\/\\\/secure.gravatar.com\\\/avatar\\\/3a8de04a2656d44082be478bd6c086daa447c4651605818287b9532d3d0bd435?s=96&d=mm&r=g\",\"contentUrl\":\"https:\\\/\\\/secure.gravatar.com\\\/avatar\\\/3a8de04a2656d44082be478bd6c086daa447c4651605818287b9532d3d0bd435?s=96&d=mm&r=g\",\"caption\":\"Lo viste en Los Pol\u00edticos\"},\"url\":\"https:\\\/\\\/lospoliticosveracruz.com\\\/?author=2\"}]}<\/script>\n<!-- \/ Yoast SEO plugin. -->","yoast_head_json":{"title":"El reto de las casas - Los pol\u00edticos Veracruz","robots":{"index":"index","follow":"follow","max-snippet":"max-snippet:-1","max-image-preview":"max-image-preview:large","max-video-preview":"max-video-preview:-1"},"canonical":"https:\/\/lospoliticosveracruz.com\/?p=22964","og_locale":"es_ES","og_type":"article","og_title":"El reto de las casas - Los pol\u00edticos Veracruz","og_description":"Salvador Mu\u00f1oz Los Pol\u00edticos El reto de H\u00e9ctor Yunes Landa a Miguel \u00c1ngel Yunes Linares para que cada quien abra su casa (\u00bfcasa? \u00a1casa la m\u00eda! habr\u00e1 que ver las de ellos) habr\u00eda que plantearlo desde todos los \u00e1ngulos posibles. Va la lista: 1.- \u00bfPor el tama\u00f1o de la casa se puede medir la honorabilidad [&hellip;]","og_url":"https:\/\/lospoliticosveracruz.com\/?p=22964","og_site_name":"Los pol\u00edticos Veracruz","article_publisher":"https:\/\/www.facebook.com\/people\/Notimemes-de-los-Polticos\/61565672886568\/","article_published_time":"2016-04-27T02:42:18+00:00","og_image":[{"url":"http:\/\/www.lospoliticosveracruz.com.mx\/wp-content\/uploads\/2016\/04\/Reforma-300x252.jpg","type":"","width":"","height":""}],"author":"Lo viste en Los Pol\u00edticos","twitter_card":"summary_large_image","twitter_creator":"@LosPoliticosVer","twitter_site":"@LosPoliticosVer","twitter_misc":{"Escrito por":"Lo viste en Los Pol\u00edticos","Tiempo de lectura":"6 minutos"},"schema":{"@context":"https:\/\/schema.org","@graph":[{"@type":"Article","@id":"https:\/\/lospoliticosveracruz.com\/?p=22964#article","isPartOf":{"@id":"https:\/\/lospoliticosveracruz.com\/?p=22964"},"author":{"name":"Lo viste en Los Pol\u00edticos","@id":"https:\/\/lospoliticosveracruz.com\/#\/schema\/person\/b8702bb0e538456e6efd07080bf2a4a2"},"headline":"El reto de las casas","datePublished":"2016-04-27T02:42:18+00:00","mainEntityOfPage":{"@id":"https:\/\/lospoliticosveracruz.com\/?p=22964"},"wordCount":1128,"commentCount":0,"publisher":{"@id":"https:\/\/lospoliticosveracruz.com\/#organization"},"image":{"@id":"https:\/\/lospoliticosveracruz.com\/?p=22964#primaryimage"},"thumbnailUrl":"http:\/\/www.lospoliticosveracruz.com.mx\/wp-content\/uploads\/2016\/04\/Reforma-300x252.jpg","keywords":["casa","H\u00e9ctor Yunes Landa","mansi\u00f3n","Miguel Angel Yunes Linares","Reforma"],"articleSection":["De Opini\u00f3n"],"inLanguage":"es","potentialAction":[{"@type":"CommentAction","name":"Comment","target":["https:\/\/lospoliticosveracruz.com\/?p=22964#respond"]}]},{"@type":"WebPage","@id":"https:\/\/lospoliticosveracruz.com\/?p=22964","url":"https:\/\/lospoliticosveracruz.com\/?p=22964","name":"El reto de las casas - Los pol\u00edticos Veracruz","isPartOf":{"@id":"https:\/\/lospoliticosveracruz.com\/#website"},"primaryImageOfPage":{"@id":"https:\/\/lospoliticosveracruz.com\/?p=22964#primaryimage"},"image":{"@id":"https:\/\/lospoliticosveracruz.com\/?p=22964#primaryimage"},"thumbnailUrl":"http:\/\/www.lospoliticosveracruz.com.mx\/wp-content\/uploads\/2016\/04\/Reforma-300x252.jpg","datePublished":"2016-04-27T02:42:18+00:00","breadcrumb":{"@id":"https:\/\/lospoliticosveracruz.com\/?p=22964#breadcrumb"},"inLanguage":"es","potentialAction":[{"@type":"ReadAction","target":["https:\/\/lospoliticosveracruz.com\/?p=22964"]}]},{"@type":"ImageObject","inLanguage":"es","@id":"https:\/\/lospoliticosveracruz.com\/?p=22964#primaryimage","url":"http:\/\/www.lospoliticosveracruz.com.mx\/wp-content\/uploads\/2016\/04\/Reforma-300x252.jpg","contentUrl":"http:\/\/www.lospoliticosveracruz.com.mx\/wp-content\/uploads\/2016\/04\/Reforma-300x252.jpg"},{"@type":"BreadcrumbList","@id":"https:\/\/lospoliticosveracruz.com\/?p=22964#breadcrumb","itemListElement":[{"@type":"ListItem","position":1,"name":"Portada","item":"https:\/\/lospoliticosveracruz.com\/"},{"@type":"ListItem","position":2,"name":"El reto de las casas"}]},{"@type":"WebSite","@id":"https:\/\/lospoliticosveracruz.com\/#website","url":"https:\/\/lospoliticosveracruz.com\/","name":"Los pol\u00edticos Veracruz","description":"","publisher":{"@id":"https:\/\/lospoliticosveracruz.com\/#organization"},"potentialAction":[{"@type":"SearchAction","target":{"@type":"EntryPoint","urlTemplate":"https:\/\/lospoliticosveracruz.com\/?s={search_term_string}"},"query-input":{"@type":"PropertyValueSpecification","valueRequired":true,"valueName":"search_term_string"}}],"inLanguage":"es"},{"@type":"Organization","@id":"https:\/\/lospoliticosveracruz.com\/#organization","name":"Los pol\u00edticos Veracruz","url":"https:\/\/lospoliticosveracruz.com\/","logo":{"@type":"ImageObject","inLanguage":"es","@id":"https:\/\/lospoliticosveracruz.com\/#\/schema\/logo\/image\/","url":"https:\/\/lospoliticosveracruz.com\/wp-content\/uploads\/2025\/12\/Logo-Nuevo-LOS-POLITICOS-1.jpg","contentUrl":"https:\/\/lospoliticosveracruz.com\/wp-content\/uploads\/2025\/12\/Logo-Nuevo-LOS-POLITICOS-1.jpg","width":260,"height":70,"caption":"Los pol\u00edticos Veracruz"},"image":{"@id":"https:\/\/lospoliticosveracruz.com\/#\/schema\/logo\/image\/"},"sameAs":["https:\/\/www.facebook.com\/people\/Notimemes-de-los-Polticos\/61565672886568\/","https:\/\/x.com\/LosPoliticosVer"]},{"@type":"Person","@id":"https:\/\/lospoliticosveracruz.com\/#\/schema\/person\/b8702bb0e538456e6efd07080bf2a4a2","name":"Lo viste en Los Pol\u00edticos","image":{"@type":"ImageObject","inLanguage":"es","@id":"https:\/\/secure.gravatar.com\/avatar\/3a8de04a2656d44082be478bd6c086daa447c4651605818287b9532d3d0bd435?s=96&d=mm&r=g","url":"https:\/\/secure.gravatar.com\/avatar\/3a8de04a2656d44082be478bd6c086daa447c4651605818287b9532d3d0bd435?s=96&d=mm&r=g","contentUrl":"https:\/\/secure.gravatar.com\/avatar\/3a8de04a2656d44082be478bd6c086daa447c4651605818287b9532d3d0bd435?s=96&d=mm&r=g","caption":"Lo viste en Los Pol\u00edticos"},"url":"https:\/\/lospoliticosveracruz.com\/?author=2"}]}},"_links":{"self":[{"href":"https:\/\/lospoliticosveracruz.com\/index.php?rest_route=\/wp\/v2\/posts\/22964","targetHints":{"allow":["GET"]}}],"collection":[{"href":"https:\/\/lospoliticosveracruz.com\/index.php?rest_route=\/wp\/v2\/posts"}],"about":[{"href":"https:\/\/lospoliticosveracruz.com\/index.php?rest_route=\/wp\/v2\/types\/post"}],"author":[{"embeddable":true,"href":"https:\/\/lospoliticosveracruz.com\/index.php?rest_route=\/wp\/v2\/users\/2"}],"replies":[{"embeddable":true,"href":"https:\/\/lospoliticosveracruz.com\/index.php?rest_route=%2Fwp%2Fv2%2Fcomments&post=22964"}],"version-history":[{"count":1,"href":"https:\/\/lospoliticosveracruz.com\/index.php?rest_route=\/wp\/v2\/posts\/22964\/revisions"}],"predecessor-version":[{"id":22967,"href":"https:\/\/lospoliticosveracruz.com\/index.php?rest_route=\/wp\/v2\/posts\/22964\/revisions\/22967"}],"wp:attachment":[{"href":"https:\/\/lospoliticosveracruz.com\/index.php?rest_route=%2Fwp%2Fv2%2Fmedia&parent=22964"}],"wp:term":[{"taxonomy":"category","embeddable":true,"href":"https:\/\/lospoliticosveracruz.com\/index.php?rest_route=%2Fwp%2Fv2%2Fcategories&post=22964"},{"taxonomy":"post_tag","embeddable":true,"href":"https:\/\/lospoliticosveracruz.com\/index.php?rest_route=%2Fwp%2Fv2%2Ftags&post=22964"}],"curies":[{"name":"wp","href":"https:\/\/api.w.org\/{rel}","templated":true}]}}