{"id":22969,"date":"2016-04-27T17:19:02","date_gmt":"2016-04-27T22:19:02","guid":{"rendered":"http:\/\/www.lospoliticosveracruz.com.mx\/?p=22969"},"modified":"2016-04-27T17:19:02","modified_gmt":"2016-04-27T22:19:02","slug":"se-rajo-yunes-linares","status":"publish","type":"post","link":"https:\/\/lospoliticosveracruz.com\/?p=22969","title":{"rendered":"\u00a1Se raj\u00f3 Yunes Linares!"},"content":{"rendered":"<blockquote><p><a href=\"http:\/\/www.lospoliticosveracruz.com.mx\/wp-content\/uploads\/2016\/04\/H\u00e9ctor-Yunes-Landa3.jpg\"><img loading=\"lazy\" decoding=\"async\" class=\"alignnone size-medium wp-image-22970\" src=\"http:\/\/www.lospoliticosveracruz.com.mx\/wp-content\/uploads\/2016\/04\/H\u00e9ctor-Yunes-Landa3-300x221.jpg\" alt=\"H\u00e9ctor Yunes Landa\" width=\"300\" height=\"221\" \/><\/a><\/p>\n<p>Es incapaz de explicar c\u00f3mo se hizo millonario: H\u00e9ctor<\/p><\/blockquote>\n<p>\u201cSe raj\u00f3 Miguel\u201d, sentenci\u00f3 el candidato a la gubernatura del estado por la coalici\u00f3n \u201cPara Mejorar Veracruz\u201d, H\u00e9ctor Yunes Landa, al se\u00f1alar que el aspirante del PAN-PRD es incapaz de explicar c\u00f3mo se hizo millonario.<\/p>\n<p>\u201cPor eso estamos arriba en todos los n\u00fameros\u201d, anot\u00f3 previo a su participaci\u00f3n en el debate radiof\u00f3nico de la estaci\u00f3n XEU de Veracruz.<\/p>\n<p>H\u00e9ctor Yunes Landa reiter\u00f3 que tiene la ventaja tanto num\u00e9rica como moral, y propuso ante los dem\u00e1s aspirantes que cuando sea Gobernador implementar\u00e1 una administraci\u00f3n honesta que combata a la corrupci\u00f3n.<\/p>\n<p>Y expuso que a diferencia de otros en esta contienda, \u00e9l no tiene nada que esconder, y no cuenta con pasados vergonzosos.<\/p>\n<p>\u201cLo digo y lo sostengo: Yo estoy limpio y puedo mirar a los ojos\u201d y record\u00f3 que desde el pasado domingo, durante el debate del OPLE, lanz\u00f3 el reto a Miguel \u00c1ngel Yunes Linares, para que ambos abrieran las puertas de sus casas, y las de sus hijos, a un grupo de veracruzanos, sin que el panista cumpliera.<\/p>\n<p>Lo anterior lo hizo, dijo, con el objetivo de que esta comisi\u00f3n las conociera y constataran c\u00f3mo viven, y si esa forma es la congruente a lo reportado por cada uno en su declaraci\u00f3n 3 de 3.<\/p>\n<p>\u201cS\u00ed \u00e9l no quiso abrir su casa yo s\u00ed\u201d, determin\u00f3 el candidato priista tras recordar que la ma\u00f1ana de este mi\u00e9rcoles recibi\u00f3 en su casa, en Xalapa, a los empresarios Jorge Coffau, Antonio Pino Aguilar y al notario Luis Octavio Salmer\u00f3n.<\/p>\n<p>\u201cNecesitamos darle a Veracruz otra H, la de la honradez. Porque para m\u00ed ser honrado no es s\u00f3lo un estandarte de campa\u00f1a o un escudo para luchar en contra, es una convicci\u00f3n\u201d.<\/p>\n<p>El candidato de la coalici\u00f3n PRI, PVEM, PANAL, AVE y Cardenista, se\u00f1al\u00f3 que hoy pr\u00e1cticamente llega a la mitad de la campa\u00f1a por la gubernatura, en la que a lo largo de estas semanas ha recorrido el estado, escuchando a sus paisanos y constatando las fortalezas y las dolencias de Veracruz y de los veracruzanos.<\/p>\n<p>\u201cSoy derecho y de palabra. Soy congruente en mi vida. As\u00ed lo demuestran mis casi 40 a\u00f1os de servicio y as\u00ed lo demuestra mi forma de vivir, dijo H\u00e9ctor Yunes a la poblaci\u00f3n veracruzana durante su intervenci\u00f3n en el debate radiof\u00f3nico.<\/p>\n","protected":false},"excerpt":{"rendered":"<p>Es incapaz de explicar c\u00f3mo se hizo millonario: H\u00e9ctor \u201cSe raj\u00f3 Miguel\u201d, sentenci\u00f3 el candidato a la gubernatura del estado por la coalici\u00f3n \u201cPara Mejorar Veracruz\u201d, H\u00e9ctor Yunes Landa, al se\u00f1alar que el aspirante del PAN-PRD es incapaz de explicar c\u00f3mo se hizo millonario. \u201cPor eso estamos arriba en todos los n\u00fameros\u201d, anot\u00f3 previo a [&hellip;]<\/p>\n","protected":false},"author":2,"featured_media":0,"comment_status":"open","ping_status":"open","sticky":false,"template":"","format":"standard","meta":{"tdm_status":"","tdm_grid_status":"","footnotes":""},"categories":[73],"tags":[348,428],"class_list":{"0":"post-22969","1":"post","2":"type-post","3":"status-publish","4":"format-standard","6":"category-de-boleto","7":"tag-hector-yunes-landa","8":"tag-miguel-angel-yunes-linares"},"yoast_head":"<!-- This site is optimized with the Yoast SEO plugin v27.4 - https:\/\/yoast.com\/product\/yoast-seo-wordpress\/ -->\n<title>\u00a1Se raj\u00f3 Yunes Linares! - Los pol\u00edticos Veracruz<\/title>\n<meta name=\"robots\" content=\"index, follow, max-snippet:-1, max-image-preview:large, max-video-preview:-1\" \/>\n<link rel=\"canonical\" href=\"https:\/\/lospoliticosveracruz.com\/?p=22969\" \/>\n<meta property=\"og:locale\" content=\"es_ES\" \/>\n<meta property=\"og:type\" content=\"article\" \/>\n<meta property=\"og:title\" content=\"\u00a1Se raj\u00f3 Yunes Linares! - Los pol\u00edticos Veracruz\" \/>\n<meta property=\"og:description\" content=\"Es incapaz de explicar c\u00f3mo se hizo millonario: H\u00e9ctor \u201cSe raj\u00f3 Miguel\u201d, sentenci\u00f3 el candidato a la gubernatura del estado por la coalici\u00f3n \u201cPara Mejorar Veracruz\u201d, H\u00e9ctor Yunes Landa, al se\u00f1alar que el aspirante del PAN-PRD es incapaz de explicar c\u00f3mo se hizo millonario. \u201cPor eso estamos arriba en todos los n\u00fameros\u201d, anot\u00f3 previo a [&hellip;]\" \/>\n<meta property=\"og:url\" content=\"https:\/\/lospoliticosveracruz.com\/?p=22969\" \/>\n<meta property=\"og:site_name\" content=\"Los pol\u00edticos Veracruz\" \/>\n<meta property=\"article:publisher\" content=\"https:\/\/www.facebook.com\/people\/Notimemes-de-los-Polticos\/61565672886568\/\" \/>\n<meta property=\"article:published_time\" content=\"2016-04-27T22:19:02+00:00\" \/>\n<meta property=\"og:image\" content=\"https:\/\/lospoliticosveracruz.com\/wp-content\/uploads\/2016\/07\/Logo-Dor.jpg\" \/>\n\t<meta property=\"og:image:width\" content=\"200\" \/>\n\t<meta property=\"og:image:height\" content=\"200\" \/>\n\t<meta property=\"og:image:type\" content=\"image\/jpeg\" \/>\n<meta name=\"author\" content=\"Lo viste en Los Pol\u00edticos\" \/>\n<meta name=\"twitter:card\" content=\"summary_large_image\" \/>\n<meta name=\"twitter:creator\" content=\"@LosPoliticosVer\" \/>\n<meta name=\"twitter:site\" content=\"@LosPoliticosVer\" \/>\n<meta name=\"twitter:label1\" content=\"Escrito por\" \/>\n\t<meta name=\"twitter:data1\" content=\"Lo viste en Los Pol\u00edticos\" \/>\n\t<meta name=\"twitter:label2\" content=\"Tiempo de lectura\" \/>\n\t<meta name=\"twitter:data2\" content=\"2 minutos\" \/>\n<script type=\"application\/ld+json\" class=\"yoast-schema-graph\">{\"@context\":\"https:\\\/\\\/schema.org\",\"@graph\":[{\"@type\":\"Article\",\"@id\":\"https:\\\/\\\/lospoliticosveracruz.com\\\/?p=22969#article\",\"isPartOf\":{\"@id\":\"https:\\\/\\\/lospoliticosveracruz.com\\\/?p=22969\"},\"author\":{\"name\":\"Lo viste en Los Pol\u00edticos\",\"@id\":\"https:\\\/\\\/lospoliticosveracruz.com\\\/#\\\/schema\\\/person\\\/b8702bb0e538456e6efd07080bf2a4a2\"},\"headline\":\"\u00a1Se raj\u00f3 Yunes Linares!\",\"datePublished\":\"2016-04-27T22:19:02+00:00\",\"mainEntityOfPage\":{\"@id\":\"https:\\\/\\\/lospoliticosveracruz.com\\\/?p=22969\"},\"wordCount\":418,\"commentCount\":0,\"publisher\":{\"@id\":\"https:\\\/\\\/lospoliticosveracruz.com\\\/#organization\"},\"keywords\":[\"H\u00e9ctor Yunes Landa\",\"Miguel Angel Yunes Linares\"],\"articleSection\":[\"De Boleto\"],\"inLanguage\":\"es\",\"potentialAction\":[{\"@type\":\"CommentAction\",\"name\":\"Comment\",\"target\":[\"https:\\\/\\\/lospoliticosveracruz.com\\\/?p=22969#respond\"]}]},{\"@type\":\"WebPage\",\"@id\":\"https:\\\/\\\/lospoliticosveracruz.com\\\/?p=22969\",\"url\":\"https:\\\/\\\/lospoliticosveracruz.com\\\/?p=22969\",\"name\":\"\u00a1Se raj\u00f3 Yunes Linares! - Los pol\u00edticos Veracruz\",\"isPartOf\":{\"@id\":\"https:\\\/\\\/lospoliticosveracruz.com\\\/#website\"},\"datePublished\":\"2016-04-27T22:19:02+00:00\",\"breadcrumb\":{\"@id\":\"https:\\\/\\\/lospoliticosveracruz.com\\\/?p=22969#breadcrumb\"},\"inLanguage\":\"es\",\"potentialAction\":[{\"@type\":\"ReadAction\",\"target\":[\"https:\\\/\\\/lospoliticosveracruz.com\\\/?p=22969\"]}]},{\"@type\":\"BreadcrumbList\",\"@id\":\"https:\\\/\\\/lospoliticosveracruz.com\\\/?p=22969#breadcrumb\",\"itemListElement\":[{\"@type\":\"ListItem\",\"position\":1,\"name\":\"Portada\",\"item\":\"https:\\\/\\\/lospoliticosveracruz.com\\\/\"},{\"@type\":\"ListItem\",\"position\":2,\"name\":\"\u00a1Se raj\u00f3 Yunes Linares!\"}]},{\"@type\":\"WebSite\",\"@id\":\"https:\\\/\\\/lospoliticosveracruz.com\\\/#website\",\"url\":\"https:\\\/\\\/lospoliticosveracruz.com\\\/\",\"name\":\"Los pol\u00edticos Veracruz\",\"description\":\"\",\"publisher\":{\"@id\":\"https:\\\/\\\/lospoliticosveracruz.com\\\/#organization\"},\"potentialAction\":[{\"@type\":\"SearchAction\",\"target\":{\"@type\":\"EntryPoint\",\"urlTemplate\":\"https:\\\/\\\/lospoliticosveracruz.com\\\/?s={search_term_string}\"},\"query-input\":{\"@type\":\"PropertyValueSpecification\",\"valueRequired\":true,\"valueName\":\"search_term_string\"}}],\"inLanguage\":\"es\"},{\"@type\":\"Organization\",\"@id\":\"https:\\\/\\\/lospoliticosveracruz.com\\\/#organization\",\"name\":\"Los pol\u00edticos Veracruz\",\"url\":\"https:\\\/\\\/lospoliticosveracruz.com\\\/\",\"logo\":{\"@type\":\"ImageObject\",\"inLanguage\":\"es\",\"@id\":\"https:\\\/\\\/lospoliticosveracruz.com\\\/#\\\/schema\\\/logo\\\/image\\\/\",\"url\":\"https:\\\/\\\/lospoliticosveracruz.com\\\/wp-content\\\/uploads\\\/2025\\\/12\\\/Logo-Nuevo-LOS-POLITICOS-1.jpg\",\"contentUrl\":\"https:\\\/\\\/lospoliticosveracruz.com\\\/wp-content\\\/uploads\\\/2025\\\/12\\\/Logo-Nuevo-LOS-POLITICOS-1.jpg\",\"width\":260,\"height\":70,\"caption\":\"Los pol\u00edticos Veracruz\"},\"image\":{\"@id\":\"https:\\\/\\\/lospoliticosveracruz.com\\\/#\\\/schema\\\/logo\\\/image\\\/\"},\"sameAs\":[\"https:\\\/\\\/www.facebook.com\\\/people\\\/Notimemes-de-los-Polticos\\\/61565672886568\\\/\",\"https:\\\/\\\/x.com\\\/LosPoliticosVer\"]},{\"@type\":\"Person\",\"@id\":\"https:\\\/\\\/lospoliticosveracruz.com\\\/#\\\/schema\\\/person\\\/b8702bb0e538456e6efd07080bf2a4a2\",\"name\":\"Lo viste en Los Pol\u00edticos\",\"image\":{\"@type\":\"ImageObject\",\"inLanguage\":\"es\",\"@id\":\"https:\\\/\\\/secure.gravatar.com\\\/avatar\\\/3a8de04a2656d44082be478bd6c086daa447c4651605818287b9532d3d0bd435?s=96&d=mm&r=g\",\"url\":\"https:\\\/\\\/secure.gravatar.com\\\/avatar\\\/3a8de04a2656d44082be478bd6c086daa447c4651605818287b9532d3d0bd435?s=96&d=mm&r=g\",\"contentUrl\":\"https:\\\/\\\/secure.gravatar.com\\\/avatar\\\/3a8de04a2656d44082be478bd6c086daa447c4651605818287b9532d3d0bd435?s=96&d=mm&r=g\",\"caption\":\"Lo viste en Los Pol\u00edticos\"},\"url\":\"https:\\\/\\\/lospoliticosveracruz.com\\\/?author=2\"}]}<\/script>\n<!-- \/ Yoast SEO plugin. -->","yoast_head_json":{"title":"\u00a1Se raj\u00f3 Yunes Linares! - Los pol\u00edticos Veracruz","robots":{"index":"index","follow":"follow","max-snippet":"max-snippet:-1","max-image-preview":"max-image-preview:large","max-video-preview":"max-video-preview:-1"},"canonical":"https:\/\/lospoliticosveracruz.com\/?p=22969","og_locale":"es_ES","og_type":"article","og_title":"\u00a1Se raj\u00f3 Yunes Linares! - Los pol\u00edticos Veracruz","og_description":"Es incapaz de explicar c\u00f3mo se hizo millonario: H\u00e9ctor \u201cSe raj\u00f3 Miguel\u201d, sentenci\u00f3 el candidato a la gubernatura del estado por la coalici\u00f3n \u201cPara Mejorar Veracruz\u201d, H\u00e9ctor Yunes Landa, al se\u00f1alar que el aspirante del PAN-PRD es incapaz de explicar c\u00f3mo se hizo millonario. \u201cPor eso estamos arriba en todos los n\u00fameros\u201d, anot\u00f3 previo a [&hellip;]","og_url":"https:\/\/lospoliticosveracruz.com\/?p=22969","og_site_name":"Los pol\u00edticos Veracruz","article_publisher":"https:\/\/www.facebook.com\/people\/Notimemes-de-los-Polticos\/61565672886568\/","article_published_time":"2016-04-27T22:19:02+00:00","og_image":[{"width":200,"height":200,"url":"https:\/\/lospoliticosveracruz.com\/wp-content\/uploads\/2016\/07\/Logo-Dor.jpg","type":"image\/jpeg"}],"author":"Lo viste en Los Pol\u00edticos","twitter_card":"summary_large_image","twitter_creator":"@LosPoliticosVer","twitter_site":"@LosPoliticosVer","twitter_misc":{"Escrito por":"Lo viste en Los Pol\u00edticos","Tiempo de lectura":"2 minutos"},"schema":{"@context":"https:\/\/schema.org","@graph":[{"@type":"Article","@id":"https:\/\/lospoliticosveracruz.com\/?p=22969#article","isPartOf":{"@id":"https:\/\/lospoliticosveracruz.com\/?p=22969"},"author":{"name":"Lo viste en Los Pol\u00edticos","@id":"https:\/\/lospoliticosveracruz.com\/#\/schema\/person\/b8702bb0e538456e6efd07080bf2a4a2"},"headline":"\u00a1Se raj\u00f3 Yunes Linares!","datePublished":"2016-04-27T22:19:02+00:00","mainEntityOfPage":{"@id":"https:\/\/lospoliticosveracruz.com\/?p=22969"},"wordCount":418,"commentCount":0,"publisher":{"@id":"https:\/\/lospoliticosveracruz.com\/#organization"},"keywords":["H\u00e9ctor Yunes Landa","Miguel Angel Yunes Linares"],"articleSection":["De Boleto"],"inLanguage":"es","potentialAction":[{"@type":"CommentAction","name":"Comment","target":["https:\/\/lospoliticosveracruz.com\/?p=22969#respond"]}]},{"@type":"WebPage","@id":"https:\/\/lospoliticosveracruz.com\/?p=22969","url":"https:\/\/lospoliticosveracruz.com\/?p=22969","name":"\u00a1Se raj\u00f3 Yunes Linares! - Los pol\u00edticos Veracruz","isPartOf":{"@id":"https:\/\/lospoliticosveracruz.com\/#website"},"datePublished":"2016-04-27T22:19:02+00:00","breadcrumb":{"@id":"https:\/\/lospoliticosveracruz.com\/?p=22969#breadcrumb"},"inLanguage":"es","potentialAction":[{"@type":"ReadAction","target":["https:\/\/lospoliticosveracruz.com\/?p=22969"]}]},{"@type":"BreadcrumbList","@id":"https:\/\/lospoliticosveracruz.com\/?p=22969#breadcrumb","itemListElement":[{"@type":"ListItem","position":1,"name":"Portada","item":"https:\/\/lospoliticosveracruz.com\/"},{"@type":"ListItem","position":2,"name":"\u00a1Se raj\u00f3 Yunes Linares!"}]},{"@type":"WebSite","@id":"https:\/\/lospoliticosveracruz.com\/#website","url":"https:\/\/lospoliticosveracruz.com\/","name":"Los pol\u00edticos Veracruz","description":"","publisher":{"@id":"https:\/\/lospoliticosveracruz.com\/#organization"},"potentialAction":[{"@type":"SearchAction","target":{"@type":"EntryPoint","urlTemplate":"https:\/\/lospoliticosveracruz.com\/?s={search_term_string}"},"query-input":{"@type":"PropertyValueSpecification","valueRequired":true,"valueName":"search_term_string"}}],"inLanguage":"es"},{"@type":"Organization","@id":"https:\/\/lospoliticosveracruz.com\/#organization","name":"Los pol\u00edticos Veracruz","url":"https:\/\/lospoliticosveracruz.com\/","logo":{"@type":"ImageObject","inLanguage":"es","@id":"https:\/\/lospoliticosveracruz.com\/#\/schema\/logo\/image\/","url":"https:\/\/lospoliticosveracruz.com\/wp-content\/uploads\/2025\/12\/Logo-Nuevo-LOS-POLITICOS-1.jpg","contentUrl":"https:\/\/lospoliticosveracruz.com\/wp-content\/uploads\/2025\/12\/Logo-Nuevo-LOS-POLITICOS-1.jpg","width":260,"height":70,"caption":"Los pol\u00edticos Veracruz"},"image":{"@id":"https:\/\/lospoliticosveracruz.com\/#\/schema\/logo\/image\/"},"sameAs":["https:\/\/www.facebook.com\/people\/Notimemes-de-los-Polticos\/61565672886568\/","https:\/\/x.com\/LosPoliticosVer"]},{"@type":"Person","@id":"https:\/\/lospoliticosveracruz.com\/#\/schema\/person\/b8702bb0e538456e6efd07080bf2a4a2","name":"Lo viste en Los Pol\u00edticos","image":{"@type":"ImageObject","inLanguage":"es","@id":"https:\/\/secure.gravatar.com\/avatar\/3a8de04a2656d44082be478bd6c086daa447c4651605818287b9532d3d0bd435?s=96&d=mm&r=g","url":"https:\/\/secure.gravatar.com\/avatar\/3a8de04a2656d44082be478bd6c086daa447c4651605818287b9532d3d0bd435?s=96&d=mm&r=g","contentUrl":"https:\/\/secure.gravatar.com\/avatar\/3a8de04a2656d44082be478bd6c086daa447c4651605818287b9532d3d0bd435?s=96&d=mm&r=g","caption":"Lo viste en Los Pol\u00edticos"},"url":"https:\/\/lospoliticosveracruz.com\/?author=2"}]}},"_links":{"self":[{"href":"https:\/\/lospoliticosveracruz.com\/index.php?rest_route=\/wp\/v2\/posts\/22969","targetHints":{"allow":["GET"]}}],"collection":[{"href":"https:\/\/lospoliticosveracruz.com\/index.php?rest_route=\/wp\/v2\/posts"}],"about":[{"href":"https:\/\/lospoliticosveracruz.com\/index.php?rest_route=\/wp\/v2\/types\/post"}],"author":[{"embeddable":true,"href":"https:\/\/lospoliticosveracruz.com\/index.php?rest_route=\/wp\/v2\/users\/2"}],"replies":[{"embeddable":true,"href":"https:\/\/lospoliticosveracruz.com\/index.php?rest_route=%2Fwp%2Fv2%2Fcomments&post=22969"}],"version-history":[{"count":1,"href":"https:\/\/lospoliticosveracruz.com\/index.php?rest_route=\/wp\/v2\/posts\/22969\/revisions"}],"predecessor-version":[{"id":22971,"href":"https:\/\/lospoliticosveracruz.com\/index.php?rest_route=\/wp\/v2\/posts\/22969\/revisions\/22971"}],"wp:attachment":[{"href":"https:\/\/lospoliticosveracruz.com\/index.php?rest_route=%2Fwp%2Fv2%2Fmedia&parent=22969"}],"wp:term":[{"taxonomy":"category","embeddable":true,"href":"https:\/\/lospoliticosveracruz.com\/index.php?rest_route=%2Fwp%2Fv2%2Fcategories&post=22969"},{"taxonomy":"post_tag","embeddable":true,"href":"https:\/\/lospoliticosveracruz.com\/index.php?rest_route=%2Fwp%2Fv2%2Ftags&post=22969"}],"curies":[{"name":"wp","href":"https:\/\/api.w.org\/{rel}","templated":true}]}}