{"id":22972,"date":"2016-04-27T17:34:10","date_gmt":"2016-04-27T22:34:10","guid":{"rendered":"http:\/\/www.lospoliticosveracruz.com.mx\/?p=22972"},"modified":"2016-04-27T17:34:10","modified_gmt":"2016-04-27T22:34:10","slug":"la-pobreza-en-aumento-a-puerta-cerrada-o-puertas-abiertas","status":"publish","type":"post","link":"https:\/\/lospoliticosveracruz.com\/?p=22972","title":{"rendered":"La pobreza, en aumento, a puerta cerrada o puertas abiertas"},"content":{"rendered":"<p><a href=\"http:\/\/www.lospoliticosveracruz.com.mx\/wp-content\/uploads\/2016\/04\/Empresario.jpg\"><img loading=\"lazy\" decoding=\"async\" class=\"alignnone size-medium wp-image-22973\" src=\"http:\/\/www.lospoliticosveracruz.com.mx\/wp-content\/uploads\/2016\/04\/Empresario-300x227.jpg\" alt=\"Empresario\" width=\"300\" height=\"227\" \/><\/a><\/p>\n<p><strong>Valeria Marcial<\/strong><\/p>\n<p><em>En Pol\u00edtica&#8230; Personas y Personalidades<\/em><\/p>\n<p>En Veracruz la pobreza va en aumento, 6 de cada 10 personas est\u00e1n en condiciones y en pobreza extrema, pero las pol\u00edticas p\u00fablicas en Veracruz no est\u00e1n siendo enfocadas a generar mejores condiciones de vida.<\/p>\n<p>Lamentablemente la ni\u00f1ez veracruzana es quien m\u00e1s padece la dispersi\u00f3n de los recursos que llegan a los bolsillos de unos cuantos y no se ven traducidos en mejores condiciones de empleos, que a su vez sean bien remunerados o permitan el acceso a servicios de salud, as\u00ed como educaci\u00f3n.<\/p>\n<p>Del Fondo de Aportaciones de los Servicios de Salud, la Auditor\u00eda Superior de la Federaci\u00f3n detect\u00f3 en la Cuenta P\u00fablica 2013, detect\u00f3 que en la medida en que no se realiz\u00f3 una gesti\u00f3n financiera eficiente y transparente de los recursos y no se cumpli\u00f3 con los objetivos y metas de los fondos federalizados, se impact\u00f3 negativamente en la salud de las y los menores de edad.<\/p>\n<p><strong>Le urge el fuero a Buganza<\/strong><\/p>\n<p>Tal como se lo adelantamos hace 10 d\u00edas en La Revolcada, Gerardo Buganza ocupa la posici\u00f3n n\u00famero 1 de la lista de las diputaciones por la v\u00eda plurinominal, y necesita esta posici\u00f3n porque a Buganza Salmer\u00f3n le urge el fuero, pues tiene abiertos expedientes ante la Auditor\u00eda Superior de la Federaci\u00f3n (ASF).<\/p>\n<p>De un monto de 14 millones 531 mil 229.81 pesos, solo resta la m\u00f3dica cantidad de 5 millones 656 mil 273.26 pesos, que no ha podido ser solventada, por la Secretar\u00eda de Infraestructura y Obras P\u00fablicas (SIOP), periodo en el que estuvo Buganza al frente de la dependencia.<\/p>\n<p>Por esto, era m\u00e1s f\u00e1cil bajarse de una campa\u00f1a muy re\u00f1ida y pedir una diputaci\u00f3n por la v\u00eda plurinominal, que perder en las urnas&#8230;. El que a\u00fan no la libra es Pancho Valencia.<\/p>\n<p><strong>Las listas partidistas<\/strong><\/p>\n<p>Tantas son las ganas de representar al pueblo veracruzano en el Congreso del Estado&#8230;<\/p>\n<p>Este martes por fin acab\u00f3 la angustia para muchos, se registraron ante el Organismo P\u00fablico Local Electoral, las candidatas y los candidatos a la diputaci\u00f3n local, por Mayor\u00eda Relativa y de Representaci\u00f3n Proporcional.<\/p>\n<p>Quienes despachar\u00e1n muy seguramente desde Palacio Legislativo, ser\u00e1n Regina V\u00e1zquez Saut; Nicol\u00e1s Callejas Roldan \u00abequipo, equipo, equipo\u00bb; Luisa \u00c1ngela Soto, Maldonado; Gerardo Buganza Salmer\u00f3n, Guadalupe Pe\u00f1a Recio; Manuel Arellano M\u00e9ndez, Juan de Dios S\u00e1nchez Abreu, Sergio Hern\u00e1ndez Hern\u00e1ndez, Cinthya Lobato Calder\u00f3n, Hipolito Deschamps Espino Barros e incluso Teresita Zuccolotto y Sergio Rodr\u00edguez, solo por mencionar algunos.<\/p>\n<p><strong>Joyitas<\/strong><\/p>\n<p>Una peque\u00f1a pregunta, con abrir las puertas de la casa o de las casas de los candidatos (toooodos), \u00bfcon eso se van a resolver los problemas de Veracruz?<\/p>\n<p>Y si los pobres de la Sierra de Zongolica abren las puertas de su casa \u00bfqu\u00e9 pasa?<\/p>\n<p>L\u00e1stima que los empresarios se presten a esos juegos de voy y reviso y veo y digo que vi. El PAN se escud\u00f3 en decir que es una decisi\u00f3n personal, bien, pero evidenciaron hermetismo, que algo ocultan, pues s\u00ed, eso ya todos los sabemos.<\/p>\n<p>Lo que falta es que las instituciones encargadas de revisar las cuentas de los funcionarios, a los que se le se\u00f1ala de enriquecimiento il\u00edcito lo comprueben.<\/p>\n<p>\u00a1Regresamos!<\/p>\n<p>vale_1887@hotmail.com<\/p>\n","protected":false},"excerpt":{"rendered":"<p>Valeria Marcial En Pol\u00edtica&#8230; Personas y Personalidades En Veracruz la pobreza va en aumento, 6 de cada 10 personas est\u00e1n en condiciones y en pobreza extrema, pero las pol\u00edticas p\u00fablicas en Veracruz no est\u00e1n siendo enfocadas a generar mejores condiciones de vida. Lamentablemente la ni\u00f1ez veracruzana es quien m\u00e1s padece la dispersi\u00f3n de los recursos [&hellip;]<\/p>\n","protected":false},"author":2,"featured_media":0,"comment_status":"open","ping_status":"open","sticky":false,"template":"","format":"standard","meta":{"tdm_status":"","tdm_grid_status":"","footnotes":""},"categories":[70],"tags":[447,97,195],"class_list":{"0":"post-22972","1":"post","2":"type-post","3":"status-publish","4":"format-standard","6":"category-de-opinion","7":"tag-gerardo-buganza","8":"tag-pobreza","9":"tag-veracruz"},"yoast_head":"<!-- This site is optimized with the Yoast SEO plugin v27.4 - https:\/\/yoast.com\/product\/yoast-seo-wordpress\/ -->\n<title>La pobreza, en aumento, a puerta cerrada o puertas abiertas - Los pol\u00edticos Veracruz<\/title>\n<meta name=\"robots\" content=\"index, follow, max-snippet:-1, max-image-preview:large, max-video-preview:-1\" \/>\n<link rel=\"canonical\" href=\"https:\/\/lospoliticosveracruz.com\/?p=22972\" \/>\n<meta property=\"og:locale\" content=\"es_ES\" \/>\n<meta property=\"og:type\" content=\"article\" \/>\n<meta property=\"og:title\" content=\"La pobreza, en aumento, a puerta cerrada o puertas abiertas - Los pol\u00edticos Veracruz\" \/>\n<meta property=\"og:description\" content=\"Valeria Marcial En Pol\u00edtica&#8230; Personas y Personalidades En Veracruz la pobreza va en aumento, 6 de cada 10 personas est\u00e1n en condiciones y en pobreza extrema, pero las pol\u00edticas p\u00fablicas en Veracruz no est\u00e1n siendo enfocadas a generar mejores condiciones de vida. Lamentablemente la ni\u00f1ez veracruzana es quien m\u00e1s padece la dispersi\u00f3n de los recursos [&hellip;]\" \/>\n<meta property=\"og:url\" content=\"https:\/\/lospoliticosveracruz.com\/?p=22972\" \/>\n<meta property=\"og:site_name\" content=\"Los pol\u00edticos Veracruz\" \/>\n<meta property=\"article:publisher\" content=\"https:\/\/www.facebook.com\/people\/Notimemes-de-los-Polticos\/61565672886568\/\" \/>\n<meta property=\"article:published_time\" content=\"2016-04-27T22:34:10+00:00\" \/>\n<meta property=\"og:image\" content=\"http:\/\/www.lospoliticosveracruz.com.mx\/wp-content\/uploads\/2016\/04\/Empresario-300x227.jpg\" \/>\n<meta name=\"author\" content=\"Lo viste en Los Pol\u00edticos\" \/>\n<meta name=\"twitter:card\" content=\"summary_large_image\" \/>\n<meta name=\"twitter:creator\" content=\"@LosPoliticosVer\" \/>\n<meta name=\"twitter:site\" content=\"@LosPoliticosVer\" \/>\n<meta name=\"twitter:label1\" content=\"Escrito por\" \/>\n\t<meta name=\"twitter:data1\" content=\"Lo viste en Los Pol\u00edticos\" \/>\n\t<meta name=\"twitter:label2\" content=\"Tiempo de lectura\" \/>\n\t<meta name=\"twitter:data2\" content=\"3 minutos\" \/>\n<script type=\"application\/ld+json\" class=\"yoast-schema-graph\">{\"@context\":\"https:\\\/\\\/schema.org\",\"@graph\":[{\"@type\":\"Article\",\"@id\":\"https:\\\/\\\/lospoliticosveracruz.com\\\/?p=22972#article\",\"isPartOf\":{\"@id\":\"https:\\\/\\\/lospoliticosveracruz.com\\\/?p=22972\"},\"author\":{\"name\":\"Lo viste en Los Pol\u00edticos\",\"@id\":\"https:\\\/\\\/lospoliticosveracruz.com\\\/#\\\/schema\\\/person\\\/b8702bb0e538456e6efd07080bf2a4a2\"},\"headline\":\"La pobreza, en aumento, a puerta cerrada o puertas abiertas\",\"datePublished\":\"2016-04-27T22:34:10+00:00\",\"mainEntityOfPage\":{\"@id\":\"https:\\\/\\\/lospoliticosveracruz.com\\\/?p=22972\"},\"wordCount\":573,\"commentCount\":0,\"publisher\":{\"@id\":\"https:\\\/\\\/lospoliticosveracruz.com\\\/#organization\"},\"image\":{\"@id\":\"https:\\\/\\\/lospoliticosveracruz.com\\\/?p=22972#primaryimage\"},\"thumbnailUrl\":\"http:\\\/\\\/www.lospoliticosveracruz.com.mx\\\/wp-content\\\/uploads\\\/2016\\\/04\\\/Empresario-300x227.jpg\",\"keywords\":[\"Gerardo Buganza\",\"pobreza\",\"Veracruz\"],\"articleSection\":[\"De Opini\u00f3n\"],\"inLanguage\":\"es\",\"potentialAction\":[{\"@type\":\"CommentAction\",\"name\":\"Comment\",\"target\":[\"https:\\\/\\\/lospoliticosveracruz.com\\\/?p=22972#respond\"]}]},{\"@type\":\"WebPage\",\"@id\":\"https:\\\/\\\/lospoliticosveracruz.com\\\/?p=22972\",\"url\":\"https:\\\/\\\/lospoliticosveracruz.com\\\/?p=22972\",\"name\":\"La pobreza, en aumento, a puerta cerrada o puertas abiertas - Los pol\u00edticos Veracruz\",\"isPartOf\":{\"@id\":\"https:\\\/\\\/lospoliticosveracruz.com\\\/#website\"},\"primaryImageOfPage\":{\"@id\":\"https:\\\/\\\/lospoliticosveracruz.com\\\/?p=22972#primaryimage\"},\"image\":{\"@id\":\"https:\\\/\\\/lospoliticosveracruz.com\\\/?p=22972#primaryimage\"},\"thumbnailUrl\":\"http:\\\/\\\/www.lospoliticosveracruz.com.mx\\\/wp-content\\\/uploads\\\/2016\\\/04\\\/Empresario-300x227.jpg\",\"datePublished\":\"2016-04-27T22:34:10+00:00\",\"breadcrumb\":{\"@id\":\"https:\\\/\\\/lospoliticosveracruz.com\\\/?p=22972#breadcrumb\"},\"inLanguage\":\"es\",\"potentialAction\":[{\"@type\":\"ReadAction\",\"target\":[\"https:\\\/\\\/lospoliticosveracruz.com\\\/?p=22972\"]}]},{\"@type\":\"ImageObject\",\"inLanguage\":\"es\",\"@id\":\"https:\\\/\\\/lospoliticosveracruz.com\\\/?p=22972#primaryimage\",\"url\":\"http:\\\/\\\/www.lospoliticosveracruz.com.mx\\\/wp-content\\\/uploads\\\/2016\\\/04\\\/Empresario-300x227.jpg\",\"contentUrl\":\"http:\\\/\\\/www.lospoliticosveracruz.com.mx\\\/wp-content\\\/uploads\\\/2016\\\/04\\\/Empresario-300x227.jpg\"},{\"@type\":\"BreadcrumbList\",\"@id\":\"https:\\\/\\\/lospoliticosveracruz.com\\\/?p=22972#breadcrumb\",\"itemListElement\":[{\"@type\":\"ListItem\",\"position\":1,\"name\":\"Portada\",\"item\":\"https:\\\/\\\/lospoliticosveracruz.com\\\/\"},{\"@type\":\"ListItem\",\"position\":2,\"name\":\"La pobreza, en aumento, a puerta cerrada o puertas abiertas\"}]},{\"@type\":\"WebSite\",\"@id\":\"https:\\\/\\\/lospoliticosveracruz.com\\\/#website\",\"url\":\"https:\\\/\\\/lospoliticosveracruz.com\\\/\",\"name\":\"Los pol\u00edticos Veracruz\",\"description\":\"\",\"publisher\":{\"@id\":\"https:\\\/\\\/lospoliticosveracruz.com\\\/#organization\"},\"potentialAction\":[{\"@type\":\"SearchAction\",\"target\":{\"@type\":\"EntryPoint\",\"urlTemplate\":\"https:\\\/\\\/lospoliticosveracruz.com\\\/?s={search_term_string}\"},\"query-input\":{\"@type\":\"PropertyValueSpecification\",\"valueRequired\":true,\"valueName\":\"search_term_string\"}}],\"inLanguage\":\"es\"},{\"@type\":\"Organization\",\"@id\":\"https:\\\/\\\/lospoliticosveracruz.com\\\/#organization\",\"name\":\"Los pol\u00edticos Veracruz\",\"url\":\"https:\\\/\\\/lospoliticosveracruz.com\\\/\",\"logo\":{\"@type\":\"ImageObject\",\"inLanguage\":\"es\",\"@id\":\"https:\\\/\\\/lospoliticosveracruz.com\\\/#\\\/schema\\\/logo\\\/image\\\/\",\"url\":\"https:\\\/\\\/lospoliticosveracruz.com\\\/wp-content\\\/uploads\\\/2025\\\/12\\\/Logo-Nuevo-LOS-POLITICOS-1.jpg\",\"contentUrl\":\"https:\\\/\\\/lospoliticosveracruz.com\\\/wp-content\\\/uploads\\\/2025\\\/12\\\/Logo-Nuevo-LOS-POLITICOS-1.jpg\",\"width\":260,\"height\":70,\"caption\":\"Los pol\u00edticos Veracruz\"},\"image\":{\"@id\":\"https:\\\/\\\/lospoliticosveracruz.com\\\/#\\\/schema\\\/logo\\\/image\\\/\"},\"sameAs\":[\"https:\\\/\\\/www.facebook.com\\\/people\\\/Notimemes-de-los-Polticos\\\/61565672886568\\\/\",\"https:\\\/\\\/x.com\\\/LosPoliticosVer\"]},{\"@type\":\"Person\",\"@id\":\"https:\\\/\\\/lospoliticosveracruz.com\\\/#\\\/schema\\\/person\\\/b8702bb0e538456e6efd07080bf2a4a2\",\"name\":\"Lo viste en Los Pol\u00edticos\",\"image\":{\"@type\":\"ImageObject\",\"inLanguage\":\"es\",\"@id\":\"https:\\\/\\\/secure.gravatar.com\\\/avatar\\\/3a8de04a2656d44082be478bd6c086daa447c4651605818287b9532d3d0bd435?s=96&d=mm&r=g\",\"url\":\"https:\\\/\\\/secure.gravatar.com\\\/avatar\\\/3a8de04a2656d44082be478bd6c086daa447c4651605818287b9532d3d0bd435?s=96&d=mm&r=g\",\"contentUrl\":\"https:\\\/\\\/secure.gravatar.com\\\/avatar\\\/3a8de04a2656d44082be478bd6c086daa447c4651605818287b9532d3d0bd435?s=96&d=mm&r=g\",\"caption\":\"Lo viste en Los Pol\u00edticos\"},\"url\":\"https:\\\/\\\/lospoliticosveracruz.com\\\/?author=2\"}]}<\/script>\n<!-- \/ Yoast SEO plugin. -->","yoast_head_json":{"title":"La pobreza, en aumento, a puerta cerrada o puertas abiertas - Los pol\u00edticos Veracruz","robots":{"index":"index","follow":"follow","max-snippet":"max-snippet:-1","max-image-preview":"max-image-preview:large","max-video-preview":"max-video-preview:-1"},"canonical":"https:\/\/lospoliticosveracruz.com\/?p=22972","og_locale":"es_ES","og_type":"article","og_title":"La pobreza, en aumento, a puerta cerrada o puertas abiertas - Los pol\u00edticos Veracruz","og_description":"Valeria Marcial En Pol\u00edtica&#8230; Personas y Personalidades En Veracruz la pobreza va en aumento, 6 de cada 10 personas est\u00e1n en condiciones y en pobreza extrema, pero las pol\u00edticas p\u00fablicas en Veracruz no est\u00e1n siendo enfocadas a generar mejores condiciones de vida. Lamentablemente la ni\u00f1ez veracruzana es quien m\u00e1s padece la dispersi\u00f3n de los recursos [&hellip;]","og_url":"https:\/\/lospoliticosveracruz.com\/?p=22972","og_site_name":"Los pol\u00edticos Veracruz","article_publisher":"https:\/\/www.facebook.com\/people\/Notimemes-de-los-Polticos\/61565672886568\/","article_published_time":"2016-04-27T22:34:10+00:00","og_image":[{"url":"http:\/\/www.lospoliticosveracruz.com.mx\/wp-content\/uploads\/2016\/04\/Empresario-300x227.jpg","type":"","width":"","height":""}],"author":"Lo viste en Los Pol\u00edticos","twitter_card":"summary_large_image","twitter_creator":"@LosPoliticosVer","twitter_site":"@LosPoliticosVer","twitter_misc":{"Escrito por":"Lo viste en Los Pol\u00edticos","Tiempo de lectura":"3 minutos"},"schema":{"@context":"https:\/\/schema.org","@graph":[{"@type":"Article","@id":"https:\/\/lospoliticosveracruz.com\/?p=22972#article","isPartOf":{"@id":"https:\/\/lospoliticosveracruz.com\/?p=22972"},"author":{"name":"Lo viste en Los Pol\u00edticos","@id":"https:\/\/lospoliticosveracruz.com\/#\/schema\/person\/b8702bb0e538456e6efd07080bf2a4a2"},"headline":"La pobreza, en aumento, a puerta cerrada o puertas abiertas","datePublished":"2016-04-27T22:34:10+00:00","mainEntityOfPage":{"@id":"https:\/\/lospoliticosveracruz.com\/?p=22972"},"wordCount":573,"commentCount":0,"publisher":{"@id":"https:\/\/lospoliticosveracruz.com\/#organization"},"image":{"@id":"https:\/\/lospoliticosveracruz.com\/?p=22972#primaryimage"},"thumbnailUrl":"http:\/\/www.lospoliticosveracruz.com.mx\/wp-content\/uploads\/2016\/04\/Empresario-300x227.jpg","keywords":["Gerardo Buganza","pobreza","Veracruz"],"articleSection":["De Opini\u00f3n"],"inLanguage":"es","potentialAction":[{"@type":"CommentAction","name":"Comment","target":["https:\/\/lospoliticosveracruz.com\/?p=22972#respond"]}]},{"@type":"WebPage","@id":"https:\/\/lospoliticosveracruz.com\/?p=22972","url":"https:\/\/lospoliticosveracruz.com\/?p=22972","name":"La pobreza, en aumento, a puerta cerrada o puertas abiertas - Los pol\u00edticos Veracruz","isPartOf":{"@id":"https:\/\/lospoliticosveracruz.com\/#website"},"primaryImageOfPage":{"@id":"https:\/\/lospoliticosveracruz.com\/?p=22972#primaryimage"},"image":{"@id":"https:\/\/lospoliticosveracruz.com\/?p=22972#primaryimage"},"thumbnailUrl":"http:\/\/www.lospoliticosveracruz.com.mx\/wp-content\/uploads\/2016\/04\/Empresario-300x227.jpg","datePublished":"2016-04-27T22:34:10+00:00","breadcrumb":{"@id":"https:\/\/lospoliticosveracruz.com\/?p=22972#breadcrumb"},"inLanguage":"es","potentialAction":[{"@type":"ReadAction","target":["https:\/\/lospoliticosveracruz.com\/?p=22972"]}]},{"@type":"ImageObject","inLanguage":"es","@id":"https:\/\/lospoliticosveracruz.com\/?p=22972#primaryimage","url":"http:\/\/www.lospoliticosveracruz.com.mx\/wp-content\/uploads\/2016\/04\/Empresario-300x227.jpg","contentUrl":"http:\/\/www.lospoliticosveracruz.com.mx\/wp-content\/uploads\/2016\/04\/Empresario-300x227.jpg"},{"@type":"BreadcrumbList","@id":"https:\/\/lospoliticosveracruz.com\/?p=22972#breadcrumb","itemListElement":[{"@type":"ListItem","position":1,"name":"Portada","item":"https:\/\/lospoliticosveracruz.com\/"},{"@type":"ListItem","position":2,"name":"La pobreza, en aumento, a puerta cerrada o puertas abiertas"}]},{"@type":"WebSite","@id":"https:\/\/lospoliticosveracruz.com\/#website","url":"https:\/\/lospoliticosveracruz.com\/","name":"Los pol\u00edticos Veracruz","description":"","publisher":{"@id":"https:\/\/lospoliticosveracruz.com\/#organization"},"potentialAction":[{"@type":"SearchAction","target":{"@type":"EntryPoint","urlTemplate":"https:\/\/lospoliticosveracruz.com\/?s={search_term_string}"},"query-input":{"@type":"PropertyValueSpecification","valueRequired":true,"valueName":"search_term_string"}}],"inLanguage":"es"},{"@type":"Organization","@id":"https:\/\/lospoliticosveracruz.com\/#organization","name":"Los pol\u00edticos Veracruz","url":"https:\/\/lospoliticosveracruz.com\/","logo":{"@type":"ImageObject","inLanguage":"es","@id":"https:\/\/lospoliticosveracruz.com\/#\/schema\/logo\/image\/","url":"https:\/\/lospoliticosveracruz.com\/wp-content\/uploads\/2025\/12\/Logo-Nuevo-LOS-POLITICOS-1.jpg","contentUrl":"https:\/\/lospoliticosveracruz.com\/wp-content\/uploads\/2025\/12\/Logo-Nuevo-LOS-POLITICOS-1.jpg","width":260,"height":70,"caption":"Los pol\u00edticos Veracruz"},"image":{"@id":"https:\/\/lospoliticosveracruz.com\/#\/schema\/logo\/image\/"},"sameAs":["https:\/\/www.facebook.com\/people\/Notimemes-de-los-Polticos\/61565672886568\/","https:\/\/x.com\/LosPoliticosVer"]},{"@type":"Person","@id":"https:\/\/lospoliticosveracruz.com\/#\/schema\/person\/b8702bb0e538456e6efd07080bf2a4a2","name":"Lo viste en Los Pol\u00edticos","image":{"@type":"ImageObject","inLanguage":"es","@id":"https:\/\/secure.gravatar.com\/avatar\/3a8de04a2656d44082be478bd6c086daa447c4651605818287b9532d3d0bd435?s=96&d=mm&r=g","url":"https:\/\/secure.gravatar.com\/avatar\/3a8de04a2656d44082be478bd6c086daa447c4651605818287b9532d3d0bd435?s=96&d=mm&r=g","contentUrl":"https:\/\/secure.gravatar.com\/avatar\/3a8de04a2656d44082be478bd6c086daa447c4651605818287b9532d3d0bd435?s=96&d=mm&r=g","caption":"Lo viste en Los Pol\u00edticos"},"url":"https:\/\/lospoliticosveracruz.com\/?author=2"}]}},"_links":{"self":[{"href":"https:\/\/lospoliticosveracruz.com\/index.php?rest_route=\/wp\/v2\/posts\/22972","targetHints":{"allow":["GET"]}}],"collection":[{"href":"https:\/\/lospoliticosveracruz.com\/index.php?rest_route=\/wp\/v2\/posts"}],"about":[{"href":"https:\/\/lospoliticosveracruz.com\/index.php?rest_route=\/wp\/v2\/types\/post"}],"author":[{"embeddable":true,"href":"https:\/\/lospoliticosveracruz.com\/index.php?rest_route=\/wp\/v2\/users\/2"}],"replies":[{"embeddable":true,"href":"https:\/\/lospoliticosveracruz.com\/index.php?rest_route=%2Fwp%2Fv2%2Fcomments&post=22972"}],"version-history":[{"count":1,"href":"https:\/\/lospoliticosveracruz.com\/index.php?rest_route=\/wp\/v2\/posts\/22972\/revisions"}],"predecessor-version":[{"id":22974,"href":"https:\/\/lospoliticosveracruz.com\/index.php?rest_route=\/wp\/v2\/posts\/22972\/revisions\/22974"}],"wp:attachment":[{"href":"https:\/\/lospoliticosveracruz.com\/index.php?rest_route=%2Fwp%2Fv2%2Fmedia&parent=22972"}],"wp:term":[{"taxonomy":"category","embeddable":true,"href":"https:\/\/lospoliticosveracruz.com\/index.php?rest_route=%2Fwp%2Fv2%2Fcategories&post=22972"},{"taxonomy":"post_tag","embeddable":true,"href":"https:\/\/lospoliticosveracruz.com\/index.php?rest_route=%2Fwp%2Fv2%2Ftags&post=22972"}],"curies":[{"name":"wp","href":"https:\/\/api.w.org\/{rel}","templated":true}]}}