{"id":22975,"date":"2016-04-27T21:38:09","date_gmt":"2016-04-28T02:38:09","guid":{"rendered":"http:\/\/www.lospoliticosveracruz.com.mx\/?p=22975"},"modified":"2016-04-27T21:38:09","modified_gmt":"2016-04-28T02:38:09","slug":"ninas-ninos-y-campanas-politicas","status":"publish","type":"post","link":"https:\/\/lospoliticosveracruz.com\/?p=22975","title":{"rendered":"Ni\u00f1as, ni\u00f1os y campa\u00f1as pol\u00edticas"},"content":{"rendered":"<p><a href=\"http:\/\/www.lospoliticosveracruz.com.mx\/wp-content\/uploads\/2016\/01\/Xalapa-cuartos-ni\u00f1os.jpg\"><img loading=\"lazy\" decoding=\"async\" class=\"alignnone size-medium wp-image-20741\" src=\"http:\/\/www.lospoliticosveracruz.com.mx\/wp-content\/uploads\/2016\/01\/Xalapa-cuartos-ni\u00f1os-300x210.jpg\" alt=\"Xalapa cuartos ni\u00f1os\" width=\"300\" height=\"210\" \/><\/a><\/p>\n<p><strong>Luis Alberto Romero<\/strong><\/p>\n<p><em>Hora Cero<\/em><\/p>\n<p>El Instituto Nacional de Estad\u00edstica, Geograf\u00eda e Inform\u00e1tica, Inegi, dio a conocer este mi\u00e9rcoles las cifras a prop\u00f3sito del D\u00eda del Ni\u00f1o.<\/p>\n<p>Destacan b\u00e1sicamente seis datos:<\/p>\n<p>Primero, que hasta el a\u00f1o pasado, en nuestro pa\u00eds habitaban 39.2 millones de ni\u00f1as, ni\u00f1os y adolescentes menores de 17 a\u00f1os.<\/p>\n<p>Segundo, que en 2013, m\u00e1s del 56 por ciento de los egresos hospitalarios por enfermedades infecciosas intestinales, correspondieron a la poblaci\u00f3n de entre 0 y 14 a\u00f1os.<\/p>\n<p>Tercero, que en el periodo de 2011 a 2013, la tasa de mortalidad infantil en menores fue de 14.3 muertes por cada mil nacidos vivos.<\/p>\n<p>Cuarto, que hasta el a\u00f1o pasado, 3.5 por ciento de los ni\u00f1os de 6 a 14 a\u00f1os no asist\u00edan a la escuela.<\/p>\n<p>Quinto, que casi 2 por ciento de los mexicanos menores de 18 a\u00f1os enfrentan alguna discapacidad.<\/p>\n<p>Y sexto, que 2.5 millones de ni\u00f1as, ni\u00f1os y adolescentes realizan actividades econ\u00f3micas, trabajan.<\/p>\n<p>El Inegi tambi\u00e9n aporta cifras preocupantes en materia de pobreza infantil; el instituto retoma cifras del Consejo Nacional de Evaluaci\u00f3n de la Pol\u00edtica de Desarrollo Social para establecer que hasta 2014, casi el 54 por ciento de la poblaci\u00f3n menor de 18 a\u00f1os (21.4 millones) se encontraba en condici\u00f3n de pobreza; de ellos, 4.6 millones de menores de edad viven en pobreza extrema. Para acabar pronto, s\u00f3lo 17 por ciento no son pobres ni vulnerables por ingresos y carencias.<\/p>\n<p>M\u00e1s del 74 por ciento de los menores mexicanos enfrentan al menos una carencia social; m\u00e1s del 60 por ciento no tiene acceso a seguridad social; 27 por ciento no cuenta con acceso a la alimentaci\u00f3n; y 16 de cada 100 tampoco tiene servicios de salud.<\/p>\n<p>Esa es la realidad de pobreza, rezago y marginaci\u00f3n de ni\u00f1as, ni\u00f1os y adolescentes en nuestro pa\u00eds y a esa situaci\u00f3n, por supuesto, no escapa la entidad veracruzana.<\/p>\n<p>El trabajo difundido este mi\u00e9rcoles por el Inegi nos remite a la Ley General para la Protecci\u00f3n de Ni\u00f1as, Ni\u00f1os y Adolescentes que fue publicada en el Diario Oficial de la Federaci\u00f3n el 4 de diciembre de 2014; el documento se enfoca en la protecci\u00f3n de ni\u00f1os maltratados y menores trabajadores, incluyendo a los migrantes, y establece mecanismos para promover el respeto a sus derechos.<\/p>\n<p>Busca, adem\u00e1s, evitar que ni\u00f1as y ni\u00f1os crezcan en un ambiente de violencia y, en ese contexto, tambi\u00e9n aborda el tema del acoso escolar.<\/p>\n<p>No se trata de un tema menor, sobre todo porque en el contexto internacional, la Organizaci\u00f3n Mundial de la Salud registra que 40 millones de ni\u00f1as y ni\u00f1os son v\u00edctimas de maltrato, violencia y abandono en el \u00e1mbito; es, al contrario, un tema prioritario en la agenda nacional por el car\u00e1cter preocupante de los n\u00fameros: en 2013 se reportaron m\u00e1s de 5 mil 700 denuncias por violaci\u00f3n infantil, mientras que durante el primer trimestre de 2014, el n\u00famero de casos super\u00f3 los 2 mil 200.<\/p>\n<p>Bajando esa informaci\u00f3n al contexto estatal y ubic\u00e1ndola en el marco de la sucesi\u00f3n local, habr\u00eda que decir que, desafortunadamente, hasta hoy, el discurso y las propuestas de los candidatos al gobierno de la entidad se han centrado en el empleo, la seguridad, el combate a la corrupci\u00f3n y a la impunidad; los aspirantes tambi\u00e9n se han concentrado en las descalificaciones y se\u00f1alamientos mutuos, pero han dejado fuera de las prioridades a un sector tan importante como el de las ni\u00f1as y ni\u00f1os veracruzanos; de ellos, muy poco se ha dicho en las campa\u00f1as.<\/p>\n<p><strong>Am\u00e9rico y los empresarios xalape\u00f1os<\/strong><\/p>\n<p>Llama la atenci\u00f3n el reconocimiento de la clase empresarial al presidente municipal de Xalapa, Am\u00e9rico Z\u00fa\u00f1iga Mart\u00ednez, quien a pesar de la veda electoral, sigue trabajando de manera normal.<\/p>\n<p>Octavio Jim\u00e9nez Silva, presidente de la Coparmex, declar\u00f3 a medios que el gobierno de Am\u00e9rico Z\u00fa\u00f1iga se ha caracterizado por la transparencia y la confianza de los ciudadanos.<\/p>\n<p>\u201cSiempre hemos tenido una buena respuesta de su administraci\u00f3n\u201d, indic\u00f3 y corrobor\u00f3 que si los empresarios participan en obras es porque ven transparencia en el trabajo, por lo que dijo confiar en que el mun\u00edcipe mantenga tambi\u00e9n esa sensibilidad y cercan\u00eda.<\/p>\n<p>\u201cEn Coparmex buscamos el acercamiento con las autoridades de los tres niveles de gobierno, sobre todo con el municipal, ya que la creaci\u00f3n de empresas y comercios mantiene una sinergia entre las autoridades y este sector.<\/p>\n<p>Am\u00e9rico Z\u00fa\u00f1iga nos ha extendido la mano en situaciones de desarrollo econ\u00f3mico y urbano, de protecci\u00f3n civil, de comercio&#8230; Nos ha canalizado con los directores de las distintas \u00e1reas y hemos encontrado la soluci\u00f3n pronta que necesitamos, una buena disposici\u00f3n. Reconocemos cuando las cosas van caminando, y as\u00ed ha sido con este Ayuntamiento\u201d, asent\u00f3.<\/p>\n<p>\u201cHay voluntad, transparencia y sensibilidad con el sector empresarial y eso lo vimos con el Puente Uni\u00f3n, que se construy\u00f3 gracias a la colaboraci\u00f3n del Ayuntamiento y la Iniciativa Privada. De otro modo, los empresarios no hubieran puesto su dinero. Tuvieron confianza\u201d, dej\u00f3 en claro. @luisromero85<\/p>\n","protected":false},"excerpt":{"rendered":"<p>Luis Alberto Romero Hora Cero El Instituto Nacional de Estad\u00edstica, Geograf\u00eda e Inform\u00e1tica, Inegi, dio a conocer este mi\u00e9rcoles las cifras a prop\u00f3sito del D\u00eda del Ni\u00f1o. Destacan b\u00e1sicamente seis datos: Primero, que hasta el a\u00f1o pasado, en nuestro pa\u00eds habitaban 39.2 millones de ni\u00f1as, ni\u00f1os y adolescentes menores de 17 a\u00f1os. Segundo, que en [&hellip;]<\/p>\n","protected":false},"author":2,"featured_media":0,"comment_status":"open","ping_status":"open","sticky":false,"template":"","format":"standard","meta":{"tdm_status":"","tdm_grid_status":"","footnotes":""},"categories":[70],"tags":[539,5325,178],"class_list":{"0":"post-22975","1":"post","2":"type-post","3":"status-publish","4":"format-standard","6":"category-de-opinion","7":"tag-americo-zuniga-martinez","8":"tag-dia-del-nino","9":"tag-inegi"},"yoast_head":"<!-- This site is optimized with the Yoast SEO plugin v27.4 - https:\/\/yoast.com\/product\/yoast-seo-wordpress\/ -->\n<title>Ni\u00f1as, ni\u00f1os y campa\u00f1as pol\u00edticas - Los pol\u00edticos Veracruz<\/title>\n<meta name=\"robots\" content=\"index, follow, max-snippet:-1, max-image-preview:large, max-video-preview:-1\" \/>\n<link rel=\"canonical\" href=\"https:\/\/lospoliticosveracruz.com\/?p=22975\" \/>\n<meta property=\"og:locale\" content=\"es_ES\" \/>\n<meta property=\"og:type\" content=\"article\" \/>\n<meta property=\"og:title\" content=\"Ni\u00f1as, ni\u00f1os y campa\u00f1as pol\u00edticas - Los pol\u00edticos Veracruz\" \/>\n<meta property=\"og:description\" content=\"Luis Alberto Romero Hora Cero El Instituto Nacional de Estad\u00edstica, Geograf\u00eda e Inform\u00e1tica, Inegi, dio a conocer este mi\u00e9rcoles las cifras a prop\u00f3sito del D\u00eda del Ni\u00f1o. Destacan b\u00e1sicamente seis datos: Primero, que hasta el a\u00f1o pasado, en nuestro pa\u00eds habitaban 39.2 millones de ni\u00f1as, ni\u00f1os y adolescentes menores de 17 a\u00f1os. Segundo, que en [&hellip;]\" \/>\n<meta property=\"og:url\" content=\"https:\/\/lospoliticosveracruz.com\/?p=22975\" \/>\n<meta property=\"og:site_name\" content=\"Los pol\u00edticos Veracruz\" \/>\n<meta property=\"article:publisher\" content=\"https:\/\/www.facebook.com\/people\/Notimemes-de-los-Polticos\/61565672886568\/\" \/>\n<meta property=\"article:published_time\" content=\"2016-04-28T02:38:09+00:00\" \/>\n<meta property=\"og:image\" content=\"https:\/\/lospoliticosveracruz.com\/wp-content\/uploads\/2016\/07\/Logo-Dor.jpg\" \/>\n\t<meta property=\"og:image:width\" content=\"200\" \/>\n\t<meta property=\"og:image:height\" content=\"200\" \/>\n\t<meta property=\"og:image:type\" content=\"image\/jpeg\" \/>\n<meta name=\"author\" content=\"Lo viste en Los Pol\u00edticos\" \/>\n<meta name=\"twitter:card\" content=\"summary_large_image\" \/>\n<meta name=\"twitter:creator\" content=\"@LosPoliticosVer\" \/>\n<meta name=\"twitter:site\" content=\"@LosPoliticosVer\" \/>\n<meta name=\"twitter:label1\" content=\"Escrito por\" \/>\n\t<meta name=\"twitter:data1\" content=\"Lo viste en Los Pol\u00edticos\" \/>\n\t<meta name=\"twitter:label2\" content=\"Tiempo de lectura\" \/>\n\t<meta name=\"twitter:data2\" content=\"4 minutos\" \/>\n<script type=\"application\/ld+json\" class=\"yoast-schema-graph\">{\"@context\":\"https:\\\/\\\/schema.org\",\"@graph\":[{\"@type\":\"Article\",\"@id\":\"https:\\\/\\\/lospoliticosveracruz.com\\\/?p=22975#article\",\"isPartOf\":{\"@id\":\"https:\\\/\\\/lospoliticosveracruz.com\\\/?p=22975\"},\"author\":{\"name\":\"Lo viste en Los Pol\u00edticos\",\"@id\":\"https:\\\/\\\/lospoliticosveracruz.com\\\/#\\\/schema\\\/person\\\/b8702bb0e538456e6efd07080bf2a4a2\"},\"headline\":\"Ni\u00f1as, ni\u00f1os y campa\u00f1as pol\u00edticas\",\"datePublished\":\"2016-04-28T02:38:09+00:00\",\"mainEntityOfPage\":{\"@id\":\"https:\\\/\\\/lospoliticosveracruz.com\\\/?p=22975\"},\"wordCount\":881,\"commentCount\":0,\"publisher\":{\"@id\":\"https:\\\/\\\/lospoliticosveracruz.com\\\/#organization\"},\"keywords\":[\"Am\u00e9rico Z\u00fa\u00f1iga Mart\u00ednez\",\"D\u00eda del Ni\u00f1o\",\"Inegi\"],\"articleSection\":[\"De Opini\u00f3n\"],\"inLanguage\":\"es\",\"potentialAction\":[{\"@type\":\"CommentAction\",\"name\":\"Comment\",\"target\":[\"https:\\\/\\\/lospoliticosveracruz.com\\\/?p=22975#respond\"]}]},{\"@type\":\"WebPage\",\"@id\":\"https:\\\/\\\/lospoliticosveracruz.com\\\/?p=22975\",\"url\":\"https:\\\/\\\/lospoliticosveracruz.com\\\/?p=22975\",\"name\":\"Ni\u00f1as, ni\u00f1os y campa\u00f1as pol\u00edticas - Los pol\u00edticos Veracruz\",\"isPartOf\":{\"@id\":\"https:\\\/\\\/lospoliticosveracruz.com\\\/#website\"},\"datePublished\":\"2016-04-28T02:38:09+00:00\",\"breadcrumb\":{\"@id\":\"https:\\\/\\\/lospoliticosveracruz.com\\\/?p=22975#breadcrumb\"},\"inLanguage\":\"es\",\"potentialAction\":[{\"@type\":\"ReadAction\",\"target\":[\"https:\\\/\\\/lospoliticosveracruz.com\\\/?p=22975\"]}]},{\"@type\":\"BreadcrumbList\",\"@id\":\"https:\\\/\\\/lospoliticosveracruz.com\\\/?p=22975#breadcrumb\",\"itemListElement\":[{\"@type\":\"ListItem\",\"position\":1,\"name\":\"Portada\",\"item\":\"https:\\\/\\\/lospoliticosveracruz.com\\\/\"},{\"@type\":\"ListItem\",\"position\":2,\"name\":\"Ni\u00f1as, ni\u00f1os y campa\u00f1as pol\u00edticas\"}]},{\"@type\":\"WebSite\",\"@id\":\"https:\\\/\\\/lospoliticosveracruz.com\\\/#website\",\"url\":\"https:\\\/\\\/lospoliticosveracruz.com\\\/\",\"name\":\"Los pol\u00edticos Veracruz\",\"description\":\"\",\"publisher\":{\"@id\":\"https:\\\/\\\/lospoliticosveracruz.com\\\/#organization\"},\"potentialAction\":[{\"@type\":\"SearchAction\",\"target\":{\"@type\":\"EntryPoint\",\"urlTemplate\":\"https:\\\/\\\/lospoliticosveracruz.com\\\/?s={search_term_string}\"},\"query-input\":{\"@type\":\"PropertyValueSpecification\",\"valueRequired\":true,\"valueName\":\"search_term_string\"}}],\"inLanguage\":\"es\"},{\"@type\":\"Organization\",\"@id\":\"https:\\\/\\\/lospoliticosveracruz.com\\\/#organization\",\"name\":\"Los pol\u00edticos Veracruz\",\"url\":\"https:\\\/\\\/lospoliticosveracruz.com\\\/\",\"logo\":{\"@type\":\"ImageObject\",\"inLanguage\":\"es\",\"@id\":\"https:\\\/\\\/lospoliticosveracruz.com\\\/#\\\/schema\\\/logo\\\/image\\\/\",\"url\":\"https:\\\/\\\/lospoliticosveracruz.com\\\/wp-content\\\/uploads\\\/2025\\\/12\\\/Logo-Nuevo-LOS-POLITICOS-1.jpg\",\"contentUrl\":\"https:\\\/\\\/lospoliticosveracruz.com\\\/wp-content\\\/uploads\\\/2025\\\/12\\\/Logo-Nuevo-LOS-POLITICOS-1.jpg\",\"width\":260,\"height\":70,\"caption\":\"Los pol\u00edticos Veracruz\"},\"image\":{\"@id\":\"https:\\\/\\\/lospoliticosveracruz.com\\\/#\\\/schema\\\/logo\\\/image\\\/\"},\"sameAs\":[\"https:\\\/\\\/www.facebook.com\\\/people\\\/Notimemes-de-los-Polticos\\\/61565672886568\\\/\",\"https:\\\/\\\/x.com\\\/LosPoliticosVer\"]},{\"@type\":\"Person\",\"@id\":\"https:\\\/\\\/lospoliticosveracruz.com\\\/#\\\/schema\\\/person\\\/b8702bb0e538456e6efd07080bf2a4a2\",\"name\":\"Lo viste en Los Pol\u00edticos\",\"image\":{\"@type\":\"ImageObject\",\"inLanguage\":\"es\",\"@id\":\"https:\\\/\\\/secure.gravatar.com\\\/avatar\\\/3a8de04a2656d44082be478bd6c086daa447c4651605818287b9532d3d0bd435?s=96&d=mm&r=g\",\"url\":\"https:\\\/\\\/secure.gravatar.com\\\/avatar\\\/3a8de04a2656d44082be478bd6c086daa447c4651605818287b9532d3d0bd435?s=96&d=mm&r=g\",\"contentUrl\":\"https:\\\/\\\/secure.gravatar.com\\\/avatar\\\/3a8de04a2656d44082be478bd6c086daa447c4651605818287b9532d3d0bd435?s=96&d=mm&r=g\",\"caption\":\"Lo viste en Los Pol\u00edticos\"},\"url\":\"https:\\\/\\\/lospoliticosveracruz.com\\\/?author=2\"}]}<\/script>\n<!-- \/ Yoast SEO plugin. -->","yoast_head_json":{"title":"Ni\u00f1as, ni\u00f1os y campa\u00f1as pol\u00edticas - Los pol\u00edticos Veracruz","robots":{"index":"index","follow":"follow","max-snippet":"max-snippet:-1","max-image-preview":"max-image-preview:large","max-video-preview":"max-video-preview:-1"},"canonical":"https:\/\/lospoliticosveracruz.com\/?p=22975","og_locale":"es_ES","og_type":"article","og_title":"Ni\u00f1as, ni\u00f1os y campa\u00f1as pol\u00edticas - Los pol\u00edticos Veracruz","og_description":"Luis Alberto Romero Hora Cero El Instituto Nacional de Estad\u00edstica, Geograf\u00eda e Inform\u00e1tica, Inegi, dio a conocer este mi\u00e9rcoles las cifras a prop\u00f3sito del D\u00eda del Ni\u00f1o. Destacan b\u00e1sicamente seis datos: Primero, que hasta el a\u00f1o pasado, en nuestro pa\u00eds habitaban 39.2 millones de ni\u00f1as, ni\u00f1os y adolescentes menores de 17 a\u00f1os. Segundo, que en [&hellip;]","og_url":"https:\/\/lospoliticosveracruz.com\/?p=22975","og_site_name":"Los pol\u00edticos Veracruz","article_publisher":"https:\/\/www.facebook.com\/people\/Notimemes-de-los-Polticos\/61565672886568\/","article_published_time":"2016-04-28T02:38:09+00:00","og_image":[{"width":200,"height":200,"url":"https:\/\/lospoliticosveracruz.com\/wp-content\/uploads\/2016\/07\/Logo-Dor.jpg","type":"image\/jpeg"}],"author":"Lo viste en Los Pol\u00edticos","twitter_card":"summary_large_image","twitter_creator":"@LosPoliticosVer","twitter_site":"@LosPoliticosVer","twitter_misc":{"Escrito por":"Lo viste en Los Pol\u00edticos","Tiempo de lectura":"4 minutos"},"schema":{"@context":"https:\/\/schema.org","@graph":[{"@type":"Article","@id":"https:\/\/lospoliticosveracruz.com\/?p=22975#article","isPartOf":{"@id":"https:\/\/lospoliticosveracruz.com\/?p=22975"},"author":{"name":"Lo viste en Los Pol\u00edticos","@id":"https:\/\/lospoliticosveracruz.com\/#\/schema\/person\/b8702bb0e538456e6efd07080bf2a4a2"},"headline":"Ni\u00f1as, ni\u00f1os y campa\u00f1as pol\u00edticas","datePublished":"2016-04-28T02:38:09+00:00","mainEntityOfPage":{"@id":"https:\/\/lospoliticosveracruz.com\/?p=22975"},"wordCount":881,"commentCount":0,"publisher":{"@id":"https:\/\/lospoliticosveracruz.com\/#organization"},"keywords":["Am\u00e9rico Z\u00fa\u00f1iga Mart\u00ednez","D\u00eda del Ni\u00f1o","Inegi"],"articleSection":["De Opini\u00f3n"],"inLanguage":"es","potentialAction":[{"@type":"CommentAction","name":"Comment","target":["https:\/\/lospoliticosveracruz.com\/?p=22975#respond"]}]},{"@type":"WebPage","@id":"https:\/\/lospoliticosveracruz.com\/?p=22975","url":"https:\/\/lospoliticosveracruz.com\/?p=22975","name":"Ni\u00f1as, ni\u00f1os y campa\u00f1as pol\u00edticas - Los pol\u00edticos Veracruz","isPartOf":{"@id":"https:\/\/lospoliticosveracruz.com\/#website"},"datePublished":"2016-04-28T02:38:09+00:00","breadcrumb":{"@id":"https:\/\/lospoliticosveracruz.com\/?p=22975#breadcrumb"},"inLanguage":"es","potentialAction":[{"@type":"ReadAction","target":["https:\/\/lospoliticosveracruz.com\/?p=22975"]}]},{"@type":"BreadcrumbList","@id":"https:\/\/lospoliticosveracruz.com\/?p=22975#breadcrumb","itemListElement":[{"@type":"ListItem","position":1,"name":"Portada","item":"https:\/\/lospoliticosveracruz.com\/"},{"@type":"ListItem","position":2,"name":"Ni\u00f1as, ni\u00f1os y campa\u00f1as pol\u00edticas"}]},{"@type":"WebSite","@id":"https:\/\/lospoliticosveracruz.com\/#website","url":"https:\/\/lospoliticosveracruz.com\/","name":"Los pol\u00edticos Veracruz","description":"","publisher":{"@id":"https:\/\/lospoliticosveracruz.com\/#organization"},"potentialAction":[{"@type":"SearchAction","target":{"@type":"EntryPoint","urlTemplate":"https:\/\/lospoliticosveracruz.com\/?s={search_term_string}"},"query-input":{"@type":"PropertyValueSpecification","valueRequired":true,"valueName":"search_term_string"}}],"inLanguage":"es"},{"@type":"Organization","@id":"https:\/\/lospoliticosveracruz.com\/#organization","name":"Los pol\u00edticos Veracruz","url":"https:\/\/lospoliticosveracruz.com\/","logo":{"@type":"ImageObject","inLanguage":"es","@id":"https:\/\/lospoliticosveracruz.com\/#\/schema\/logo\/image\/","url":"https:\/\/lospoliticosveracruz.com\/wp-content\/uploads\/2025\/12\/Logo-Nuevo-LOS-POLITICOS-1.jpg","contentUrl":"https:\/\/lospoliticosveracruz.com\/wp-content\/uploads\/2025\/12\/Logo-Nuevo-LOS-POLITICOS-1.jpg","width":260,"height":70,"caption":"Los pol\u00edticos Veracruz"},"image":{"@id":"https:\/\/lospoliticosveracruz.com\/#\/schema\/logo\/image\/"},"sameAs":["https:\/\/www.facebook.com\/people\/Notimemes-de-los-Polticos\/61565672886568\/","https:\/\/x.com\/LosPoliticosVer"]},{"@type":"Person","@id":"https:\/\/lospoliticosveracruz.com\/#\/schema\/person\/b8702bb0e538456e6efd07080bf2a4a2","name":"Lo viste en Los Pol\u00edticos","image":{"@type":"ImageObject","inLanguage":"es","@id":"https:\/\/secure.gravatar.com\/avatar\/3a8de04a2656d44082be478bd6c086daa447c4651605818287b9532d3d0bd435?s=96&d=mm&r=g","url":"https:\/\/secure.gravatar.com\/avatar\/3a8de04a2656d44082be478bd6c086daa447c4651605818287b9532d3d0bd435?s=96&d=mm&r=g","contentUrl":"https:\/\/secure.gravatar.com\/avatar\/3a8de04a2656d44082be478bd6c086daa447c4651605818287b9532d3d0bd435?s=96&d=mm&r=g","caption":"Lo viste en Los Pol\u00edticos"},"url":"https:\/\/lospoliticosveracruz.com\/?author=2"}]}},"_links":{"self":[{"href":"https:\/\/lospoliticosveracruz.com\/index.php?rest_route=\/wp\/v2\/posts\/22975","targetHints":{"allow":["GET"]}}],"collection":[{"href":"https:\/\/lospoliticosveracruz.com\/index.php?rest_route=\/wp\/v2\/posts"}],"about":[{"href":"https:\/\/lospoliticosveracruz.com\/index.php?rest_route=\/wp\/v2\/types\/post"}],"author":[{"embeddable":true,"href":"https:\/\/lospoliticosveracruz.com\/index.php?rest_route=\/wp\/v2\/users\/2"}],"replies":[{"embeddable":true,"href":"https:\/\/lospoliticosveracruz.com\/index.php?rest_route=%2Fwp%2Fv2%2Fcomments&post=22975"}],"version-history":[{"count":1,"href":"https:\/\/lospoliticosveracruz.com\/index.php?rest_route=\/wp\/v2\/posts\/22975\/revisions"}],"predecessor-version":[{"id":22976,"href":"https:\/\/lospoliticosveracruz.com\/index.php?rest_route=\/wp\/v2\/posts\/22975\/revisions\/22976"}],"wp:attachment":[{"href":"https:\/\/lospoliticosveracruz.com\/index.php?rest_route=%2Fwp%2Fv2%2Fmedia&parent=22975"}],"wp:term":[{"taxonomy":"category","embeddable":true,"href":"https:\/\/lospoliticosveracruz.com\/index.php?rest_route=%2Fwp%2Fv2%2Fcategories&post=22975"},{"taxonomy":"post_tag","embeddable":true,"href":"https:\/\/lospoliticosveracruz.com\/index.php?rest_route=%2Fwp%2Fv2%2Ftags&post=22975"}],"curies":[{"name":"wp","href":"https:\/\/api.w.org\/{rel}","templated":true}]}}