{"id":22981,"date":"2016-04-27T22:08:22","date_gmt":"2016-04-28T03:08:22","guid":{"rendered":"http:\/\/www.lospoliticosveracruz.com.mx\/?p=22981"},"modified":"2016-04-27T22:08:22","modified_gmt":"2016-04-28T03:08:22","slug":"las-listas-y-los-no-tan-listos","status":"publish","type":"post","link":"https:\/\/lospoliticosveracruz.com\/?p=22981","title":{"rendered":"Las listas y los no tan listos"},"content":{"rendered":"<p><a href=\"http:\/\/www.lospoliticosveracruz.com.mx\/wp-content\/uploads\/2016\/04\/Regina-Vazquez.jpg\"><img loading=\"lazy\" decoding=\"async\" class=\"alignnone size-medium wp-image-22982\" src=\"http:\/\/www.lospoliticosveracruz.com.mx\/wp-content\/uploads\/2016\/04\/Regina-Vazquez-300x201.jpg\" alt=\"Regina Vazquez\" width=\"300\" height=\"201\" \/><\/a><\/p>\n<p><strong>Claudia Guerrero Mart\u00ednez<\/strong><br \/>\n<em>Entre lo ut\u00f3pico y lo verdadero<\/em><\/p>\n<p>El registro de diputados locales en Veracruz, en los diferentes partidos pol\u00edticos, hubo sorpresas y en otras, \u00e9stas provocaron divisiones, al no respetar los acuerdos y compromisos partidistas&#8230; Pocos buscar\u00e1n una curul para representar a sus ciudadanos y la mayor\u00eda, desean un esca\u00f1o en el Congreso de Veracruz, representando a fuerzas pol\u00edticas, a exgobernadores y al peor de todos, el actual Mandatario Estatal, Javier Duarte de Ochoa&#8230;<\/p>\n<p>La lista, no tan lista de candidatos a la elecci\u00f3n popular y plurinominales ha causado malestar en las esferas internas estatales, mostrando la falta de palabra e imponiendo los intereses clientelares&#8230; Y cuando un partido est\u00e1 sometido y un candidato comprometido, las cosas no pintan nada bien&#8230;<\/p>\n<p>En el Partido Verde Ecologista, la primera posici\u00f3n plurinominal para Gerardo Buganza Salmer\u00f3n, muestra el premio de este exsecretario de Gobierno, por haber declinado su candidatura independiente, con la excusa de no haber condiciones para su registro&#8230; La designaci\u00f3n en la primera posici\u00f3n inconform\u00f3 a muchos, pues la intervenci\u00f3n del que dice gobernar Veracruz, Javier Duarte fue decisiva, para seguir apoyando a Buganza y protegi\u00e9ndolo de futuras investigaciones por malversaci\u00f3n de fondos en la Secretar\u00eda de Infraestructura y Obra P\u00fablica&#8230;<\/p>\n<p>La lista, no tan lista del PRI no tuvo \u201cabuela\u201d&#8230; Los acuerdos y compromisos no se cumplieron&#8230; El creador de \u00e9sta lista con tintes de divisionismo, fue nada m\u00e1s y nada menos que el flamante y m\u00e1s \u201cbotado\u201d diputado federal, \u00c9rick Lagos Hern\u00e1ndez, quien ha estado de este lado del auricular de un tel\u00e9fono celular y por el otro lado de la l\u00ednea, est\u00e1 un personaje que habita actualmente en Barcelona, Espa\u00f1a&#8230; Desde hace unas semanas, el inquilino del Consulado de esa ciudad espa\u00f1ola se dedica a dar \u00f3rdenes, a qui\u00e9n quitar y a qui\u00e9n poner en las famosas listas para diputados locales&#8230;<\/p>\n<p>Lo que era un compromiso, se convirti\u00f3 en una romer\u00eda, pues pes\u00f3 m\u00e1s los intereses de la actual administraci\u00f3n duartista y no personajes emblem\u00e1ticos que pueden aportar al PRI y a su plataforma partidista&#8230; En el lenguaje de las encuestas, los negativos pesaron m\u00e1s, para proteger a los pillos salientes de este sexenio y los positivos no fueron tomados en cuenta&#8230; El punto medular, es el inter\u00e9s de Javier Duarte, por contar con una nueva Legislatura, que lo proteja y cuide sus espaldas&#8230;<\/p>\n<p>El caso de Regina V\u00e1zquez Saut se cocina a parte&#8230; La hija del extinto cacique Cirilo V\u00e1zquez Lagunes y la misma, quien acept\u00f3 la ejecuci\u00f3n de su padre sin exigir justicia, ni buscar a los culpables, ahora se convierte en la inc\u00f3moda de las filas pri\u00edstas, por ser la protegida del propio Gobernador de Veracruz&#8230; V\u00e1zquez Saut fue propuesta por el terrible \u00c9rick Lagos y el apoyo recae en grupos antag\u00f3nicos involucrados con la delincuencia organizada&#8230; El dinero poco claro se impuso para la posici\u00f3n n\u00famero uno de las plurinominales del PRI, destronando al hijo del l\u00edder en el Congreso de Veracruz y diputado local, Juan Nicol\u00e1s Callejas Arroyo, pasando a segundo puesto, Juan Nicol\u00e1s Callejas Rold\u00e1n, violentando todos los acuerdos y el compromiso electoral&#8230;<\/p>\n<p>En tercera posici\u00f3n, la designaci\u00f3n de \u00faltimo momento de la l\u00edder de la Secci\u00f3n 26 del Sindicato Nacional de los Trabajadores del Sector Salud, Luisa \u00c1ngela Soto Maldonado, quien ha sido la eterna dirigente sindical y adem\u00e1s, la encargada de sacar de la Secretar\u00eda de Salud al investigado por malversaci\u00f3n de fondos durante su administraci\u00f3n, Juan Antonio Nemi Dib&#8230; La presi\u00f3n fue tan grande, que \u00c1ngela Soto destrona al reconocido l\u00edder petrolero en el sur, Carlos Vasconcelos Guevara, amigo cercano del Senador Jos\u00e9 Francisco Yunes Zorrilla, quien se coloca en la posici\u00f3n cuarta en la lista plurinominal&#8230;<\/p>\n<p>Nuevamente, se impone en las listas plurinominales a una militante de Antorcha Campesina, Janeth Garc\u00eda Cruz, quien es actualmente dirigente regional de \u00e9sta agrupaci\u00f3n cobijada, mantenida y financiada siempre por el Gobierno Estatal&#8230; En sexto lugar, colocan a Emiliano L\u00f3pez Cruz, Delegado Especial de la Zona Norte de la CNC, a quien en un principio, por acuerdos partidistas se pact\u00f3 en la cuarta posici\u00f3n, luego a la quinta y finalmente, pasa a la sexta en la lista plurinominal&#8230;<\/p>\n<p>Mientras la dirigencia estatal del PRI culpa a los candidatos, estos culpan a la dirigencia de Veracruz, por la elecci\u00f3n en las listas a diputados locales, pas\u00e1ndose la \u201cpelota\u201d, unos con otros&#8230; Lo cierto, es la intervenci\u00f3n en el cuarto de guerra, de Javier Duarte, Fidel Herrera y \u00c9rick Lagos, buscando el bien de estos, con miras a contar con un Congreso Local para protecci\u00f3n e impunidad legislativa&#8230; Por eso la urgencia de esta lista, hecha por gente nada lista&#8230;<\/p>\n<p>Dudas y comentarios: claudiaguerreromtz@gmail.com<\/p>\n","protected":false},"excerpt":{"rendered":"<p>Claudia Guerrero Mart\u00ednez Entre lo ut\u00f3pico y lo verdadero El registro de diputados locales en Veracruz, en los diferentes partidos pol\u00edticos, hubo sorpresas y en otras, \u00e9stas provocaron divisiones, al no respetar los acuerdos y compromisos partidistas&#8230; Pocos buscar\u00e1n una curul para representar a sus ciudadanos y la mayor\u00eda, desean un esca\u00f1o en el Congreso [&hellip;]<\/p>\n","protected":false},"author":2,"featured_media":0,"comment_status":"open","ping_status":"open","sticky":false,"template":"","format":"standard","meta":{"tdm_status":"","tdm_grid_status":"","footnotes":""},"categories":[70],"tags":[1302,84,854,5328,3895,1990,3686,195],"class_list":{"0":"post-22981","1":"post","2":"type-post","3":"status-publish","4":"format-standard","6":"category-de-opinion","7":"tag-congreso","8":"tag-diputados","9":"tag-gerardo-buganza-salmeron","10":"tag-janeth-garcia-cruz","11":"tag-juan-nicolas-callejas-roldan","12":"tag-luisa-angela-soto-maldonado","13":"tag-regina-vazquez-saut","14":"tag-veracruz"},"yoast_head":"<!-- This site is optimized with the Yoast SEO plugin v27.4 - https:\/\/yoast.com\/product\/yoast-seo-wordpress\/ -->\n<title>Las listas y los no tan listos - Los pol\u00edticos Veracruz<\/title>\n<meta name=\"robots\" content=\"index, follow, max-snippet:-1, max-image-preview:large, max-video-preview:-1\" \/>\n<link rel=\"canonical\" href=\"https:\/\/lospoliticosveracruz.com\/?p=22981\" \/>\n<meta property=\"og:locale\" content=\"es_ES\" \/>\n<meta property=\"og:type\" content=\"article\" \/>\n<meta property=\"og:title\" content=\"Las listas y los no tan listos - Los pol\u00edticos Veracruz\" \/>\n<meta property=\"og:description\" content=\"Claudia Guerrero Mart\u00ednez Entre lo ut\u00f3pico y lo verdadero El registro de diputados locales en Veracruz, en los diferentes partidos pol\u00edticos, hubo sorpresas y en otras, \u00e9stas provocaron divisiones, al no respetar los acuerdos y compromisos partidistas&#8230; Pocos buscar\u00e1n una curul para representar a sus ciudadanos y la mayor\u00eda, desean un esca\u00f1o en el Congreso [&hellip;]\" \/>\n<meta property=\"og:url\" content=\"https:\/\/lospoliticosveracruz.com\/?p=22981\" \/>\n<meta property=\"og:site_name\" content=\"Los pol\u00edticos Veracruz\" \/>\n<meta property=\"article:publisher\" content=\"https:\/\/www.facebook.com\/people\/Notimemes-de-los-Polticos\/61565672886568\/\" \/>\n<meta property=\"article:published_time\" content=\"2016-04-28T03:08:22+00:00\" \/>\n<meta property=\"og:image\" content=\"http:\/\/www.lospoliticosveracruz.com.mx\/wp-content\/uploads\/2016\/04\/Regina-Vazquez-300x201.jpg\" \/>\n<meta name=\"author\" content=\"Lo viste en Los Pol\u00edticos\" \/>\n<meta name=\"twitter:card\" content=\"summary_large_image\" \/>\n<meta name=\"twitter:creator\" content=\"@LosPoliticosVer\" \/>\n<meta name=\"twitter:site\" content=\"@LosPoliticosVer\" \/>\n<meta name=\"twitter:label1\" content=\"Escrito por\" \/>\n\t<meta name=\"twitter:data1\" content=\"Lo viste en Los Pol\u00edticos\" \/>\n\t<meta name=\"twitter:label2\" content=\"Tiempo de lectura\" \/>\n\t<meta name=\"twitter:data2\" content=\"4 minutos\" \/>\n<script type=\"application\/ld+json\" class=\"yoast-schema-graph\">{\"@context\":\"https:\\\/\\\/schema.org\",\"@graph\":[{\"@type\":\"Article\",\"@id\":\"https:\\\/\\\/lospoliticosveracruz.com\\\/?p=22981#article\",\"isPartOf\":{\"@id\":\"https:\\\/\\\/lospoliticosveracruz.com\\\/?p=22981\"},\"author\":{\"name\":\"Lo viste en Los Pol\u00edticos\",\"@id\":\"https:\\\/\\\/lospoliticosveracruz.com\\\/#\\\/schema\\\/person\\\/b8702bb0e538456e6efd07080bf2a4a2\"},\"headline\":\"Las listas y los no tan listos\",\"datePublished\":\"2016-04-28T03:08:22+00:00\",\"mainEntityOfPage\":{\"@id\":\"https:\\\/\\\/lospoliticosveracruz.com\\\/?p=22981\"},\"wordCount\":845,\"commentCount\":0,\"publisher\":{\"@id\":\"https:\\\/\\\/lospoliticosveracruz.com\\\/#organization\"},\"image\":{\"@id\":\"https:\\\/\\\/lospoliticosveracruz.com\\\/?p=22981#primaryimage\"},\"thumbnailUrl\":\"http:\\\/\\\/www.lospoliticosveracruz.com.mx\\\/wp-content\\\/uploads\\\/2016\\\/04\\\/Regina-Vazquez-300x201.jpg\",\"keywords\":[\"Congreso\",\"Diputados\",\"Gerardo Buganza Salmer\u00f3n\",\"Janeth Garc\u00eda Cruz\",\"Juan Nicol\u00e1s Callejas Rold\u00e1n\",\"Luisa \u00c1ngela Soto Maldonado\",\"Regina V\u00e1zquez Saut\",\"Veracruz\"],\"articleSection\":[\"De Opini\u00f3n\"],\"inLanguage\":\"es\",\"potentialAction\":[{\"@type\":\"CommentAction\",\"name\":\"Comment\",\"target\":[\"https:\\\/\\\/lospoliticosveracruz.com\\\/?p=22981#respond\"]}]},{\"@type\":\"WebPage\",\"@id\":\"https:\\\/\\\/lospoliticosveracruz.com\\\/?p=22981\",\"url\":\"https:\\\/\\\/lospoliticosveracruz.com\\\/?p=22981\",\"name\":\"Las listas y los no tan listos - Los pol\u00edticos Veracruz\",\"isPartOf\":{\"@id\":\"https:\\\/\\\/lospoliticosveracruz.com\\\/#website\"},\"primaryImageOfPage\":{\"@id\":\"https:\\\/\\\/lospoliticosveracruz.com\\\/?p=22981#primaryimage\"},\"image\":{\"@id\":\"https:\\\/\\\/lospoliticosveracruz.com\\\/?p=22981#primaryimage\"},\"thumbnailUrl\":\"http:\\\/\\\/www.lospoliticosveracruz.com.mx\\\/wp-content\\\/uploads\\\/2016\\\/04\\\/Regina-Vazquez-300x201.jpg\",\"datePublished\":\"2016-04-28T03:08:22+00:00\",\"breadcrumb\":{\"@id\":\"https:\\\/\\\/lospoliticosveracruz.com\\\/?p=22981#breadcrumb\"},\"inLanguage\":\"es\",\"potentialAction\":[{\"@type\":\"ReadAction\",\"target\":[\"https:\\\/\\\/lospoliticosveracruz.com\\\/?p=22981\"]}]},{\"@type\":\"ImageObject\",\"inLanguage\":\"es\",\"@id\":\"https:\\\/\\\/lospoliticosveracruz.com\\\/?p=22981#primaryimage\",\"url\":\"http:\\\/\\\/www.lospoliticosveracruz.com.mx\\\/wp-content\\\/uploads\\\/2016\\\/04\\\/Regina-Vazquez-300x201.jpg\",\"contentUrl\":\"http:\\\/\\\/www.lospoliticosveracruz.com.mx\\\/wp-content\\\/uploads\\\/2016\\\/04\\\/Regina-Vazquez-300x201.jpg\"},{\"@type\":\"BreadcrumbList\",\"@id\":\"https:\\\/\\\/lospoliticosveracruz.com\\\/?p=22981#breadcrumb\",\"itemListElement\":[{\"@type\":\"ListItem\",\"position\":1,\"name\":\"Portada\",\"item\":\"https:\\\/\\\/lospoliticosveracruz.com\\\/\"},{\"@type\":\"ListItem\",\"position\":2,\"name\":\"Las listas y los no tan listos\"}]},{\"@type\":\"WebSite\",\"@id\":\"https:\\\/\\\/lospoliticosveracruz.com\\\/#website\",\"url\":\"https:\\\/\\\/lospoliticosveracruz.com\\\/\",\"name\":\"Los pol\u00edticos Veracruz\",\"description\":\"\",\"publisher\":{\"@id\":\"https:\\\/\\\/lospoliticosveracruz.com\\\/#organization\"},\"potentialAction\":[{\"@type\":\"SearchAction\",\"target\":{\"@type\":\"EntryPoint\",\"urlTemplate\":\"https:\\\/\\\/lospoliticosveracruz.com\\\/?s={search_term_string}\"},\"query-input\":{\"@type\":\"PropertyValueSpecification\",\"valueRequired\":true,\"valueName\":\"search_term_string\"}}],\"inLanguage\":\"es\"},{\"@type\":\"Organization\",\"@id\":\"https:\\\/\\\/lospoliticosveracruz.com\\\/#organization\",\"name\":\"Los pol\u00edticos Veracruz\",\"url\":\"https:\\\/\\\/lospoliticosveracruz.com\\\/\",\"logo\":{\"@type\":\"ImageObject\",\"inLanguage\":\"es\",\"@id\":\"https:\\\/\\\/lospoliticosveracruz.com\\\/#\\\/schema\\\/logo\\\/image\\\/\",\"url\":\"https:\\\/\\\/lospoliticosveracruz.com\\\/wp-content\\\/uploads\\\/2025\\\/12\\\/Logo-Nuevo-LOS-POLITICOS-1.jpg\",\"contentUrl\":\"https:\\\/\\\/lospoliticosveracruz.com\\\/wp-content\\\/uploads\\\/2025\\\/12\\\/Logo-Nuevo-LOS-POLITICOS-1.jpg\",\"width\":260,\"height\":70,\"caption\":\"Los pol\u00edticos Veracruz\"},\"image\":{\"@id\":\"https:\\\/\\\/lospoliticosveracruz.com\\\/#\\\/schema\\\/logo\\\/image\\\/\"},\"sameAs\":[\"https:\\\/\\\/www.facebook.com\\\/people\\\/Notimemes-de-los-Polticos\\\/61565672886568\\\/\",\"https:\\\/\\\/x.com\\\/LosPoliticosVer\"]},{\"@type\":\"Person\",\"@id\":\"https:\\\/\\\/lospoliticosveracruz.com\\\/#\\\/schema\\\/person\\\/b8702bb0e538456e6efd07080bf2a4a2\",\"name\":\"Lo viste en Los Pol\u00edticos\",\"image\":{\"@type\":\"ImageObject\",\"inLanguage\":\"es\",\"@id\":\"https:\\\/\\\/secure.gravatar.com\\\/avatar\\\/3a8de04a2656d44082be478bd6c086daa447c4651605818287b9532d3d0bd435?s=96&d=mm&r=g\",\"url\":\"https:\\\/\\\/secure.gravatar.com\\\/avatar\\\/3a8de04a2656d44082be478bd6c086daa447c4651605818287b9532d3d0bd435?s=96&d=mm&r=g\",\"contentUrl\":\"https:\\\/\\\/secure.gravatar.com\\\/avatar\\\/3a8de04a2656d44082be478bd6c086daa447c4651605818287b9532d3d0bd435?s=96&d=mm&r=g\",\"caption\":\"Lo viste en Los Pol\u00edticos\"},\"url\":\"https:\\\/\\\/lospoliticosveracruz.com\\\/?author=2\"}]}<\/script>\n<!-- \/ Yoast SEO plugin. -->","yoast_head_json":{"title":"Las listas y los no tan listos - Los pol\u00edticos Veracruz","robots":{"index":"index","follow":"follow","max-snippet":"max-snippet:-1","max-image-preview":"max-image-preview:large","max-video-preview":"max-video-preview:-1"},"canonical":"https:\/\/lospoliticosveracruz.com\/?p=22981","og_locale":"es_ES","og_type":"article","og_title":"Las listas y los no tan listos - Los pol\u00edticos Veracruz","og_description":"Claudia Guerrero Mart\u00ednez Entre lo ut\u00f3pico y lo verdadero El registro de diputados locales en Veracruz, en los diferentes partidos pol\u00edticos, hubo sorpresas y en otras, \u00e9stas provocaron divisiones, al no respetar los acuerdos y compromisos partidistas&#8230; Pocos buscar\u00e1n una curul para representar a sus ciudadanos y la mayor\u00eda, desean un esca\u00f1o en el Congreso [&hellip;]","og_url":"https:\/\/lospoliticosveracruz.com\/?p=22981","og_site_name":"Los pol\u00edticos Veracruz","article_publisher":"https:\/\/www.facebook.com\/people\/Notimemes-de-los-Polticos\/61565672886568\/","article_published_time":"2016-04-28T03:08:22+00:00","og_image":[{"url":"http:\/\/www.lospoliticosveracruz.com.mx\/wp-content\/uploads\/2016\/04\/Regina-Vazquez-300x201.jpg","type":"","width":"","height":""}],"author":"Lo viste en Los Pol\u00edticos","twitter_card":"summary_large_image","twitter_creator":"@LosPoliticosVer","twitter_site":"@LosPoliticosVer","twitter_misc":{"Escrito por":"Lo viste en Los Pol\u00edticos","Tiempo de lectura":"4 minutos"},"schema":{"@context":"https:\/\/schema.org","@graph":[{"@type":"Article","@id":"https:\/\/lospoliticosveracruz.com\/?p=22981#article","isPartOf":{"@id":"https:\/\/lospoliticosveracruz.com\/?p=22981"},"author":{"name":"Lo viste en Los Pol\u00edticos","@id":"https:\/\/lospoliticosveracruz.com\/#\/schema\/person\/b8702bb0e538456e6efd07080bf2a4a2"},"headline":"Las listas y los no tan listos","datePublished":"2016-04-28T03:08:22+00:00","mainEntityOfPage":{"@id":"https:\/\/lospoliticosveracruz.com\/?p=22981"},"wordCount":845,"commentCount":0,"publisher":{"@id":"https:\/\/lospoliticosveracruz.com\/#organization"},"image":{"@id":"https:\/\/lospoliticosveracruz.com\/?p=22981#primaryimage"},"thumbnailUrl":"http:\/\/www.lospoliticosveracruz.com.mx\/wp-content\/uploads\/2016\/04\/Regina-Vazquez-300x201.jpg","keywords":["Congreso","Diputados","Gerardo Buganza Salmer\u00f3n","Janeth Garc\u00eda Cruz","Juan Nicol\u00e1s Callejas Rold\u00e1n","Luisa \u00c1ngela Soto Maldonado","Regina V\u00e1zquez Saut","Veracruz"],"articleSection":["De Opini\u00f3n"],"inLanguage":"es","potentialAction":[{"@type":"CommentAction","name":"Comment","target":["https:\/\/lospoliticosveracruz.com\/?p=22981#respond"]}]},{"@type":"WebPage","@id":"https:\/\/lospoliticosveracruz.com\/?p=22981","url":"https:\/\/lospoliticosveracruz.com\/?p=22981","name":"Las listas y los no tan listos - Los pol\u00edticos Veracruz","isPartOf":{"@id":"https:\/\/lospoliticosveracruz.com\/#website"},"primaryImageOfPage":{"@id":"https:\/\/lospoliticosveracruz.com\/?p=22981#primaryimage"},"image":{"@id":"https:\/\/lospoliticosveracruz.com\/?p=22981#primaryimage"},"thumbnailUrl":"http:\/\/www.lospoliticosveracruz.com.mx\/wp-content\/uploads\/2016\/04\/Regina-Vazquez-300x201.jpg","datePublished":"2016-04-28T03:08:22+00:00","breadcrumb":{"@id":"https:\/\/lospoliticosveracruz.com\/?p=22981#breadcrumb"},"inLanguage":"es","potentialAction":[{"@type":"ReadAction","target":["https:\/\/lospoliticosveracruz.com\/?p=22981"]}]},{"@type":"ImageObject","inLanguage":"es","@id":"https:\/\/lospoliticosveracruz.com\/?p=22981#primaryimage","url":"http:\/\/www.lospoliticosveracruz.com.mx\/wp-content\/uploads\/2016\/04\/Regina-Vazquez-300x201.jpg","contentUrl":"http:\/\/www.lospoliticosveracruz.com.mx\/wp-content\/uploads\/2016\/04\/Regina-Vazquez-300x201.jpg"},{"@type":"BreadcrumbList","@id":"https:\/\/lospoliticosveracruz.com\/?p=22981#breadcrumb","itemListElement":[{"@type":"ListItem","position":1,"name":"Portada","item":"https:\/\/lospoliticosveracruz.com\/"},{"@type":"ListItem","position":2,"name":"Las listas y los no tan listos"}]},{"@type":"WebSite","@id":"https:\/\/lospoliticosveracruz.com\/#website","url":"https:\/\/lospoliticosveracruz.com\/","name":"Los pol\u00edticos Veracruz","description":"","publisher":{"@id":"https:\/\/lospoliticosveracruz.com\/#organization"},"potentialAction":[{"@type":"SearchAction","target":{"@type":"EntryPoint","urlTemplate":"https:\/\/lospoliticosveracruz.com\/?s={search_term_string}"},"query-input":{"@type":"PropertyValueSpecification","valueRequired":true,"valueName":"search_term_string"}}],"inLanguage":"es"},{"@type":"Organization","@id":"https:\/\/lospoliticosveracruz.com\/#organization","name":"Los pol\u00edticos Veracruz","url":"https:\/\/lospoliticosveracruz.com\/","logo":{"@type":"ImageObject","inLanguage":"es","@id":"https:\/\/lospoliticosveracruz.com\/#\/schema\/logo\/image\/","url":"https:\/\/lospoliticosveracruz.com\/wp-content\/uploads\/2025\/12\/Logo-Nuevo-LOS-POLITICOS-1.jpg","contentUrl":"https:\/\/lospoliticosveracruz.com\/wp-content\/uploads\/2025\/12\/Logo-Nuevo-LOS-POLITICOS-1.jpg","width":260,"height":70,"caption":"Los pol\u00edticos Veracruz"},"image":{"@id":"https:\/\/lospoliticosveracruz.com\/#\/schema\/logo\/image\/"},"sameAs":["https:\/\/www.facebook.com\/people\/Notimemes-de-los-Polticos\/61565672886568\/","https:\/\/x.com\/LosPoliticosVer"]},{"@type":"Person","@id":"https:\/\/lospoliticosveracruz.com\/#\/schema\/person\/b8702bb0e538456e6efd07080bf2a4a2","name":"Lo viste en Los Pol\u00edticos","image":{"@type":"ImageObject","inLanguage":"es","@id":"https:\/\/secure.gravatar.com\/avatar\/3a8de04a2656d44082be478bd6c086daa447c4651605818287b9532d3d0bd435?s=96&d=mm&r=g","url":"https:\/\/secure.gravatar.com\/avatar\/3a8de04a2656d44082be478bd6c086daa447c4651605818287b9532d3d0bd435?s=96&d=mm&r=g","contentUrl":"https:\/\/secure.gravatar.com\/avatar\/3a8de04a2656d44082be478bd6c086daa447c4651605818287b9532d3d0bd435?s=96&d=mm&r=g","caption":"Lo viste en Los Pol\u00edticos"},"url":"https:\/\/lospoliticosveracruz.com\/?author=2"}]}},"_links":{"self":[{"href":"https:\/\/lospoliticosveracruz.com\/index.php?rest_route=\/wp\/v2\/posts\/22981","targetHints":{"allow":["GET"]}}],"collection":[{"href":"https:\/\/lospoliticosveracruz.com\/index.php?rest_route=\/wp\/v2\/posts"}],"about":[{"href":"https:\/\/lospoliticosveracruz.com\/index.php?rest_route=\/wp\/v2\/types\/post"}],"author":[{"embeddable":true,"href":"https:\/\/lospoliticosveracruz.com\/index.php?rest_route=\/wp\/v2\/users\/2"}],"replies":[{"embeddable":true,"href":"https:\/\/lospoliticosveracruz.com\/index.php?rest_route=%2Fwp%2Fv2%2Fcomments&post=22981"}],"version-history":[{"count":1,"href":"https:\/\/lospoliticosveracruz.com\/index.php?rest_route=\/wp\/v2\/posts\/22981\/revisions"}],"predecessor-version":[{"id":22983,"href":"https:\/\/lospoliticosveracruz.com\/index.php?rest_route=\/wp\/v2\/posts\/22981\/revisions\/22983"}],"wp:attachment":[{"href":"https:\/\/lospoliticosveracruz.com\/index.php?rest_route=%2Fwp%2Fv2%2Fmedia&parent=22981"}],"wp:term":[{"taxonomy":"category","embeddable":true,"href":"https:\/\/lospoliticosveracruz.com\/index.php?rest_route=%2Fwp%2Fv2%2Fcategories&post=22981"},{"taxonomy":"post_tag","embeddable":true,"href":"https:\/\/lospoliticosveracruz.com\/index.php?rest_route=%2Fwp%2Fv2%2Ftags&post=22981"}],"curies":[{"name":"wp","href":"https:\/\/api.w.org\/{rel}","templated":true}]}}