{"id":23010,"date":"2016-04-28T22:23:01","date_gmt":"2016-04-29T03:23:01","guid":{"rendered":"http:\/\/www.lospoliticosveracruz.com.mx\/?p=23010"},"modified":"2016-04-28T22:23:01","modified_gmt":"2016-04-29T03:23:01","slug":"eleccion-encuestas-y-tribunales","status":"publish","type":"post","link":"https:\/\/lospoliticosveracruz.com\/?p=23010","title":{"rendered":"Elecci\u00f3n, encuestas y tribunales"},"content":{"rendered":"<p><a href=\"http:\/\/www.lospoliticosveracruz.com.mx\/wp-content\/uploads\/2016\/04\/Candidatos.png\"><img loading=\"lazy\" decoding=\"async\" class=\"alignnone size-medium wp-image-23011\" src=\"http:\/\/www.lospoliticosveracruz.com.mx\/wp-content\/uploads\/2016\/04\/Candidatos-300x198.png\" alt=\"Candidatos\" width=\"300\" height=\"198\" \/><\/a><\/p>\n<p><strong>Luis Alberto Romero<\/strong><\/p>\n<p><em>Hora Cero<\/em><\/p>\n<p>Sin importar el resultado de la jornada electoral del pr\u00f3ximo 5 de junio, los tribunales tendr\u00e1n la \u00faltima palabra; en esas instancias se definir\u00e1 al pr\u00f3ximo gobernador veracruzano, dado lo cerrado de la contienda y las predecibles inconformidades e impugnaciones.<\/p>\n<p>La judicializaci\u00f3n del proceso fue la principal caracter\u00edstica en las elecciones de 2004 y 2010; y parece que tambi\u00e9n lo ser\u00e1 en 2016.<\/p>\n<p>Recordemos que en 2004, la diferencia entre el priista Fidel Herrera Beltr\u00e1n y el panista Gerardo Buganza Salmer\u00f3n fue de unos 25 mil votos; en esa ocasi\u00f3n, el 17 de noviembre, los magistrados de la Sala Superior del Tribunal Electoral del Poder Judicial de la Federaci\u00f3n, por unanimidad de votos, confirmaron la declaratoria de validez del candidato de la coalici\u00f3n \u201cFidelidad por Veracruz\u201d.<\/p>\n<p>De esa forma, los recursos que promovieron el Partido Acci\u00f3n Nacional y la coalici\u00f3n \u201cUnidos por Veracruz\u201d (que postul\u00f3 a Dante Delgado como abanderado) no prosperaron porque los magistrados consideraron que sus argumentos resultaban \u201cinfundados e inoperantes\u201d, como los actos anticipados de campa\u00f1a; la inequidad en los medios de comunicaci\u00f3n; la vinculaci\u00f3n de los slogans de la coalici\u00f3n triunfadora con la obra p\u00fablica del gobierno estatal; la utilizaci\u00f3n de recursos p\u00fablicos a favor del candidato priista; la intromisi\u00f3n del gobierno estatal, etc\u00e9tera.<\/p>\n<p>Seis a\u00f1os despu\u00e9s, en 2010, en la arena electoral se encontraron Javier Duarte de Ochoa, de la alianza \u201cVeracruz para Adelante\u201d (PRI, Verde y el desaparecido PRV); Miguel \u00c1ngel Yunes Linares, de la coalici\u00f3n \u201c\u00a1Viva Veracruz!\u201d (PAN,Panal); y otra vez Dante Delgado Rannauro, de la coalici\u00f3n \u201cPara Cambiar Veracruz\u201d (PRD, PT, Convergencia); hace casi seis a\u00f1os, la diferencia entre el primero y el segundo fue menor a 3 puntos porcentuales, 80 mil sufragios, en n\u00fameros redondo.<\/p>\n<p>Despu\u00e9s de esa jornada electoral, el proceso qued\u00f3 otra vez en manos de los tribunales, cuyos magistrados tuvieron que analizar y dictaminar los recursos de impugnaci\u00f3n de las coaliciones \u201cPara Cambiar Veracruz\u201d y \u201c\u00a1Viva Veracruz!\u201d. Sobra contar el resto de la historia; Javier Duarte lleva m\u00e1s de 5 a\u00f1os en el cargo, mientras que Yunes Linares tuvo que esperar seis a\u00f1os para la nueva oportunidad que hoy se le presenta.<\/p>\n<p>El tema resurge hoy, a prop\u00f3sito de la cerrada competencia que se registra en el actual proceso veracruzano.<\/p>\n<p><strong>Empate t\u00e9cnico entre PAN y PRI<\/strong><\/p>\n<p>Este jueves, un diario de circulaci\u00f3n nacional, que cuenta con prestigio period\u00edstico y credibilidad en sus encuestas, maneja el resultado de un ejercicio relacionado con las preferencias electorales en Veracruz. A diferencia de otras casas encuestadoras que han levantado estudios de opini\u00f3n en fechas recientes, en que dan m\u00e1s de 10 puntos porcentuales de ventaja al candidato de Acci\u00f3n Nacional sobre el abanderado de la alianza PRI-Verde-Panal-Ave-Cardenista, el medio capitalino habla de un empate t\u00e9cnico.<\/p>\n<p>De acuerdo con el escenario planteado por la citada encuesta, Miguel \u00c1ngel Yunes tendr\u00eda 33 por ciento en la intenci\u00f3n del voto; el priista H\u00e9ctor Yunes, 32; y Cuitl\u00e1huac Garc\u00eda, 24. En pocas palabras, el estudio habla de una elecci\u00f3n de tercios en que aparecen muy rezagados los dem\u00e1s contendientes. Juan Bueno, candidato independiente, tiene 5 por ciento; el resto, Alba Leonila M\u00e9ndez, Armando M\u00e9ndez y V\u00edctor Alejandro V\u00e1zquez, pareciera que no existen, 3, 2 y 1 por ciento, respectivamente.<\/p>\n<p>En esa encuesta, hay dos puntos que llaman la atenci\u00f3n: primero, el empate t\u00e9cnico entre PAN y PRI, porque la diferencia es de s\u00f3lo un punto porcentual, pero el margen de error es de +\/- 3.7 por ciento; en pocas palabras, entre esos dos partidos, cualquiera puede ganar la elecci\u00f3n; segundo, que dicho estudio demosc\u00f3pico fue levantado del 21 al 25 de abril; sin embargo, el 24 por la noche se verific\u00f3 el debate de los candidatos al gobierno del estado, organizado por el Organismo P\u00fablico Local Electoral; posterior a \u00e9ste se desarroll\u00f3 otro debate en las instalaciones de la estaci\u00f3n de radio XEU, que, por su numerosa audiencia y radio de influencia, es una de las m\u00e1s importantes de la entidad; en ambos, pero sobre todo en el primero de ellos, el candidato panista fue bombardeado por los abanderados del PRI, Morena y PT, adem\u00e1s del \u00fanico aspirante independiente en la contienda, sin articular una defensa eficiente. En ese contexto, ser\u00e1 muy interesante conocer el resultado de estudios similares dentro de dos y tres semanas, ya muy cerca de la jornada.<\/p>\n<p><strong>El predecible conflicto poselectoral<\/strong><\/p>\n<p>Parece que Yunes Linares estaba muy confiado en la ventaja que le atribu\u00edan, al iniciar la contienda, las diferentes casas encuestadoras, y tambi\u00e9n en el descr\u00e9dito del gobierno estatal, considerado uno de los principales puntos negativos de la campa\u00f1a priista; sin embargo, ante un nuevo escenario de mayor competencia electoral y, sobre todo, ante su dram\u00e1tica ca\u00edda en las preferencias, es predecible un cambio en el rumbo y la estrategia de la campa\u00f1a del abanderado del blanquiazul.<\/p>\n<p>De seguir las cosas como hasta ahora, todo indica que en la sucesi\u00f3n veracruzana, la \u00faltima palabra ser\u00e1 pronunciada por los tribunales electorales. Por cierto, este jueves, el OPLE aclar\u00f3 que si la diferencia entre el primero y el segundo lugar en la contienda es inferior al 1 por ciento, proceder\u00e1 el recuento total de los votos en los consejos distritales; esto huele a conflicto poselectoral en puerta. @luisromero85<\/p>\n","protected":false},"excerpt":{"rendered":"<p>Luis Alberto Romero Hora Cero Sin importar el resultado de la jornada electoral del pr\u00f3ximo 5 de junio, los tribunales tendr\u00e1n la \u00faltima palabra; en esas instancias se definir\u00e1 al pr\u00f3ximo gobernador veracruzano, dado lo cerrado de la contienda y las predecibles inconformidades e impugnaciones. La judicializaci\u00f3n del proceso fue la principal caracter\u00edstica en las [&hellip;]<\/p>\n","protected":false},"author":2,"featured_media":0,"comment_status":"open","ping_status":"open","sticky":false,"template":"","format":"standard","meta":{"tdm_status":"","tdm_grid_status":"","footnotes":""},"categories":[70],"tags":[410,854,260,428],"class_list":{"0":"post-23010","1":"post","2":"type-post","3":"status-publish","4":"format-standard","6":"category-de-opinion","7":"tag-fidel-herrera-beltran","8":"tag-gerardo-buganza-salmeron","9":"tag-javier-duarte-de-ochoa","10":"tag-miguel-angel-yunes-linares"},"yoast_head":"<!-- This site is optimized with the Yoast SEO plugin v27.4 - https:\/\/yoast.com\/product\/yoast-seo-wordpress\/ -->\n<title>Elecci\u00f3n, encuestas y tribunales - Los pol\u00edticos Veracruz<\/title>\n<meta name=\"robots\" content=\"index, follow, max-snippet:-1, max-image-preview:large, max-video-preview:-1\" \/>\n<link rel=\"canonical\" href=\"https:\/\/lospoliticosveracruz.com\/?p=23010\" \/>\n<meta property=\"og:locale\" content=\"es_ES\" \/>\n<meta property=\"og:type\" content=\"article\" \/>\n<meta property=\"og:title\" content=\"Elecci\u00f3n, encuestas y tribunales - Los pol\u00edticos Veracruz\" \/>\n<meta property=\"og:description\" content=\"Luis Alberto Romero Hora Cero Sin importar el resultado de la jornada electoral del pr\u00f3ximo 5 de junio, los tribunales tendr\u00e1n la \u00faltima palabra; en esas instancias se definir\u00e1 al pr\u00f3ximo gobernador veracruzano, dado lo cerrado de la contienda y las predecibles inconformidades e impugnaciones. La judicializaci\u00f3n del proceso fue la principal caracter\u00edstica en las [&hellip;]\" \/>\n<meta property=\"og:url\" content=\"https:\/\/lospoliticosveracruz.com\/?p=23010\" \/>\n<meta property=\"og:site_name\" content=\"Los pol\u00edticos Veracruz\" \/>\n<meta property=\"article:publisher\" content=\"https:\/\/www.facebook.com\/people\/Notimemes-de-los-Polticos\/61565672886568\/\" \/>\n<meta property=\"article:published_time\" content=\"2016-04-29T03:23:01+00:00\" \/>\n<meta property=\"og:image\" content=\"http:\/\/www.lospoliticosveracruz.com.mx\/wp-content\/uploads\/2016\/04\/Candidatos-300x198.png\" \/>\n<meta name=\"author\" content=\"Lo viste en Los Pol\u00edticos\" \/>\n<meta name=\"twitter:card\" content=\"summary_large_image\" \/>\n<meta name=\"twitter:creator\" content=\"@LosPoliticosVer\" \/>\n<meta name=\"twitter:site\" content=\"@LosPoliticosVer\" \/>\n<meta name=\"twitter:label1\" content=\"Escrito por\" \/>\n\t<meta name=\"twitter:data1\" content=\"Lo viste en Los Pol\u00edticos\" \/>\n\t<meta name=\"twitter:label2\" content=\"Tiempo de lectura\" \/>\n\t<meta name=\"twitter:data2\" content=\"5 minutos\" \/>\n<script type=\"application\/ld+json\" class=\"yoast-schema-graph\">{\"@context\":\"https:\\\/\\\/schema.org\",\"@graph\":[{\"@type\":\"Article\",\"@id\":\"https:\\\/\\\/lospoliticosveracruz.com\\\/?p=23010#article\",\"isPartOf\":{\"@id\":\"https:\\\/\\\/lospoliticosveracruz.com\\\/?p=23010\"},\"author\":{\"name\":\"Lo viste en Los Pol\u00edticos\",\"@id\":\"https:\\\/\\\/lospoliticosveracruz.com\\\/#\\\/schema\\\/person\\\/b8702bb0e538456e6efd07080bf2a4a2\"},\"headline\":\"Elecci\u00f3n, encuestas y tribunales\",\"datePublished\":\"2016-04-29T03:23:01+00:00\",\"mainEntityOfPage\":{\"@id\":\"https:\\\/\\\/lospoliticosveracruz.com\\\/?p=23010\"},\"wordCount\":921,\"commentCount\":0,\"publisher\":{\"@id\":\"https:\\\/\\\/lospoliticosveracruz.com\\\/#organization\"},\"image\":{\"@id\":\"https:\\\/\\\/lospoliticosveracruz.com\\\/?p=23010#primaryimage\"},\"thumbnailUrl\":\"http:\\\/\\\/www.lospoliticosveracruz.com.mx\\\/wp-content\\\/uploads\\\/2016\\\/04\\\/Candidatos-300x198.png\",\"keywords\":[\"Fidel Herrera Beltr\u00e1n\",\"Gerardo Buganza Salmer\u00f3n\",\"Javier Duarte de Ochoa\",\"Miguel Angel Yunes Linares\"],\"articleSection\":[\"De Opini\u00f3n\"],\"inLanguage\":\"es\",\"potentialAction\":[{\"@type\":\"CommentAction\",\"name\":\"Comment\",\"target\":[\"https:\\\/\\\/lospoliticosveracruz.com\\\/?p=23010#respond\"]}]},{\"@type\":\"WebPage\",\"@id\":\"https:\\\/\\\/lospoliticosveracruz.com\\\/?p=23010\",\"url\":\"https:\\\/\\\/lospoliticosveracruz.com\\\/?p=23010\",\"name\":\"Elecci\u00f3n, encuestas y tribunales - Los pol\u00edticos Veracruz\",\"isPartOf\":{\"@id\":\"https:\\\/\\\/lospoliticosveracruz.com\\\/#website\"},\"primaryImageOfPage\":{\"@id\":\"https:\\\/\\\/lospoliticosveracruz.com\\\/?p=23010#primaryimage\"},\"image\":{\"@id\":\"https:\\\/\\\/lospoliticosveracruz.com\\\/?p=23010#primaryimage\"},\"thumbnailUrl\":\"http:\\\/\\\/www.lospoliticosveracruz.com.mx\\\/wp-content\\\/uploads\\\/2016\\\/04\\\/Candidatos-300x198.png\",\"datePublished\":\"2016-04-29T03:23:01+00:00\",\"breadcrumb\":{\"@id\":\"https:\\\/\\\/lospoliticosveracruz.com\\\/?p=23010#breadcrumb\"},\"inLanguage\":\"es\",\"potentialAction\":[{\"@type\":\"ReadAction\",\"target\":[\"https:\\\/\\\/lospoliticosveracruz.com\\\/?p=23010\"]}]},{\"@type\":\"ImageObject\",\"inLanguage\":\"es\",\"@id\":\"https:\\\/\\\/lospoliticosveracruz.com\\\/?p=23010#primaryimage\",\"url\":\"http:\\\/\\\/www.lospoliticosveracruz.com.mx\\\/wp-content\\\/uploads\\\/2016\\\/04\\\/Candidatos-300x198.png\",\"contentUrl\":\"http:\\\/\\\/www.lospoliticosveracruz.com.mx\\\/wp-content\\\/uploads\\\/2016\\\/04\\\/Candidatos-300x198.png\"},{\"@type\":\"BreadcrumbList\",\"@id\":\"https:\\\/\\\/lospoliticosveracruz.com\\\/?p=23010#breadcrumb\",\"itemListElement\":[{\"@type\":\"ListItem\",\"position\":1,\"name\":\"Portada\",\"item\":\"https:\\\/\\\/lospoliticosveracruz.com\\\/\"},{\"@type\":\"ListItem\",\"position\":2,\"name\":\"Elecci\u00f3n, encuestas y tribunales\"}]},{\"@type\":\"WebSite\",\"@id\":\"https:\\\/\\\/lospoliticosveracruz.com\\\/#website\",\"url\":\"https:\\\/\\\/lospoliticosveracruz.com\\\/\",\"name\":\"Los pol\u00edticos Veracruz\",\"description\":\"\",\"publisher\":{\"@id\":\"https:\\\/\\\/lospoliticosveracruz.com\\\/#organization\"},\"potentialAction\":[{\"@type\":\"SearchAction\",\"target\":{\"@type\":\"EntryPoint\",\"urlTemplate\":\"https:\\\/\\\/lospoliticosveracruz.com\\\/?s={search_term_string}\"},\"query-input\":{\"@type\":\"PropertyValueSpecification\",\"valueRequired\":true,\"valueName\":\"search_term_string\"}}],\"inLanguage\":\"es\"},{\"@type\":\"Organization\",\"@id\":\"https:\\\/\\\/lospoliticosveracruz.com\\\/#organization\",\"name\":\"Los pol\u00edticos Veracruz\",\"url\":\"https:\\\/\\\/lospoliticosveracruz.com\\\/\",\"logo\":{\"@type\":\"ImageObject\",\"inLanguage\":\"es\",\"@id\":\"https:\\\/\\\/lospoliticosveracruz.com\\\/#\\\/schema\\\/logo\\\/image\\\/\",\"url\":\"https:\\\/\\\/lospoliticosveracruz.com\\\/wp-content\\\/uploads\\\/2025\\\/12\\\/Logo-Nuevo-LOS-POLITICOS-1.jpg\",\"contentUrl\":\"https:\\\/\\\/lospoliticosveracruz.com\\\/wp-content\\\/uploads\\\/2025\\\/12\\\/Logo-Nuevo-LOS-POLITICOS-1.jpg\",\"width\":260,\"height\":70,\"caption\":\"Los pol\u00edticos Veracruz\"},\"image\":{\"@id\":\"https:\\\/\\\/lospoliticosveracruz.com\\\/#\\\/schema\\\/logo\\\/image\\\/\"},\"sameAs\":[\"https:\\\/\\\/www.facebook.com\\\/people\\\/Notimemes-de-los-Polticos\\\/61565672886568\\\/\",\"https:\\\/\\\/x.com\\\/LosPoliticosVer\"]},{\"@type\":\"Person\",\"@id\":\"https:\\\/\\\/lospoliticosveracruz.com\\\/#\\\/schema\\\/person\\\/b8702bb0e538456e6efd07080bf2a4a2\",\"name\":\"Lo viste en Los Pol\u00edticos\",\"image\":{\"@type\":\"ImageObject\",\"inLanguage\":\"es\",\"@id\":\"https:\\\/\\\/secure.gravatar.com\\\/avatar\\\/3a8de04a2656d44082be478bd6c086daa447c4651605818287b9532d3d0bd435?s=96&d=mm&r=g\",\"url\":\"https:\\\/\\\/secure.gravatar.com\\\/avatar\\\/3a8de04a2656d44082be478bd6c086daa447c4651605818287b9532d3d0bd435?s=96&d=mm&r=g\",\"contentUrl\":\"https:\\\/\\\/secure.gravatar.com\\\/avatar\\\/3a8de04a2656d44082be478bd6c086daa447c4651605818287b9532d3d0bd435?s=96&d=mm&r=g\",\"caption\":\"Lo viste en Los Pol\u00edticos\"},\"url\":\"https:\\\/\\\/lospoliticosveracruz.com\\\/?author=2\"}]}<\/script>\n<!-- \/ Yoast SEO plugin. -->","yoast_head_json":{"title":"Elecci\u00f3n, encuestas y tribunales - Los pol\u00edticos Veracruz","robots":{"index":"index","follow":"follow","max-snippet":"max-snippet:-1","max-image-preview":"max-image-preview:large","max-video-preview":"max-video-preview:-1"},"canonical":"https:\/\/lospoliticosveracruz.com\/?p=23010","og_locale":"es_ES","og_type":"article","og_title":"Elecci\u00f3n, encuestas y tribunales - Los pol\u00edticos Veracruz","og_description":"Luis Alberto Romero Hora Cero Sin importar el resultado de la jornada electoral del pr\u00f3ximo 5 de junio, los tribunales tendr\u00e1n la \u00faltima palabra; en esas instancias se definir\u00e1 al pr\u00f3ximo gobernador veracruzano, dado lo cerrado de la contienda y las predecibles inconformidades e impugnaciones. La judicializaci\u00f3n del proceso fue la principal caracter\u00edstica en las [&hellip;]","og_url":"https:\/\/lospoliticosveracruz.com\/?p=23010","og_site_name":"Los pol\u00edticos Veracruz","article_publisher":"https:\/\/www.facebook.com\/people\/Notimemes-de-los-Polticos\/61565672886568\/","article_published_time":"2016-04-29T03:23:01+00:00","og_image":[{"url":"http:\/\/www.lospoliticosveracruz.com.mx\/wp-content\/uploads\/2016\/04\/Candidatos-300x198.png","type":"","width":"","height":""}],"author":"Lo viste en Los Pol\u00edticos","twitter_card":"summary_large_image","twitter_creator":"@LosPoliticosVer","twitter_site":"@LosPoliticosVer","twitter_misc":{"Escrito por":"Lo viste en Los Pol\u00edticos","Tiempo de lectura":"5 minutos"},"schema":{"@context":"https:\/\/schema.org","@graph":[{"@type":"Article","@id":"https:\/\/lospoliticosveracruz.com\/?p=23010#article","isPartOf":{"@id":"https:\/\/lospoliticosveracruz.com\/?p=23010"},"author":{"name":"Lo viste en Los Pol\u00edticos","@id":"https:\/\/lospoliticosveracruz.com\/#\/schema\/person\/b8702bb0e538456e6efd07080bf2a4a2"},"headline":"Elecci\u00f3n, encuestas y tribunales","datePublished":"2016-04-29T03:23:01+00:00","mainEntityOfPage":{"@id":"https:\/\/lospoliticosveracruz.com\/?p=23010"},"wordCount":921,"commentCount":0,"publisher":{"@id":"https:\/\/lospoliticosveracruz.com\/#organization"},"image":{"@id":"https:\/\/lospoliticosveracruz.com\/?p=23010#primaryimage"},"thumbnailUrl":"http:\/\/www.lospoliticosveracruz.com.mx\/wp-content\/uploads\/2016\/04\/Candidatos-300x198.png","keywords":["Fidel Herrera Beltr\u00e1n","Gerardo Buganza Salmer\u00f3n","Javier Duarte de Ochoa","Miguel Angel Yunes Linares"],"articleSection":["De Opini\u00f3n"],"inLanguage":"es","potentialAction":[{"@type":"CommentAction","name":"Comment","target":["https:\/\/lospoliticosveracruz.com\/?p=23010#respond"]}]},{"@type":"WebPage","@id":"https:\/\/lospoliticosveracruz.com\/?p=23010","url":"https:\/\/lospoliticosveracruz.com\/?p=23010","name":"Elecci\u00f3n, encuestas y tribunales - Los pol\u00edticos Veracruz","isPartOf":{"@id":"https:\/\/lospoliticosveracruz.com\/#website"},"primaryImageOfPage":{"@id":"https:\/\/lospoliticosveracruz.com\/?p=23010#primaryimage"},"image":{"@id":"https:\/\/lospoliticosveracruz.com\/?p=23010#primaryimage"},"thumbnailUrl":"http:\/\/www.lospoliticosveracruz.com.mx\/wp-content\/uploads\/2016\/04\/Candidatos-300x198.png","datePublished":"2016-04-29T03:23:01+00:00","breadcrumb":{"@id":"https:\/\/lospoliticosveracruz.com\/?p=23010#breadcrumb"},"inLanguage":"es","potentialAction":[{"@type":"ReadAction","target":["https:\/\/lospoliticosveracruz.com\/?p=23010"]}]},{"@type":"ImageObject","inLanguage":"es","@id":"https:\/\/lospoliticosveracruz.com\/?p=23010#primaryimage","url":"http:\/\/www.lospoliticosveracruz.com.mx\/wp-content\/uploads\/2016\/04\/Candidatos-300x198.png","contentUrl":"http:\/\/www.lospoliticosveracruz.com.mx\/wp-content\/uploads\/2016\/04\/Candidatos-300x198.png"},{"@type":"BreadcrumbList","@id":"https:\/\/lospoliticosveracruz.com\/?p=23010#breadcrumb","itemListElement":[{"@type":"ListItem","position":1,"name":"Portada","item":"https:\/\/lospoliticosveracruz.com\/"},{"@type":"ListItem","position":2,"name":"Elecci\u00f3n, encuestas y tribunales"}]},{"@type":"WebSite","@id":"https:\/\/lospoliticosveracruz.com\/#website","url":"https:\/\/lospoliticosveracruz.com\/","name":"Los pol\u00edticos Veracruz","description":"","publisher":{"@id":"https:\/\/lospoliticosveracruz.com\/#organization"},"potentialAction":[{"@type":"SearchAction","target":{"@type":"EntryPoint","urlTemplate":"https:\/\/lospoliticosveracruz.com\/?s={search_term_string}"},"query-input":{"@type":"PropertyValueSpecification","valueRequired":true,"valueName":"search_term_string"}}],"inLanguage":"es"},{"@type":"Organization","@id":"https:\/\/lospoliticosveracruz.com\/#organization","name":"Los pol\u00edticos Veracruz","url":"https:\/\/lospoliticosveracruz.com\/","logo":{"@type":"ImageObject","inLanguage":"es","@id":"https:\/\/lospoliticosveracruz.com\/#\/schema\/logo\/image\/","url":"https:\/\/lospoliticosveracruz.com\/wp-content\/uploads\/2025\/12\/Logo-Nuevo-LOS-POLITICOS-1.jpg","contentUrl":"https:\/\/lospoliticosveracruz.com\/wp-content\/uploads\/2025\/12\/Logo-Nuevo-LOS-POLITICOS-1.jpg","width":260,"height":70,"caption":"Los pol\u00edticos Veracruz"},"image":{"@id":"https:\/\/lospoliticosveracruz.com\/#\/schema\/logo\/image\/"},"sameAs":["https:\/\/www.facebook.com\/people\/Notimemes-de-los-Polticos\/61565672886568\/","https:\/\/x.com\/LosPoliticosVer"]},{"@type":"Person","@id":"https:\/\/lospoliticosveracruz.com\/#\/schema\/person\/b8702bb0e538456e6efd07080bf2a4a2","name":"Lo viste en Los Pol\u00edticos","image":{"@type":"ImageObject","inLanguage":"es","@id":"https:\/\/secure.gravatar.com\/avatar\/3a8de04a2656d44082be478bd6c086daa447c4651605818287b9532d3d0bd435?s=96&d=mm&r=g","url":"https:\/\/secure.gravatar.com\/avatar\/3a8de04a2656d44082be478bd6c086daa447c4651605818287b9532d3d0bd435?s=96&d=mm&r=g","contentUrl":"https:\/\/secure.gravatar.com\/avatar\/3a8de04a2656d44082be478bd6c086daa447c4651605818287b9532d3d0bd435?s=96&d=mm&r=g","caption":"Lo viste en Los Pol\u00edticos"},"url":"https:\/\/lospoliticosveracruz.com\/?author=2"}]}},"_links":{"self":[{"href":"https:\/\/lospoliticosveracruz.com\/index.php?rest_route=\/wp\/v2\/posts\/23010","targetHints":{"allow":["GET"]}}],"collection":[{"href":"https:\/\/lospoliticosveracruz.com\/index.php?rest_route=\/wp\/v2\/posts"}],"about":[{"href":"https:\/\/lospoliticosveracruz.com\/index.php?rest_route=\/wp\/v2\/types\/post"}],"author":[{"embeddable":true,"href":"https:\/\/lospoliticosveracruz.com\/index.php?rest_route=\/wp\/v2\/users\/2"}],"replies":[{"embeddable":true,"href":"https:\/\/lospoliticosveracruz.com\/index.php?rest_route=%2Fwp%2Fv2%2Fcomments&post=23010"}],"version-history":[{"count":1,"href":"https:\/\/lospoliticosveracruz.com\/index.php?rest_route=\/wp\/v2\/posts\/23010\/revisions"}],"predecessor-version":[{"id":23012,"href":"https:\/\/lospoliticosveracruz.com\/index.php?rest_route=\/wp\/v2\/posts\/23010\/revisions\/23012"}],"wp:attachment":[{"href":"https:\/\/lospoliticosveracruz.com\/index.php?rest_route=%2Fwp%2Fv2%2Fmedia&parent=23010"}],"wp:term":[{"taxonomy":"category","embeddable":true,"href":"https:\/\/lospoliticosveracruz.com\/index.php?rest_route=%2Fwp%2Fv2%2Fcategories&post=23010"},{"taxonomy":"post_tag","embeddable":true,"href":"https:\/\/lospoliticosveracruz.com\/index.php?rest_route=%2Fwp%2Fv2%2Ftags&post=23010"}],"curies":[{"name":"wp","href":"https:\/\/api.w.org\/{rel}","templated":true}]}}