{"id":23068,"date":"2016-05-03T11:28:55","date_gmt":"2016-05-03T16:28:55","guid":{"rendered":"http:\/\/www.lospoliticosveracruz.com.mx\/?p=23068"},"modified":"2016-05-03T11:28:55","modified_gmt":"2016-05-03T16:28:55","slug":"nueva-encuesta-nuevo-empate","status":"publish","type":"post","link":"https:\/\/lospoliticosveracruz.com\/?p=23068","title":{"rendered":"Nueva encuesta, nuevo empate"},"content":{"rendered":"<p>&nbsp;<\/p>\n<p><a href=\"http:\/\/www.lospoliticosveracruz.com.mx\/wp-content\/uploads\/2016\/03\/Miguel-H\u00e9ctor-Yunes.jpg\"><img loading=\"lazy\" decoding=\"async\" class=\"alignnone size-medium wp-image-21608\" src=\"http:\/\/www.lospoliticosveracruz.com.mx\/wp-content\/uploads\/2016\/03\/Miguel-H\u00e9ctor-Yunes-300x237.jpg\" alt=\"Miguel H\u00e9ctor Yunes\" width=\"300\" height=\"237\" \/><\/a><\/p>\n<p><strong>Luis Alberto Romero<\/strong><\/p>\n<p><em>Hora Cero<\/em><\/p>\n<p>&nbsp;<\/p>\n<p>&nbsp;<\/p>\n<p>La encuesta difundida este lunes por un importante impreso de circulaci\u00f3n nacional confirma la muy cerrada contienda, el estrecho margen entre los dos candidatos punteros al gobierno de Veracruz, Miguel \u00c1ngel Yunes Linares, de PAN-PRD; y H\u00e9ctor Yunes Landa, de la alianza PRI-Verde-Panal-Ave-Cardenista; as\u00ed como la presi\u00f3n que comienza a ejercer sobre los primeros el abanderado del Movimiento de Regeneraci\u00f3n Nacional, Cuitl\u00e1huac Garc\u00eda Jim\u00e9nez.<br \/>\nEn este nuevo ejercicio de medici\u00f3n de la opini\u00f3n p\u00fablica veracruzana, Yunes Linares se mantiene en la punta, con 20.8 por ciento de las preferencias. Le sigue de cerca Yunes Landa, con 18.1 por ciento; la diferencia entre el primero y el segundo es apenas de 2.7 por ciento.<br \/>\nA este dato se suma otro elemento que resulta de mucho inter\u00e9s: la ventaja del segundo (PRI) sobre el tercero (Morena) es de s\u00f3lo 1.9 por ciento, ya que el abanderado del partido de L\u00f3pez Obrador registra 16.2 por ciento. El margen de error de la encuesta es de +\/- 3.1.<br \/>\nEn ese sentido, podr\u00edamos hablar de que en la elecci\u00f3n del 5 de junio pr\u00e1cticamente cualquier cosa puede pasar: el triunfo del PAN o del PRI, e incluso una remontada del candidato de Morena, que se ve menos probable, pero ciertamente posible, porque la diferencia entre el primero y el tercero es s\u00f3lo de 4.6 puntos porcentuales.<br \/>\nAl igual que en otras encuestas similares levantadas en Veracruz con motivo del proceso electoral, los dem\u00e1s candidatos, Juan Bueno Torio, Armando M\u00e9ndez de la Luz, Alba Leonila M\u00e9ndez Herrera y V\u00edctor Alejandro V\u00e1zquez Cuevas, pr\u00e1cticamente no figuran; s\u00f3lo el primero, el aspirante independiente, aparece con 2.8 por ciento; los abanderados del Movimiento Ciudadano y de los partidos del Trabajo y Encuentro Social, ni siquiera llegan a dos puntos porcentuales.<br \/>\nHace menos de una semana, otro prestigioso medio, tambi\u00e9n de circulaci\u00f3n nacional, difundi\u00f3 los resultados de la encuesta que aplic\u00f3 en territorio veracruzano; en ese estudio Miguel \u00c1ngel Yunes tambi\u00e9n sale adelante en las preferencias, con 33 por ciento; muy cerca, un punto abajo, est\u00e1 el priista H\u00e9ctor Yunes Landa, con 32 por ciento en la intenci\u00f3n del voto. Cuitl\u00e1huac Garc\u00eda registr\u00f3 24 por ciento, 9 puntos menos que el primero y ocho menos que el segundo, con un margen de error de 3.7 por ciento.<br \/>\nA unos 30 d\u00edas de que concluyan las campa\u00f1as pol\u00edticas y a menos de cinco semanas de la jornada electoral, las encuestas reflejan un escenario cada vez m\u00e1s cerrado y de alta competencia en Veracruz.<\/p>\n<p><strong>PAN pierde gas<\/strong><br \/>\nEste lunes, la p\u00e1gina de internet de Expansi\u00f3n (en alianza con CNN) difunde una interesante entrevista con el candidato de la alianza PAN-PRD al gobierno del estado, quien afirma que, en las encuestas, est\u00e1 12 puntos arriba del PRI. Sin embargo, es muy probable que los n\u00fameros que maneja Yunes Linares no est\u00e9n debidamente actualizados.<br \/>\nHace casi dos meses, el 5 de febrero, la agencia SDPnoticias realiz\u00f3 un recuento, una medici\u00f3n de los partidos en las entidades que celebran elecciones locales este a\u00f1o. Destaca, para el caso veracruzano, que el candidato de la alianza \u201cPara Rescatar Veracruz\u201d contaba con una ventaja de 8 puntos sobre su m\u00e1s cercano contendiente, el priista H\u00e9ctor Yunes Landa; de igual manera, dicha p\u00e1gina ya consigna el avance del Movimiento de Regeneraci\u00f3n Nacional y no descarta que su candidato, Cuiutl\u00e1huac Garc\u00eda triunfo en este proceso.<br \/>\nHace un mes, un importante medio nacional, especializado en econom\u00eda, negocios y finanzas, difundi\u00f3 los resultados de una encuesta levantada entre el 30 de marzo y el 4 de abril en territorio estatal; en ese estudio, Miguel \u00c1ngel Yunes aparece con el 43 por ciento; el priista H\u00e9ctor Yunes sale con 35 por ciento; mientras que Cuitl\u00e1huac Garc\u00eda se rezaga, en el tercero, con 16 puntos porcentuales. Otra vez, los candidatos Juan Bueno, Armando M\u00e9ndez, Alba Leonila M\u00e9ndez y Pipo V\u00e1zquez tienen tan pocos puntos que ni siquiera figuran.<br \/>\nDespu\u00e9s de esas mediciones surgieron, en medios nacionales e internacionales, notas que vinculaban al abanderado de la alianza PAN-PRD y a sus familiares m\u00e1s cercanos con presuntos casos de enriquecimiento inexplicable, como el intento de inversi\u00f3n en para\u00edsos fiscales o las propiedades que habr\u00edan adquirido en el extranjero; a ello se suma una intensa campa\u00f1a, difundida a trav\u00e9s de las redes sociales (b\u00e1sicamente Facebook y Twitter), para desacreditar a Yunes Linares y restarle, a base de golpes medi\u00e1ticos, puntos en las preferencias ciudadanas.<br \/>\nEl resultado de la suma de esos factores es la progresiva p\u00e9rdida de puntos en la intenci\u00f3n del voto para la campa\u00f1a panista.<br \/>\nHoy, las encuestas m\u00e1s serias y recientes hablan de un empate t\u00e9cnico entre los primos Yunes, Miguel \u00c1ngel y H\u00e9ctor, con ligera ventaja para el primero; las preguntas que surgen, en ese contexto, se relacionan con las posibilidades del PRI y Morena para remontar en las pr\u00f3ximas cuatro semanas y, por otro lado, hasta qu\u00e9 punto podr\u00eda desplomarse el candidato panista.<br \/>\nLo cierto es que una tendencia mucho m\u00e1s clara, incluso irreversible, se podr\u00e1 observar hasta dentro de tres semanas.<\/p>\n<p>@luisromero85<\/p>\n","protected":false},"excerpt":{"rendered":"<p>&nbsp; Luis Alberto Romero Hora Cero &nbsp; &nbsp; La encuesta difundida este lunes por un importante impreso de circulaci\u00f3n nacional confirma la muy cerrada contienda, el estrecho margen entre los dos candidatos punteros al gobierno de Veracruz, Miguel \u00c1ngel Yunes Linares, de PAN-PRD; y H\u00e9ctor Yunes Landa, de la alianza PRI-Verde-Panal-Ave-Cardenista; as\u00ed como la presi\u00f3n [&hellip;]<\/p>\n","protected":false},"author":2,"featured_media":0,"comment_status":"open","ping_status":"open","sticky":false,"template":"","format":"standard","meta":{"tdm_status":"","tdm_grid_status":"","footnotes":""},"categories":[70],"tags":[1563,4500,348,428],"class_list":{"0":"post-23068","1":"post","2":"type-post","3":"status-publish","4":"format-standard","6":"category-de-opinion","7":"tag-cuitlahuac-garcia-jimenez","8":"tag-encuesta","9":"tag-hector-yunes-landa","10":"tag-miguel-angel-yunes-linares"},"yoast_head":"<!-- This site is optimized with the Yoast SEO plugin v27.4 - https:\/\/yoast.com\/product\/yoast-seo-wordpress\/ -->\n<title>Nueva encuesta, nuevo empate - Los pol\u00edticos Veracruz<\/title>\n<meta name=\"robots\" content=\"index, follow, max-snippet:-1, max-image-preview:large, max-video-preview:-1\" \/>\n<link rel=\"canonical\" href=\"https:\/\/lospoliticosveracruz.com\/?p=23068\" \/>\n<meta property=\"og:locale\" content=\"es_ES\" \/>\n<meta property=\"og:type\" content=\"article\" \/>\n<meta property=\"og:title\" content=\"Nueva encuesta, nuevo empate - Los pol\u00edticos Veracruz\" \/>\n<meta property=\"og:description\" content=\"&nbsp; Luis Alberto Romero Hora Cero &nbsp; &nbsp; La encuesta difundida este lunes por un importante impreso de circulaci\u00f3n nacional confirma la muy cerrada contienda, el estrecho margen entre los dos candidatos punteros al gobierno de Veracruz, Miguel \u00c1ngel Yunes Linares, de PAN-PRD; y H\u00e9ctor Yunes Landa, de la alianza PRI-Verde-Panal-Ave-Cardenista; as\u00ed como la presi\u00f3n [&hellip;]\" \/>\n<meta property=\"og:url\" content=\"https:\/\/lospoliticosveracruz.com\/?p=23068\" \/>\n<meta property=\"og:site_name\" content=\"Los pol\u00edticos Veracruz\" \/>\n<meta property=\"article:publisher\" content=\"https:\/\/www.facebook.com\/people\/Notimemes-de-los-Polticos\/61565672886568\/\" \/>\n<meta property=\"article:published_time\" content=\"2016-05-03T16:28:55+00:00\" \/>\n<meta property=\"og:image\" content=\"https:\/\/lospoliticosveracruz.com\/wp-content\/uploads\/2016\/07\/Logo-Dor.jpg\" \/>\n\t<meta property=\"og:image:width\" content=\"200\" \/>\n\t<meta property=\"og:image:height\" content=\"200\" \/>\n\t<meta property=\"og:image:type\" content=\"image\/jpeg\" \/>\n<meta name=\"author\" content=\"Lo viste en Los Pol\u00edticos\" \/>\n<meta name=\"twitter:card\" content=\"summary_large_image\" \/>\n<meta name=\"twitter:creator\" content=\"@LosPoliticosVer\" \/>\n<meta name=\"twitter:site\" content=\"@LosPoliticosVer\" \/>\n<meta name=\"twitter:label1\" content=\"Escrito por\" \/>\n\t<meta name=\"twitter:data1\" content=\"Lo viste en Los Pol\u00edticos\" \/>\n\t<meta name=\"twitter:label2\" content=\"Tiempo de lectura\" \/>\n\t<meta name=\"twitter:data2\" content=\"4 minutos\" \/>\n<script type=\"application\/ld+json\" class=\"yoast-schema-graph\">{\"@context\":\"https:\\\/\\\/schema.org\",\"@graph\":[{\"@type\":\"Article\",\"@id\":\"https:\\\/\\\/lospoliticosveracruz.com\\\/?p=23068#article\",\"isPartOf\":{\"@id\":\"https:\\\/\\\/lospoliticosveracruz.com\\\/?p=23068\"},\"author\":{\"name\":\"Lo viste en Los Pol\u00edticos\",\"@id\":\"https:\\\/\\\/lospoliticosveracruz.com\\\/#\\\/schema\\\/person\\\/b8702bb0e538456e6efd07080bf2a4a2\"},\"headline\":\"Nueva encuesta, nuevo empate\",\"datePublished\":\"2016-05-03T16:28:55+00:00\",\"mainEntityOfPage\":{\"@id\":\"https:\\\/\\\/lospoliticosveracruz.com\\\/?p=23068\"},\"wordCount\":892,\"commentCount\":0,\"publisher\":{\"@id\":\"https:\\\/\\\/lospoliticosveracruz.com\\\/#organization\"},\"keywords\":[\"Cuitl\u00e1huac Garc\u00eda Jim\u00e9nez\",\"encuesta\",\"H\u00e9ctor Yunes Landa\",\"Miguel Angel Yunes Linares\"],\"articleSection\":[\"De Opini\u00f3n\"],\"inLanguage\":\"es\",\"potentialAction\":[{\"@type\":\"CommentAction\",\"name\":\"Comment\",\"target\":[\"https:\\\/\\\/lospoliticosveracruz.com\\\/?p=23068#respond\"]}]},{\"@type\":\"WebPage\",\"@id\":\"https:\\\/\\\/lospoliticosveracruz.com\\\/?p=23068\",\"url\":\"https:\\\/\\\/lospoliticosveracruz.com\\\/?p=23068\",\"name\":\"Nueva encuesta, nuevo empate - Los pol\u00edticos Veracruz\",\"isPartOf\":{\"@id\":\"https:\\\/\\\/lospoliticosveracruz.com\\\/#website\"},\"datePublished\":\"2016-05-03T16:28:55+00:00\",\"breadcrumb\":{\"@id\":\"https:\\\/\\\/lospoliticosveracruz.com\\\/?p=23068#breadcrumb\"},\"inLanguage\":\"es\",\"potentialAction\":[{\"@type\":\"ReadAction\",\"target\":[\"https:\\\/\\\/lospoliticosveracruz.com\\\/?p=23068\"]}]},{\"@type\":\"BreadcrumbList\",\"@id\":\"https:\\\/\\\/lospoliticosveracruz.com\\\/?p=23068#breadcrumb\",\"itemListElement\":[{\"@type\":\"ListItem\",\"position\":1,\"name\":\"Portada\",\"item\":\"https:\\\/\\\/lospoliticosveracruz.com\\\/\"},{\"@type\":\"ListItem\",\"position\":2,\"name\":\"Nueva encuesta, nuevo empate\"}]},{\"@type\":\"WebSite\",\"@id\":\"https:\\\/\\\/lospoliticosveracruz.com\\\/#website\",\"url\":\"https:\\\/\\\/lospoliticosveracruz.com\\\/\",\"name\":\"Los pol\u00edticos Veracruz\",\"description\":\"\",\"publisher\":{\"@id\":\"https:\\\/\\\/lospoliticosveracruz.com\\\/#organization\"},\"potentialAction\":[{\"@type\":\"SearchAction\",\"target\":{\"@type\":\"EntryPoint\",\"urlTemplate\":\"https:\\\/\\\/lospoliticosveracruz.com\\\/?s={search_term_string}\"},\"query-input\":{\"@type\":\"PropertyValueSpecification\",\"valueRequired\":true,\"valueName\":\"search_term_string\"}}],\"inLanguage\":\"es\"},{\"@type\":\"Organization\",\"@id\":\"https:\\\/\\\/lospoliticosveracruz.com\\\/#organization\",\"name\":\"Los pol\u00edticos Veracruz\",\"url\":\"https:\\\/\\\/lospoliticosveracruz.com\\\/\",\"logo\":{\"@type\":\"ImageObject\",\"inLanguage\":\"es\",\"@id\":\"https:\\\/\\\/lospoliticosveracruz.com\\\/#\\\/schema\\\/logo\\\/image\\\/\",\"url\":\"https:\\\/\\\/lospoliticosveracruz.com\\\/wp-content\\\/uploads\\\/2025\\\/12\\\/Logo-Nuevo-LOS-POLITICOS-1.jpg\",\"contentUrl\":\"https:\\\/\\\/lospoliticosveracruz.com\\\/wp-content\\\/uploads\\\/2025\\\/12\\\/Logo-Nuevo-LOS-POLITICOS-1.jpg\",\"width\":260,\"height\":70,\"caption\":\"Los pol\u00edticos Veracruz\"},\"image\":{\"@id\":\"https:\\\/\\\/lospoliticosveracruz.com\\\/#\\\/schema\\\/logo\\\/image\\\/\"},\"sameAs\":[\"https:\\\/\\\/www.facebook.com\\\/people\\\/Notimemes-de-los-Polticos\\\/61565672886568\\\/\",\"https:\\\/\\\/x.com\\\/LosPoliticosVer\"]},{\"@type\":\"Person\",\"@id\":\"https:\\\/\\\/lospoliticosveracruz.com\\\/#\\\/schema\\\/person\\\/b8702bb0e538456e6efd07080bf2a4a2\",\"name\":\"Lo viste en Los Pol\u00edticos\",\"image\":{\"@type\":\"ImageObject\",\"inLanguage\":\"es\",\"@id\":\"https:\\\/\\\/secure.gravatar.com\\\/avatar\\\/3a8de04a2656d44082be478bd6c086daa447c4651605818287b9532d3d0bd435?s=96&d=mm&r=g\",\"url\":\"https:\\\/\\\/secure.gravatar.com\\\/avatar\\\/3a8de04a2656d44082be478bd6c086daa447c4651605818287b9532d3d0bd435?s=96&d=mm&r=g\",\"contentUrl\":\"https:\\\/\\\/secure.gravatar.com\\\/avatar\\\/3a8de04a2656d44082be478bd6c086daa447c4651605818287b9532d3d0bd435?s=96&d=mm&r=g\",\"caption\":\"Lo viste en Los Pol\u00edticos\"},\"url\":\"https:\\\/\\\/lospoliticosveracruz.com\\\/?author=2\"}]}<\/script>\n<!-- \/ Yoast SEO plugin. -->","yoast_head_json":{"title":"Nueva encuesta, nuevo empate - Los pol\u00edticos Veracruz","robots":{"index":"index","follow":"follow","max-snippet":"max-snippet:-1","max-image-preview":"max-image-preview:large","max-video-preview":"max-video-preview:-1"},"canonical":"https:\/\/lospoliticosveracruz.com\/?p=23068","og_locale":"es_ES","og_type":"article","og_title":"Nueva encuesta, nuevo empate - Los pol\u00edticos Veracruz","og_description":"&nbsp; Luis Alberto Romero Hora Cero &nbsp; &nbsp; La encuesta difundida este lunes por un importante impreso de circulaci\u00f3n nacional confirma la muy cerrada contienda, el estrecho margen entre los dos candidatos punteros al gobierno de Veracruz, Miguel \u00c1ngel Yunes Linares, de PAN-PRD; y H\u00e9ctor Yunes Landa, de la alianza PRI-Verde-Panal-Ave-Cardenista; as\u00ed como la presi\u00f3n [&hellip;]","og_url":"https:\/\/lospoliticosveracruz.com\/?p=23068","og_site_name":"Los pol\u00edticos Veracruz","article_publisher":"https:\/\/www.facebook.com\/people\/Notimemes-de-los-Polticos\/61565672886568\/","article_published_time":"2016-05-03T16:28:55+00:00","og_image":[{"width":200,"height":200,"url":"https:\/\/lospoliticosveracruz.com\/wp-content\/uploads\/2016\/07\/Logo-Dor.jpg","type":"image\/jpeg"}],"author":"Lo viste en Los Pol\u00edticos","twitter_card":"summary_large_image","twitter_creator":"@LosPoliticosVer","twitter_site":"@LosPoliticosVer","twitter_misc":{"Escrito por":"Lo viste en Los Pol\u00edticos","Tiempo de lectura":"4 minutos"},"schema":{"@context":"https:\/\/schema.org","@graph":[{"@type":"Article","@id":"https:\/\/lospoliticosveracruz.com\/?p=23068#article","isPartOf":{"@id":"https:\/\/lospoliticosveracruz.com\/?p=23068"},"author":{"name":"Lo viste en Los Pol\u00edticos","@id":"https:\/\/lospoliticosveracruz.com\/#\/schema\/person\/b8702bb0e538456e6efd07080bf2a4a2"},"headline":"Nueva encuesta, nuevo empate","datePublished":"2016-05-03T16:28:55+00:00","mainEntityOfPage":{"@id":"https:\/\/lospoliticosveracruz.com\/?p=23068"},"wordCount":892,"commentCount":0,"publisher":{"@id":"https:\/\/lospoliticosveracruz.com\/#organization"},"keywords":["Cuitl\u00e1huac Garc\u00eda Jim\u00e9nez","encuesta","H\u00e9ctor Yunes Landa","Miguel Angel Yunes Linares"],"articleSection":["De Opini\u00f3n"],"inLanguage":"es","potentialAction":[{"@type":"CommentAction","name":"Comment","target":["https:\/\/lospoliticosveracruz.com\/?p=23068#respond"]}]},{"@type":"WebPage","@id":"https:\/\/lospoliticosveracruz.com\/?p=23068","url":"https:\/\/lospoliticosveracruz.com\/?p=23068","name":"Nueva encuesta, nuevo empate - Los pol\u00edticos Veracruz","isPartOf":{"@id":"https:\/\/lospoliticosveracruz.com\/#website"},"datePublished":"2016-05-03T16:28:55+00:00","breadcrumb":{"@id":"https:\/\/lospoliticosveracruz.com\/?p=23068#breadcrumb"},"inLanguage":"es","potentialAction":[{"@type":"ReadAction","target":["https:\/\/lospoliticosveracruz.com\/?p=23068"]}]},{"@type":"BreadcrumbList","@id":"https:\/\/lospoliticosveracruz.com\/?p=23068#breadcrumb","itemListElement":[{"@type":"ListItem","position":1,"name":"Portada","item":"https:\/\/lospoliticosveracruz.com\/"},{"@type":"ListItem","position":2,"name":"Nueva encuesta, nuevo empate"}]},{"@type":"WebSite","@id":"https:\/\/lospoliticosveracruz.com\/#website","url":"https:\/\/lospoliticosveracruz.com\/","name":"Los pol\u00edticos Veracruz","description":"","publisher":{"@id":"https:\/\/lospoliticosveracruz.com\/#organization"},"potentialAction":[{"@type":"SearchAction","target":{"@type":"EntryPoint","urlTemplate":"https:\/\/lospoliticosveracruz.com\/?s={search_term_string}"},"query-input":{"@type":"PropertyValueSpecification","valueRequired":true,"valueName":"search_term_string"}}],"inLanguage":"es"},{"@type":"Organization","@id":"https:\/\/lospoliticosveracruz.com\/#organization","name":"Los pol\u00edticos Veracruz","url":"https:\/\/lospoliticosveracruz.com\/","logo":{"@type":"ImageObject","inLanguage":"es","@id":"https:\/\/lospoliticosveracruz.com\/#\/schema\/logo\/image\/","url":"https:\/\/lospoliticosveracruz.com\/wp-content\/uploads\/2025\/12\/Logo-Nuevo-LOS-POLITICOS-1.jpg","contentUrl":"https:\/\/lospoliticosveracruz.com\/wp-content\/uploads\/2025\/12\/Logo-Nuevo-LOS-POLITICOS-1.jpg","width":260,"height":70,"caption":"Los pol\u00edticos Veracruz"},"image":{"@id":"https:\/\/lospoliticosveracruz.com\/#\/schema\/logo\/image\/"},"sameAs":["https:\/\/www.facebook.com\/people\/Notimemes-de-los-Polticos\/61565672886568\/","https:\/\/x.com\/LosPoliticosVer"]},{"@type":"Person","@id":"https:\/\/lospoliticosveracruz.com\/#\/schema\/person\/b8702bb0e538456e6efd07080bf2a4a2","name":"Lo viste en Los Pol\u00edticos","image":{"@type":"ImageObject","inLanguage":"es","@id":"https:\/\/secure.gravatar.com\/avatar\/3a8de04a2656d44082be478bd6c086daa447c4651605818287b9532d3d0bd435?s=96&d=mm&r=g","url":"https:\/\/secure.gravatar.com\/avatar\/3a8de04a2656d44082be478bd6c086daa447c4651605818287b9532d3d0bd435?s=96&d=mm&r=g","contentUrl":"https:\/\/secure.gravatar.com\/avatar\/3a8de04a2656d44082be478bd6c086daa447c4651605818287b9532d3d0bd435?s=96&d=mm&r=g","caption":"Lo viste en Los Pol\u00edticos"},"url":"https:\/\/lospoliticosveracruz.com\/?author=2"}]}},"_links":{"self":[{"href":"https:\/\/lospoliticosveracruz.com\/index.php?rest_route=\/wp\/v2\/posts\/23068","targetHints":{"allow":["GET"]}}],"collection":[{"href":"https:\/\/lospoliticosveracruz.com\/index.php?rest_route=\/wp\/v2\/posts"}],"about":[{"href":"https:\/\/lospoliticosveracruz.com\/index.php?rest_route=\/wp\/v2\/types\/post"}],"author":[{"embeddable":true,"href":"https:\/\/lospoliticosveracruz.com\/index.php?rest_route=\/wp\/v2\/users\/2"}],"replies":[{"embeddable":true,"href":"https:\/\/lospoliticosveracruz.com\/index.php?rest_route=%2Fwp%2Fv2%2Fcomments&post=23068"}],"version-history":[{"count":1,"href":"https:\/\/lospoliticosveracruz.com\/index.php?rest_route=\/wp\/v2\/posts\/23068\/revisions"}],"predecessor-version":[{"id":23070,"href":"https:\/\/lospoliticosveracruz.com\/index.php?rest_route=\/wp\/v2\/posts\/23068\/revisions\/23070"}],"wp:attachment":[{"href":"https:\/\/lospoliticosveracruz.com\/index.php?rest_route=%2Fwp%2Fv2%2Fmedia&parent=23068"}],"wp:term":[{"taxonomy":"category","embeddable":true,"href":"https:\/\/lospoliticosveracruz.com\/index.php?rest_route=%2Fwp%2Fv2%2Fcategories&post=23068"},{"taxonomy":"post_tag","embeddable":true,"href":"https:\/\/lospoliticosveracruz.com\/index.php?rest_route=%2Fwp%2Fv2%2Ftags&post=23068"}],"curies":[{"name":"wp","href":"https:\/\/api.w.org\/{rel}","templated":true}]}}