{"id":23071,"date":"2016-05-03T21:39:33","date_gmt":"2016-05-04T02:39:33","guid":{"rendered":"http:\/\/www.lospoliticosveracruz.com.mx\/?p=23071"},"modified":"2016-05-03T21:39:33","modified_gmt":"2016-05-04T02:39:33","slug":"con-nuestro-municipio-celebran-el-dia-del-nino","status":"publish","type":"post","link":"https:\/\/lospoliticosveracruz.com\/?p=23071","title":{"rendered":"Con \u00abNuestro Municipio\u00bb, celebran el D\u00eda del Ni\u00f1o"},"content":{"rendered":"<blockquote><p><a href=\"http:\/\/www.lospoliticosveracruz.com.mx\/wp-content\/uploads\/2016\/05\/Nicanor-Moreira1.jpg\"><img loading=\"lazy\" decoding=\"async\" class=\"alignnone size-medium wp-image-23075\" src=\"http:\/\/www.lospoliticosveracruz.com.mx\/wp-content\/uploads\/2016\/05\/Nicanor-Moreira-2-300x200.jpg\" alt=\"Nicanor Moreira 2\" width=\"300\" height=\"200\" \/><img loading=\"lazy\" decoding=\"async\" class=\"alignnone size-medium wp-image-23073\" src=\"http:\/\/www.lospoliticosveracruz.com.mx\/wp-content\/uploads\/2016\/05\/Nicanor-Moreira1-300x200.jpg\" alt=\"Nicanor Moreira\" width=\"300\" height=\"200\" \/><\/a>\u00a0\u00a0<a href=\"http:\/\/www.lospoliticosveracruz.com.mx\/wp-content\/uploads\/2016\/05\/Nicanor-Moreira-3.jpg\"><img loading=\"lazy\" decoding=\"async\" class=\"alignnone size-medium wp-image-23076\" src=\"http:\/\/www.lospoliticosveracruz.com.mx\/wp-content\/uploads\/2016\/05\/Nicanor-Moreira-3-300x200.jpg\" alt=\"Nicanor Moreira 3\" width=\"300\" height=\"200\" \/><\/a> <a href=\"http:\/\/www.lospoliticosveracruz.com.mx\/wp-content\/uploads\/2016\/05\/Nicanor-Moreira-4.jpg\"><img loading=\"lazy\" decoding=\"async\" class=\"alignnone size-medium wp-image-23077\" src=\"http:\/\/www.lospoliticosveracruz.com.mx\/wp-content\/uploads\/2016\/05\/Nicanor-Moreira-4-300x200.jpg\" alt=\"Nicanor Moreira 4\" width=\"300\" height=\"200\" \/><\/a><\/p>\n<p>\uf0a7La Asociaci\u00f3n Civil\u00a0presidida por Nicanor Moreira, realiza eventos para fortalecer la convivencia ciudadana<\/p>\n<p>El prop\u00f3sito, \u00a0integrar un proyecto de agenda p\u00fablica integrada por las voces de la gente<\/p><\/blockquote>\n<p>La Asociaci\u00f3n Civil \u201cNuestro Municipio\u201d que encabeza el empresario Nicanor Moreira Ruiz, inici\u00f3 actividades de acercamiento con familias xalape\u00f1as para promover la unidad, amistad y la suma de voluntades en proyectos que detonen el desarrollo de la ciudad y de los municipios vecinos.<\/p>\n<p>Con la participaci\u00f3n de integrantes de la sociedad civil, empresarios, profesionistas, acad\u00e9micos, asociaciones ciudadanas y l\u00edderes colonos, el expresidente de la Canaco- Xalapa (C\u00e1mara Nacional de Comercio) lleva la celebraci\u00f3n del D\u00eda del Ni\u00f1o a diversas colonias de la capital del estado.<\/p>\n<p>De un total de 15 eventos a realizarse, con la participaci\u00f3n de aproximadamente 2 mil 500 ni\u00f1os, las familias xalape\u00f1as conocen los prop\u00f3sitos que la asociaci\u00f3n civil \u201cNuestro Municipio\u201d promueve, tales como la integraci\u00f3n de los diversos grupos ciudadanos que trabajan por una agenda en com\u00fan y en beneficio de la vida de Xalapa y sus habitantes.<\/p>\n<p>Los ni\u00f1os y ni\u00f1as de las colonias celebraron su d\u00eda en medio de actividades recreativas y de juegos cl\u00e1sicos infantiles como el tiro al blanco, pescaditos, globos, at\u00ednale a las canicas, una gran fiesta en donde estuvieron acompa\u00f1ados por sus respectivas familias.<\/p>\n<p>A la fecha, la asociaci\u00f3n civil est\u00e1 integrada por personas con diversos talentos y experiencias, desde abogados, ingenieros, arquitectos, empresarios, acad\u00e9micos,periodistas comerciantes, colonos, comisariados ejidales, estudiantes y familias xalape\u00f1as que se han ido sumando a las actividades que se promueven en \u201cNuestro Municipio\u201d.<\/p>\n<p>Al respecto, la presidenta de la asociaci\u00f3n civil \u201cCiudadanos apoyando a ciudadanos\u201d, Santamar\u00eda de la Paz Castillo V\u00e1zquez, de la colonia Vicente Guerrero, considera que este proyecto es nuevo, innovador y de muchos beneficios para la gente, adem\u00e1s de que promueve una gran convivencia en las colonias.<\/p>\n<p>\u201cA mis m\u00e1s de 20 a\u00f1os viviendo en esta colonia este tipo de convivencia nunca se hab\u00eda hecho; creo que el proyecto que trae Nicanor est\u00e1 apoyando a las diferentes colonias marginadas, donde se buscar arreglar el diario vivir de las personas, de apoyar tambi\u00e9n a la gente que no ha sido escuchada en ning\u00fan otro lugar\u201d, opina Castillo V\u00e1zquez.<\/p>\n<p>Por su parte, con 35 a\u00f1os de experiencia en el sector empresarial, Nicanor Moreira Ruiz considera que en Xalapa es necesario crear una agenda p\u00fablica a partir de la experiencia y necesidades directas que aporte la sociedad xalape\u00f1a.<\/p>\n<p>\u201cNuestra asociaci\u00f3n queremos conocer los problemas directamente de los xalape\u00f1os, y por supuesto buscar \u2013con la participaci\u00f3n de todos\u2013 una soluci\u00f3n a \u00e9stos; queremos que todos los ciudadanos, empresarios, universitarios, trabajadores, seamos la voz para construir un proyecto metropolitano\u201d, refiere el empresario.<\/p>\n<p>De acuerdo a Moreira Ruiz, lo que ha fallado en la capital del estado es la planeaci\u00f3n, se ha pensando m\u00e1s en lo que genera popularidad en el momento, pero se descuida el futuro, por ello ha habido mala planeaci\u00f3n, las buenas pol\u00edticas p\u00fablicas deben ser pensadas en t\u00e9rminos de sustentabilidad y visi\u00f3n, a mediano y largo plazo, \u201csiempre ver los impactos que tendr\u00e1 nuestro trabajo en el futuro de las familias y nuestra ciudad\u201d.<\/p>\n<p>Con una visi\u00f3n empresarial que apuntala a la construcci\u00f3n de un proyecto econ\u00f3mico, cultural y seguro, se busca aportar a la capital veracruzana un crecimiento en los diversos \u00e1mbitos de su econom\u00eda, donde las instituciones deben buscar gobernar a lado de los ciudadanos; \u201cs\u00f3lo si todos trabajamos en buscar las soluciones a nuestros problemas como ciudad, podremos hacer viable el proyecto de Desarrollo Econ\u00f3mico y Planeaci\u00f3n Urbana, y conservaremos a Xalapa como una de las mejores ciudades del Estado y del pa\u00eds\u201d, afirm\u00f3 Moreira Ruiz.<\/p>\n","protected":false},"excerpt":{"rendered":"<p>\u00a0\u00a0 \uf0a7La Asociaci\u00f3n Civil\u00a0presidida por Nicanor Moreira, realiza eventos para fortalecer la convivencia ciudadana El prop\u00f3sito, \u00a0integrar un proyecto de agenda p\u00fablica integrada por las voces de la gente La Asociaci\u00f3n Civil \u201cNuestro Municipio\u201d que encabeza el empresario Nicanor Moreira Ruiz, inici\u00f3 actividades de acercamiento con familias xalape\u00f1as para promover la unidad, amistad y la [&hellip;]<\/p>\n","protected":false},"author":2,"featured_media":0,"comment_status":"open","ping_status":"open","sticky":false,"template":"","format":"standard","meta":{"tdm_status":"","tdm_grid_status":"","footnotes":""},"categories":[73],"tags":[5147,4578,5146],"class_list":{"0":"post-23071","1":"post","2":"type-post","3":"status-publish","4":"format-standard","6":"category-de-boleto","7":"tag-nicanor-moreira-ruiz","8":"tag-ninos","9":"tag-nuestro-municipio"},"yoast_head":"<!-- This site is optimized with the Yoast SEO plugin v27.4 - https:\/\/yoast.com\/product\/yoast-seo-wordpress\/ -->\n<title>Con &quot;Nuestro Municipio&quot;, celebran el D\u00eda del Ni\u00f1o - Los pol\u00edticos Veracruz<\/title>\n<meta name=\"robots\" content=\"index, follow, max-snippet:-1, max-image-preview:large, max-video-preview:-1\" \/>\n<link rel=\"canonical\" href=\"https:\/\/lospoliticosveracruz.com\/?p=23071\" \/>\n<meta property=\"og:locale\" content=\"es_ES\" \/>\n<meta property=\"og:type\" content=\"article\" \/>\n<meta property=\"og:title\" content=\"Con &quot;Nuestro Municipio&quot;, celebran el D\u00eda del Ni\u00f1o - Los pol\u00edticos Veracruz\" \/>\n<meta property=\"og:description\" content=\"\u00a0\u00a0 \uf0a7La Asociaci\u00f3n Civil\u00a0presidida por Nicanor Moreira, realiza eventos para fortalecer la convivencia ciudadana El prop\u00f3sito, \u00a0integrar un proyecto de agenda p\u00fablica integrada por las voces de la gente La Asociaci\u00f3n Civil \u201cNuestro Municipio\u201d que encabeza el empresario Nicanor Moreira Ruiz, inici\u00f3 actividades de acercamiento con familias xalape\u00f1as para promover la unidad, amistad y la [&hellip;]\" \/>\n<meta property=\"og:url\" content=\"https:\/\/lospoliticosveracruz.com\/?p=23071\" \/>\n<meta property=\"og:site_name\" content=\"Los pol\u00edticos Veracruz\" \/>\n<meta property=\"article:publisher\" content=\"https:\/\/www.facebook.com\/people\/Notimemes-de-los-Polticos\/61565672886568\/\" \/>\n<meta property=\"article:published_time\" content=\"2016-05-04T02:39:33+00:00\" \/>\n<meta property=\"og:image\" content=\"http:\/\/www.lospoliticosveracruz.com.mx\/wp-content\/uploads\/2016\/05\/Nicanor-Moreira-2-300x200.jpg\" \/>\n<meta name=\"author\" content=\"Lo viste en Los Pol\u00edticos\" \/>\n<meta name=\"twitter:card\" content=\"summary_large_image\" \/>\n<meta name=\"twitter:creator\" content=\"@LosPoliticosVer\" \/>\n<meta name=\"twitter:site\" content=\"@LosPoliticosVer\" \/>\n<meta name=\"twitter:label1\" content=\"Escrito por\" \/>\n\t<meta name=\"twitter:data1\" content=\"Lo viste en Los Pol\u00edticos\" \/>\n\t<meta name=\"twitter:label2\" content=\"Tiempo de lectura\" \/>\n\t<meta name=\"twitter:data2\" content=\"3 minutos\" \/>\n<script type=\"application\/ld+json\" class=\"yoast-schema-graph\">{\"@context\":\"https:\\\/\\\/schema.org\",\"@graph\":[{\"@type\":\"Article\",\"@id\":\"https:\\\/\\\/lospoliticosveracruz.com\\\/?p=23071#article\",\"isPartOf\":{\"@id\":\"https:\\\/\\\/lospoliticosveracruz.com\\\/?p=23071\"},\"author\":{\"name\":\"Lo viste en Los Pol\u00edticos\",\"@id\":\"https:\\\/\\\/lospoliticosveracruz.com\\\/#\\\/schema\\\/person\\\/b8702bb0e538456e6efd07080bf2a4a2\"},\"headline\":\"Con \u00abNuestro Municipio\u00bb, celebran el D\u00eda del Ni\u00f1o\",\"datePublished\":\"2016-05-04T02:39:33+00:00\",\"mainEntityOfPage\":{\"@id\":\"https:\\\/\\\/lospoliticosveracruz.com\\\/?p=23071\"},\"wordCount\":669,\"commentCount\":0,\"publisher\":{\"@id\":\"https:\\\/\\\/lospoliticosveracruz.com\\\/#organization\"},\"image\":{\"@id\":\"https:\\\/\\\/lospoliticosveracruz.com\\\/?p=23071#primaryimage\"},\"thumbnailUrl\":\"http:\\\/\\\/www.lospoliticosveracruz.com.mx\\\/wp-content\\\/uploads\\\/2016\\\/05\\\/Nicanor-Moreira-2-300x200.jpg\",\"keywords\":[\"Nicanor Moreira Ruiz\",\"ni\u00f1os\",\"Nuestro Municipio\"],\"articleSection\":[\"De Boleto\"],\"inLanguage\":\"es\",\"potentialAction\":[{\"@type\":\"CommentAction\",\"name\":\"Comment\",\"target\":[\"https:\\\/\\\/lospoliticosveracruz.com\\\/?p=23071#respond\"]}]},{\"@type\":\"WebPage\",\"@id\":\"https:\\\/\\\/lospoliticosveracruz.com\\\/?p=23071\",\"url\":\"https:\\\/\\\/lospoliticosveracruz.com\\\/?p=23071\",\"name\":\"Con \\\"Nuestro Municipio\\\", celebran el D\u00eda del Ni\u00f1o - Los pol\u00edticos Veracruz\",\"isPartOf\":{\"@id\":\"https:\\\/\\\/lospoliticosveracruz.com\\\/#website\"},\"primaryImageOfPage\":{\"@id\":\"https:\\\/\\\/lospoliticosveracruz.com\\\/?p=23071#primaryimage\"},\"image\":{\"@id\":\"https:\\\/\\\/lospoliticosveracruz.com\\\/?p=23071#primaryimage\"},\"thumbnailUrl\":\"http:\\\/\\\/www.lospoliticosveracruz.com.mx\\\/wp-content\\\/uploads\\\/2016\\\/05\\\/Nicanor-Moreira-2-300x200.jpg\",\"datePublished\":\"2016-05-04T02:39:33+00:00\",\"breadcrumb\":{\"@id\":\"https:\\\/\\\/lospoliticosveracruz.com\\\/?p=23071#breadcrumb\"},\"inLanguage\":\"es\",\"potentialAction\":[{\"@type\":\"ReadAction\",\"target\":[\"https:\\\/\\\/lospoliticosveracruz.com\\\/?p=23071\"]}]},{\"@type\":\"ImageObject\",\"inLanguage\":\"es\",\"@id\":\"https:\\\/\\\/lospoliticosveracruz.com\\\/?p=23071#primaryimage\",\"url\":\"http:\\\/\\\/www.lospoliticosveracruz.com.mx\\\/wp-content\\\/uploads\\\/2016\\\/05\\\/Nicanor-Moreira-2-300x200.jpg\",\"contentUrl\":\"http:\\\/\\\/www.lospoliticosveracruz.com.mx\\\/wp-content\\\/uploads\\\/2016\\\/05\\\/Nicanor-Moreira-2-300x200.jpg\"},{\"@type\":\"BreadcrumbList\",\"@id\":\"https:\\\/\\\/lospoliticosveracruz.com\\\/?p=23071#breadcrumb\",\"itemListElement\":[{\"@type\":\"ListItem\",\"position\":1,\"name\":\"Portada\",\"item\":\"https:\\\/\\\/lospoliticosveracruz.com\\\/\"},{\"@type\":\"ListItem\",\"position\":2,\"name\":\"Con \u00abNuestro Municipio\u00bb, celebran el D\u00eda del Ni\u00f1o\"}]},{\"@type\":\"WebSite\",\"@id\":\"https:\\\/\\\/lospoliticosveracruz.com\\\/#website\",\"url\":\"https:\\\/\\\/lospoliticosveracruz.com\\\/\",\"name\":\"Los pol\u00edticos Veracruz\",\"description\":\"\",\"publisher\":{\"@id\":\"https:\\\/\\\/lospoliticosveracruz.com\\\/#organization\"},\"potentialAction\":[{\"@type\":\"SearchAction\",\"target\":{\"@type\":\"EntryPoint\",\"urlTemplate\":\"https:\\\/\\\/lospoliticosveracruz.com\\\/?s={search_term_string}\"},\"query-input\":{\"@type\":\"PropertyValueSpecification\",\"valueRequired\":true,\"valueName\":\"search_term_string\"}}],\"inLanguage\":\"es\"},{\"@type\":\"Organization\",\"@id\":\"https:\\\/\\\/lospoliticosveracruz.com\\\/#organization\",\"name\":\"Los pol\u00edticos Veracruz\",\"url\":\"https:\\\/\\\/lospoliticosveracruz.com\\\/\",\"logo\":{\"@type\":\"ImageObject\",\"inLanguage\":\"es\",\"@id\":\"https:\\\/\\\/lospoliticosveracruz.com\\\/#\\\/schema\\\/logo\\\/image\\\/\",\"url\":\"https:\\\/\\\/lospoliticosveracruz.com\\\/wp-content\\\/uploads\\\/2025\\\/12\\\/Logo-Nuevo-LOS-POLITICOS-1.jpg\",\"contentUrl\":\"https:\\\/\\\/lospoliticosveracruz.com\\\/wp-content\\\/uploads\\\/2025\\\/12\\\/Logo-Nuevo-LOS-POLITICOS-1.jpg\",\"width\":260,\"height\":70,\"caption\":\"Los pol\u00edticos Veracruz\"},\"image\":{\"@id\":\"https:\\\/\\\/lospoliticosveracruz.com\\\/#\\\/schema\\\/logo\\\/image\\\/\"},\"sameAs\":[\"https:\\\/\\\/www.facebook.com\\\/people\\\/Notimemes-de-los-Polticos\\\/61565672886568\\\/\",\"https:\\\/\\\/x.com\\\/LosPoliticosVer\"]},{\"@type\":\"Person\",\"@id\":\"https:\\\/\\\/lospoliticosveracruz.com\\\/#\\\/schema\\\/person\\\/b8702bb0e538456e6efd07080bf2a4a2\",\"name\":\"Lo viste en Los Pol\u00edticos\",\"image\":{\"@type\":\"ImageObject\",\"inLanguage\":\"es\",\"@id\":\"https:\\\/\\\/secure.gravatar.com\\\/avatar\\\/3a8de04a2656d44082be478bd6c086daa447c4651605818287b9532d3d0bd435?s=96&d=mm&r=g\",\"url\":\"https:\\\/\\\/secure.gravatar.com\\\/avatar\\\/3a8de04a2656d44082be478bd6c086daa447c4651605818287b9532d3d0bd435?s=96&d=mm&r=g\",\"contentUrl\":\"https:\\\/\\\/secure.gravatar.com\\\/avatar\\\/3a8de04a2656d44082be478bd6c086daa447c4651605818287b9532d3d0bd435?s=96&d=mm&r=g\",\"caption\":\"Lo viste en Los Pol\u00edticos\"},\"url\":\"https:\\\/\\\/lospoliticosveracruz.com\\\/?author=2\"}]}<\/script>\n<!-- \/ Yoast SEO plugin. -->","yoast_head_json":{"title":"Con \"Nuestro Municipio\", celebran el D\u00eda del Ni\u00f1o - Los pol\u00edticos Veracruz","robots":{"index":"index","follow":"follow","max-snippet":"max-snippet:-1","max-image-preview":"max-image-preview:large","max-video-preview":"max-video-preview:-1"},"canonical":"https:\/\/lospoliticosveracruz.com\/?p=23071","og_locale":"es_ES","og_type":"article","og_title":"Con \"Nuestro Municipio\", celebran el D\u00eda del Ni\u00f1o - Los pol\u00edticos Veracruz","og_description":"\u00a0\u00a0 \uf0a7La Asociaci\u00f3n Civil\u00a0presidida por Nicanor Moreira, realiza eventos para fortalecer la convivencia ciudadana El prop\u00f3sito, \u00a0integrar un proyecto de agenda p\u00fablica integrada por las voces de la gente La Asociaci\u00f3n Civil \u201cNuestro Municipio\u201d que encabeza el empresario Nicanor Moreira Ruiz, inici\u00f3 actividades de acercamiento con familias xalape\u00f1as para promover la unidad, amistad y la [&hellip;]","og_url":"https:\/\/lospoliticosveracruz.com\/?p=23071","og_site_name":"Los pol\u00edticos Veracruz","article_publisher":"https:\/\/www.facebook.com\/people\/Notimemes-de-los-Polticos\/61565672886568\/","article_published_time":"2016-05-04T02:39:33+00:00","og_image":[{"url":"http:\/\/www.lospoliticosveracruz.com.mx\/wp-content\/uploads\/2016\/05\/Nicanor-Moreira-2-300x200.jpg","type":"","width":"","height":""}],"author":"Lo viste en Los Pol\u00edticos","twitter_card":"summary_large_image","twitter_creator":"@LosPoliticosVer","twitter_site":"@LosPoliticosVer","twitter_misc":{"Escrito por":"Lo viste en Los Pol\u00edticos","Tiempo de lectura":"3 minutos"},"schema":{"@context":"https:\/\/schema.org","@graph":[{"@type":"Article","@id":"https:\/\/lospoliticosveracruz.com\/?p=23071#article","isPartOf":{"@id":"https:\/\/lospoliticosveracruz.com\/?p=23071"},"author":{"name":"Lo viste en Los Pol\u00edticos","@id":"https:\/\/lospoliticosveracruz.com\/#\/schema\/person\/b8702bb0e538456e6efd07080bf2a4a2"},"headline":"Con \u00abNuestro Municipio\u00bb, celebran el D\u00eda del Ni\u00f1o","datePublished":"2016-05-04T02:39:33+00:00","mainEntityOfPage":{"@id":"https:\/\/lospoliticosveracruz.com\/?p=23071"},"wordCount":669,"commentCount":0,"publisher":{"@id":"https:\/\/lospoliticosveracruz.com\/#organization"},"image":{"@id":"https:\/\/lospoliticosveracruz.com\/?p=23071#primaryimage"},"thumbnailUrl":"http:\/\/www.lospoliticosveracruz.com.mx\/wp-content\/uploads\/2016\/05\/Nicanor-Moreira-2-300x200.jpg","keywords":["Nicanor Moreira Ruiz","ni\u00f1os","Nuestro Municipio"],"articleSection":["De Boleto"],"inLanguage":"es","potentialAction":[{"@type":"CommentAction","name":"Comment","target":["https:\/\/lospoliticosveracruz.com\/?p=23071#respond"]}]},{"@type":"WebPage","@id":"https:\/\/lospoliticosveracruz.com\/?p=23071","url":"https:\/\/lospoliticosveracruz.com\/?p=23071","name":"Con \"Nuestro Municipio\", celebran el D\u00eda del Ni\u00f1o - Los pol\u00edticos Veracruz","isPartOf":{"@id":"https:\/\/lospoliticosveracruz.com\/#website"},"primaryImageOfPage":{"@id":"https:\/\/lospoliticosveracruz.com\/?p=23071#primaryimage"},"image":{"@id":"https:\/\/lospoliticosveracruz.com\/?p=23071#primaryimage"},"thumbnailUrl":"http:\/\/www.lospoliticosveracruz.com.mx\/wp-content\/uploads\/2016\/05\/Nicanor-Moreira-2-300x200.jpg","datePublished":"2016-05-04T02:39:33+00:00","breadcrumb":{"@id":"https:\/\/lospoliticosveracruz.com\/?p=23071#breadcrumb"},"inLanguage":"es","potentialAction":[{"@type":"ReadAction","target":["https:\/\/lospoliticosveracruz.com\/?p=23071"]}]},{"@type":"ImageObject","inLanguage":"es","@id":"https:\/\/lospoliticosveracruz.com\/?p=23071#primaryimage","url":"http:\/\/www.lospoliticosveracruz.com.mx\/wp-content\/uploads\/2016\/05\/Nicanor-Moreira-2-300x200.jpg","contentUrl":"http:\/\/www.lospoliticosveracruz.com.mx\/wp-content\/uploads\/2016\/05\/Nicanor-Moreira-2-300x200.jpg"},{"@type":"BreadcrumbList","@id":"https:\/\/lospoliticosveracruz.com\/?p=23071#breadcrumb","itemListElement":[{"@type":"ListItem","position":1,"name":"Portada","item":"https:\/\/lospoliticosveracruz.com\/"},{"@type":"ListItem","position":2,"name":"Con \u00abNuestro Municipio\u00bb, celebran el D\u00eda del Ni\u00f1o"}]},{"@type":"WebSite","@id":"https:\/\/lospoliticosveracruz.com\/#website","url":"https:\/\/lospoliticosveracruz.com\/","name":"Los pol\u00edticos Veracruz","description":"","publisher":{"@id":"https:\/\/lospoliticosveracruz.com\/#organization"},"potentialAction":[{"@type":"SearchAction","target":{"@type":"EntryPoint","urlTemplate":"https:\/\/lospoliticosveracruz.com\/?s={search_term_string}"},"query-input":{"@type":"PropertyValueSpecification","valueRequired":true,"valueName":"search_term_string"}}],"inLanguage":"es"},{"@type":"Organization","@id":"https:\/\/lospoliticosveracruz.com\/#organization","name":"Los pol\u00edticos Veracruz","url":"https:\/\/lospoliticosveracruz.com\/","logo":{"@type":"ImageObject","inLanguage":"es","@id":"https:\/\/lospoliticosveracruz.com\/#\/schema\/logo\/image\/","url":"https:\/\/lospoliticosveracruz.com\/wp-content\/uploads\/2025\/12\/Logo-Nuevo-LOS-POLITICOS-1.jpg","contentUrl":"https:\/\/lospoliticosveracruz.com\/wp-content\/uploads\/2025\/12\/Logo-Nuevo-LOS-POLITICOS-1.jpg","width":260,"height":70,"caption":"Los pol\u00edticos Veracruz"},"image":{"@id":"https:\/\/lospoliticosveracruz.com\/#\/schema\/logo\/image\/"},"sameAs":["https:\/\/www.facebook.com\/people\/Notimemes-de-los-Polticos\/61565672886568\/","https:\/\/x.com\/LosPoliticosVer"]},{"@type":"Person","@id":"https:\/\/lospoliticosveracruz.com\/#\/schema\/person\/b8702bb0e538456e6efd07080bf2a4a2","name":"Lo viste en Los Pol\u00edticos","image":{"@type":"ImageObject","inLanguage":"es","@id":"https:\/\/secure.gravatar.com\/avatar\/3a8de04a2656d44082be478bd6c086daa447c4651605818287b9532d3d0bd435?s=96&d=mm&r=g","url":"https:\/\/secure.gravatar.com\/avatar\/3a8de04a2656d44082be478bd6c086daa447c4651605818287b9532d3d0bd435?s=96&d=mm&r=g","contentUrl":"https:\/\/secure.gravatar.com\/avatar\/3a8de04a2656d44082be478bd6c086daa447c4651605818287b9532d3d0bd435?s=96&d=mm&r=g","caption":"Lo viste en Los Pol\u00edticos"},"url":"https:\/\/lospoliticosveracruz.com\/?author=2"}]}},"_links":{"self":[{"href":"https:\/\/lospoliticosveracruz.com\/index.php?rest_route=\/wp\/v2\/posts\/23071","targetHints":{"allow":["GET"]}}],"collection":[{"href":"https:\/\/lospoliticosveracruz.com\/index.php?rest_route=\/wp\/v2\/posts"}],"about":[{"href":"https:\/\/lospoliticosveracruz.com\/index.php?rest_route=\/wp\/v2\/types\/post"}],"author":[{"embeddable":true,"href":"https:\/\/lospoliticosveracruz.com\/index.php?rest_route=\/wp\/v2\/users\/2"}],"replies":[{"embeddable":true,"href":"https:\/\/lospoliticosveracruz.com\/index.php?rest_route=%2Fwp%2Fv2%2Fcomments&post=23071"}],"version-history":[{"count":1,"href":"https:\/\/lospoliticosveracruz.com\/index.php?rest_route=\/wp\/v2\/posts\/23071\/revisions"}],"predecessor-version":[{"id":23078,"href":"https:\/\/lospoliticosveracruz.com\/index.php?rest_route=\/wp\/v2\/posts\/23071\/revisions\/23078"}],"wp:attachment":[{"href":"https:\/\/lospoliticosveracruz.com\/index.php?rest_route=%2Fwp%2Fv2%2Fmedia&parent=23071"}],"wp:term":[{"taxonomy":"category","embeddable":true,"href":"https:\/\/lospoliticosveracruz.com\/index.php?rest_route=%2Fwp%2Fv2%2Fcategories&post=23071"},{"taxonomy":"post_tag","embeddable":true,"href":"https:\/\/lospoliticosveracruz.com\/index.php?rest_route=%2Fwp%2Fv2%2Ftags&post=23071"}],"curies":[{"name":"wp","href":"https:\/\/api.w.org\/{rel}","templated":true}]}}