{"id":23082,"date":"2016-05-03T21:54:35","date_gmt":"2016-05-04T02:54:35","guid":{"rendered":"http:\/\/www.lospoliticosveracruz.com.mx\/?p=23082"},"modified":"2016-05-03T21:54:35","modified_gmt":"2016-05-04T02:54:35","slug":"la-reedicion-del-oro-molido","status":"publish","type":"post","link":"https:\/\/lospoliticosveracruz.com\/?p=23082","title":{"rendered":"La reedici\u00f3n del oro molido"},"content":{"rendered":"<p><a href=\"http:\/\/www.lospoliticosveracruz.com.mx\/wp-content\/uploads\/2014\/08\/Chava-Manzur-Blog.jpg\"><img loading=\"lazy\" decoding=\"async\" class=\"alignnone size-medium wp-image-10198\" src=\"http:\/\/www.lospoliticosveracruz.com.mx\/wp-content\/uploads\/2014\/08\/Chava-Manzur-Blog-300x201.jpg\" alt=\"Chava-Manzur-Blog\" width=\"300\" height=\"201\" \/><\/a><br \/>\n<strong>Luis Alberto Romero<\/strong><\/p>\n<p><em>Hora Cero<\/em><\/p>\n<p>Antes de cumplirse dos meses de que la Secretar\u00eda de Desarrollo Social diera a conocer los detalles del Blindaje Electoral en las entidades que tienen procesos locales este a\u00f1o, las m\u00e1ximas dirigencias de los partidos Acci\u00f3n Nacional y de la Revoluci\u00f3n Democr\u00e1tica revelaron audios que involucran a la Sedesol, y particularmente al coordinador de Prospera en la delegaci\u00f3n veracruzana, Alejandro Baquedano S\u00e1nchez, con el presunto uso de programas sociales para favorecer al Partido Revolucionario Institucional.<br \/>\nLas denuncias por el uso electoral de los programas asistenciales no son nuevas; surgen en cada proceso; durante los gobiernos del PAN eran recurrentes las quejas de los priistas; hoy son los panistas quienes plantean las denuncias, que constituyen una violaci\u00f3n a las leyes de nuestro pa\u00eds.<br \/>\nPr\u00e1cticamente al comenzar marzo, la Sedesol inform\u00f3 que con el Blindaje se evitar\u00eda que los funcionarios de la dependencia incurrieran en acciones al margen de la ley; la intenci\u00f3n, al menos en el discurso, era prevenir que los recursos p\u00fablicos se utilizaran para influir en el voto.<br \/>\nLos Lineamientos Generales del Programa de Blindaje buscaban, se dijo, prevenir el uso de los recursos y programas sociales con fines electorales; suspender la propaganda, en los t\u00e9rminos que establece la ley; y evitar que se incurra en la violaci\u00f3n a las normas penales, administrativas y electorales.<br \/>\nEl Blindaje orden\u00f3 la creaci\u00f3n de un Comit\u00e9 Central de Legalidad y Transparencia, as\u00ed como la instalaci\u00f3n de un grupo de enlace con las delegaciones federales en las entidades sujetas a elecci\u00f3n; de igual manera, establece que en el periodo de las campa\u00f1as deber\u00edan suspenderse las reuniones masivas con los beneficiarios de los programas sociales, \u201csalvo las que impliquen una entrega de apoyos previamente calendarizada\u201d.<br \/>\nAsimismo, la dependencia que encabeza Jos\u00e9 Antonio Meade Kuribre\u00f1a notific\u00f3 a los funcionarios cada conducta que deber\u00edan evitar por constituir delitos electorales: coaccionar o amenazar a los subordinados para que participen en eventos proselitistas; condicionar la prestaci\u00f3n de un servicio o programa; destinar apoyos ilegales al uso electoral; apoyar en horario laboral a un contendiente pol\u00edtico; pedir a los bur\u00f3cratas y trabajadores apoyo econ\u00f3mico para alg\u00fan candidato o partido; entre otras.<br \/>\nPues bien, dos meses despu\u00e9s de la presentaci\u00f3n del Blindaje, un nuevo esc\u00e1ndalo nos hace recordar el desafortunado episodio de la historia electoral veracruzana que se registr\u00f3 en la elecci\u00f3n local de 2013; el \u201coro molido\u201d a que hac\u00edan referencia ex funcionarios del gobierno del estado.<br \/>\nEn esa ocasi\u00f3n, Acci\u00f3n Nacional denunci\u00f3 y present\u00f3 grabaciones que implicaban a funcionarios del sector con el lucro pol\u00edtico de los programas asistenciales. Por esos hechos, el blanquiazul denunci\u00f3 al gobernador Javier Duarte de Ochoa y a la entonces titular de la Sedesol federal, Rosario Robles Berlanga; al final, el tema cost\u00f3 el cargo a quienes se desempe\u00f1aban como titulares de la Secretar\u00eda de Finanzas del gobierno estatal, Salvador Manzur D\u00edaz; y de la delegaci\u00f3n estatal de la Sedesol, Ranulfo M\u00e1rquez Hern\u00e1ndez.<br \/>\nEn esta nueva cloaca destapada por PAN y PRD se incluye una nueva grabaci\u00f3n; los mismos vicios pero con diferentes actores, ya que otra vez fue denunciado el presunto uso pol\u00edtico de los programas de la dependencia por parte del delegado de Prospera, Alejandro Baquedano.<br \/>\nEn la grabaci\u00f3n presentada por dichos partidos, y difundida por diversos medios informativos, se habla de inscribir al menos a 3 mil familias en el programa mencionado, a fin de que voten por los candidatos del tricolor.<br \/>\nEn su conferencia de prensa, Ricardo Anaya y Agust\u00edn Basave, de PAN y PRD respectivamente, dieron a conocer el audio de una supuesta conversaci\u00f3n telef\u00f3nica entre Baquedano y el legislador local priista Ra\u00fal Zarrabal Ferat, quienes, se dijo en la conferencia, ser\u00e1n denunciados ante la Fiscal\u00eda Especializada para la Atenci\u00f3n de los Delitos Electorales.<\/p>\n<p><strong>Tres funcionarios rumbo al pat\u00edbulo<\/strong><br \/>\nEsos hechos podr\u00edan costar la cabeza a tres funcionarios del gobierno federal: por supuesto, al coordinador estatal del programa Prospera, Alejandro Baquedano; a la delegada de la Secretar\u00eda de Desarrollo Social en Veracruz, Anil\u00fa Ingram Vallines; y a la coordinadora nacional de Prospera, Paula Hern\u00e1ndez Olmos. La denuncia dif\u00edcilmente llegar\u00e1 m\u00e1s lejos.<br \/>\nLo peor para la Sedesol y para el gobierno federal es el descr\u00e9dito y la fundamentada sospecha relacionada con el uso pol\u00edtico y abusivo de los programas asistenciales, lo que mete ruido en las elecciones que este a\u00f1o se desarrollan en Aguascalientes, Chihuahua, Durango, Hidalgo, Oaxaca, Puebla, Quintana Roo, Sinaloa, Tamaulipas, Tlaxcala, Zacatecas y Veracruz.<br \/>\nLos funcionarios de la Sedesol podr\u00e1n argumentar que 3 mil beneficiarios de los programas sociales son poca cosa si se comparan con un padr\u00f3n de m\u00e1s de dos millones 705 mil que tiene Prospera; incluso con los 483 mil del programa de Pensi\u00f3n para Adultos Mayores; o con los 307 mil de Liconsa; sin embargo, un solo ciudadano que reciba apoyos a cambio del voto, una d\u00e1diva a cambio del sufragio, ya representa un delito electoral que debe investigarse y castigarse. @luisromero85<\/p>\n","protected":false},"excerpt":{"rendered":"<p>Luis Alberto Romero Hora Cero Antes de cumplirse dos meses de que la Secretar\u00eda de Desarrollo Social diera a conocer los detalles del Blindaje Electoral en las entidades que tienen procesos locales este a\u00f1o, las m\u00e1ximas dirigencias de los partidos Acci\u00f3n Nacional y de la Revoluci\u00f3n Democr\u00e1tica revelaron audios que involucran a la Sedesol, y [&hellip;]<\/p>\n","protected":false},"author":2,"featured_media":0,"comment_status":"open","ping_status":"open","sticky":false,"template":"","format":"standard","meta":{"tdm_status":"","tdm_grid_status":"","footnotes":""},"categories":[70],"tags":[1859,4313,715],"class_list":{"0":"post-23082","1":"post","2":"type-post","3":"status-publish","4":"format-standard","6":"category-de-opinion","7":"tag-oro-molido","8":"tag-raul-zarrabal-ferat","9":"tag-sedesol"},"yoast_head":"<!-- This site is optimized with the Yoast SEO plugin v27.4 - https:\/\/yoast.com\/product\/yoast-seo-wordpress\/ -->\n<title>La reedici\u00f3n del oro molido - Los pol\u00edticos Veracruz<\/title>\n<meta name=\"robots\" content=\"index, follow, max-snippet:-1, max-image-preview:large, max-video-preview:-1\" \/>\n<link rel=\"canonical\" href=\"https:\/\/lospoliticosveracruz.com\/?p=23082\" \/>\n<meta property=\"og:locale\" content=\"es_ES\" \/>\n<meta property=\"og:type\" content=\"article\" \/>\n<meta property=\"og:title\" content=\"La reedici\u00f3n del oro molido - Los pol\u00edticos Veracruz\" \/>\n<meta property=\"og:description\" content=\"Luis Alberto Romero Hora Cero Antes de cumplirse dos meses de que la Secretar\u00eda de Desarrollo Social diera a conocer los detalles del Blindaje Electoral en las entidades que tienen procesos locales este a\u00f1o, las m\u00e1ximas dirigencias de los partidos Acci\u00f3n Nacional y de la Revoluci\u00f3n Democr\u00e1tica revelaron audios que involucran a la Sedesol, y [&hellip;]\" \/>\n<meta property=\"og:url\" content=\"https:\/\/lospoliticosveracruz.com\/?p=23082\" \/>\n<meta property=\"og:site_name\" content=\"Los pol\u00edticos Veracruz\" \/>\n<meta property=\"article:publisher\" content=\"https:\/\/www.facebook.com\/people\/Notimemes-de-los-Polticos\/61565672886568\/\" \/>\n<meta property=\"article:published_time\" content=\"2016-05-04T02:54:35+00:00\" \/>\n<meta property=\"og:image\" content=\"http:\/\/www.lospoliticosveracruz.com.mx\/wp-content\/uploads\/2014\/08\/Chava-Manzur-Blog-300x201.jpg\" \/>\n<meta name=\"author\" content=\"Lo viste en Los Pol\u00edticos\" \/>\n<meta name=\"twitter:card\" content=\"summary_large_image\" \/>\n<meta name=\"twitter:creator\" content=\"@LosPoliticosVer\" \/>\n<meta name=\"twitter:site\" content=\"@LosPoliticosVer\" \/>\n<meta name=\"twitter:label1\" content=\"Escrito por\" \/>\n\t<meta name=\"twitter:data1\" content=\"Lo viste en Los Pol\u00edticos\" \/>\n\t<meta name=\"twitter:label2\" content=\"Tiempo de lectura\" \/>\n\t<meta name=\"twitter:data2\" content=\"4 minutos\" \/>\n<script type=\"application\/ld+json\" class=\"yoast-schema-graph\">{\"@context\":\"https:\\\/\\\/schema.org\",\"@graph\":[{\"@type\":\"Article\",\"@id\":\"https:\\\/\\\/lospoliticosveracruz.com\\\/?p=23082#article\",\"isPartOf\":{\"@id\":\"https:\\\/\\\/lospoliticosveracruz.com\\\/?p=23082\"},\"author\":{\"name\":\"Lo viste en Los Pol\u00edticos\",\"@id\":\"https:\\\/\\\/lospoliticosveracruz.com\\\/#\\\/schema\\\/person\\\/b8702bb0e538456e6efd07080bf2a4a2\"},\"headline\":\"La reedici\u00f3n del oro molido\",\"datePublished\":\"2016-05-04T02:54:35+00:00\",\"mainEntityOfPage\":{\"@id\":\"https:\\\/\\\/lospoliticosveracruz.com\\\/?p=23082\"},\"wordCount\":881,\"commentCount\":0,\"publisher\":{\"@id\":\"https:\\\/\\\/lospoliticosveracruz.com\\\/#organization\"},\"image\":{\"@id\":\"https:\\\/\\\/lospoliticosveracruz.com\\\/?p=23082#primaryimage\"},\"thumbnailUrl\":\"http:\\\/\\\/www.lospoliticosveracruz.com.mx\\\/wp-content\\\/uploads\\\/2014\\\/08\\\/Chava-Manzur-Blog-300x201.jpg\",\"keywords\":[\"oro molido\",\"Ra\u00fal Zarrabal Ferat\",\"Sedesol\"],\"articleSection\":[\"De Opini\u00f3n\"],\"inLanguage\":\"es\",\"potentialAction\":[{\"@type\":\"CommentAction\",\"name\":\"Comment\",\"target\":[\"https:\\\/\\\/lospoliticosveracruz.com\\\/?p=23082#respond\"]}]},{\"@type\":\"WebPage\",\"@id\":\"https:\\\/\\\/lospoliticosveracruz.com\\\/?p=23082\",\"url\":\"https:\\\/\\\/lospoliticosveracruz.com\\\/?p=23082\",\"name\":\"La reedici\u00f3n del oro molido - Los pol\u00edticos Veracruz\",\"isPartOf\":{\"@id\":\"https:\\\/\\\/lospoliticosveracruz.com\\\/#website\"},\"primaryImageOfPage\":{\"@id\":\"https:\\\/\\\/lospoliticosveracruz.com\\\/?p=23082#primaryimage\"},\"image\":{\"@id\":\"https:\\\/\\\/lospoliticosveracruz.com\\\/?p=23082#primaryimage\"},\"thumbnailUrl\":\"http:\\\/\\\/www.lospoliticosveracruz.com.mx\\\/wp-content\\\/uploads\\\/2014\\\/08\\\/Chava-Manzur-Blog-300x201.jpg\",\"datePublished\":\"2016-05-04T02:54:35+00:00\",\"breadcrumb\":{\"@id\":\"https:\\\/\\\/lospoliticosveracruz.com\\\/?p=23082#breadcrumb\"},\"inLanguage\":\"es\",\"potentialAction\":[{\"@type\":\"ReadAction\",\"target\":[\"https:\\\/\\\/lospoliticosveracruz.com\\\/?p=23082\"]}]},{\"@type\":\"ImageObject\",\"inLanguage\":\"es\",\"@id\":\"https:\\\/\\\/lospoliticosveracruz.com\\\/?p=23082#primaryimage\",\"url\":\"http:\\\/\\\/www.lospoliticosveracruz.com.mx\\\/wp-content\\\/uploads\\\/2014\\\/08\\\/Chava-Manzur-Blog-300x201.jpg\",\"contentUrl\":\"http:\\\/\\\/www.lospoliticosveracruz.com.mx\\\/wp-content\\\/uploads\\\/2014\\\/08\\\/Chava-Manzur-Blog-300x201.jpg\"},{\"@type\":\"BreadcrumbList\",\"@id\":\"https:\\\/\\\/lospoliticosveracruz.com\\\/?p=23082#breadcrumb\",\"itemListElement\":[{\"@type\":\"ListItem\",\"position\":1,\"name\":\"Portada\",\"item\":\"https:\\\/\\\/lospoliticosveracruz.com\\\/\"},{\"@type\":\"ListItem\",\"position\":2,\"name\":\"La reedici\u00f3n del oro molido\"}]},{\"@type\":\"WebSite\",\"@id\":\"https:\\\/\\\/lospoliticosveracruz.com\\\/#website\",\"url\":\"https:\\\/\\\/lospoliticosveracruz.com\\\/\",\"name\":\"Los pol\u00edticos Veracruz\",\"description\":\"\",\"publisher\":{\"@id\":\"https:\\\/\\\/lospoliticosveracruz.com\\\/#organization\"},\"potentialAction\":[{\"@type\":\"SearchAction\",\"target\":{\"@type\":\"EntryPoint\",\"urlTemplate\":\"https:\\\/\\\/lospoliticosveracruz.com\\\/?s={search_term_string}\"},\"query-input\":{\"@type\":\"PropertyValueSpecification\",\"valueRequired\":true,\"valueName\":\"search_term_string\"}}],\"inLanguage\":\"es\"},{\"@type\":\"Organization\",\"@id\":\"https:\\\/\\\/lospoliticosveracruz.com\\\/#organization\",\"name\":\"Los pol\u00edticos Veracruz\",\"url\":\"https:\\\/\\\/lospoliticosveracruz.com\\\/\",\"logo\":{\"@type\":\"ImageObject\",\"inLanguage\":\"es\",\"@id\":\"https:\\\/\\\/lospoliticosveracruz.com\\\/#\\\/schema\\\/logo\\\/image\\\/\",\"url\":\"https:\\\/\\\/lospoliticosveracruz.com\\\/wp-content\\\/uploads\\\/2025\\\/12\\\/Logo-Nuevo-LOS-POLITICOS-1.jpg\",\"contentUrl\":\"https:\\\/\\\/lospoliticosveracruz.com\\\/wp-content\\\/uploads\\\/2025\\\/12\\\/Logo-Nuevo-LOS-POLITICOS-1.jpg\",\"width\":260,\"height\":70,\"caption\":\"Los pol\u00edticos Veracruz\"},\"image\":{\"@id\":\"https:\\\/\\\/lospoliticosveracruz.com\\\/#\\\/schema\\\/logo\\\/image\\\/\"},\"sameAs\":[\"https:\\\/\\\/www.facebook.com\\\/people\\\/Notimemes-de-los-Polticos\\\/61565672886568\\\/\",\"https:\\\/\\\/x.com\\\/LosPoliticosVer\"]},{\"@type\":\"Person\",\"@id\":\"https:\\\/\\\/lospoliticosveracruz.com\\\/#\\\/schema\\\/person\\\/b8702bb0e538456e6efd07080bf2a4a2\",\"name\":\"Lo viste en Los Pol\u00edticos\",\"image\":{\"@type\":\"ImageObject\",\"inLanguage\":\"es\",\"@id\":\"https:\\\/\\\/secure.gravatar.com\\\/avatar\\\/3a8de04a2656d44082be478bd6c086daa447c4651605818287b9532d3d0bd435?s=96&d=mm&r=g\",\"url\":\"https:\\\/\\\/secure.gravatar.com\\\/avatar\\\/3a8de04a2656d44082be478bd6c086daa447c4651605818287b9532d3d0bd435?s=96&d=mm&r=g\",\"contentUrl\":\"https:\\\/\\\/secure.gravatar.com\\\/avatar\\\/3a8de04a2656d44082be478bd6c086daa447c4651605818287b9532d3d0bd435?s=96&d=mm&r=g\",\"caption\":\"Lo viste en Los Pol\u00edticos\"},\"url\":\"https:\\\/\\\/lospoliticosveracruz.com\\\/?author=2\"}]}<\/script>\n<!-- \/ Yoast SEO plugin. -->","yoast_head_json":{"title":"La reedici\u00f3n del oro molido - Los pol\u00edticos Veracruz","robots":{"index":"index","follow":"follow","max-snippet":"max-snippet:-1","max-image-preview":"max-image-preview:large","max-video-preview":"max-video-preview:-1"},"canonical":"https:\/\/lospoliticosveracruz.com\/?p=23082","og_locale":"es_ES","og_type":"article","og_title":"La reedici\u00f3n del oro molido - Los pol\u00edticos Veracruz","og_description":"Luis Alberto Romero Hora Cero Antes de cumplirse dos meses de que la Secretar\u00eda de Desarrollo Social diera a conocer los detalles del Blindaje Electoral en las entidades que tienen procesos locales este a\u00f1o, las m\u00e1ximas dirigencias de los partidos Acci\u00f3n Nacional y de la Revoluci\u00f3n Democr\u00e1tica revelaron audios que involucran a la Sedesol, y [&hellip;]","og_url":"https:\/\/lospoliticosveracruz.com\/?p=23082","og_site_name":"Los pol\u00edticos Veracruz","article_publisher":"https:\/\/www.facebook.com\/people\/Notimemes-de-los-Polticos\/61565672886568\/","article_published_time":"2016-05-04T02:54:35+00:00","og_image":[{"url":"http:\/\/www.lospoliticosveracruz.com.mx\/wp-content\/uploads\/2014\/08\/Chava-Manzur-Blog-300x201.jpg","type":"","width":"","height":""}],"author":"Lo viste en Los Pol\u00edticos","twitter_card":"summary_large_image","twitter_creator":"@LosPoliticosVer","twitter_site":"@LosPoliticosVer","twitter_misc":{"Escrito por":"Lo viste en Los Pol\u00edticos","Tiempo de lectura":"4 minutos"},"schema":{"@context":"https:\/\/schema.org","@graph":[{"@type":"Article","@id":"https:\/\/lospoliticosveracruz.com\/?p=23082#article","isPartOf":{"@id":"https:\/\/lospoliticosveracruz.com\/?p=23082"},"author":{"name":"Lo viste en Los Pol\u00edticos","@id":"https:\/\/lospoliticosveracruz.com\/#\/schema\/person\/b8702bb0e538456e6efd07080bf2a4a2"},"headline":"La reedici\u00f3n del oro molido","datePublished":"2016-05-04T02:54:35+00:00","mainEntityOfPage":{"@id":"https:\/\/lospoliticosveracruz.com\/?p=23082"},"wordCount":881,"commentCount":0,"publisher":{"@id":"https:\/\/lospoliticosveracruz.com\/#organization"},"image":{"@id":"https:\/\/lospoliticosveracruz.com\/?p=23082#primaryimage"},"thumbnailUrl":"http:\/\/www.lospoliticosveracruz.com.mx\/wp-content\/uploads\/2014\/08\/Chava-Manzur-Blog-300x201.jpg","keywords":["oro molido","Ra\u00fal Zarrabal Ferat","Sedesol"],"articleSection":["De Opini\u00f3n"],"inLanguage":"es","potentialAction":[{"@type":"CommentAction","name":"Comment","target":["https:\/\/lospoliticosveracruz.com\/?p=23082#respond"]}]},{"@type":"WebPage","@id":"https:\/\/lospoliticosveracruz.com\/?p=23082","url":"https:\/\/lospoliticosveracruz.com\/?p=23082","name":"La reedici\u00f3n del oro molido - Los pol\u00edticos Veracruz","isPartOf":{"@id":"https:\/\/lospoliticosveracruz.com\/#website"},"primaryImageOfPage":{"@id":"https:\/\/lospoliticosveracruz.com\/?p=23082#primaryimage"},"image":{"@id":"https:\/\/lospoliticosveracruz.com\/?p=23082#primaryimage"},"thumbnailUrl":"http:\/\/www.lospoliticosveracruz.com.mx\/wp-content\/uploads\/2014\/08\/Chava-Manzur-Blog-300x201.jpg","datePublished":"2016-05-04T02:54:35+00:00","breadcrumb":{"@id":"https:\/\/lospoliticosveracruz.com\/?p=23082#breadcrumb"},"inLanguage":"es","potentialAction":[{"@type":"ReadAction","target":["https:\/\/lospoliticosveracruz.com\/?p=23082"]}]},{"@type":"ImageObject","inLanguage":"es","@id":"https:\/\/lospoliticosveracruz.com\/?p=23082#primaryimage","url":"http:\/\/www.lospoliticosveracruz.com.mx\/wp-content\/uploads\/2014\/08\/Chava-Manzur-Blog-300x201.jpg","contentUrl":"http:\/\/www.lospoliticosveracruz.com.mx\/wp-content\/uploads\/2014\/08\/Chava-Manzur-Blog-300x201.jpg"},{"@type":"BreadcrumbList","@id":"https:\/\/lospoliticosveracruz.com\/?p=23082#breadcrumb","itemListElement":[{"@type":"ListItem","position":1,"name":"Portada","item":"https:\/\/lospoliticosveracruz.com\/"},{"@type":"ListItem","position":2,"name":"La reedici\u00f3n del oro molido"}]},{"@type":"WebSite","@id":"https:\/\/lospoliticosveracruz.com\/#website","url":"https:\/\/lospoliticosveracruz.com\/","name":"Los pol\u00edticos Veracruz","description":"","publisher":{"@id":"https:\/\/lospoliticosveracruz.com\/#organization"},"potentialAction":[{"@type":"SearchAction","target":{"@type":"EntryPoint","urlTemplate":"https:\/\/lospoliticosveracruz.com\/?s={search_term_string}"},"query-input":{"@type":"PropertyValueSpecification","valueRequired":true,"valueName":"search_term_string"}}],"inLanguage":"es"},{"@type":"Organization","@id":"https:\/\/lospoliticosveracruz.com\/#organization","name":"Los pol\u00edticos Veracruz","url":"https:\/\/lospoliticosveracruz.com\/","logo":{"@type":"ImageObject","inLanguage":"es","@id":"https:\/\/lospoliticosveracruz.com\/#\/schema\/logo\/image\/","url":"https:\/\/lospoliticosveracruz.com\/wp-content\/uploads\/2025\/12\/Logo-Nuevo-LOS-POLITICOS-1.jpg","contentUrl":"https:\/\/lospoliticosveracruz.com\/wp-content\/uploads\/2025\/12\/Logo-Nuevo-LOS-POLITICOS-1.jpg","width":260,"height":70,"caption":"Los pol\u00edticos Veracruz"},"image":{"@id":"https:\/\/lospoliticosveracruz.com\/#\/schema\/logo\/image\/"},"sameAs":["https:\/\/www.facebook.com\/people\/Notimemes-de-los-Polticos\/61565672886568\/","https:\/\/x.com\/LosPoliticosVer"]},{"@type":"Person","@id":"https:\/\/lospoliticosveracruz.com\/#\/schema\/person\/b8702bb0e538456e6efd07080bf2a4a2","name":"Lo viste en Los Pol\u00edticos","image":{"@type":"ImageObject","inLanguage":"es","@id":"https:\/\/secure.gravatar.com\/avatar\/3a8de04a2656d44082be478bd6c086daa447c4651605818287b9532d3d0bd435?s=96&d=mm&r=g","url":"https:\/\/secure.gravatar.com\/avatar\/3a8de04a2656d44082be478bd6c086daa447c4651605818287b9532d3d0bd435?s=96&d=mm&r=g","contentUrl":"https:\/\/secure.gravatar.com\/avatar\/3a8de04a2656d44082be478bd6c086daa447c4651605818287b9532d3d0bd435?s=96&d=mm&r=g","caption":"Lo viste en Los Pol\u00edticos"},"url":"https:\/\/lospoliticosveracruz.com\/?author=2"}]}},"_links":{"self":[{"href":"https:\/\/lospoliticosveracruz.com\/index.php?rest_route=\/wp\/v2\/posts\/23082","targetHints":{"allow":["GET"]}}],"collection":[{"href":"https:\/\/lospoliticosveracruz.com\/index.php?rest_route=\/wp\/v2\/posts"}],"about":[{"href":"https:\/\/lospoliticosveracruz.com\/index.php?rest_route=\/wp\/v2\/types\/post"}],"author":[{"embeddable":true,"href":"https:\/\/lospoliticosveracruz.com\/index.php?rest_route=\/wp\/v2\/users\/2"}],"replies":[{"embeddable":true,"href":"https:\/\/lospoliticosveracruz.com\/index.php?rest_route=%2Fwp%2Fv2%2Fcomments&post=23082"}],"version-history":[{"count":1,"href":"https:\/\/lospoliticosveracruz.com\/index.php?rest_route=\/wp\/v2\/posts\/23082\/revisions"}],"predecessor-version":[{"id":23083,"href":"https:\/\/lospoliticosveracruz.com\/index.php?rest_route=\/wp\/v2\/posts\/23082\/revisions\/23083"}],"wp:attachment":[{"href":"https:\/\/lospoliticosveracruz.com\/index.php?rest_route=%2Fwp%2Fv2%2Fmedia&parent=23082"}],"wp:term":[{"taxonomy":"category","embeddable":true,"href":"https:\/\/lospoliticosveracruz.com\/index.php?rest_route=%2Fwp%2Fv2%2Fcategories&post=23082"},{"taxonomy":"post_tag","embeddable":true,"href":"https:\/\/lospoliticosveracruz.com\/index.php?rest_route=%2Fwp%2Fv2%2Ftags&post=23082"}],"curies":[{"name":"wp","href":"https:\/\/api.w.org\/{rel}","templated":true}]}}