{"id":23098,"date":"2016-05-05T12:03:13","date_gmt":"2016-05-05T17:03:13","guid":{"rendered":"http:\/\/www.lospoliticosveracruz.com.mx\/?p=23098"},"modified":"2016-05-05T12:03:13","modified_gmt":"2016-05-05T17:03:13","slug":"pemex-nuevo-problema","status":"publish","type":"post","link":"https:\/\/lospoliticosveracruz.com\/?p=23098","title":{"rendered":"Pemex, nuevo problema"},"content":{"rendered":"<p><a href=\"http:\/\/www.lospoliticosveracruz.com.mx\/wp-content\/uploads\/2016\/04\/pajaritos-explosion-6.jpg\"><img loading=\"lazy\" decoding=\"async\" class=\"alignnone size-medium wp-image-22872\" src=\"http:\/\/www.lospoliticosveracruz.com.mx\/wp-content\/uploads\/2016\/04\/pajaritos-explosion-6-300x185.jpg\" alt=\"pajaritos-explosion-6\" width=\"300\" height=\"185\" \/><\/a><\/p>\n<p><strong>Luis Alberto Romero<\/strong><\/p>\n<p><em>Hora Cero<\/em><\/p>\n<p>A quince d\u00edas de la explosi\u00f3n registrada en el complejo petroqu\u00edmico Pajaritos, en Coatzacoalcos, un nuevo problema que tiene que ver con la industria petrolera que se establece en Veracruz se registr\u00f3 este mi\u00e9rcoles.<\/p>\n<p>Se trata de un derrame de hidrocarburo en la refiner\u00eda L\u00e1zaro C\u00e1rdenas, ubicada dentro de los l\u00edmites territoriales de Minatitl\u00e1n, muy cerca del lugar donde se registr\u00f3 la explosi\u00f3n de hace un par de semanas, la planta Clorados III.<\/p>\n<p>A trav\u00e9s de su \u00e1rea de prensa, Petr\u00f3leos Mexicanos se refiri\u00f3 a un escurrimiento de crudo en una l\u00ednea fuera de operaci\u00f3n, con una superficie afectada de alrededor de 40 metros; de tal manera que no se puede hablar de un da\u00f1o ambiental mayor.<\/p>\n<p>El problema, sin embargo, radica en que ese tipo de accidentes han sido muy frecuentes en la historia de la operaci\u00f3n de la empresa en la entidad veracruzana.<\/p>\n<p>Antes de la fuga de Minatitl\u00e1n, el pasado 20 de abril se registr\u00f3 la explosi\u00f3n en Pajaritos, con un saldo de 28 personas fallecidas.<\/p>\n<p>En el seguimiento de ese caso, este mi\u00e9rcoles, el secretario de Salud del gobierno del estado, Fernando Ben\u00edtez Obeso, confirm\u00f3 que dicha dependencia lleva a efecto una investigaci\u00f3n para determinar si la contaminaci\u00f3n provocada tras la explosi\u00f3n de Clorados III puede ser causante de enfermedades como el c\u00e1ncer o la leucemia entre la poblaci\u00f3n del lugar.<\/p>\n<p>Por cierto, este d\u00eda trascendi\u00f3 que un grupo de ambientalistas present\u00f3 una demanda colectiva en materia ambiental, por los potenciales da\u00f1os ocasionados por la calidad del aire y el agua, tras la explosi\u00f3n en el complejo petroqu\u00edmico.<\/p>\n<p>El mayor problema es que con mucha frecuencia se registran accidentes, fugas, derrames o explosiones en la industria petrolera que funciona en Veracruz. Lo que ha representado enormes pasivos ambientales.<\/p>\n<p>Los frecuentes derrames y fugas han provocado la desesperaci\u00f3n de quienes habitan en las zonas petroleras de la entidad, como Poza Rica y Papantla, en el norte del estado; o Coatzacoalcos y Minatitl\u00e1n, en el sur; el tema se complica porque no hay quien responda por los da\u00f1os ocasionados.<\/p>\n<p>Lo lamentable es que pr\u00e1cticamente no hay semana en que no ocurra un derrame de crudo en el territorio estatal, donde cruzan 2 mil 500 kil\u00f3metros de ductos activos.<\/p>\n<p>A esto se suman los da\u00f1os que han denunciado en reiteradas ocasiones organizaciones no gubernamentales, grupos ambientalistas y agrupaciones pol\u00edticas, sobre la pr\u00e1ctica del fracking, la fractura hidr\u00e1ulica.<\/p>\n<p><strong>Pasivos ambientales en Veracruz<\/strong><\/p>\n<p>Los da\u00f1os que Pemex provoca al entorno son graves e incuantificables; sin embargo, no son los \u00fanicos pasivos ambientales en una entidad donde las grandes empresas e industrias arrojan desechos, pr\u00e1cticamente sin tratamiento, a los mantos fre\u00e1ticos.<\/p>\n<p>A ello habr\u00eda que agregar tres grandes problemas ambientales que no han sido resueltos por los municipios y el gobierno estatal: la disposici\u00f3n de los desechos s\u00f3lidos que generan los asentamientos poblacionales; el vertimiento de aguas residuales a los cuerpos de agua; y los escurrimientos de pesticidas y fertilizantes para uso agr\u00edcola a los r\u00edos y arroyos.<\/p>\n<p>Por si fuera poco, hay estimaciones que indican que en territorio estatal funcionan unos mil 500 basureros clandestinos; a todos esos destinos se canalizan las 6 mil toneladas de basura que genera la poblaci\u00f3n del estado.<\/p>\n<p>A ese problema se suma el de las aguas residuales; por Veracruz atraviesan m\u00e1s de 40 r\u00edos; sin embargo, la mayor\u00eda de ellos est\u00e1n altamente contaminados porque reciben las descargas de los habitantes de m\u00e1s de 22 mil localidades.<\/p>\n<p>De acuerdo con el inventario nacional de plantas de tratamiento, realizado por Semarnat en 2014, aqu\u00ed operan 105 plantas, que se concentran, en su mayor\u00eda, en lugares densamente poblados; la capacidad instalada es de 6 mil 911 litros por segundo, lo cual es poco significativo si se considera que la entidad genera m\u00e1s de 22 mil 300 metros c\u00fabicos de aguas negras al a\u00f1o. De hecho, con esos recursos no se alcanza a tratar ni siquiera el 10 por ciento de las descargas de aguas residuales.<\/p>\n<p>Si a ese diagn\u00f3stico se suma el uso excesivo de pesticidas, fertilizantes y agroqu\u00edmicos en las tierras de cultivo, el panorama resulta, m\u00e1s que preocupante, de urgente atenci\u00f3n.<\/p>\n<p><strong>M\u00e1s propuestas y menos golpes, plantea la iglesia<\/strong><\/p>\n<p>El vocero de la Arquidi\u00f3cesis de Xalapa, Jos\u00e9 Manuel Suazo Reyes, realiz\u00f3 un interesante planteamiento sobre las campa\u00f1as por la sucesi\u00f3n veracruzana. Dijo que los candidatos a la gubernatura gastan su tiempo en acusaciones, y se olvidan de propuestas serias para los veracruzanos.<\/p>\n<p>El sacerdote cat\u00f3lico apunt\u00f3 que los aspirantes al gobierno estatal parecen m\u00e1s preocupados por acusarse y descalificarse que por proponer soluciones para los problemas de la poblaci\u00f3n; y que en vez de difamarse deber\u00edan entender que los ciudadanos esperan m\u00e1s propuestas.<\/p>\n<p>La confrontaci\u00f3n, podr\u00edamos resumir, en nada abona a la cultura democr\u00e1tica.<\/p>\n<p>En efecto, las propuestas no han sido la principal caracter\u00edstica de la presente contienda electoral, m\u00e1s identificada con los golpes, las agresiones, las descalificaciones y los se\u00f1alamientos. @luisromero85<\/p>\n","protected":false},"excerpt":{"rendered":"<p>Luis Alberto Romero Hora Cero A quince d\u00edas de la explosi\u00f3n registrada en el complejo petroqu\u00edmico Pajaritos, en Coatzacoalcos, un nuevo problema que tiene que ver con la industria petrolera que se establece en Veracruz se registr\u00f3 este mi\u00e9rcoles. Se trata de un derrame de hidrocarburo en la refiner\u00eda L\u00e1zaro C\u00e1rdenas, ubicada dentro de los [&hellip;]<\/p>\n","protected":false},"author":2,"featured_media":0,"comment_status":"open","ping_status":"open","sticky":false,"template":"","format":"standard","meta":{"tdm_status":"","tdm_grid_status":"","footnotes":""},"categories":[70],"tags":[2150,373,372],"class_list":{"0":"post-23098","1":"post","2":"type-post","3":"status-publish","4":"format-standard","6":"category-de-opinion","7":"tag-lazaro-cardenas","8":"tag-minatitlan","9":"tag-pemex"},"yoast_head":"<!-- This site is optimized with the Yoast SEO plugin v27.4 - https:\/\/yoast.com\/product\/yoast-seo-wordpress\/ -->\n<title>Pemex, nuevo problema - Los pol\u00edticos Veracruz<\/title>\n<meta name=\"robots\" content=\"index, follow, max-snippet:-1, max-image-preview:large, max-video-preview:-1\" \/>\n<link rel=\"canonical\" href=\"https:\/\/lospoliticosveracruz.com\/?p=23098\" \/>\n<meta property=\"og:locale\" content=\"es_ES\" \/>\n<meta property=\"og:type\" content=\"article\" \/>\n<meta property=\"og:title\" content=\"Pemex, nuevo problema - Los pol\u00edticos Veracruz\" \/>\n<meta property=\"og:description\" content=\"Luis Alberto Romero Hora Cero A quince d\u00edas de la explosi\u00f3n registrada en el complejo petroqu\u00edmico Pajaritos, en Coatzacoalcos, un nuevo problema que tiene que ver con la industria petrolera que se establece en Veracruz se registr\u00f3 este mi\u00e9rcoles. Se trata de un derrame de hidrocarburo en la refiner\u00eda L\u00e1zaro C\u00e1rdenas, ubicada dentro de los [&hellip;]\" \/>\n<meta property=\"og:url\" content=\"https:\/\/lospoliticosveracruz.com\/?p=23098\" \/>\n<meta property=\"og:site_name\" content=\"Los pol\u00edticos Veracruz\" \/>\n<meta property=\"article:publisher\" content=\"https:\/\/www.facebook.com\/people\/Notimemes-de-los-Polticos\/61565672886568\/\" \/>\n<meta property=\"article:published_time\" content=\"2016-05-05T17:03:13+00:00\" \/>\n<meta property=\"og:image\" content=\"http:\/\/www.lospoliticosveracruz.com.mx\/wp-content\/uploads\/2016\/04\/pajaritos-explosion-6-300x185.jpg\" \/>\n<meta name=\"author\" content=\"Lo viste en Los Pol\u00edticos\" \/>\n<meta name=\"twitter:card\" content=\"summary_large_image\" \/>\n<meta name=\"twitter:creator\" content=\"@LosPoliticosVer\" \/>\n<meta name=\"twitter:site\" content=\"@LosPoliticosVer\" \/>\n<meta name=\"twitter:label1\" content=\"Escrito por\" \/>\n\t<meta name=\"twitter:data1\" content=\"Lo viste en Los Pol\u00edticos\" \/>\n\t<meta name=\"twitter:label2\" content=\"Tiempo de lectura\" \/>\n\t<meta name=\"twitter:data2\" content=\"4 minutos\" \/>\n<script type=\"application\/ld+json\" class=\"yoast-schema-graph\">{\"@context\":\"https:\\\/\\\/schema.org\",\"@graph\":[{\"@type\":\"Article\",\"@id\":\"https:\\\/\\\/lospoliticosveracruz.com\\\/?p=23098#article\",\"isPartOf\":{\"@id\":\"https:\\\/\\\/lospoliticosveracruz.com\\\/?p=23098\"},\"author\":{\"name\":\"Lo viste en Los Pol\u00edticos\",\"@id\":\"https:\\\/\\\/lospoliticosveracruz.com\\\/#\\\/schema\\\/person\\\/b8702bb0e538456e6efd07080bf2a4a2\"},\"headline\":\"Pemex, nuevo problema\",\"datePublished\":\"2016-05-05T17:03:13+00:00\",\"mainEntityOfPage\":{\"@id\":\"https:\\\/\\\/lospoliticosveracruz.com\\\/?p=23098\"},\"wordCount\":883,\"commentCount\":0,\"publisher\":{\"@id\":\"https:\\\/\\\/lospoliticosveracruz.com\\\/#organization\"},\"image\":{\"@id\":\"https:\\\/\\\/lospoliticosveracruz.com\\\/?p=23098#primaryimage\"},\"thumbnailUrl\":\"http:\\\/\\\/www.lospoliticosveracruz.com.mx\\\/wp-content\\\/uploads\\\/2016\\\/04\\\/pajaritos-explosion-6-300x185.jpg\",\"keywords\":[\"L\u00e1zaro C\u00e1rdenas\",\"Minatitl\u00e1n\",\"Pemex\"],\"articleSection\":[\"De Opini\u00f3n\"],\"inLanguage\":\"es\",\"potentialAction\":[{\"@type\":\"CommentAction\",\"name\":\"Comment\",\"target\":[\"https:\\\/\\\/lospoliticosveracruz.com\\\/?p=23098#respond\"]}]},{\"@type\":\"WebPage\",\"@id\":\"https:\\\/\\\/lospoliticosveracruz.com\\\/?p=23098\",\"url\":\"https:\\\/\\\/lospoliticosveracruz.com\\\/?p=23098\",\"name\":\"Pemex, nuevo problema - Los pol\u00edticos Veracruz\",\"isPartOf\":{\"@id\":\"https:\\\/\\\/lospoliticosveracruz.com\\\/#website\"},\"primaryImageOfPage\":{\"@id\":\"https:\\\/\\\/lospoliticosveracruz.com\\\/?p=23098#primaryimage\"},\"image\":{\"@id\":\"https:\\\/\\\/lospoliticosveracruz.com\\\/?p=23098#primaryimage\"},\"thumbnailUrl\":\"http:\\\/\\\/www.lospoliticosveracruz.com.mx\\\/wp-content\\\/uploads\\\/2016\\\/04\\\/pajaritos-explosion-6-300x185.jpg\",\"datePublished\":\"2016-05-05T17:03:13+00:00\",\"breadcrumb\":{\"@id\":\"https:\\\/\\\/lospoliticosveracruz.com\\\/?p=23098#breadcrumb\"},\"inLanguage\":\"es\",\"potentialAction\":[{\"@type\":\"ReadAction\",\"target\":[\"https:\\\/\\\/lospoliticosveracruz.com\\\/?p=23098\"]}]},{\"@type\":\"ImageObject\",\"inLanguage\":\"es\",\"@id\":\"https:\\\/\\\/lospoliticosveracruz.com\\\/?p=23098#primaryimage\",\"url\":\"http:\\\/\\\/www.lospoliticosveracruz.com.mx\\\/wp-content\\\/uploads\\\/2016\\\/04\\\/pajaritos-explosion-6-300x185.jpg\",\"contentUrl\":\"http:\\\/\\\/www.lospoliticosveracruz.com.mx\\\/wp-content\\\/uploads\\\/2016\\\/04\\\/pajaritos-explosion-6-300x185.jpg\"},{\"@type\":\"BreadcrumbList\",\"@id\":\"https:\\\/\\\/lospoliticosveracruz.com\\\/?p=23098#breadcrumb\",\"itemListElement\":[{\"@type\":\"ListItem\",\"position\":1,\"name\":\"Portada\",\"item\":\"https:\\\/\\\/lospoliticosveracruz.com\\\/\"},{\"@type\":\"ListItem\",\"position\":2,\"name\":\"Pemex, nuevo problema\"}]},{\"@type\":\"WebSite\",\"@id\":\"https:\\\/\\\/lospoliticosveracruz.com\\\/#website\",\"url\":\"https:\\\/\\\/lospoliticosveracruz.com\\\/\",\"name\":\"Los pol\u00edticos Veracruz\",\"description\":\"\",\"publisher\":{\"@id\":\"https:\\\/\\\/lospoliticosveracruz.com\\\/#organization\"},\"potentialAction\":[{\"@type\":\"SearchAction\",\"target\":{\"@type\":\"EntryPoint\",\"urlTemplate\":\"https:\\\/\\\/lospoliticosveracruz.com\\\/?s={search_term_string}\"},\"query-input\":{\"@type\":\"PropertyValueSpecification\",\"valueRequired\":true,\"valueName\":\"search_term_string\"}}],\"inLanguage\":\"es\"},{\"@type\":\"Organization\",\"@id\":\"https:\\\/\\\/lospoliticosveracruz.com\\\/#organization\",\"name\":\"Los pol\u00edticos Veracruz\",\"url\":\"https:\\\/\\\/lospoliticosveracruz.com\\\/\",\"logo\":{\"@type\":\"ImageObject\",\"inLanguage\":\"es\",\"@id\":\"https:\\\/\\\/lospoliticosveracruz.com\\\/#\\\/schema\\\/logo\\\/image\\\/\",\"url\":\"https:\\\/\\\/lospoliticosveracruz.com\\\/wp-content\\\/uploads\\\/2025\\\/12\\\/Logo-Nuevo-LOS-POLITICOS-1.jpg\",\"contentUrl\":\"https:\\\/\\\/lospoliticosveracruz.com\\\/wp-content\\\/uploads\\\/2025\\\/12\\\/Logo-Nuevo-LOS-POLITICOS-1.jpg\",\"width\":260,\"height\":70,\"caption\":\"Los pol\u00edticos Veracruz\"},\"image\":{\"@id\":\"https:\\\/\\\/lospoliticosveracruz.com\\\/#\\\/schema\\\/logo\\\/image\\\/\"},\"sameAs\":[\"https:\\\/\\\/www.facebook.com\\\/people\\\/Notimemes-de-los-Polticos\\\/61565672886568\\\/\",\"https:\\\/\\\/x.com\\\/LosPoliticosVer\"]},{\"@type\":\"Person\",\"@id\":\"https:\\\/\\\/lospoliticosveracruz.com\\\/#\\\/schema\\\/person\\\/b8702bb0e538456e6efd07080bf2a4a2\",\"name\":\"Lo viste en Los Pol\u00edticos\",\"image\":{\"@type\":\"ImageObject\",\"inLanguage\":\"es\",\"@id\":\"https:\\\/\\\/secure.gravatar.com\\\/avatar\\\/3a8de04a2656d44082be478bd6c086daa447c4651605818287b9532d3d0bd435?s=96&d=mm&r=g\",\"url\":\"https:\\\/\\\/secure.gravatar.com\\\/avatar\\\/3a8de04a2656d44082be478bd6c086daa447c4651605818287b9532d3d0bd435?s=96&d=mm&r=g\",\"contentUrl\":\"https:\\\/\\\/secure.gravatar.com\\\/avatar\\\/3a8de04a2656d44082be478bd6c086daa447c4651605818287b9532d3d0bd435?s=96&d=mm&r=g\",\"caption\":\"Lo viste en Los Pol\u00edticos\"},\"url\":\"https:\\\/\\\/lospoliticosveracruz.com\\\/?author=2\"}]}<\/script>\n<!-- \/ Yoast SEO plugin. -->","yoast_head_json":{"title":"Pemex, nuevo problema - Los pol\u00edticos Veracruz","robots":{"index":"index","follow":"follow","max-snippet":"max-snippet:-1","max-image-preview":"max-image-preview:large","max-video-preview":"max-video-preview:-1"},"canonical":"https:\/\/lospoliticosveracruz.com\/?p=23098","og_locale":"es_ES","og_type":"article","og_title":"Pemex, nuevo problema - Los pol\u00edticos Veracruz","og_description":"Luis Alberto Romero Hora Cero A quince d\u00edas de la explosi\u00f3n registrada en el complejo petroqu\u00edmico Pajaritos, en Coatzacoalcos, un nuevo problema que tiene que ver con la industria petrolera que se establece en Veracruz se registr\u00f3 este mi\u00e9rcoles. Se trata de un derrame de hidrocarburo en la refiner\u00eda L\u00e1zaro C\u00e1rdenas, ubicada dentro de los [&hellip;]","og_url":"https:\/\/lospoliticosveracruz.com\/?p=23098","og_site_name":"Los pol\u00edticos Veracruz","article_publisher":"https:\/\/www.facebook.com\/people\/Notimemes-de-los-Polticos\/61565672886568\/","article_published_time":"2016-05-05T17:03:13+00:00","og_image":[{"url":"http:\/\/www.lospoliticosveracruz.com.mx\/wp-content\/uploads\/2016\/04\/pajaritos-explosion-6-300x185.jpg","type":"","width":"","height":""}],"author":"Lo viste en Los Pol\u00edticos","twitter_card":"summary_large_image","twitter_creator":"@LosPoliticosVer","twitter_site":"@LosPoliticosVer","twitter_misc":{"Escrito por":"Lo viste en Los Pol\u00edticos","Tiempo de lectura":"4 minutos"},"schema":{"@context":"https:\/\/schema.org","@graph":[{"@type":"Article","@id":"https:\/\/lospoliticosveracruz.com\/?p=23098#article","isPartOf":{"@id":"https:\/\/lospoliticosveracruz.com\/?p=23098"},"author":{"name":"Lo viste en Los Pol\u00edticos","@id":"https:\/\/lospoliticosveracruz.com\/#\/schema\/person\/b8702bb0e538456e6efd07080bf2a4a2"},"headline":"Pemex, nuevo problema","datePublished":"2016-05-05T17:03:13+00:00","mainEntityOfPage":{"@id":"https:\/\/lospoliticosveracruz.com\/?p=23098"},"wordCount":883,"commentCount":0,"publisher":{"@id":"https:\/\/lospoliticosveracruz.com\/#organization"},"image":{"@id":"https:\/\/lospoliticosveracruz.com\/?p=23098#primaryimage"},"thumbnailUrl":"http:\/\/www.lospoliticosveracruz.com.mx\/wp-content\/uploads\/2016\/04\/pajaritos-explosion-6-300x185.jpg","keywords":["L\u00e1zaro C\u00e1rdenas","Minatitl\u00e1n","Pemex"],"articleSection":["De Opini\u00f3n"],"inLanguage":"es","potentialAction":[{"@type":"CommentAction","name":"Comment","target":["https:\/\/lospoliticosveracruz.com\/?p=23098#respond"]}]},{"@type":"WebPage","@id":"https:\/\/lospoliticosveracruz.com\/?p=23098","url":"https:\/\/lospoliticosveracruz.com\/?p=23098","name":"Pemex, nuevo problema - Los pol\u00edticos Veracruz","isPartOf":{"@id":"https:\/\/lospoliticosveracruz.com\/#website"},"primaryImageOfPage":{"@id":"https:\/\/lospoliticosveracruz.com\/?p=23098#primaryimage"},"image":{"@id":"https:\/\/lospoliticosveracruz.com\/?p=23098#primaryimage"},"thumbnailUrl":"http:\/\/www.lospoliticosveracruz.com.mx\/wp-content\/uploads\/2016\/04\/pajaritos-explosion-6-300x185.jpg","datePublished":"2016-05-05T17:03:13+00:00","breadcrumb":{"@id":"https:\/\/lospoliticosveracruz.com\/?p=23098#breadcrumb"},"inLanguage":"es","potentialAction":[{"@type":"ReadAction","target":["https:\/\/lospoliticosveracruz.com\/?p=23098"]}]},{"@type":"ImageObject","inLanguage":"es","@id":"https:\/\/lospoliticosveracruz.com\/?p=23098#primaryimage","url":"http:\/\/www.lospoliticosveracruz.com.mx\/wp-content\/uploads\/2016\/04\/pajaritos-explosion-6-300x185.jpg","contentUrl":"http:\/\/www.lospoliticosveracruz.com.mx\/wp-content\/uploads\/2016\/04\/pajaritos-explosion-6-300x185.jpg"},{"@type":"BreadcrumbList","@id":"https:\/\/lospoliticosveracruz.com\/?p=23098#breadcrumb","itemListElement":[{"@type":"ListItem","position":1,"name":"Portada","item":"https:\/\/lospoliticosveracruz.com\/"},{"@type":"ListItem","position":2,"name":"Pemex, nuevo problema"}]},{"@type":"WebSite","@id":"https:\/\/lospoliticosveracruz.com\/#website","url":"https:\/\/lospoliticosveracruz.com\/","name":"Los pol\u00edticos Veracruz","description":"","publisher":{"@id":"https:\/\/lospoliticosveracruz.com\/#organization"},"potentialAction":[{"@type":"SearchAction","target":{"@type":"EntryPoint","urlTemplate":"https:\/\/lospoliticosveracruz.com\/?s={search_term_string}"},"query-input":{"@type":"PropertyValueSpecification","valueRequired":true,"valueName":"search_term_string"}}],"inLanguage":"es"},{"@type":"Organization","@id":"https:\/\/lospoliticosveracruz.com\/#organization","name":"Los pol\u00edticos Veracruz","url":"https:\/\/lospoliticosveracruz.com\/","logo":{"@type":"ImageObject","inLanguage":"es","@id":"https:\/\/lospoliticosveracruz.com\/#\/schema\/logo\/image\/","url":"https:\/\/lospoliticosveracruz.com\/wp-content\/uploads\/2025\/12\/Logo-Nuevo-LOS-POLITICOS-1.jpg","contentUrl":"https:\/\/lospoliticosveracruz.com\/wp-content\/uploads\/2025\/12\/Logo-Nuevo-LOS-POLITICOS-1.jpg","width":260,"height":70,"caption":"Los pol\u00edticos Veracruz"},"image":{"@id":"https:\/\/lospoliticosveracruz.com\/#\/schema\/logo\/image\/"},"sameAs":["https:\/\/www.facebook.com\/people\/Notimemes-de-los-Polticos\/61565672886568\/","https:\/\/x.com\/LosPoliticosVer"]},{"@type":"Person","@id":"https:\/\/lospoliticosveracruz.com\/#\/schema\/person\/b8702bb0e538456e6efd07080bf2a4a2","name":"Lo viste en Los Pol\u00edticos","image":{"@type":"ImageObject","inLanguage":"es","@id":"https:\/\/secure.gravatar.com\/avatar\/3a8de04a2656d44082be478bd6c086daa447c4651605818287b9532d3d0bd435?s=96&d=mm&r=g","url":"https:\/\/secure.gravatar.com\/avatar\/3a8de04a2656d44082be478bd6c086daa447c4651605818287b9532d3d0bd435?s=96&d=mm&r=g","contentUrl":"https:\/\/secure.gravatar.com\/avatar\/3a8de04a2656d44082be478bd6c086daa447c4651605818287b9532d3d0bd435?s=96&d=mm&r=g","caption":"Lo viste en Los Pol\u00edticos"},"url":"https:\/\/lospoliticosveracruz.com\/?author=2"}]}},"_links":{"self":[{"href":"https:\/\/lospoliticosveracruz.com\/index.php?rest_route=\/wp\/v2\/posts\/23098","targetHints":{"allow":["GET"]}}],"collection":[{"href":"https:\/\/lospoliticosveracruz.com\/index.php?rest_route=\/wp\/v2\/posts"}],"about":[{"href":"https:\/\/lospoliticosveracruz.com\/index.php?rest_route=\/wp\/v2\/types\/post"}],"author":[{"embeddable":true,"href":"https:\/\/lospoliticosveracruz.com\/index.php?rest_route=\/wp\/v2\/users\/2"}],"replies":[{"embeddable":true,"href":"https:\/\/lospoliticosveracruz.com\/index.php?rest_route=%2Fwp%2Fv2%2Fcomments&post=23098"}],"version-history":[{"count":1,"href":"https:\/\/lospoliticosveracruz.com\/index.php?rest_route=\/wp\/v2\/posts\/23098\/revisions"}],"predecessor-version":[{"id":23099,"href":"https:\/\/lospoliticosveracruz.com\/index.php?rest_route=\/wp\/v2\/posts\/23098\/revisions\/23099"}],"wp:attachment":[{"href":"https:\/\/lospoliticosveracruz.com\/index.php?rest_route=%2Fwp%2Fv2%2Fmedia&parent=23098"}],"wp:term":[{"taxonomy":"category","embeddable":true,"href":"https:\/\/lospoliticosveracruz.com\/index.php?rest_route=%2Fwp%2Fv2%2Fcategories&post=23098"},{"taxonomy":"post_tag","embeddable":true,"href":"https:\/\/lospoliticosveracruz.com\/index.php?rest_route=%2Fwp%2Fv2%2Ftags&post=23098"}],"curies":[{"name":"wp","href":"https:\/\/api.w.org\/{rel}","templated":true}]}}