{"id":23114,"date":"2016-05-06T08:14:55","date_gmt":"2016-05-06T13:14:55","guid":{"rendered":"http:\/\/www.lospoliticosveracruz.com.mx\/?p=23114"},"modified":"2016-05-06T08:14:55","modified_gmt":"2016-05-06T13:14:55","slug":"luto-en-la-izquierda-veracruzana","status":"publish","type":"post","link":"https:\/\/lospoliticosveracruz.com\/?p=23114","title":{"rendered":"Luto en la izquierda veracruzana"},"content":{"rendered":"<p><a href=\"http:\/\/www.lospoliticosveracruz.com.mx\/wp-content\/uploads\/2013\/11\/Fidel-Robles-Guadarrama.jpg\"><img loading=\"lazy\" decoding=\"async\" class=\"alignnone size-medium wp-image-10454\" src=\"http:\/\/www.lospoliticosveracruz.com.mx\/wp-content\/uploads\/2013\/11\/Fidel-Robles-Guadarrama-300x199.jpg\" alt=\"Fidel-Robles-Guadarrama\" width=\"300\" height=\"199\" \/><\/a><\/p>\n<p><strong>Luis Alberto Romero<\/strong><\/p>\n<p><em>Hora Cero<\/em><\/p>\n<p>Desde muy joven, Fidel Robles Guadarrama siempre tuvo una inclinaci\u00f3n ideol\u00f3gica hacia la izquierda y generalmente adoptaba una actitud cr\u00edtica y combativa.<\/p>\n<p>En Fidel cab\u00edan muchos adjetivos; adem\u00e1s de cr\u00edtico era muchas veces radical, pero la incongruencia no estaba dentro de sus caracter\u00edsticas. Uno de los temas m\u00e1s frecuentes en sus apariciones p\u00fablicas ten\u00eda que ver con la defensa del medio ambiente.<\/p>\n<p>En la entidad, era considerado un pol\u00edtico de peso dentro de la izquierda; estuvo identificado con el Partido de la Revoluci\u00f3n Democr\u00e1tica y tambi\u00e9n con el PT; en la \u00faltima parte de su vida, ya con el c\u00e1ncer invadiendo su organismo, Robles Guadarrama sali\u00f3 del partido que encabeza Alberto Anaya Guti\u00e9rrez, para sumarse al Movimiento de Regeneraci\u00f3n Nacional, Morena, en febrero del presente a\u00f1o.<\/p>\n<p>Junto con un grupo de ex militantes del Partido del Trabajo, Fidel Robles protest\u00f3 por la pol\u00edtica de alianzas que llev\u00f3 a ese instituto pol\u00edtico a sumarse al PRI, Panal y Verde en las elecciones estatales de Colima, Aguascalientes y Chihuahua; y al PAN en el estado de Puebla.<\/p>\n<p>Esos vaivenes en la conducci\u00f3n del partido provocaron que el extinto diputado local se sintiera traicionado por ese partido y buscara un acercamiento con Morena, la fuerza pol\u00edtica fundada por Andr\u00e9s Manuel L\u00f3pez Obrador. Su estado de salud, sin embargo, ya se encontraba sumamente disminuido.<\/p>\n<p>Dante Delgado Rannauro era gobernador interino de Veracruz, cuando acudi\u00f3 a Mart\u00ednez de la Torre para inaugurar la expo feria que se realiza cada a\u00f1o, en el mes de junio, en ese lugar. Un d\u00eda antes, un afiliado a la Uni\u00f3n de Colonos, Inquilinos y Solicitantes de Vivienda de Veracruz, Ucisv-Ver, hab\u00eda sido asesinado. En ese contexto, uno de los m\u00e1s j\u00f3venes dirigentes del citado movimiento, adherido al Partido de la Revoluci\u00f3n Democr\u00e1tica, encabez\u00f3 una protesta que incluy\u00f3 la presentaci\u00f3n del f\u00e9retro ante el gobernador, en demanda de justicia y seguridad. Era Fidel Robles Guadarrama, quien protagoniz\u00f3 un fuerte enfrentamiento verbal contra el ejecutivo estatal en turno.<\/p>\n<p>De eso han pasado casi 25 a\u00f1os, en los cuales Robles Guadarrama nunca hizo a un lado su activismo pol\u00edtico. Estuvo vinculado al gobierno del Distrito Federal para regresar a Veracruz como cabeza del Partido del Trabajo en la entidad.<\/p>\n<p>En la elecci\u00f3n federal de 2015, clave en la intenci\u00f3n del PT de mantener su registro como partido pol\u00edtico nacional, los petistas, de la mano de Fidel Robles, superaron la barrera de los 3 puntos porcentuales en el \u00e1mbito estatal; cosecharon casi 75 mil sufragios. Probablemente su logro m\u00e1s importante en ese proceso fue el resultado del distrito de Minatitl\u00e1n, donde se ubicaron como segunda fuerza, a diez mil votos del PRI.<\/p>\n<p>Luego lleg\u00f3 su renuncia al Partido del Trabajo y su afiliaci\u00f3n, m\u00e1s reciente, a Morena, donde ya no tuvo tiempo para desarrollar una actividad destacada. Este jueves, el diputado local Fidel Robles perdi\u00f3 su lucha contra el c\u00e1ncer, en lo que representa una p\u00e9rdida lamentable para la izquierda veracruzana.<\/p>\n<p>El cuerpo de Fidel fue cremado por la noche de este jueves; previo a ello, su familia, de acuerdo con las notas difundidas en diferentes medios informativos locales, rechaz\u00f3 el homenaje que se propuso en la Legislatura del Estado.<\/p>\n<p><strong>Am\u00e9rico Z\u00fa\u00f1iga y las acciones en seguridad<\/strong><\/p>\n<p>Como presidente de la Federaci\u00f3n Nacional de Municipios de M\u00e9xico, el alcalde Am\u00e9rico Z\u00fa\u00f1iga Mart\u00ednez habl\u00f3 ayer, en entrevista con un diario de circulaci\u00f3n nacional, del mando \u00fanico policial; dijo que mil 762 Ayuntamientos han firmado alg\u00fan tipo de convenio para sumarse a este esquema que busca mejorar los niveles de seguridad y hacer m\u00e1s eficiente del trabajo de vigilancia y combate a la delincuencia.<\/p>\n<p>Explic\u00f3 que ese n\u00famero de municipios representa el 72 por ciento del total que existen en M\u00e9xico, lo que significa que el 85 por ciento de la poblaci\u00f3n vive bajo ese modelo policial.<\/p>\n<p>Promotor del tema municipalista, Z\u00fa\u00f1iga Mart\u00ednez destac\u00f3 que los municipios deben ser reconocidos en su dignidad de orden de gobierno y, en consecuencia, considerarlos con la capacidad de interlocuci\u00f3n al m\u00e1s alto nivel. Por eso, se pronunci\u00f3 por que los gobiernos municipales participen en el di\u00e1logo al que convoque el Congreso de la Uni\u00f3n, para la formulaci\u00f3n de la reforma del modelo de seguridad p\u00fablica.<\/p>\n<p>Consider\u00f3 que es esencial que no sean cancelados o suspendidos los muy limitados recursos presupuestales destinados a la seguridad p\u00fablica de car\u00e1cter preventivo a cargo de los municipios.<\/p>\n<p>No hay que olvidar que, por su trabajo de gesti\u00f3n, el alcalde de Xalapa logr\u00f3 para este 2016, 25 millones de pesos dentro del Subsidio a los Municipios y Demarcaciones del Distrito Federal para el Fortalecimiento a la Seguridad (Fortaseg), que sumados a los 6 millones que aportar\u00e1 el municipio, har\u00e1n una bolsa de 31 millones de pesos para acciones de prevenci\u00f3n del delito y reforzamiento de la seguridad en la capital veracruzana. @luisromero85<\/p>\n","protected":false},"excerpt":{"rendered":"<p>Luis Alberto Romero Hora Cero Desde muy joven, Fidel Robles Guadarrama siempre tuvo una inclinaci\u00f3n ideol\u00f3gica hacia la izquierda y generalmente adoptaba una actitud cr\u00edtica y combativa. En Fidel cab\u00edan muchos adjetivos; adem\u00e1s de cr\u00edtico era muchas veces radical, pero la incongruencia no estaba dentro de sus caracter\u00edsticas. Uno de los temas m\u00e1s frecuentes en [&hellip;]<\/p>\n","protected":false},"author":2,"featured_media":0,"comment_status":"open","ping_status":"open","sticky":false,"template":"","format":"standard","meta":{"tdm_status":"","tdm_grid_status":"","footnotes":""},"categories":[70],"tags":[539,927,107,2289,5352],"class_list":{"0":"post-23114","1":"post","2":"type-post","3":"status-publish","4":"format-standard","6":"category-de-opinion","7":"tag-americo-zuniga-martinez","8":"tag-fidel-robles-guadarrama","9":"tag-prd","10":"tag-pt","11":"tag-ucisv-ver"},"yoast_head":"<!-- This site is optimized with the Yoast SEO plugin v27.4 - https:\/\/yoast.com\/product\/yoast-seo-wordpress\/ -->\n<title>Luto en la izquierda veracruzana - Los pol\u00edticos Veracruz<\/title>\n<meta name=\"robots\" content=\"index, follow, max-snippet:-1, max-image-preview:large, max-video-preview:-1\" \/>\n<link rel=\"canonical\" href=\"https:\/\/lospoliticosveracruz.com\/?p=23114\" \/>\n<meta property=\"og:locale\" content=\"es_ES\" \/>\n<meta property=\"og:type\" content=\"article\" \/>\n<meta property=\"og:title\" content=\"Luto en la izquierda veracruzana - Los pol\u00edticos Veracruz\" \/>\n<meta property=\"og:description\" content=\"Luis Alberto Romero Hora Cero Desde muy joven, Fidel Robles Guadarrama siempre tuvo una inclinaci\u00f3n ideol\u00f3gica hacia la izquierda y generalmente adoptaba una actitud cr\u00edtica y combativa. En Fidel cab\u00edan muchos adjetivos; adem\u00e1s de cr\u00edtico era muchas veces radical, pero la incongruencia no estaba dentro de sus caracter\u00edsticas. Uno de los temas m\u00e1s frecuentes en [&hellip;]\" \/>\n<meta property=\"og:url\" content=\"https:\/\/lospoliticosveracruz.com\/?p=23114\" \/>\n<meta property=\"og:site_name\" content=\"Los pol\u00edticos Veracruz\" \/>\n<meta property=\"article:publisher\" content=\"https:\/\/www.facebook.com\/people\/Notimemes-de-los-Polticos\/61565672886568\/\" \/>\n<meta property=\"article:published_time\" content=\"2016-05-06T13:14:55+00:00\" \/>\n<meta property=\"og:image\" content=\"http:\/\/www.lospoliticosveracruz.com.mx\/wp-content\/uploads\/2013\/11\/Fidel-Robles-Guadarrama-300x199.jpg\" \/>\n<meta name=\"author\" content=\"Lo viste en Los Pol\u00edticos\" \/>\n<meta name=\"twitter:card\" content=\"summary_large_image\" \/>\n<meta name=\"twitter:creator\" content=\"@LosPoliticosVer\" \/>\n<meta name=\"twitter:site\" content=\"@LosPoliticosVer\" \/>\n<meta name=\"twitter:label1\" content=\"Escrito por\" \/>\n\t<meta name=\"twitter:data1\" content=\"Lo viste en Los Pol\u00edticos\" \/>\n\t<meta name=\"twitter:label2\" content=\"Tiempo de lectura\" \/>\n\t<meta name=\"twitter:data2\" content=\"4 minutos\" \/>\n<script type=\"application\/ld+json\" class=\"yoast-schema-graph\">{\"@context\":\"https:\\\/\\\/schema.org\",\"@graph\":[{\"@type\":\"Article\",\"@id\":\"https:\\\/\\\/lospoliticosveracruz.com\\\/?p=23114#article\",\"isPartOf\":{\"@id\":\"https:\\\/\\\/lospoliticosveracruz.com\\\/?p=23114\"},\"author\":{\"name\":\"Lo viste en Los Pol\u00edticos\",\"@id\":\"https:\\\/\\\/lospoliticosveracruz.com\\\/#\\\/schema\\\/person\\\/b8702bb0e538456e6efd07080bf2a4a2\"},\"headline\":\"Luto en la izquierda veracruzana\",\"datePublished\":\"2016-05-06T13:14:55+00:00\",\"mainEntityOfPage\":{\"@id\":\"https:\\\/\\\/lospoliticosveracruz.com\\\/?p=23114\"},\"wordCount\":870,\"commentCount\":0,\"publisher\":{\"@id\":\"https:\\\/\\\/lospoliticosveracruz.com\\\/#organization\"},\"image\":{\"@id\":\"https:\\\/\\\/lospoliticosveracruz.com\\\/?p=23114#primaryimage\"},\"thumbnailUrl\":\"http:\\\/\\\/www.lospoliticosveracruz.com.mx\\\/wp-content\\\/uploads\\\/2013\\\/11\\\/Fidel-Robles-Guadarrama-300x199.jpg\",\"keywords\":[\"Am\u00e9rico Z\u00fa\u00f1iga Mart\u00ednez\",\"Fidel Robles Guadarrama\",\"PRD\",\"PT\",\"Ucisv-Ver\"],\"articleSection\":[\"De Opini\u00f3n\"],\"inLanguage\":\"es\",\"potentialAction\":[{\"@type\":\"CommentAction\",\"name\":\"Comment\",\"target\":[\"https:\\\/\\\/lospoliticosveracruz.com\\\/?p=23114#respond\"]}]},{\"@type\":\"WebPage\",\"@id\":\"https:\\\/\\\/lospoliticosveracruz.com\\\/?p=23114\",\"url\":\"https:\\\/\\\/lospoliticosveracruz.com\\\/?p=23114\",\"name\":\"Luto en la izquierda veracruzana - Los pol\u00edticos Veracruz\",\"isPartOf\":{\"@id\":\"https:\\\/\\\/lospoliticosveracruz.com\\\/#website\"},\"primaryImageOfPage\":{\"@id\":\"https:\\\/\\\/lospoliticosveracruz.com\\\/?p=23114#primaryimage\"},\"image\":{\"@id\":\"https:\\\/\\\/lospoliticosveracruz.com\\\/?p=23114#primaryimage\"},\"thumbnailUrl\":\"http:\\\/\\\/www.lospoliticosveracruz.com.mx\\\/wp-content\\\/uploads\\\/2013\\\/11\\\/Fidel-Robles-Guadarrama-300x199.jpg\",\"datePublished\":\"2016-05-06T13:14:55+00:00\",\"breadcrumb\":{\"@id\":\"https:\\\/\\\/lospoliticosveracruz.com\\\/?p=23114#breadcrumb\"},\"inLanguage\":\"es\",\"potentialAction\":[{\"@type\":\"ReadAction\",\"target\":[\"https:\\\/\\\/lospoliticosveracruz.com\\\/?p=23114\"]}]},{\"@type\":\"ImageObject\",\"inLanguage\":\"es\",\"@id\":\"https:\\\/\\\/lospoliticosveracruz.com\\\/?p=23114#primaryimage\",\"url\":\"http:\\\/\\\/www.lospoliticosveracruz.com.mx\\\/wp-content\\\/uploads\\\/2013\\\/11\\\/Fidel-Robles-Guadarrama-300x199.jpg\",\"contentUrl\":\"http:\\\/\\\/www.lospoliticosveracruz.com.mx\\\/wp-content\\\/uploads\\\/2013\\\/11\\\/Fidel-Robles-Guadarrama-300x199.jpg\"},{\"@type\":\"BreadcrumbList\",\"@id\":\"https:\\\/\\\/lospoliticosveracruz.com\\\/?p=23114#breadcrumb\",\"itemListElement\":[{\"@type\":\"ListItem\",\"position\":1,\"name\":\"Portada\",\"item\":\"https:\\\/\\\/lospoliticosveracruz.com\\\/\"},{\"@type\":\"ListItem\",\"position\":2,\"name\":\"Luto en la izquierda veracruzana\"}]},{\"@type\":\"WebSite\",\"@id\":\"https:\\\/\\\/lospoliticosveracruz.com\\\/#website\",\"url\":\"https:\\\/\\\/lospoliticosveracruz.com\\\/\",\"name\":\"Los pol\u00edticos Veracruz\",\"description\":\"\",\"publisher\":{\"@id\":\"https:\\\/\\\/lospoliticosveracruz.com\\\/#organization\"},\"potentialAction\":[{\"@type\":\"SearchAction\",\"target\":{\"@type\":\"EntryPoint\",\"urlTemplate\":\"https:\\\/\\\/lospoliticosveracruz.com\\\/?s={search_term_string}\"},\"query-input\":{\"@type\":\"PropertyValueSpecification\",\"valueRequired\":true,\"valueName\":\"search_term_string\"}}],\"inLanguage\":\"es\"},{\"@type\":\"Organization\",\"@id\":\"https:\\\/\\\/lospoliticosveracruz.com\\\/#organization\",\"name\":\"Los pol\u00edticos Veracruz\",\"url\":\"https:\\\/\\\/lospoliticosveracruz.com\\\/\",\"logo\":{\"@type\":\"ImageObject\",\"inLanguage\":\"es\",\"@id\":\"https:\\\/\\\/lospoliticosveracruz.com\\\/#\\\/schema\\\/logo\\\/image\\\/\",\"url\":\"https:\\\/\\\/lospoliticosveracruz.com\\\/wp-content\\\/uploads\\\/2025\\\/12\\\/Logo-Nuevo-LOS-POLITICOS-1.jpg\",\"contentUrl\":\"https:\\\/\\\/lospoliticosveracruz.com\\\/wp-content\\\/uploads\\\/2025\\\/12\\\/Logo-Nuevo-LOS-POLITICOS-1.jpg\",\"width\":260,\"height\":70,\"caption\":\"Los pol\u00edticos Veracruz\"},\"image\":{\"@id\":\"https:\\\/\\\/lospoliticosveracruz.com\\\/#\\\/schema\\\/logo\\\/image\\\/\"},\"sameAs\":[\"https:\\\/\\\/www.facebook.com\\\/people\\\/Notimemes-de-los-Polticos\\\/61565672886568\\\/\",\"https:\\\/\\\/x.com\\\/LosPoliticosVer\"]},{\"@type\":\"Person\",\"@id\":\"https:\\\/\\\/lospoliticosveracruz.com\\\/#\\\/schema\\\/person\\\/b8702bb0e538456e6efd07080bf2a4a2\",\"name\":\"Lo viste en Los Pol\u00edticos\",\"image\":{\"@type\":\"ImageObject\",\"inLanguage\":\"es\",\"@id\":\"https:\\\/\\\/secure.gravatar.com\\\/avatar\\\/3a8de04a2656d44082be478bd6c086daa447c4651605818287b9532d3d0bd435?s=96&d=mm&r=g\",\"url\":\"https:\\\/\\\/secure.gravatar.com\\\/avatar\\\/3a8de04a2656d44082be478bd6c086daa447c4651605818287b9532d3d0bd435?s=96&d=mm&r=g\",\"contentUrl\":\"https:\\\/\\\/secure.gravatar.com\\\/avatar\\\/3a8de04a2656d44082be478bd6c086daa447c4651605818287b9532d3d0bd435?s=96&d=mm&r=g\",\"caption\":\"Lo viste en Los Pol\u00edticos\"},\"url\":\"https:\\\/\\\/lospoliticosveracruz.com\\\/?author=2\"}]}<\/script>\n<!-- \/ Yoast SEO plugin. -->","yoast_head_json":{"title":"Luto en la izquierda veracruzana - Los pol\u00edticos Veracruz","robots":{"index":"index","follow":"follow","max-snippet":"max-snippet:-1","max-image-preview":"max-image-preview:large","max-video-preview":"max-video-preview:-1"},"canonical":"https:\/\/lospoliticosveracruz.com\/?p=23114","og_locale":"es_ES","og_type":"article","og_title":"Luto en la izquierda veracruzana - Los pol\u00edticos Veracruz","og_description":"Luis Alberto Romero Hora Cero Desde muy joven, Fidel Robles Guadarrama siempre tuvo una inclinaci\u00f3n ideol\u00f3gica hacia la izquierda y generalmente adoptaba una actitud cr\u00edtica y combativa. En Fidel cab\u00edan muchos adjetivos; adem\u00e1s de cr\u00edtico era muchas veces radical, pero la incongruencia no estaba dentro de sus caracter\u00edsticas. Uno de los temas m\u00e1s frecuentes en [&hellip;]","og_url":"https:\/\/lospoliticosveracruz.com\/?p=23114","og_site_name":"Los pol\u00edticos Veracruz","article_publisher":"https:\/\/www.facebook.com\/people\/Notimemes-de-los-Polticos\/61565672886568\/","article_published_time":"2016-05-06T13:14:55+00:00","og_image":[{"url":"http:\/\/www.lospoliticosveracruz.com.mx\/wp-content\/uploads\/2013\/11\/Fidel-Robles-Guadarrama-300x199.jpg","type":"","width":"","height":""}],"author":"Lo viste en Los Pol\u00edticos","twitter_card":"summary_large_image","twitter_creator":"@LosPoliticosVer","twitter_site":"@LosPoliticosVer","twitter_misc":{"Escrito por":"Lo viste en Los Pol\u00edticos","Tiempo de lectura":"4 minutos"},"schema":{"@context":"https:\/\/schema.org","@graph":[{"@type":"Article","@id":"https:\/\/lospoliticosveracruz.com\/?p=23114#article","isPartOf":{"@id":"https:\/\/lospoliticosveracruz.com\/?p=23114"},"author":{"name":"Lo viste en Los Pol\u00edticos","@id":"https:\/\/lospoliticosveracruz.com\/#\/schema\/person\/b8702bb0e538456e6efd07080bf2a4a2"},"headline":"Luto en la izquierda veracruzana","datePublished":"2016-05-06T13:14:55+00:00","mainEntityOfPage":{"@id":"https:\/\/lospoliticosveracruz.com\/?p=23114"},"wordCount":870,"commentCount":0,"publisher":{"@id":"https:\/\/lospoliticosveracruz.com\/#organization"},"image":{"@id":"https:\/\/lospoliticosveracruz.com\/?p=23114#primaryimage"},"thumbnailUrl":"http:\/\/www.lospoliticosveracruz.com.mx\/wp-content\/uploads\/2013\/11\/Fidel-Robles-Guadarrama-300x199.jpg","keywords":["Am\u00e9rico Z\u00fa\u00f1iga Mart\u00ednez","Fidel Robles Guadarrama","PRD","PT","Ucisv-Ver"],"articleSection":["De Opini\u00f3n"],"inLanguage":"es","potentialAction":[{"@type":"CommentAction","name":"Comment","target":["https:\/\/lospoliticosveracruz.com\/?p=23114#respond"]}]},{"@type":"WebPage","@id":"https:\/\/lospoliticosveracruz.com\/?p=23114","url":"https:\/\/lospoliticosveracruz.com\/?p=23114","name":"Luto en la izquierda veracruzana - Los pol\u00edticos Veracruz","isPartOf":{"@id":"https:\/\/lospoliticosveracruz.com\/#website"},"primaryImageOfPage":{"@id":"https:\/\/lospoliticosveracruz.com\/?p=23114#primaryimage"},"image":{"@id":"https:\/\/lospoliticosveracruz.com\/?p=23114#primaryimage"},"thumbnailUrl":"http:\/\/www.lospoliticosveracruz.com.mx\/wp-content\/uploads\/2013\/11\/Fidel-Robles-Guadarrama-300x199.jpg","datePublished":"2016-05-06T13:14:55+00:00","breadcrumb":{"@id":"https:\/\/lospoliticosveracruz.com\/?p=23114#breadcrumb"},"inLanguage":"es","potentialAction":[{"@type":"ReadAction","target":["https:\/\/lospoliticosveracruz.com\/?p=23114"]}]},{"@type":"ImageObject","inLanguage":"es","@id":"https:\/\/lospoliticosveracruz.com\/?p=23114#primaryimage","url":"http:\/\/www.lospoliticosveracruz.com.mx\/wp-content\/uploads\/2013\/11\/Fidel-Robles-Guadarrama-300x199.jpg","contentUrl":"http:\/\/www.lospoliticosveracruz.com.mx\/wp-content\/uploads\/2013\/11\/Fidel-Robles-Guadarrama-300x199.jpg"},{"@type":"BreadcrumbList","@id":"https:\/\/lospoliticosveracruz.com\/?p=23114#breadcrumb","itemListElement":[{"@type":"ListItem","position":1,"name":"Portada","item":"https:\/\/lospoliticosveracruz.com\/"},{"@type":"ListItem","position":2,"name":"Luto en la izquierda veracruzana"}]},{"@type":"WebSite","@id":"https:\/\/lospoliticosveracruz.com\/#website","url":"https:\/\/lospoliticosveracruz.com\/","name":"Los pol\u00edticos Veracruz","description":"","publisher":{"@id":"https:\/\/lospoliticosveracruz.com\/#organization"},"potentialAction":[{"@type":"SearchAction","target":{"@type":"EntryPoint","urlTemplate":"https:\/\/lospoliticosveracruz.com\/?s={search_term_string}"},"query-input":{"@type":"PropertyValueSpecification","valueRequired":true,"valueName":"search_term_string"}}],"inLanguage":"es"},{"@type":"Organization","@id":"https:\/\/lospoliticosveracruz.com\/#organization","name":"Los pol\u00edticos Veracruz","url":"https:\/\/lospoliticosveracruz.com\/","logo":{"@type":"ImageObject","inLanguage":"es","@id":"https:\/\/lospoliticosveracruz.com\/#\/schema\/logo\/image\/","url":"https:\/\/lospoliticosveracruz.com\/wp-content\/uploads\/2025\/12\/Logo-Nuevo-LOS-POLITICOS-1.jpg","contentUrl":"https:\/\/lospoliticosveracruz.com\/wp-content\/uploads\/2025\/12\/Logo-Nuevo-LOS-POLITICOS-1.jpg","width":260,"height":70,"caption":"Los pol\u00edticos Veracruz"},"image":{"@id":"https:\/\/lospoliticosveracruz.com\/#\/schema\/logo\/image\/"},"sameAs":["https:\/\/www.facebook.com\/people\/Notimemes-de-los-Polticos\/61565672886568\/","https:\/\/x.com\/LosPoliticosVer"]},{"@type":"Person","@id":"https:\/\/lospoliticosveracruz.com\/#\/schema\/person\/b8702bb0e538456e6efd07080bf2a4a2","name":"Lo viste en Los Pol\u00edticos","image":{"@type":"ImageObject","inLanguage":"es","@id":"https:\/\/secure.gravatar.com\/avatar\/3a8de04a2656d44082be478bd6c086daa447c4651605818287b9532d3d0bd435?s=96&d=mm&r=g","url":"https:\/\/secure.gravatar.com\/avatar\/3a8de04a2656d44082be478bd6c086daa447c4651605818287b9532d3d0bd435?s=96&d=mm&r=g","contentUrl":"https:\/\/secure.gravatar.com\/avatar\/3a8de04a2656d44082be478bd6c086daa447c4651605818287b9532d3d0bd435?s=96&d=mm&r=g","caption":"Lo viste en Los Pol\u00edticos"},"url":"https:\/\/lospoliticosveracruz.com\/?author=2"}]}},"_links":{"self":[{"href":"https:\/\/lospoliticosveracruz.com\/index.php?rest_route=\/wp\/v2\/posts\/23114","targetHints":{"allow":["GET"]}}],"collection":[{"href":"https:\/\/lospoliticosveracruz.com\/index.php?rest_route=\/wp\/v2\/posts"}],"about":[{"href":"https:\/\/lospoliticosveracruz.com\/index.php?rest_route=\/wp\/v2\/types\/post"}],"author":[{"embeddable":true,"href":"https:\/\/lospoliticosveracruz.com\/index.php?rest_route=\/wp\/v2\/users\/2"}],"replies":[{"embeddable":true,"href":"https:\/\/lospoliticosveracruz.com\/index.php?rest_route=%2Fwp%2Fv2%2Fcomments&post=23114"}],"version-history":[{"count":1,"href":"https:\/\/lospoliticosveracruz.com\/index.php?rest_route=\/wp\/v2\/posts\/23114\/revisions"}],"predecessor-version":[{"id":23115,"href":"https:\/\/lospoliticosveracruz.com\/index.php?rest_route=\/wp\/v2\/posts\/23114\/revisions\/23115"}],"wp:attachment":[{"href":"https:\/\/lospoliticosveracruz.com\/index.php?rest_route=%2Fwp%2Fv2%2Fmedia&parent=23114"}],"wp:term":[{"taxonomy":"category","embeddable":true,"href":"https:\/\/lospoliticosveracruz.com\/index.php?rest_route=%2Fwp%2Fv2%2Fcategories&post=23114"},{"taxonomy":"post_tag","embeddable":true,"href":"https:\/\/lospoliticosveracruz.com\/index.php?rest_route=%2Fwp%2Fv2%2Ftags&post=23114"}],"curies":[{"name":"wp","href":"https:\/\/api.w.org\/{rel}","templated":true}]}}