{"id":23279,"date":"2016-05-15T19:18:11","date_gmt":"2016-05-16T00:18:11","guid":{"rendered":"http:\/\/www.lospoliticosveracruz.com.mx\/?p=23279"},"modified":"2016-05-15T19:18:11","modified_gmt":"2016-05-16T00:18:11","slug":"no-tengo-varita-magica-tengo-palabra-araceli","status":"publish","type":"post","link":"https:\/\/lospoliticosveracruz.com\/?p=23279","title":{"rendered":"No tengo varita m\u00e1gica, tengo palabra: Araceli"},"content":{"rendered":"<p>&nbsp;<\/p>\n<p><a href=\"http:\/\/www.lospoliticosveracruz.com.mx\/wp-content\/uploads\/2016\/05\/Araceli-Baizabal5.jpg\"><img loading=\"lazy\" decoding=\"async\" class=\"alignnone size-medium wp-image-23280\" src=\"http:\/\/www.lospoliticosveracruz.com.mx\/wp-content\/uploads\/2016\/05\/Araceli-Baizabal5-300x206.jpg\" alt=\"Araceli Baizabal\" width=\"300\" height=\"206\" \/><\/a><\/p>\n<p>La estructura electoral expres\u00f3 su respaldo a Araceli Baizabal y los representantes seccionales de la colonia Astilleros se comprometieron a convencer a sus vecinos con propuestas de la candidata a diputada por la coalici\u00f3n Para Mejorar Veracruz, para que salgan a votar y triunfe el pr\u00f3ximo 5 de junio. \u201c\u00a1Vamos a ganar porque usted es la mejor opci\u00f3n de las mujeres y los ciudadanos del puerto!\u201d, le expresaron.<\/p>\n<p>Baizabal camin\u00f3 calles de esa colonia y logr\u00f3 que muchas personas se pusieran su camiseta, como don Ignacio Borbonio, Gerardo Hern\u00e1ndez, Carlos Contreras, la se\u00f1ora Josefina, do\u00f1a Reyna, los hermanos Concepci\u00f3n y Lucio Reyes Hern\u00e1ndez, entre much\u00edsimos m\u00e1s.<\/p>\n<p>Len una forma diferente de hacer campa\u00f1a, la candidata decidi\u00f3 pagar boleto y subirse a los camiones del servicio de transporte urbano a saludar a los usuarios, y dio la mano y pidi\u00f3 el respaldo a pasajeros de taxis, lo mismo que a personas que viajaban en sus veh\u00edculos y que iba encontr\u00e1ndose a su paso en el recorrido.<\/p>\n<p>Sus palabras de compromiso de que va a trabajar por los habitantes del puerto y su condici\u00f3n de ser una ciudadana como ellos y no una mujer que antes haya estado en la pol\u00edtica, ha permeado en una completa aceptaci\u00f3n popular hacia la abanderada de la coalici\u00f3n Para Mejorar Veracruz.<\/p>\n<p>Al t\u00e9rmino del recorrido, platic\u00f3 con la estructura de la colonia Astilleros, ante quienes destac\u00f3 la importancia de su trabajo como promotores de ella, sus ojos y o\u00eddos para plantear necesidades. Les pidi\u00f3 su empe\u00f1o y hablar con la verdad al buscar el voto.<\/p>\n<p>Recalc\u00f3 que no hay que llevar a la gente a votar a la fuerza, sino convencer a las personas y explicarles por qu\u00e9 ella es la mejor opci\u00f3n para legislar. \u201cYo no tengo una varita m\u00e1gica, no les estoy prometiendo lo que no puedo cumplir, les estoy dando mi palabra de mujer, la que he dado durante muchos a\u00f1os, y es de compromiso y trabajo. Conf\u00eden en m\u00ed, porque yo no les voy a fallar\u201d, recalc\u00f3 ante decenas de simpatizantes que se le sumaron en el recorrido.<\/p>\n<p>Destac\u00f3 que es el momento de las mujeres, que son muy trabajadoras, entusiastas, y merecen ser valoradas por lo que son; es por eso que refrend\u00f3 el compromiso de trabajar por ellas como prioridad a su llegada al Congreso, incluyendo a ni\u00f1os, hombres y adultos mayores, que forman parte de la sociedad.<\/p>\n<p>Araceli les dijo que conf\u00eda plenamente en el trabajo de activismo que realizan, aunque les pidi\u00f3 un esfuerzo mayor en la recta final de la campa\u00f1a; \u201cvamos a hacer las cosas bien, de manera comprometida. Demostremos nuestra fortaleza. Que vean que nosotros estamos bien unidos\u201d, sentenci\u00f3.<\/p>\n<p>Por la tarde, la candidata a la diputaci\u00f3n local por el distrito XIV de la coalici\u00f3n \u201cPara Mejorar Veracruz\u201d acudi\u00f3 reuniones privadas, asisti\u00f3 como invitada a una reun\u00ed;on de la Confederaci\u00f3n Aut\u00e9ntica de Trabajadores (CAT) que encabez\u00f3 el candidato a Gobernador, H\u00e9ctor Yunes Landa, y culmin\u00f3 su d\u00eda con sus asistencia al Foro de Ecolog\u00eda y Medio Ambiente que se llev\u00f3 a cabo en el hotel Emporio.<\/p>\n","protected":false},"excerpt":{"rendered":"<p>&nbsp; La estructura electoral expres\u00f3 su respaldo a Araceli Baizabal y los representantes seccionales de la colonia Astilleros se comprometieron a convencer a sus vecinos con propuestas de la candidata a diputada por la coalici\u00f3n Para Mejorar Veracruz, para que salgan a votar y triunfe el pr\u00f3ximo 5 de junio. \u201c\u00a1Vamos a ganar porque usted [&hellip;]<\/p>\n","protected":false},"author":2,"featured_media":0,"comment_status":"open","ping_status":"open","sticky":false,"template":"","format":"standard","meta":{"tdm_status":"","tdm_grid_status":"","footnotes":""},"categories":[73],"tags":[],"class_list":{"0":"post-23279","1":"post","2":"type-post","3":"status-publish","4":"format-standard","6":"category-de-boleto"},"yoast_head":"<!-- This site is optimized with the Yoast SEO plugin v27.4 - https:\/\/yoast.com\/product\/yoast-seo-wordpress\/ -->\n<title>No tengo varita m\u00e1gica, tengo palabra: Araceli - Los pol\u00edticos Veracruz<\/title>\n<meta name=\"robots\" content=\"index, follow, max-snippet:-1, max-image-preview:large, max-video-preview:-1\" \/>\n<link rel=\"canonical\" href=\"https:\/\/lospoliticosveracruz.com\/?p=23279\" \/>\n<meta property=\"og:locale\" content=\"es_ES\" \/>\n<meta property=\"og:type\" content=\"article\" \/>\n<meta property=\"og:title\" content=\"No tengo varita m\u00e1gica, tengo palabra: Araceli - Los pol\u00edticos Veracruz\" \/>\n<meta property=\"og:description\" content=\"&nbsp; La estructura electoral expres\u00f3 su respaldo a Araceli Baizabal y los representantes seccionales de la colonia Astilleros se comprometieron a convencer a sus vecinos con propuestas de la candidata a diputada por la coalici\u00f3n Para Mejorar Veracruz, para que salgan a votar y triunfe el pr\u00f3ximo 5 de junio. \u201c\u00a1Vamos a ganar porque usted [&hellip;]\" \/>\n<meta property=\"og:url\" content=\"https:\/\/lospoliticosveracruz.com\/?p=23279\" \/>\n<meta property=\"og:site_name\" content=\"Los pol\u00edticos Veracruz\" \/>\n<meta property=\"article:publisher\" content=\"https:\/\/www.facebook.com\/people\/Notimemes-de-los-Polticos\/61565672886568\/\" \/>\n<meta property=\"article:published_time\" content=\"2016-05-16T00:18:11+00:00\" \/>\n<meta property=\"og:image\" content=\"http:\/\/www.lospoliticosveracruz.com.mx\/wp-content\/uploads\/2016\/05\/Araceli-Baizabal5-300x206.jpg\" \/>\n<meta name=\"author\" content=\"Lo viste en Los Pol\u00edticos\" \/>\n<meta name=\"twitter:card\" content=\"summary_large_image\" \/>\n<meta name=\"twitter:creator\" content=\"@LosPoliticosVer\" \/>\n<meta name=\"twitter:site\" content=\"@LosPoliticosVer\" \/>\n<meta name=\"twitter:label1\" content=\"Escrito por\" \/>\n\t<meta name=\"twitter:data1\" content=\"Lo viste en Los Pol\u00edticos\" \/>\n\t<meta name=\"twitter:label2\" content=\"Tiempo de lectura\" \/>\n\t<meta name=\"twitter:data2\" content=\"3 minutos\" \/>\n<script type=\"application\/ld+json\" class=\"yoast-schema-graph\">{\"@context\":\"https:\\\/\\\/schema.org\",\"@graph\":[{\"@type\":\"Article\",\"@id\":\"https:\\\/\\\/lospoliticosveracruz.com\\\/?p=23279#article\",\"isPartOf\":{\"@id\":\"https:\\\/\\\/lospoliticosveracruz.com\\\/?p=23279\"},\"author\":{\"name\":\"Lo viste en Los Pol\u00edticos\",\"@id\":\"https:\\\/\\\/lospoliticosveracruz.com\\\/#\\\/schema\\\/person\\\/b8702bb0e538456e6efd07080bf2a4a2\"},\"headline\":\"No tengo varita m\u00e1gica, tengo palabra: Araceli\",\"datePublished\":\"2016-05-16T00:18:11+00:00\",\"mainEntityOfPage\":{\"@id\":\"https:\\\/\\\/lospoliticosveracruz.com\\\/?p=23279\"},\"wordCount\":554,\"commentCount\":0,\"publisher\":{\"@id\":\"https:\\\/\\\/lospoliticosveracruz.com\\\/#organization\"},\"image\":{\"@id\":\"https:\\\/\\\/lospoliticosveracruz.com\\\/?p=23279#primaryimage\"},\"thumbnailUrl\":\"http:\\\/\\\/www.lospoliticosveracruz.com.mx\\\/wp-content\\\/uploads\\\/2016\\\/05\\\/Araceli-Baizabal5-300x206.jpg\",\"articleSection\":[\"De Boleto\"],\"inLanguage\":\"es\",\"potentialAction\":[{\"@type\":\"CommentAction\",\"name\":\"Comment\",\"target\":[\"https:\\\/\\\/lospoliticosveracruz.com\\\/?p=23279#respond\"]}]},{\"@type\":\"WebPage\",\"@id\":\"https:\\\/\\\/lospoliticosveracruz.com\\\/?p=23279\",\"url\":\"https:\\\/\\\/lospoliticosveracruz.com\\\/?p=23279\",\"name\":\"No tengo varita m\u00e1gica, tengo palabra: Araceli - Los pol\u00edticos Veracruz\",\"isPartOf\":{\"@id\":\"https:\\\/\\\/lospoliticosveracruz.com\\\/#website\"},\"primaryImageOfPage\":{\"@id\":\"https:\\\/\\\/lospoliticosveracruz.com\\\/?p=23279#primaryimage\"},\"image\":{\"@id\":\"https:\\\/\\\/lospoliticosveracruz.com\\\/?p=23279#primaryimage\"},\"thumbnailUrl\":\"http:\\\/\\\/www.lospoliticosveracruz.com.mx\\\/wp-content\\\/uploads\\\/2016\\\/05\\\/Araceli-Baizabal5-300x206.jpg\",\"datePublished\":\"2016-05-16T00:18:11+00:00\",\"breadcrumb\":{\"@id\":\"https:\\\/\\\/lospoliticosveracruz.com\\\/?p=23279#breadcrumb\"},\"inLanguage\":\"es\",\"potentialAction\":[{\"@type\":\"ReadAction\",\"target\":[\"https:\\\/\\\/lospoliticosveracruz.com\\\/?p=23279\"]}]},{\"@type\":\"ImageObject\",\"inLanguage\":\"es\",\"@id\":\"https:\\\/\\\/lospoliticosveracruz.com\\\/?p=23279#primaryimage\",\"url\":\"http:\\\/\\\/www.lospoliticosveracruz.com.mx\\\/wp-content\\\/uploads\\\/2016\\\/05\\\/Araceli-Baizabal5-300x206.jpg\",\"contentUrl\":\"http:\\\/\\\/www.lospoliticosveracruz.com.mx\\\/wp-content\\\/uploads\\\/2016\\\/05\\\/Araceli-Baizabal5-300x206.jpg\"},{\"@type\":\"BreadcrumbList\",\"@id\":\"https:\\\/\\\/lospoliticosveracruz.com\\\/?p=23279#breadcrumb\",\"itemListElement\":[{\"@type\":\"ListItem\",\"position\":1,\"name\":\"Portada\",\"item\":\"https:\\\/\\\/lospoliticosveracruz.com\\\/\"},{\"@type\":\"ListItem\",\"position\":2,\"name\":\"No tengo varita m\u00e1gica, tengo palabra: Araceli\"}]},{\"@type\":\"WebSite\",\"@id\":\"https:\\\/\\\/lospoliticosveracruz.com\\\/#website\",\"url\":\"https:\\\/\\\/lospoliticosveracruz.com\\\/\",\"name\":\"Los pol\u00edticos Veracruz\",\"description\":\"\",\"publisher\":{\"@id\":\"https:\\\/\\\/lospoliticosveracruz.com\\\/#organization\"},\"potentialAction\":[{\"@type\":\"SearchAction\",\"target\":{\"@type\":\"EntryPoint\",\"urlTemplate\":\"https:\\\/\\\/lospoliticosveracruz.com\\\/?s={search_term_string}\"},\"query-input\":{\"@type\":\"PropertyValueSpecification\",\"valueRequired\":true,\"valueName\":\"search_term_string\"}}],\"inLanguage\":\"es\"},{\"@type\":\"Organization\",\"@id\":\"https:\\\/\\\/lospoliticosveracruz.com\\\/#organization\",\"name\":\"Los pol\u00edticos Veracruz\",\"url\":\"https:\\\/\\\/lospoliticosveracruz.com\\\/\",\"logo\":{\"@type\":\"ImageObject\",\"inLanguage\":\"es\",\"@id\":\"https:\\\/\\\/lospoliticosveracruz.com\\\/#\\\/schema\\\/logo\\\/image\\\/\",\"url\":\"https:\\\/\\\/lospoliticosveracruz.com\\\/wp-content\\\/uploads\\\/2025\\\/12\\\/Logo-Nuevo-LOS-POLITICOS-1.jpg\",\"contentUrl\":\"https:\\\/\\\/lospoliticosveracruz.com\\\/wp-content\\\/uploads\\\/2025\\\/12\\\/Logo-Nuevo-LOS-POLITICOS-1.jpg\",\"width\":260,\"height\":70,\"caption\":\"Los pol\u00edticos Veracruz\"},\"image\":{\"@id\":\"https:\\\/\\\/lospoliticosveracruz.com\\\/#\\\/schema\\\/logo\\\/image\\\/\"},\"sameAs\":[\"https:\\\/\\\/www.facebook.com\\\/people\\\/Notimemes-de-los-Polticos\\\/61565672886568\\\/\",\"https:\\\/\\\/x.com\\\/LosPoliticosVer\"]},{\"@type\":\"Person\",\"@id\":\"https:\\\/\\\/lospoliticosveracruz.com\\\/#\\\/schema\\\/person\\\/b8702bb0e538456e6efd07080bf2a4a2\",\"name\":\"Lo viste en Los Pol\u00edticos\",\"image\":{\"@type\":\"ImageObject\",\"inLanguage\":\"es\",\"@id\":\"https:\\\/\\\/secure.gravatar.com\\\/avatar\\\/3a8de04a2656d44082be478bd6c086daa447c4651605818287b9532d3d0bd435?s=96&d=mm&r=g\",\"url\":\"https:\\\/\\\/secure.gravatar.com\\\/avatar\\\/3a8de04a2656d44082be478bd6c086daa447c4651605818287b9532d3d0bd435?s=96&d=mm&r=g\",\"contentUrl\":\"https:\\\/\\\/secure.gravatar.com\\\/avatar\\\/3a8de04a2656d44082be478bd6c086daa447c4651605818287b9532d3d0bd435?s=96&d=mm&r=g\",\"caption\":\"Lo viste en Los Pol\u00edticos\"},\"url\":\"https:\\\/\\\/lospoliticosveracruz.com\\\/?author=2\"}]}<\/script>\n<!-- \/ Yoast SEO plugin. -->","yoast_head_json":{"title":"No tengo varita m\u00e1gica, tengo palabra: Araceli - Los pol\u00edticos Veracruz","robots":{"index":"index","follow":"follow","max-snippet":"max-snippet:-1","max-image-preview":"max-image-preview:large","max-video-preview":"max-video-preview:-1"},"canonical":"https:\/\/lospoliticosveracruz.com\/?p=23279","og_locale":"es_ES","og_type":"article","og_title":"No tengo varita m\u00e1gica, tengo palabra: Araceli - Los pol\u00edticos Veracruz","og_description":"&nbsp; La estructura electoral expres\u00f3 su respaldo a Araceli Baizabal y los representantes seccionales de la colonia Astilleros se comprometieron a convencer a sus vecinos con propuestas de la candidata a diputada por la coalici\u00f3n Para Mejorar Veracruz, para que salgan a votar y triunfe el pr\u00f3ximo 5 de junio. \u201c\u00a1Vamos a ganar porque usted [&hellip;]","og_url":"https:\/\/lospoliticosveracruz.com\/?p=23279","og_site_name":"Los pol\u00edticos Veracruz","article_publisher":"https:\/\/www.facebook.com\/people\/Notimemes-de-los-Polticos\/61565672886568\/","article_published_time":"2016-05-16T00:18:11+00:00","og_image":[{"url":"http:\/\/www.lospoliticosveracruz.com.mx\/wp-content\/uploads\/2016\/05\/Araceli-Baizabal5-300x206.jpg","type":"","width":"","height":""}],"author":"Lo viste en Los Pol\u00edticos","twitter_card":"summary_large_image","twitter_creator":"@LosPoliticosVer","twitter_site":"@LosPoliticosVer","twitter_misc":{"Escrito por":"Lo viste en Los Pol\u00edticos","Tiempo de lectura":"3 minutos"},"schema":{"@context":"https:\/\/schema.org","@graph":[{"@type":"Article","@id":"https:\/\/lospoliticosveracruz.com\/?p=23279#article","isPartOf":{"@id":"https:\/\/lospoliticosveracruz.com\/?p=23279"},"author":{"name":"Lo viste en Los Pol\u00edticos","@id":"https:\/\/lospoliticosveracruz.com\/#\/schema\/person\/b8702bb0e538456e6efd07080bf2a4a2"},"headline":"No tengo varita m\u00e1gica, tengo palabra: Araceli","datePublished":"2016-05-16T00:18:11+00:00","mainEntityOfPage":{"@id":"https:\/\/lospoliticosveracruz.com\/?p=23279"},"wordCount":554,"commentCount":0,"publisher":{"@id":"https:\/\/lospoliticosveracruz.com\/#organization"},"image":{"@id":"https:\/\/lospoliticosveracruz.com\/?p=23279#primaryimage"},"thumbnailUrl":"http:\/\/www.lospoliticosveracruz.com.mx\/wp-content\/uploads\/2016\/05\/Araceli-Baizabal5-300x206.jpg","articleSection":["De Boleto"],"inLanguage":"es","potentialAction":[{"@type":"CommentAction","name":"Comment","target":["https:\/\/lospoliticosveracruz.com\/?p=23279#respond"]}]},{"@type":"WebPage","@id":"https:\/\/lospoliticosveracruz.com\/?p=23279","url":"https:\/\/lospoliticosveracruz.com\/?p=23279","name":"No tengo varita m\u00e1gica, tengo palabra: Araceli - Los pol\u00edticos Veracruz","isPartOf":{"@id":"https:\/\/lospoliticosveracruz.com\/#website"},"primaryImageOfPage":{"@id":"https:\/\/lospoliticosveracruz.com\/?p=23279#primaryimage"},"image":{"@id":"https:\/\/lospoliticosveracruz.com\/?p=23279#primaryimage"},"thumbnailUrl":"http:\/\/www.lospoliticosveracruz.com.mx\/wp-content\/uploads\/2016\/05\/Araceli-Baizabal5-300x206.jpg","datePublished":"2016-05-16T00:18:11+00:00","breadcrumb":{"@id":"https:\/\/lospoliticosveracruz.com\/?p=23279#breadcrumb"},"inLanguage":"es","potentialAction":[{"@type":"ReadAction","target":["https:\/\/lospoliticosveracruz.com\/?p=23279"]}]},{"@type":"ImageObject","inLanguage":"es","@id":"https:\/\/lospoliticosveracruz.com\/?p=23279#primaryimage","url":"http:\/\/www.lospoliticosveracruz.com.mx\/wp-content\/uploads\/2016\/05\/Araceli-Baizabal5-300x206.jpg","contentUrl":"http:\/\/www.lospoliticosveracruz.com.mx\/wp-content\/uploads\/2016\/05\/Araceli-Baizabal5-300x206.jpg"},{"@type":"BreadcrumbList","@id":"https:\/\/lospoliticosveracruz.com\/?p=23279#breadcrumb","itemListElement":[{"@type":"ListItem","position":1,"name":"Portada","item":"https:\/\/lospoliticosveracruz.com\/"},{"@type":"ListItem","position":2,"name":"No tengo varita m\u00e1gica, tengo palabra: Araceli"}]},{"@type":"WebSite","@id":"https:\/\/lospoliticosveracruz.com\/#website","url":"https:\/\/lospoliticosveracruz.com\/","name":"Los pol\u00edticos Veracruz","description":"","publisher":{"@id":"https:\/\/lospoliticosveracruz.com\/#organization"},"potentialAction":[{"@type":"SearchAction","target":{"@type":"EntryPoint","urlTemplate":"https:\/\/lospoliticosveracruz.com\/?s={search_term_string}"},"query-input":{"@type":"PropertyValueSpecification","valueRequired":true,"valueName":"search_term_string"}}],"inLanguage":"es"},{"@type":"Organization","@id":"https:\/\/lospoliticosveracruz.com\/#organization","name":"Los pol\u00edticos Veracruz","url":"https:\/\/lospoliticosveracruz.com\/","logo":{"@type":"ImageObject","inLanguage":"es","@id":"https:\/\/lospoliticosveracruz.com\/#\/schema\/logo\/image\/","url":"https:\/\/lospoliticosveracruz.com\/wp-content\/uploads\/2025\/12\/Logo-Nuevo-LOS-POLITICOS-1.jpg","contentUrl":"https:\/\/lospoliticosveracruz.com\/wp-content\/uploads\/2025\/12\/Logo-Nuevo-LOS-POLITICOS-1.jpg","width":260,"height":70,"caption":"Los pol\u00edticos Veracruz"},"image":{"@id":"https:\/\/lospoliticosveracruz.com\/#\/schema\/logo\/image\/"},"sameAs":["https:\/\/www.facebook.com\/people\/Notimemes-de-los-Polticos\/61565672886568\/","https:\/\/x.com\/LosPoliticosVer"]},{"@type":"Person","@id":"https:\/\/lospoliticosveracruz.com\/#\/schema\/person\/b8702bb0e538456e6efd07080bf2a4a2","name":"Lo viste en Los Pol\u00edticos","image":{"@type":"ImageObject","inLanguage":"es","@id":"https:\/\/secure.gravatar.com\/avatar\/3a8de04a2656d44082be478bd6c086daa447c4651605818287b9532d3d0bd435?s=96&d=mm&r=g","url":"https:\/\/secure.gravatar.com\/avatar\/3a8de04a2656d44082be478bd6c086daa447c4651605818287b9532d3d0bd435?s=96&d=mm&r=g","contentUrl":"https:\/\/secure.gravatar.com\/avatar\/3a8de04a2656d44082be478bd6c086daa447c4651605818287b9532d3d0bd435?s=96&d=mm&r=g","caption":"Lo viste en Los Pol\u00edticos"},"url":"https:\/\/lospoliticosveracruz.com\/?author=2"}]}},"_links":{"self":[{"href":"https:\/\/lospoliticosveracruz.com\/index.php?rest_route=\/wp\/v2\/posts\/23279","targetHints":{"allow":["GET"]}}],"collection":[{"href":"https:\/\/lospoliticosveracruz.com\/index.php?rest_route=\/wp\/v2\/posts"}],"about":[{"href":"https:\/\/lospoliticosveracruz.com\/index.php?rest_route=\/wp\/v2\/types\/post"}],"author":[{"embeddable":true,"href":"https:\/\/lospoliticosveracruz.com\/index.php?rest_route=\/wp\/v2\/users\/2"}],"replies":[{"embeddable":true,"href":"https:\/\/lospoliticosveracruz.com\/index.php?rest_route=%2Fwp%2Fv2%2Fcomments&post=23279"}],"version-history":[{"count":1,"href":"https:\/\/lospoliticosveracruz.com\/index.php?rest_route=\/wp\/v2\/posts\/23279\/revisions"}],"predecessor-version":[{"id":23281,"href":"https:\/\/lospoliticosveracruz.com\/index.php?rest_route=\/wp\/v2\/posts\/23279\/revisions\/23281"}],"wp:attachment":[{"href":"https:\/\/lospoliticosveracruz.com\/index.php?rest_route=%2Fwp%2Fv2%2Fmedia&parent=23279"}],"wp:term":[{"taxonomy":"category","embeddable":true,"href":"https:\/\/lospoliticosveracruz.com\/index.php?rest_route=%2Fwp%2Fv2%2Fcategories&post=23279"},{"taxonomy":"post_tag","embeddable":true,"href":"https:\/\/lospoliticosveracruz.com\/index.php?rest_route=%2Fwp%2Fv2%2Ftags&post=23279"}],"curies":[{"name":"wp","href":"https:\/\/api.w.org\/{rel}","templated":true}]}}