{"id":23328,"date":"2016-05-18T22:37:31","date_gmt":"2016-05-19T03:37:31","guid":{"rendered":"http:\/\/www.lospoliticosveracruz.com.mx\/?p=23328"},"modified":"2016-05-18T22:37:31","modified_gmt":"2016-05-19T03:37:31","slug":"viejas-encuestas-nuevas-tendencias","status":"publish","type":"post","link":"https:\/\/lospoliticosveracruz.com\/?p=23328","title":{"rendered":"Viejas encuestas, nuevas tendencias"},"content":{"rendered":"<p><a href=\"http:\/\/www.lospoliticosveracruz.com.mx\/wp-content\/uploads\/2016\/05\/Encuesta.jpg\"><img loading=\"lazy\" decoding=\"async\" class=\"alignnone size-medium wp-image-23329\" src=\"http:\/\/www.lospoliticosveracruz.com.mx\/wp-content\/uploads\/2016\/05\/Encuesta-300x170.jpg\" alt=\"Encuesta\" width=\"300\" height=\"170\" \/><\/a><\/p>\n<p><strong>Luis Alberto Romero<\/strong><\/p>\n<p><em>Hora Cero<\/em><\/p>\n<p>A trav\u00e9s de redes sociales y de mensajes de texto a tel\u00e9fonos celulares, se difunde una encuesta realizada por un medio de circulaci\u00f3n nacional, especializado en econom\u00eda y finanzas, en torno a la elecci\u00f3n para gobernador de Veracruz.<\/p>\n<p>El medio establece una muy c\u00f3moda ventaja para el candidato de la coalici\u00f3n \u201cPara Rescatar Veracruz\u201d, Miguel \u00c1ngel Yunes Linares, a quien se ubica con 43 puntos en las preferencias, porcentaje efectivo.<\/p>\n<p>De acuerdo con dicho estudio, muy rezagado se encontrar\u00edan los candidatos de la alianza \u201cPara Mejorar Veracruz\u201d, H\u00e9ctor Yunes Landa, y del Movimiento de Regeneraci\u00f3n Nacional, Morena; el primero aparece 35 puntos, mientras el segundo apenas llega al 16 por ciento.<\/p>\n<p>El resto de los contendientes apenas aparecen: el aspirante independiente, Juan Bueno Torio, tiene 3 por ciento; en tanto que los candidatos de los partidos del Trabajo, Movimiento Ciudadano y Encuentro Social, Alba Leonila M\u00e9ndez Herrera, Armando M\u00e9ndez de la Luz y V\u00edctor Alejandro V\u00e1zquez Cuevas, se ubican en un punto porcentual.<\/p>\n<p>Dice el mensaje que esos n\u00fameros no consideran al 35 por ciento de los ciudadanos que no revelaron sus preferencias y al dos por ciento que opta por la anulaci\u00f3n del voto.<\/p>\n<p>Ante la pregunta \u00bfpor qui\u00e9n votar\u00eda usted? Si hoy fueran las elecciones para gobernador, 46 por ciento de los encestados respondi\u00f3 que por el candidato de la alianza PAN-PRD, quien le sacar\u00eda al abanderado de PRI, Verde, Panal, Ave y Cardenista una ventaja de 12 puntos, pues H\u00e9ctor Yunes Landa registra 34 por ciento. Cuitl\u00e1huac Garc\u00eda Jim\u00e9nez se ubica en 15, en tanto que Juan Bueno Torio no pasa del 3 por ciento.<\/p>\n<p>Los resultados de esa encuesta, nos dicen, son reales. Reales y ver\u00eddicos, muy probablemente s\u00ed; actuales, no.<\/p>\n<p>La nota metodol\u00f3gica de la encuesta apunta que los mil 20 cuestionarios fueron levantados, casa por casa, del 30 de marzo al 4 de abril, en 85 puntos de la entidad \u201cseleccionados probabil\u00edsticamente\u201d. La confiabilidad de dicho trabajo es de 95 por ciento; el margen de error se establece en +\/- 3.1 por ciento; y la tasa de rechazo a las entrevistas fue de 23 por ciento.<\/p>\n<p>Esa encuesta, sin embargo, fue levantada tres d\u00edas antes de que reventara el esc\u00e1ndalo conocido como Panama Papers (los papeles de Panam\u00e1), que involucr\u00f3 al entorno m\u00e1s cercano del candidato panista en un presunto caso de inversiones en para\u00edsos fiscales, asunto que fue difundido por cientos de medios informativos.<\/p>\n<p>Los cuestionarios fueron aplicados 15 d\u00edas antes de la filtraci\u00f3n de una conversaci\u00f3n telef\u00f3nica que exhib\u00eda la supuesta compra de un departamento en Nueva York por un monto cercano a 58 millones de d\u00f3lares. Tambi\u00e9n fue levantada, la encuesta, mucho antes de que se intensificaran los ataques medi\u00e1ticos que vinculan a Yunes Linares con un presunto caso de corrupci\u00f3n de menores y pederastia.<\/p>\n<p>En pocas palabras, ese estudio, que intenta medir la opini\u00f3n p\u00fablica en Veracruz, fue realizado hace un mes y medio.<\/p>\n<p><strong>Morena, beneficiario de los golpes al panista<\/strong><\/p>\n<p>Luego de 45 d\u00edas de permanente metralla contra Yunes Linares, lo m\u00e1s probable es que el escenario pol\u00edtico estatal haya cambiado de manera significativa; de hecho, al menos 4 encuestas m\u00e1s recientes, que se consideran serias, registran lo que podr\u00eda considerarse como un empate t\u00e9cnico en la punta, entre Yunes Linares y Yunes Landa, con una fuerte presi\u00f3n del abanderado de Morena, partido que se ha convertido en el principal beneficiario de las acusaciones contra el panista.<\/p>\n<p>Por otro lado, por la naturaleza de los mensajes de texto que han sido enviados a tel\u00e9fonos celulares, es claro que la difusi\u00f3n de la encuesta mencionada es parte de la estrategia de propaganda del PAN y su candidato.<\/p>\n<p>La duda que salta es \u00bfpor qu\u00e9 utilizar una encuesta vieja, de hace un mes y medio, con fines propagand\u00edsticos?; \u00bfno que manten\u00edan la ventaja?<\/p>\n<p><strong>Los candidatos m\u00e1s mencionados en Twitter<\/strong><\/p>\n<p>Un peri\u00f3dico de circulaci\u00f3n nacional da seguimiento a la actividad que registran, en la red social Twitter, los candidatos a las gubernaturas que est\u00e1n en juego en nuestro pa\u00eds.<\/p>\n<p>El ex alcalde de la capital poblana Jos\u00e9 Antonio Gali, candidato de PAN, PT y Nueva Alianza, se ubica como el aspirante a un gobierno estatal que tiene m\u00e1s menciones en dicha red social, con 141 mil 891.<\/p>\n<p>En segundo lugar se encuentra el abanderado del PRI al gobierno de Hidalgo, Omar Fayad, con 107 mil 995 menciones; en el tercer puesto aparece Blanca Alcal\u00e1, aspirante del PRI al gobierno de Puebla, con 76 mil 122.<\/p>\n<p>En cuanto a los candidatos al gobierno de Veracruz, en la lista est\u00e1 en la primera posici\u00f3n el priista H\u00e9ctor Yunes, con 31 mil 477 menciones en Twitter; en segundo va el panista Miguel \u00c1ngel Yunes, con 27 mil 988; en tercero, Cuitl\u00e1huac Garc\u00eda, de Morena, con 10 mil. Juan Bueno tiene poco m\u00e1s de dos mil, mientras que los dem\u00e1s candidatos no registran mayor presencia.<\/p>\n<p>El ejercicio citado no mide preferencias ni opiniones favorables o adversas, \u00fanicamente menciones en Twitter. Sin embargo, no deja de llamar la atenci\u00f3n que los contendientes del PRI y PAN al gobierno de Veracruz se ubiquen, en el ranking nacional de los aspirantes a los gobiernos estatales, en los lugares 7 y 8, respectivamente, en un nivel muy inferior al que registran los primeros seis. @luisromero85<\/p>\n","protected":false},"excerpt":{"rendered":"<p>Luis Alberto Romero Hora Cero A trav\u00e9s de redes sociales y de mensajes de texto a tel\u00e9fonos celulares, se difunde una encuesta realizada por un medio de circulaci\u00f3n nacional, especializado en econom\u00eda y finanzas, en torno a la elecci\u00f3n para gobernador de Veracruz. El medio establece una muy c\u00f3moda ventaja para el candidato de la [&hellip;]<\/p>\n","protected":false},"author":2,"featured_media":0,"comment_status":"open","ping_status":"open","sticky":false,"template":"","format":"standard","meta":{"tdm_status":"","tdm_grid_status":"","footnotes":""},"categories":[70],"tags":[1563,4500,348,428,1026,195],"class_list":{"0":"post-23328","1":"post","2":"type-post","3":"status-publish","4":"format-standard","6":"category-de-opinion","7":"tag-cuitlahuac-garcia-jimenez","8":"tag-encuesta","9":"tag-hector-yunes-landa","10":"tag-miguel-angel-yunes-linares","11":"tag-morena","12":"tag-veracruz"},"yoast_head":"<!-- This site is optimized with the Yoast SEO plugin v27.4 - https:\/\/yoast.com\/product\/yoast-seo-wordpress\/ -->\n<title>Viejas encuestas, nuevas tendencias - Los pol\u00edticos Veracruz<\/title>\n<meta name=\"robots\" content=\"index, follow, max-snippet:-1, max-image-preview:large, max-video-preview:-1\" \/>\n<link rel=\"canonical\" href=\"https:\/\/lospoliticosveracruz.com\/?p=23328\" \/>\n<meta property=\"og:locale\" content=\"es_ES\" \/>\n<meta property=\"og:type\" content=\"article\" \/>\n<meta property=\"og:title\" content=\"Viejas encuestas, nuevas tendencias - Los pol\u00edticos Veracruz\" \/>\n<meta property=\"og:description\" content=\"Luis Alberto Romero Hora Cero A trav\u00e9s de redes sociales y de mensajes de texto a tel\u00e9fonos celulares, se difunde una encuesta realizada por un medio de circulaci\u00f3n nacional, especializado en econom\u00eda y finanzas, en torno a la elecci\u00f3n para gobernador de Veracruz. El medio establece una muy c\u00f3moda ventaja para el candidato de la [&hellip;]\" \/>\n<meta property=\"og:url\" content=\"https:\/\/lospoliticosveracruz.com\/?p=23328\" \/>\n<meta property=\"og:site_name\" content=\"Los pol\u00edticos Veracruz\" \/>\n<meta property=\"article:publisher\" content=\"https:\/\/www.facebook.com\/people\/Notimemes-de-los-Polticos\/61565672886568\/\" \/>\n<meta property=\"article:published_time\" content=\"2016-05-19T03:37:31+00:00\" \/>\n<meta property=\"og:image\" content=\"http:\/\/www.lospoliticosveracruz.com.mx\/wp-content\/uploads\/2016\/05\/Encuesta-300x170.jpg\" \/>\n<meta name=\"author\" content=\"Lo viste en Los Pol\u00edticos\" \/>\n<meta name=\"twitter:card\" content=\"summary_large_image\" \/>\n<meta name=\"twitter:creator\" content=\"@LosPoliticosVer\" \/>\n<meta name=\"twitter:site\" content=\"@LosPoliticosVer\" \/>\n<meta name=\"twitter:label1\" content=\"Escrito por\" \/>\n\t<meta name=\"twitter:data1\" content=\"Lo viste en Los Pol\u00edticos\" \/>\n\t<meta name=\"twitter:label2\" content=\"Tiempo de lectura\" \/>\n\t<meta name=\"twitter:data2\" content=\"5 minutos\" \/>\n<script type=\"application\/ld+json\" class=\"yoast-schema-graph\">{\"@context\":\"https:\\\/\\\/schema.org\",\"@graph\":[{\"@type\":\"Article\",\"@id\":\"https:\\\/\\\/lospoliticosveracruz.com\\\/?p=23328#article\",\"isPartOf\":{\"@id\":\"https:\\\/\\\/lospoliticosveracruz.com\\\/?p=23328\"},\"author\":{\"name\":\"Lo viste en Los Pol\u00edticos\",\"@id\":\"https:\\\/\\\/lospoliticosveracruz.com\\\/#\\\/schema\\\/person\\\/b8702bb0e538456e6efd07080bf2a4a2\"},\"headline\":\"Viejas encuestas, nuevas tendencias\",\"datePublished\":\"2016-05-19T03:37:31+00:00\",\"mainEntityOfPage\":{\"@id\":\"https:\\\/\\\/lospoliticosveracruz.com\\\/?p=23328\"},\"wordCount\":915,\"commentCount\":0,\"publisher\":{\"@id\":\"https:\\\/\\\/lospoliticosveracruz.com\\\/#organization\"},\"image\":{\"@id\":\"https:\\\/\\\/lospoliticosveracruz.com\\\/?p=23328#primaryimage\"},\"thumbnailUrl\":\"http:\\\/\\\/www.lospoliticosveracruz.com.mx\\\/wp-content\\\/uploads\\\/2016\\\/05\\\/Encuesta-300x170.jpg\",\"keywords\":[\"Cuitl\u00e1huac Garc\u00eda Jim\u00e9nez\",\"encuesta\",\"H\u00e9ctor Yunes Landa\",\"Miguel Angel Yunes Linares\",\"Morena\",\"Veracruz\"],\"articleSection\":[\"De Opini\u00f3n\"],\"inLanguage\":\"es\",\"potentialAction\":[{\"@type\":\"CommentAction\",\"name\":\"Comment\",\"target\":[\"https:\\\/\\\/lospoliticosveracruz.com\\\/?p=23328#respond\"]}]},{\"@type\":\"WebPage\",\"@id\":\"https:\\\/\\\/lospoliticosveracruz.com\\\/?p=23328\",\"url\":\"https:\\\/\\\/lospoliticosveracruz.com\\\/?p=23328\",\"name\":\"Viejas encuestas, nuevas tendencias - Los pol\u00edticos Veracruz\",\"isPartOf\":{\"@id\":\"https:\\\/\\\/lospoliticosveracruz.com\\\/#website\"},\"primaryImageOfPage\":{\"@id\":\"https:\\\/\\\/lospoliticosveracruz.com\\\/?p=23328#primaryimage\"},\"image\":{\"@id\":\"https:\\\/\\\/lospoliticosveracruz.com\\\/?p=23328#primaryimage\"},\"thumbnailUrl\":\"http:\\\/\\\/www.lospoliticosveracruz.com.mx\\\/wp-content\\\/uploads\\\/2016\\\/05\\\/Encuesta-300x170.jpg\",\"datePublished\":\"2016-05-19T03:37:31+00:00\",\"breadcrumb\":{\"@id\":\"https:\\\/\\\/lospoliticosveracruz.com\\\/?p=23328#breadcrumb\"},\"inLanguage\":\"es\",\"potentialAction\":[{\"@type\":\"ReadAction\",\"target\":[\"https:\\\/\\\/lospoliticosveracruz.com\\\/?p=23328\"]}]},{\"@type\":\"ImageObject\",\"inLanguage\":\"es\",\"@id\":\"https:\\\/\\\/lospoliticosveracruz.com\\\/?p=23328#primaryimage\",\"url\":\"http:\\\/\\\/www.lospoliticosveracruz.com.mx\\\/wp-content\\\/uploads\\\/2016\\\/05\\\/Encuesta-300x170.jpg\",\"contentUrl\":\"http:\\\/\\\/www.lospoliticosveracruz.com.mx\\\/wp-content\\\/uploads\\\/2016\\\/05\\\/Encuesta-300x170.jpg\"},{\"@type\":\"BreadcrumbList\",\"@id\":\"https:\\\/\\\/lospoliticosveracruz.com\\\/?p=23328#breadcrumb\",\"itemListElement\":[{\"@type\":\"ListItem\",\"position\":1,\"name\":\"Portada\",\"item\":\"https:\\\/\\\/lospoliticosveracruz.com\\\/\"},{\"@type\":\"ListItem\",\"position\":2,\"name\":\"Viejas encuestas, nuevas tendencias\"}]},{\"@type\":\"WebSite\",\"@id\":\"https:\\\/\\\/lospoliticosveracruz.com\\\/#website\",\"url\":\"https:\\\/\\\/lospoliticosveracruz.com\\\/\",\"name\":\"Los pol\u00edticos Veracruz\",\"description\":\"\",\"publisher\":{\"@id\":\"https:\\\/\\\/lospoliticosveracruz.com\\\/#organization\"},\"potentialAction\":[{\"@type\":\"SearchAction\",\"target\":{\"@type\":\"EntryPoint\",\"urlTemplate\":\"https:\\\/\\\/lospoliticosveracruz.com\\\/?s={search_term_string}\"},\"query-input\":{\"@type\":\"PropertyValueSpecification\",\"valueRequired\":true,\"valueName\":\"search_term_string\"}}],\"inLanguage\":\"es\"},{\"@type\":\"Organization\",\"@id\":\"https:\\\/\\\/lospoliticosveracruz.com\\\/#organization\",\"name\":\"Los pol\u00edticos Veracruz\",\"url\":\"https:\\\/\\\/lospoliticosveracruz.com\\\/\",\"logo\":{\"@type\":\"ImageObject\",\"inLanguage\":\"es\",\"@id\":\"https:\\\/\\\/lospoliticosveracruz.com\\\/#\\\/schema\\\/logo\\\/image\\\/\",\"url\":\"https:\\\/\\\/lospoliticosveracruz.com\\\/wp-content\\\/uploads\\\/2025\\\/12\\\/Logo-Nuevo-LOS-POLITICOS-1.jpg\",\"contentUrl\":\"https:\\\/\\\/lospoliticosveracruz.com\\\/wp-content\\\/uploads\\\/2025\\\/12\\\/Logo-Nuevo-LOS-POLITICOS-1.jpg\",\"width\":260,\"height\":70,\"caption\":\"Los pol\u00edticos Veracruz\"},\"image\":{\"@id\":\"https:\\\/\\\/lospoliticosveracruz.com\\\/#\\\/schema\\\/logo\\\/image\\\/\"},\"sameAs\":[\"https:\\\/\\\/www.facebook.com\\\/people\\\/Notimemes-de-los-Polticos\\\/61565672886568\\\/\",\"https:\\\/\\\/x.com\\\/LosPoliticosVer\"]},{\"@type\":\"Person\",\"@id\":\"https:\\\/\\\/lospoliticosveracruz.com\\\/#\\\/schema\\\/person\\\/b8702bb0e538456e6efd07080bf2a4a2\",\"name\":\"Lo viste en Los Pol\u00edticos\",\"image\":{\"@type\":\"ImageObject\",\"inLanguage\":\"es\",\"@id\":\"https:\\\/\\\/secure.gravatar.com\\\/avatar\\\/3a8de04a2656d44082be478bd6c086daa447c4651605818287b9532d3d0bd435?s=96&d=mm&r=g\",\"url\":\"https:\\\/\\\/secure.gravatar.com\\\/avatar\\\/3a8de04a2656d44082be478bd6c086daa447c4651605818287b9532d3d0bd435?s=96&d=mm&r=g\",\"contentUrl\":\"https:\\\/\\\/secure.gravatar.com\\\/avatar\\\/3a8de04a2656d44082be478bd6c086daa447c4651605818287b9532d3d0bd435?s=96&d=mm&r=g\",\"caption\":\"Lo viste en Los Pol\u00edticos\"},\"url\":\"https:\\\/\\\/lospoliticosveracruz.com\\\/?author=2\"}]}<\/script>\n<!-- \/ Yoast SEO plugin. -->","yoast_head_json":{"title":"Viejas encuestas, nuevas tendencias - Los pol\u00edticos Veracruz","robots":{"index":"index","follow":"follow","max-snippet":"max-snippet:-1","max-image-preview":"max-image-preview:large","max-video-preview":"max-video-preview:-1"},"canonical":"https:\/\/lospoliticosveracruz.com\/?p=23328","og_locale":"es_ES","og_type":"article","og_title":"Viejas encuestas, nuevas tendencias - Los pol\u00edticos Veracruz","og_description":"Luis Alberto Romero Hora Cero A trav\u00e9s de redes sociales y de mensajes de texto a tel\u00e9fonos celulares, se difunde una encuesta realizada por un medio de circulaci\u00f3n nacional, especializado en econom\u00eda y finanzas, en torno a la elecci\u00f3n para gobernador de Veracruz. El medio establece una muy c\u00f3moda ventaja para el candidato de la [&hellip;]","og_url":"https:\/\/lospoliticosveracruz.com\/?p=23328","og_site_name":"Los pol\u00edticos Veracruz","article_publisher":"https:\/\/www.facebook.com\/people\/Notimemes-de-los-Polticos\/61565672886568\/","article_published_time":"2016-05-19T03:37:31+00:00","og_image":[{"url":"http:\/\/www.lospoliticosveracruz.com.mx\/wp-content\/uploads\/2016\/05\/Encuesta-300x170.jpg","type":"","width":"","height":""}],"author":"Lo viste en Los Pol\u00edticos","twitter_card":"summary_large_image","twitter_creator":"@LosPoliticosVer","twitter_site":"@LosPoliticosVer","twitter_misc":{"Escrito por":"Lo viste en Los Pol\u00edticos","Tiempo de lectura":"5 minutos"},"schema":{"@context":"https:\/\/schema.org","@graph":[{"@type":"Article","@id":"https:\/\/lospoliticosveracruz.com\/?p=23328#article","isPartOf":{"@id":"https:\/\/lospoliticosveracruz.com\/?p=23328"},"author":{"name":"Lo viste en Los Pol\u00edticos","@id":"https:\/\/lospoliticosveracruz.com\/#\/schema\/person\/b8702bb0e538456e6efd07080bf2a4a2"},"headline":"Viejas encuestas, nuevas tendencias","datePublished":"2016-05-19T03:37:31+00:00","mainEntityOfPage":{"@id":"https:\/\/lospoliticosveracruz.com\/?p=23328"},"wordCount":915,"commentCount":0,"publisher":{"@id":"https:\/\/lospoliticosveracruz.com\/#organization"},"image":{"@id":"https:\/\/lospoliticosveracruz.com\/?p=23328#primaryimage"},"thumbnailUrl":"http:\/\/www.lospoliticosveracruz.com.mx\/wp-content\/uploads\/2016\/05\/Encuesta-300x170.jpg","keywords":["Cuitl\u00e1huac Garc\u00eda Jim\u00e9nez","encuesta","H\u00e9ctor Yunes Landa","Miguel Angel Yunes Linares","Morena","Veracruz"],"articleSection":["De Opini\u00f3n"],"inLanguage":"es","potentialAction":[{"@type":"CommentAction","name":"Comment","target":["https:\/\/lospoliticosveracruz.com\/?p=23328#respond"]}]},{"@type":"WebPage","@id":"https:\/\/lospoliticosveracruz.com\/?p=23328","url":"https:\/\/lospoliticosveracruz.com\/?p=23328","name":"Viejas encuestas, nuevas tendencias - Los pol\u00edticos Veracruz","isPartOf":{"@id":"https:\/\/lospoliticosveracruz.com\/#website"},"primaryImageOfPage":{"@id":"https:\/\/lospoliticosveracruz.com\/?p=23328#primaryimage"},"image":{"@id":"https:\/\/lospoliticosveracruz.com\/?p=23328#primaryimage"},"thumbnailUrl":"http:\/\/www.lospoliticosveracruz.com.mx\/wp-content\/uploads\/2016\/05\/Encuesta-300x170.jpg","datePublished":"2016-05-19T03:37:31+00:00","breadcrumb":{"@id":"https:\/\/lospoliticosveracruz.com\/?p=23328#breadcrumb"},"inLanguage":"es","potentialAction":[{"@type":"ReadAction","target":["https:\/\/lospoliticosveracruz.com\/?p=23328"]}]},{"@type":"ImageObject","inLanguage":"es","@id":"https:\/\/lospoliticosveracruz.com\/?p=23328#primaryimage","url":"http:\/\/www.lospoliticosveracruz.com.mx\/wp-content\/uploads\/2016\/05\/Encuesta-300x170.jpg","contentUrl":"http:\/\/www.lospoliticosveracruz.com.mx\/wp-content\/uploads\/2016\/05\/Encuesta-300x170.jpg"},{"@type":"BreadcrumbList","@id":"https:\/\/lospoliticosveracruz.com\/?p=23328#breadcrumb","itemListElement":[{"@type":"ListItem","position":1,"name":"Portada","item":"https:\/\/lospoliticosveracruz.com\/"},{"@type":"ListItem","position":2,"name":"Viejas encuestas, nuevas tendencias"}]},{"@type":"WebSite","@id":"https:\/\/lospoliticosveracruz.com\/#website","url":"https:\/\/lospoliticosveracruz.com\/","name":"Los pol\u00edticos Veracruz","description":"","publisher":{"@id":"https:\/\/lospoliticosveracruz.com\/#organization"},"potentialAction":[{"@type":"SearchAction","target":{"@type":"EntryPoint","urlTemplate":"https:\/\/lospoliticosveracruz.com\/?s={search_term_string}"},"query-input":{"@type":"PropertyValueSpecification","valueRequired":true,"valueName":"search_term_string"}}],"inLanguage":"es"},{"@type":"Organization","@id":"https:\/\/lospoliticosveracruz.com\/#organization","name":"Los pol\u00edticos Veracruz","url":"https:\/\/lospoliticosveracruz.com\/","logo":{"@type":"ImageObject","inLanguage":"es","@id":"https:\/\/lospoliticosveracruz.com\/#\/schema\/logo\/image\/","url":"https:\/\/lospoliticosveracruz.com\/wp-content\/uploads\/2025\/12\/Logo-Nuevo-LOS-POLITICOS-1.jpg","contentUrl":"https:\/\/lospoliticosveracruz.com\/wp-content\/uploads\/2025\/12\/Logo-Nuevo-LOS-POLITICOS-1.jpg","width":260,"height":70,"caption":"Los pol\u00edticos Veracruz"},"image":{"@id":"https:\/\/lospoliticosveracruz.com\/#\/schema\/logo\/image\/"},"sameAs":["https:\/\/www.facebook.com\/people\/Notimemes-de-los-Polticos\/61565672886568\/","https:\/\/x.com\/LosPoliticosVer"]},{"@type":"Person","@id":"https:\/\/lospoliticosveracruz.com\/#\/schema\/person\/b8702bb0e538456e6efd07080bf2a4a2","name":"Lo viste en Los Pol\u00edticos","image":{"@type":"ImageObject","inLanguage":"es","@id":"https:\/\/secure.gravatar.com\/avatar\/3a8de04a2656d44082be478bd6c086daa447c4651605818287b9532d3d0bd435?s=96&d=mm&r=g","url":"https:\/\/secure.gravatar.com\/avatar\/3a8de04a2656d44082be478bd6c086daa447c4651605818287b9532d3d0bd435?s=96&d=mm&r=g","contentUrl":"https:\/\/secure.gravatar.com\/avatar\/3a8de04a2656d44082be478bd6c086daa447c4651605818287b9532d3d0bd435?s=96&d=mm&r=g","caption":"Lo viste en Los Pol\u00edticos"},"url":"https:\/\/lospoliticosveracruz.com\/?author=2"}]}},"_links":{"self":[{"href":"https:\/\/lospoliticosveracruz.com\/index.php?rest_route=\/wp\/v2\/posts\/23328","targetHints":{"allow":["GET"]}}],"collection":[{"href":"https:\/\/lospoliticosveracruz.com\/index.php?rest_route=\/wp\/v2\/posts"}],"about":[{"href":"https:\/\/lospoliticosveracruz.com\/index.php?rest_route=\/wp\/v2\/types\/post"}],"author":[{"embeddable":true,"href":"https:\/\/lospoliticosveracruz.com\/index.php?rest_route=\/wp\/v2\/users\/2"}],"replies":[{"embeddable":true,"href":"https:\/\/lospoliticosveracruz.com\/index.php?rest_route=%2Fwp%2Fv2%2Fcomments&post=23328"}],"version-history":[{"count":1,"href":"https:\/\/lospoliticosveracruz.com\/index.php?rest_route=\/wp\/v2\/posts\/23328\/revisions"}],"predecessor-version":[{"id":23330,"href":"https:\/\/lospoliticosveracruz.com\/index.php?rest_route=\/wp\/v2\/posts\/23328\/revisions\/23330"}],"wp:attachment":[{"href":"https:\/\/lospoliticosveracruz.com\/index.php?rest_route=%2Fwp%2Fv2%2Fmedia&parent=23328"}],"wp:term":[{"taxonomy":"category","embeddable":true,"href":"https:\/\/lospoliticosveracruz.com\/index.php?rest_route=%2Fwp%2Fv2%2Fcategories&post=23328"},{"taxonomy":"post_tag","embeddable":true,"href":"https:\/\/lospoliticosveracruz.com\/index.php?rest_route=%2Fwp%2Fv2%2Ftags&post=23328"}],"curies":[{"name":"wp","href":"https:\/\/api.w.org\/{rel}","templated":true}]}}