{"id":23333,"date":"2016-05-18T22:59:35","date_gmt":"2016-05-19T03:59:35","guid":{"rendered":"http:\/\/www.lospoliticosveracruz.com.mx\/?p=23333"},"modified":"2016-05-18T22:59:35","modified_gmt":"2016-05-19T03:59:35","slug":"flores-lara-encabronado","status":"publish","type":"post","link":"https:\/\/lospoliticosveracruz.com\/?p=23333","title":{"rendered":"Flores Lara \u00a1encabronado!"},"content":{"rendered":"<p><a href=\"http:\/\/www.lospoliticosveracruz.com.mx\/wp-content\/uploads\/2016\/05\/CL\u00cdNICA.jpeg\"><img loading=\"lazy\" decoding=\"async\" class=\"alignnone size-medium wp-image-23334\" src=\"http:\/\/www.lospoliticosveracruz.com.mx\/wp-content\/uploads\/2016\/05\/CL\u00cdNICA-300x169.jpeg\" alt=\"CL\u00cdNICA\" width=\"300\" height=\"169\" \/><\/a><br \/>\n<strong>Salvador Mu\u00f1oz<\/strong><\/p>\n<p><em>Los Pol\u00edticos<\/em><\/p>\n<p>Hace unos meses, me platicaba el entonces precandidato a diputado por el distrito de Tantoyuca, Jorge Flores Lara, sobre las condiciones precarias que la poblaci\u00f3n m\u00e1s vulnerable viv\u00eda en el distrito. Recuerdo perfectamente algo que me sacudi\u00f3: \u201cVes a ni\u00f1os y j\u00f3venes con baja estatura. La gente piensa que es la gen\u00e9tica y no, \u00a1es la desnutrici\u00f3n!\u201d<br \/>\nJorge Flores Lara ya es candidato de la alianza PAN-PRD. Aunque parezca extra\u00f1o, es posici\u00f3n del Sol Azteca, no de Joaqu\u00edn Guzm\u00e1n Avil\u00e9s, quien al parecer, cedi\u00f3 terreno. Volvemos a platicar y cuenta que sus recorridos \u201ca ras de suelo\u201d, son de doce horas diarias, duerme cuatro y el resto, se va en los caminos y carreteras.<br \/>\n\u00a1Est\u00e1 encabronado! Pudiera poner otra palabra pero me ver\u00eda mal, pero si hubieran o\u00eddo su voz me entender\u00edan. La indignaci\u00f3n de Flores Lara se comprende cuando me dice de la falta de cobertura en diversos sectores, pero en especial en el de Salud.<br \/>\n\u00bfY en qui\u00e9nes recae esta situaci\u00f3n o m\u00e1s bien, este abandono total? En los ind\u00edgenas y campesinos, por ser el sector m\u00e1s vulnerable de nuestra sociedad.<br \/>\n\u201cUn pueblo enfermo no produce y por ende, el desarrollo se inhibe en los dem\u00e1s rubros\u201d, exclama y me dice: Estuve en El Humo, municipio de Tepetzintla,y all\u00ed me encontr\u00e9 un monumento a la impunidad, a la corrupci\u00f3n\u201d&#8230;<br \/>\n\u2013\u00bfDe qu\u00e9 se trata?<br \/>\n\u2013Una cl\u00ednica regional que est\u00e1 abandonada desde hace aproximadamente diez a\u00f1os&#8230;<br \/>\nLe pido que me env\u00ede fotos\u2026\u201d\u00a1te las mando!\u201d, me responde.<br \/>\nSe cuestiona a d\u00f3nde fue a parar el dinero. \u201cEl dinero se esfum\u00f3 como por arte de magia o fue a parar al patrimonio de algunos pol\u00edticos de este gobierno\u201d, dice.<br \/>\nLas fotos me llegan v\u00eda Whatsapp\u2026 \u00a1es el puro cascar\u00f3n! \u00a1ni techo tiene!<br \/>\nPero no nada m\u00e1s eso, en Chalmita, le han comentado los mismos vecinos, \u00a1no hay hospital! \u201clos enfermos salen a mamache y no hay medicamentos\u201d.<br \/>\n\u201cMamache\u201d, tengo entendido, es cuando cargan a las personas en la espalda.<br \/>\nEn Zontecomatl\u00e1n, igual le han comentado los vecinos, hay dos \u201ccl\u00ednicas\u201d en las mismas condiciones. Una, en la cabecera municipal; la otra, en la comunidad de La Candelaria. A ellas se suman otras dos en Benito Ju\u00e1rez, abandonadas por el sector Salud.<br \/>\nSigue muy encabronado Jorge Flores Lara\u2026 dice estar dispuesto a interponer una denuncia, promover un amparo ante los Juzgados m\u00e1s altos, porque se est\u00e1 atentado contra uno de los derechos que se debe garantizar a la sociedad: Salud.<br \/>\nAl ver las fotos, uno puede entender el porqu\u00e9 est\u00e1 tan encabronado el candidato del PAN-PRD, Jorge Flores Lara, por ello apuesta tambi\u00e9n al tema de los Derechos Humanos y Desarrollo&#8230;<br \/>\n\u2013\u00bfDerechos Humanos y Desarrollo?<br \/>\n\u2013Est\u00e1n \u00edntimamente relacionados en tanto ambos tienen como prop\u00f3sito promover el bienestar y la libertad sobre la base de la dignidad y la igualdad inalienables de todas las personas. El lenguaje de los derechos humanos en la situaci\u00f3n f\u00e1ctica actual resulta \u201cmuy potente\u201d y por tanto, debe ser parte, en principio, de las propuestas y, posteriormente, del Plan de Desarrollo. Todos los organismos internacionales apuestan por planes de desarrollo con enfoque de derechos humanos.<br \/>\nEl tema es interesante, m\u00e1s cuando toca adem\u00e1s, otros puntos: impunidad as\u00ed como desaparici\u00f3n forzada y tortura, pero ser\u00e1n temas que trataremos en otra ocasi\u00f3n\u2026<\/p>\n<p><strong>Emiliano Zapata: Debate<\/strong><br \/>\nEscuch\u00e9, porque casi no lo pude ver, el debate de los seis candidatos por el distrito de Emiliano Zapata. Decirle \u201cDebate\u201d es exagerado, porque no hay lugar a la confrontaci\u00f3n de ideas. Recuerden que Rub\u00e9n Rica\u00f1o, candidato a diputado por Movimiento Ciudadano, se quej\u00f3 de que las autoridades del OPLE andaban muy quisquillosos \u00a1que hasta lo amonestaron por hablar recio, fuerte y golpeado!<br \/>\nBueno, pero de todo esto, se alcanz\u00f3 a percibir algunas cosas, como por ejemplo, hay m\u00e1s mujeres (4) que hombres (2) tras la curul. Una mujer (Ana Rosa Vald\u00e9s) dej\u00f3 su cargo como alcaldesa de Paso de Ovejas para tratar de llegar al Palacio de Encanto. Un var\u00f3n (Daniel Olmos) es hijo del actual alcalde de Emiliano Zapata. Ambos significan \u201ccontinuismo\u201d o \u201cpretensi\u00f3n de mantenerse en el poder\u201d. Recordemos que el esposo de Ana Rosa fue alcalde de Paso de Ovejas y actualmente es diputado. \u00bfSer\u00e1 que el pr\u00f3ximo a\u00f1o busque Adolfo Ram\u00edrez Arana la alcald\u00eda?<br \/>\nHay que destacar a otras dos damas: Adriana Larios y Salma Zavala. Una, candidata del PES; la otra, Independiente. La primera se oy\u00f3 mesurada, con tablas, con ideas; al igual que la segunda, aunque se o\u00eda m\u00e1s aguerrida.<br \/>\nPaco Spinoso (Movimiento Ciudadano) tampoco se oy\u00f3 mal, menos cuando parec\u00eda que echaba \u201cpedradas\u201d al referir que c\u00f3mo era posible que se abrieran m\u00e1s cantinas que escuelas.<br \/>\nDinoraht Morales Zarrabal (Morena) igual estuvo bien, de no ser que al leer, perdi\u00f3 algunas l\u00edneas y en otra ocasi\u00f3n, se estaba ahogando y creo que ese lapso de asfixia, no se lo dieron a recuperar los del OPLE. Siendo sinceros, Ana Rosa Vald\u00e9s se oy\u00f3 muy bien, pero, insisto, lamentablemente significa un peque\u00f1o cacicazgo que junto con su esposo, pretenden ampliar ahora siendo candidata a diputada.<\/p>\n<p>smcainito@gmail.com<\/p>\n","protected":false},"excerpt":{"rendered":"<p>Salvador Mu\u00f1oz Los Pol\u00edticos Hace unos meses, me platicaba el entonces precandidato a diputado por el distrito de Tantoyuca, Jorge Flores Lara, sobre las condiciones precarias que la poblaci\u00f3n m\u00e1s vulnerable viv\u00eda en el distrito. Recuerdo perfectamente algo que me sacudi\u00f3: \u201cVes a ni\u00f1os y j\u00f3venes con baja estatura. La gente piensa que es la [&hellip;]<\/p>\n","protected":false},"author":2,"featured_media":0,"comment_status":"open","ping_status":"open","sticky":false,"template":"","format":"standard","meta":{"tdm_status":"","tdm_grid_status":"","footnotes":""},"categories":[70],"tags":[5399,5169,90,752],"class_list":{"0":"post-23333","1":"post","2":"type-post","3":"status-publish","4":"format-standard","6":"category-de-opinion","7":"tag-clinicas","8":"tag-jorge-flores-lara","9":"tag-salud","10":"tag-tantoyuca"},"yoast_head":"<!-- This site is optimized with the Yoast SEO plugin v27.4 - https:\/\/yoast.com\/product\/yoast-seo-wordpress\/ -->\n<title>Flores Lara \u00a1encabronado! - Los pol\u00edticos Veracruz<\/title>\n<meta name=\"robots\" content=\"index, follow, max-snippet:-1, max-image-preview:large, max-video-preview:-1\" \/>\n<link rel=\"canonical\" href=\"https:\/\/lospoliticosveracruz.com\/?p=23333\" \/>\n<meta property=\"og:locale\" content=\"es_ES\" \/>\n<meta property=\"og:type\" content=\"article\" \/>\n<meta property=\"og:title\" content=\"Flores Lara \u00a1encabronado! - Los pol\u00edticos Veracruz\" \/>\n<meta property=\"og:description\" content=\"Salvador Mu\u00f1oz Los Pol\u00edticos Hace unos meses, me platicaba el entonces precandidato a diputado por el distrito de Tantoyuca, Jorge Flores Lara, sobre las condiciones precarias que la poblaci\u00f3n m\u00e1s vulnerable viv\u00eda en el distrito. Recuerdo perfectamente algo que me sacudi\u00f3: \u201cVes a ni\u00f1os y j\u00f3venes con baja estatura. La gente piensa que es la [&hellip;]\" \/>\n<meta property=\"og:url\" content=\"https:\/\/lospoliticosveracruz.com\/?p=23333\" \/>\n<meta property=\"og:site_name\" content=\"Los pol\u00edticos Veracruz\" \/>\n<meta property=\"article:publisher\" content=\"https:\/\/www.facebook.com\/people\/Notimemes-de-los-Polticos\/61565672886568\/\" \/>\n<meta property=\"article:published_time\" content=\"2016-05-19T03:59:35+00:00\" \/>\n<meta property=\"og:image\" content=\"https:\/\/lospoliticosveracruz.com\/wp-content\/uploads\/2016\/07\/Logo-Dor.jpg\" \/>\n\t<meta property=\"og:image:width\" content=\"200\" \/>\n\t<meta property=\"og:image:height\" content=\"200\" \/>\n\t<meta property=\"og:image:type\" content=\"image\/jpeg\" \/>\n<meta name=\"author\" content=\"Lo viste en Los Pol\u00edticos\" \/>\n<meta name=\"twitter:card\" content=\"summary_large_image\" \/>\n<meta name=\"twitter:creator\" content=\"@LosPoliticosVer\" \/>\n<meta name=\"twitter:site\" content=\"@LosPoliticosVer\" \/>\n<meta name=\"twitter:label1\" content=\"Escrito por\" \/>\n\t<meta name=\"twitter:data1\" content=\"Lo viste en Los Pol\u00edticos\" \/>\n\t<meta name=\"twitter:label2\" content=\"Tiempo de lectura\" \/>\n\t<meta name=\"twitter:data2\" content=\"5 minutos\" \/>\n<script type=\"application\/ld+json\" class=\"yoast-schema-graph\">{\"@context\":\"https:\\\/\\\/schema.org\",\"@graph\":[{\"@type\":\"Article\",\"@id\":\"https:\\\/\\\/lospoliticosveracruz.com\\\/?p=23333#article\",\"isPartOf\":{\"@id\":\"https:\\\/\\\/lospoliticosveracruz.com\\\/?p=23333\"},\"author\":{\"name\":\"Lo viste en Los Pol\u00edticos\",\"@id\":\"https:\\\/\\\/lospoliticosveracruz.com\\\/#\\\/schema\\\/person\\\/b8702bb0e538456e6efd07080bf2a4a2\"},\"headline\":\"Flores Lara \u00a1encabronado!\",\"datePublished\":\"2016-05-19T03:59:35+00:00\",\"mainEntityOfPage\":{\"@id\":\"https:\\\/\\\/lospoliticosveracruz.com\\\/?p=23333\"},\"wordCount\":912,\"commentCount\":0,\"publisher\":{\"@id\":\"https:\\\/\\\/lospoliticosveracruz.com\\\/#organization\"},\"keywords\":[\"cl\u00ednicas\",\"Jorge Flores Lara\",\"Salud\",\"Tantoyuca\"],\"articleSection\":[\"De Opini\u00f3n\"],\"inLanguage\":\"es\",\"potentialAction\":[{\"@type\":\"CommentAction\",\"name\":\"Comment\",\"target\":[\"https:\\\/\\\/lospoliticosveracruz.com\\\/?p=23333#respond\"]}]},{\"@type\":\"WebPage\",\"@id\":\"https:\\\/\\\/lospoliticosveracruz.com\\\/?p=23333\",\"url\":\"https:\\\/\\\/lospoliticosveracruz.com\\\/?p=23333\",\"name\":\"Flores Lara \u00a1encabronado! - Los pol\u00edticos Veracruz\",\"isPartOf\":{\"@id\":\"https:\\\/\\\/lospoliticosveracruz.com\\\/#website\"},\"datePublished\":\"2016-05-19T03:59:35+00:00\",\"breadcrumb\":{\"@id\":\"https:\\\/\\\/lospoliticosveracruz.com\\\/?p=23333#breadcrumb\"},\"inLanguage\":\"es\",\"potentialAction\":[{\"@type\":\"ReadAction\",\"target\":[\"https:\\\/\\\/lospoliticosveracruz.com\\\/?p=23333\"]}]},{\"@type\":\"BreadcrumbList\",\"@id\":\"https:\\\/\\\/lospoliticosveracruz.com\\\/?p=23333#breadcrumb\",\"itemListElement\":[{\"@type\":\"ListItem\",\"position\":1,\"name\":\"Portada\",\"item\":\"https:\\\/\\\/lospoliticosveracruz.com\\\/\"},{\"@type\":\"ListItem\",\"position\":2,\"name\":\"Flores Lara \u00a1encabronado!\"}]},{\"@type\":\"WebSite\",\"@id\":\"https:\\\/\\\/lospoliticosveracruz.com\\\/#website\",\"url\":\"https:\\\/\\\/lospoliticosveracruz.com\\\/\",\"name\":\"Los pol\u00edticos Veracruz\",\"description\":\"\",\"publisher\":{\"@id\":\"https:\\\/\\\/lospoliticosveracruz.com\\\/#organization\"},\"potentialAction\":[{\"@type\":\"SearchAction\",\"target\":{\"@type\":\"EntryPoint\",\"urlTemplate\":\"https:\\\/\\\/lospoliticosveracruz.com\\\/?s={search_term_string}\"},\"query-input\":{\"@type\":\"PropertyValueSpecification\",\"valueRequired\":true,\"valueName\":\"search_term_string\"}}],\"inLanguage\":\"es\"},{\"@type\":\"Organization\",\"@id\":\"https:\\\/\\\/lospoliticosveracruz.com\\\/#organization\",\"name\":\"Los pol\u00edticos Veracruz\",\"url\":\"https:\\\/\\\/lospoliticosveracruz.com\\\/\",\"logo\":{\"@type\":\"ImageObject\",\"inLanguage\":\"es\",\"@id\":\"https:\\\/\\\/lospoliticosveracruz.com\\\/#\\\/schema\\\/logo\\\/image\\\/\",\"url\":\"https:\\\/\\\/lospoliticosveracruz.com\\\/wp-content\\\/uploads\\\/2025\\\/12\\\/Logo-Nuevo-LOS-POLITICOS-1.jpg\",\"contentUrl\":\"https:\\\/\\\/lospoliticosveracruz.com\\\/wp-content\\\/uploads\\\/2025\\\/12\\\/Logo-Nuevo-LOS-POLITICOS-1.jpg\",\"width\":260,\"height\":70,\"caption\":\"Los pol\u00edticos Veracruz\"},\"image\":{\"@id\":\"https:\\\/\\\/lospoliticosveracruz.com\\\/#\\\/schema\\\/logo\\\/image\\\/\"},\"sameAs\":[\"https:\\\/\\\/www.facebook.com\\\/people\\\/Notimemes-de-los-Polticos\\\/61565672886568\\\/\",\"https:\\\/\\\/x.com\\\/LosPoliticosVer\"]},{\"@type\":\"Person\",\"@id\":\"https:\\\/\\\/lospoliticosveracruz.com\\\/#\\\/schema\\\/person\\\/b8702bb0e538456e6efd07080bf2a4a2\",\"name\":\"Lo viste en Los Pol\u00edticos\",\"image\":{\"@type\":\"ImageObject\",\"inLanguage\":\"es\",\"@id\":\"https:\\\/\\\/secure.gravatar.com\\\/avatar\\\/3a8de04a2656d44082be478bd6c086daa447c4651605818287b9532d3d0bd435?s=96&d=mm&r=g\",\"url\":\"https:\\\/\\\/secure.gravatar.com\\\/avatar\\\/3a8de04a2656d44082be478bd6c086daa447c4651605818287b9532d3d0bd435?s=96&d=mm&r=g\",\"contentUrl\":\"https:\\\/\\\/secure.gravatar.com\\\/avatar\\\/3a8de04a2656d44082be478bd6c086daa447c4651605818287b9532d3d0bd435?s=96&d=mm&r=g\",\"caption\":\"Lo viste en Los Pol\u00edticos\"},\"url\":\"https:\\\/\\\/lospoliticosveracruz.com\\\/?author=2\"}]}<\/script>\n<!-- \/ Yoast SEO plugin. -->","yoast_head_json":{"title":"Flores Lara \u00a1encabronado! - Los pol\u00edticos Veracruz","robots":{"index":"index","follow":"follow","max-snippet":"max-snippet:-1","max-image-preview":"max-image-preview:large","max-video-preview":"max-video-preview:-1"},"canonical":"https:\/\/lospoliticosveracruz.com\/?p=23333","og_locale":"es_ES","og_type":"article","og_title":"Flores Lara \u00a1encabronado! - Los pol\u00edticos Veracruz","og_description":"Salvador Mu\u00f1oz Los Pol\u00edticos Hace unos meses, me platicaba el entonces precandidato a diputado por el distrito de Tantoyuca, Jorge Flores Lara, sobre las condiciones precarias que la poblaci\u00f3n m\u00e1s vulnerable viv\u00eda en el distrito. Recuerdo perfectamente algo que me sacudi\u00f3: \u201cVes a ni\u00f1os y j\u00f3venes con baja estatura. La gente piensa que es la [&hellip;]","og_url":"https:\/\/lospoliticosveracruz.com\/?p=23333","og_site_name":"Los pol\u00edticos Veracruz","article_publisher":"https:\/\/www.facebook.com\/people\/Notimemes-de-los-Polticos\/61565672886568\/","article_published_time":"2016-05-19T03:59:35+00:00","og_image":[{"width":200,"height":200,"url":"https:\/\/lospoliticosveracruz.com\/wp-content\/uploads\/2016\/07\/Logo-Dor.jpg","type":"image\/jpeg"}],"author":"Lo viste en Los Pol\u00edticos","twitter_card":"summary_large_image","twitter_creator":"@LosPoliticosVer","twitter_site":"@LosPoliticosVer","twitter_misc":{"Escrito por":"Lo viste en Los Pol\u00edticos","Tiempo de lectura":"5 minutos"},"schema":{"@context":"https:\/\/schema.org","@graph":[{"@type":"Article","@id":"https:\/\/lospoliticosveracruz.com\/?p=23333#article","isPartOf":{"@id":"https:\/\/lospoliticosveracruz.com\/?p=23333"},"author":{"name":"Lo viste en Los Pol\u00edticos","@id":"https:\/\/lospoliticosveracruz.com\/#\/schema\/person\/b8702bb0e538456e6efd07080bf2a4a2"},"headline":"Flores Lara \u00a1encabronado!","datePublished":"2016-05-19T03:59:35+00:00","mainEntityOfPage":{"@id":"https:\/\/lospoliticosveracruz.com\/?p=23333"},"wordCount":912,"commentCount":0,"publisher":{"@id":"https:\/\/lospoliticosveracruz.com\/#organization"},"keywords":["cl\u00ednicas","Jorge Flores Lara","Salud","Tantoyuca"],"articleSection":["De Opini\u00f3n"],"inLanguage":"es","potentialAction":[{"@type":"CommentAction","name":"Comment","target":["https:\/\/lospoliticosveracruz.com\/?p=23333#respond"]}]},{"@type":"WebPage","@id":"https:\/\/lospoliticosveracruz.com\/?p=23333","url":"https:\/\/lospoliticosveracruz.com\/?p=23333","name":"Flores Lara \u00a1encabronado! - Los pol\u00edticos Veracruz","isPartOf":{"@id":"https:\/\/lospoliticosveracruz.com\/#website"},"datePublished":"2016-05-19T03:59:35+00:00","breadcrumb":{"@id":"https:\/\/lospoliticosveracruz.com\/?p=23333#breadcrumb"},"inLanguage":"es","potentialAction":[{"@type":"ReadAction","target":["https:\/\/lospoliticosveracruz.com\/?p=23333"]}]},{"@type":"BreadcrumbList","@id":"https:\/\/lospoliticosveracruz.com\/?p=23333#breadcrumb","itemListElement":[{"@type":"ListItem","position":1,"name":"Portada","item":"https:\/\/lospoliticosveracruz.com\/"},{"@type":"ListItem","position":2,"name":"Flores Lara \u00a1encabronado!"}]},{"@type":"WebSite","@id":"https:\/\/lospoliticosveracruz.com\/#website","url":"https:\/\/lospoliticosveracruz.com\/","name":"Los pol\u00edticos Veracruz","description":"","publisher":{"@id":"https:\/\/lospoliticosveracruz.com\/#organization"},"potentialAction":[{"@type":"SearchAction","target":{"@type":"EntryPoint","urlTemplate":"https:\/\/lospoliticosveracruz.com\/?s={search_term_string}"},"query-input":{"@type":"PropertyValueSpecification","valueRequired":true,"valueName":"search_term_string"}}],"inLanguage":"es"},{"@type":"Organization","@id":"https:\/\/lospoliticosveracruz.com\/#organization","name":"Los pol\u00edticos Veracruz","url":"https:\/\/lospoliticosveracruz.com\/","logo":{"@type":"ImageObject","inLanguage":"es","@id":"https:\/\/lospoliticosveracruz.com\/#\/schema\/logo\/image\/","url":"https:\/\/lospoliticosveracruz.com\/wp-content\/uploads\/2025\/12\/Logo-Nuevo-LOS-POLITICOS-1.jpg","contentUrl":"https:\/\/lospoliticosveracruz.com\/wp-content\/uploads\/2025\/12\/Logo-Nuevo-LOS-POLITICOS-1.jpg","width":260,"height":70,"caption":"Los pol\u00edticos Veracruz"},"image":{"@id":"https:\/\/lospoliticosveracruz.com\/#\/schema\/logo\/image\/"},"sameAs":["https:\/\/www.facebook.com\/people\/Notimemes-de-los-Polticos\/61565672886568\/","https:\/\/x.com\/LosPoliticosVer"]},{"@type":"Person","@id":"https:\/\/lospoliticosveracruz.com\/#\/schema\/person\/b8702bb0e538456e6efd07080bf2a4a2","name":"Lo viste en Los Pol\u00edticos","image":{"@type":"ImageObject","inLanguage":"es","@id":"https:\/\/secure.gravatar.com\/avatar\/3a8de04a2656d44082be478bd6c086daa447c4651605818287b9532d3d0bd435?s=96&d=mm&r=g","url":"https:\/\/secure.gravatar.com\/avatar\/3a8de04a2656d44082be478bd6c086daa447c4651605818287b9532d3d0bd435?s=96&d=mm&r=g","contentUrl":"https:\/\/secure.gravatar.com\/avatar\/3a8de04a2656d44082be478bd6c086daa447c4651605818287b9532d3d0bd435?s=96&d=mm&r=g","caption":"Lo viste en Los Pol\u00edticos"},"url":"https:\/\/lospoliticosveracruz.com\/?author=2"}]}},"_links":{"self":[{"href":"https:\/\/lospoliticosveracruz.com\/index.php?rest_route=\/wp\/v2\/posts\/23333","targetHints":{"allow":["GET"]}}],"collection":[{"href":"https:\/\/lospoliticosveracruz.com\/index.php?rest_route=\/wp\/v2\/posts"}],"about":[{"href":"https:\/\/lospoliticosveracruz.com\/index.php?rest_route=\/wp\/v2\/types\/post"}],"author":[{"embeddable":true,"href":"https:\/\/lospoliticosveracruz.com\/index.php?rest_route=\/wp\/v2\/users\/2"}],"replies":[{"embeddable":true,"href":"https:\/\/lospoliticosveracruz.com\/index.php?rest_route=%2Fwp%2Fv2%2Fcomments&post=23333"}],"version-history":[{"count":1,"href":"https:\/\/lospoliticosveracruz.com\/index.php?rest_route=\/wp\/v2\/posts\/23333\/revisions"}],"predecessor-version":[{"id":23335,"href":"https:\/\/lospoliticosveracruz.com\/index.php?rest_route=\/wp\/v2\/posts\/23333\/revisions\/23335"}],"wp:attachment":[{"href":"https:\/\/lospoliticosveracruz.com\/index.php?rest_route=%2Fwp%2Fv2%2Fmedia&parent=23333"}],"wp:term":[{"taxonomy":"category","embeddable":true,"href":"https:\/\/lospoliticosveracruz.com\/index.php?rest_route=%2Fwp%2Fv2%2Fcategories&post=23333"},{"taxonomy":"post_tag","embeddable":true,"href":"https:\/\/lospoliticosveracruz.com\/index.php?rest_route=%2Fwp%2Fv2%2Ftags&post=23333"}],"curies":[{"name":"wp","href":"https:\/\/api.w.org\/{rel}","templated":true}]}}