{"id":23351,"date":"2016-05-22T19:34:28","date_gmt":"2016-05-23T00:34:28","guid":{"rendered":"http:\/\/www.lospoliticosveracruz.com.mx\/?p=23351"},"modified":"2016-05-22T19:34:28","modified_gmt":"2016-05-23T00:34:28","slug":"un-nuevo-veracruz","status":"publish","type":"post","link":"https:\/\/lospoliticosveracruz.com\/?p=23351","title":{"rendered":"Un Nuevo Veracruz"},"content":{"rendered":"<p><a href=\"http:\/\/www.lospoliticosveracruz.com.mx\/wp-content\/uploads\/2016\/05\/Familia-Yunes.jpg\"><img loading=\"lazy\" decoding=\"async\" class=\"alignnone size-medium wp-image-23352\" src=\"http:\/\/www.lospoliticosveracruz.com.mx\/wp-content\/uploads\/2016\/05\/Familia-Yunes-300x157.jpg\" alt=\"Familia Yunes\" width=\"300\" height=\"157\" \/><\/a><\/p>\n<p><strong>Elena C\u00f3rdova<\/strong><br \/>\n<em>Luna Nueva<\/em><\/p>\n<p>Muchos de ustedes, los que tienen y usan redes sociales con frecuencia, seguramente han visto los llamados \u201cmemes\u201d en internet \u2013\u00e9stos son algo as\u00ed como im\u00e1genes trucadas, algunas con textos con la intenci\u00f3n de expresar desde una idea hasta una inconformidad, y el cual es replicado hasta volverse muy popular, utilizando el lenguaje virtual o de los cibernautas, es decir \u201cse viraliza\u201d. En ellos se pueden observar los que hacen alusi\u00f3n a c\u00f3mo fue la infancia de muchos adultos de ahora: hay memes que dicen que tu Mam\u00e1 te daba con la chancla y ahora, gracias a eso, son hombres y mujeres de bien; otros hablan de la infancia cuando no hab\u00eda internet y aseguran que era m\u00e1s divertida. Los m\u00e1s frecuentes expresan las palabras que utilizaban nuestros padres para corregirnos y darnos consejos, y as\u00ed, muchos por el estilo. En lo personal, \u00e9stos me recuerdan mucho a mi entorno familiar. De c\u00f3mo era mi infancia y el cuidado y protecci\u00f3n de mis padres.<br \/>\nEl tema viene el caso, porque, al provenir de un entorno familiar tradicional y adem\u00e1s de provincia, cada vez me sorprende m\u00e1s el estado que presentan actualmente las familias en Veracruz. Y citando a estos dos ejemplos que mencion\u00e9 arriba, la gente adulta atribuye este hecho a que el papel de gu\u00eda, orientador y ejemplo de lo que debe ser una familia como tal, para los ni\u00f1os y j\u00f3venes, es sustituida por el internet, los videojuegos, la televisi\u00f3n, la m\u00fasica subliminal, y en el exterior, por las buenas o malas compa\u00f1\u00edas, las amistades que tienen sus hijos.<br \/>\nEn mi opini\u00f3n, no comparto del todo, ser\u00eda tanto como decir que los medios de comunicaci\u00f3n son malos. Por lo que creo que tal vez, en este caso, sea un tema de supervisi\u00f3n, de lo que ven, leen y tiene como amigos muchos de los hijos de familia. Un ejemplo v\u00e1lido de estas consecuencias, es lo que sucede actualmente con un caso que ha traspasado fronteras y tiene que ver con un grupo de j\u00f3venes a los que han llamado los \u201cporkis\u201d. En eso s\u00ed coincido. La familia debe ser la fortaleza, el medio que nos forme inicialmente y siempre, que todo lo bueno que vimos y aprendimos de nuestros padres nos gu\u00ede cuando tengamos que salir, por razones de estudio, de trabajo, seamos ese reflejo de la buena educaci\u00f3n, principios y valores que nos inculcaron nuestros padres. As\u00ed debe de ser.<br \/>\nEn una colaboraci\u00f3n anterior, cit\u00e9, lo cual reafirmo ahora, que los ciudadanos ya vieron lo suficiente para tomar una determinaci\u00f3n y dar sentido a su voto. El ciudadano, no tengo la menor duda, votar\u00e1 por el candidato que mejores propuestas y compromisos posibles de cumplir haya hecho, pero tambi\u00e9n agregar\u00e1, y esto ser\u00e1 definitivo, va a elegir a un gobernador con el cual se identifique como padre, madre y jefe de familia. Un hombre o mujer que no s\u00f3lo dice, sino que pregona con sus acciones, lo sostiene con su transparente trayectoria acad\u00e9mica y familiar, con el ejemplo de dedicaci\u00f3n y amor familiar como lo es H\u00e9ctor Yunes, quien reconoce que \u201cLa familia es el pilar de la sociedad, donde desde muy peque\u00f1os nos ense\u00f1an los valores. Soy un hombre afortunado, ah\u00ed aprend\u00ed el respeto a la familia, la honestidad y la confianza. Mi familia es la fuerza e inspiraci\u00f3n para construir . A m\u00ed, al igual que a ti, me preocupa que podamos vivir en un lugar con paz, con tranquilidad, pero sobre todo con oportunidades\u201d.<br \/>\nAqu\u00ed podemos ver, que H\u00e9ctor Yunes, sabe y reconoce que las familias veracruzanas se encuentran en dificultades, pero tambi\u00e9n en constante transformaci\u00f3n, no s\u00f3lo por el aspecto cultural, que enfrentan retos derivados de las crisis econ\u00f3micas y sociales. Y que, en ello, tiene mucho que ver la falta de valores, como el respeto y la tolerancia. S\u00e9 que al igual que yo, cuando nuestro origen familiar tiene ra\u00edces y ense\u00f1anzas de vida, no dudaremos en ofrecer nuestro apoyo, nuestra confianza en un gobernante que ser\u00e1 capaz de entender que la familia es la base de nuestra sociedad y que se deben tener en cuenta estos retos para asumirlos con responsabilidad y firmeza, fortaleciendo los lazos de amor y protecci\u00f3n entre padres e hijos.<\/p>\n","protected":false},"excerpt":{"rendered":"<p>Elena C\u00f3rdova Luna Nueva Muchos de ustedes, los que tienen y usan redes sociales con frecuencia, seguramente han visto los llamados \u201cmemes\u201d en internet \u2013\u00e9stos son algo as\u00ed como im\u00e1genes trucadas, algunas con textos con la intenci\u00f3n de expresar desde una idea hasta una inconformidad, y el cual es replicado hasta volverse muy popular, utilizando [&hellip;]<\/p>\n","protected":false},"author":2,"featured_media":0,"comment_status":"open","ping_status":"open","sticky":false,"template":"","format":"standard","meta":{"tdm_status":"","tdm_grid_status":"","footnotes":""},"categories":[70],"tags":[3350,348],"class_list":{"0":"post-23351","1":"post","2":"type-post","3":"status-publish","4":"format-standard","6":"category-de-opinion","7":"tag-familia","8":"tag-hector-yunes-landa"},"yoast_head":"<!-- This site is optimized with the Yoast SEO plugin v27.4 - https:\/\/yoast.com\/product\/yoast-seo-wordpress\/ -->\n<title>Un Nuevo Veracruz - Los pol\u00edticos Veracruz<\/title>\n<meta name=\"robots\" content=\"index, follow, max-snippet:-1, max-image-preview:large, max-video-preview:-1\" \/>\n<link rel=\"canonical\" href=\"https:\/\/lospoliticosveracruz.com\/?p=23351\" \/>\n<meta property=\"og:locale\" content=\"es_ES\" \/>\n<meta property=\"og:type\" content=\"article\" \/>\n<meta property=\"og:title\" content=\"Un Nuevo Veracruz - Los pol\u00edticos Veracruz\" \/>\n<meta property=\"og:description\" content=\"Elena C\u00f3rdova Luna Nueva Muchos de ustedes, los que tienen y usan redes sociales con frecuencia, seguramente han visto los llamados \u201cmemes\u201d en internet \u2013\u00e9stos son algo as\u00ed como im\u00e1genes trucadas, algunas con textos con la intenci\u00f3n de expresar desde una idea hasta una inconformidad, y el cual es replicado hasta volverse muy popular, utilizando [&hellip;]\" \/>\n<meta property=\"og:url\" content=\"https:\/\/lospoliticosveracruz.com\/?p=23351\" \/>\n<meta property=\"og:site_name\" content=\"Los pol\u00edticos Veracruz\" \/>\n<meta property=\"article:publisher\" content=\"https:\/\/www.facebook.com\/people\/Notimemes-de-los-Polticos\/61565672886568\/\" \/>\n<meta property=\"article:published_time\" content=\"2016-05-23T00:34:28+00:00\" \/>\n<meta property=\"og:image\" content=\"http:\/\/www.lospoliticosveracruz.com.mx\/wp-content\/uploads\/2016\/05\/Familia-Yunes-300x157.jpg\" \/>\n<meta name=\"author\" content=\"Lo viste en Los Pol\u00edticos\" \/>\n<meta name=\"twitter:card\" content=\"summary_large_image\" \/>\n<meta name=\"twitter:creator\" content=\"@LosPoliticosVer\" \/>\n<meta name=\"twitter:site\" content=\"@LosPoliticosVer\" \/>\n<meta name=\"twitter:label1\" content=\"Escrito por\" \/>\n\t<meta name=\"twitter:data1\" content=\"Lo viste en Los Pol\u00edticos\" \/>\n\t<meta name=\"twitter:label2\" content=\"Tiempo de lectura\" \/>\n\t<meta name=\"twitter:data2\" content=\"4 minutos\" \/>\n<script type=\"application\/ld+json\" class=\"yoast-schema-graph\">{\"@context\":\"https:\\\/\\\/schema.org\",\"@graph\":[{\"@type\":\"Article\",\"@id\":\"https:\\\/\\\/lospoliticosveracruz.com\\\/?p=23351#article\",\"isPartOf\":{\"@id\":\"https:\\\/\\\/lospoliticosveracruz.com\\\/?p=23351\"},\"author\":{\"name\":\"Lo viste en Los Pol\u00edticos\",\"@id\":\"https:\\\/\\\/lospoliticosveracruz.com\\\/#\\\/schema\\\/person\\\/b8702bb0e538456e6efd07080bf2a4a2\"},\"headline\":\"Un Nuevo Veracruz\",\"datePublished\":\"2016-05-23T00:34:28+00:00\",\"mainEntityOfPage\":{\"@id\":\"https:\\\/\\\/lospoliticosveracruz.com\\\/?p=23351\"},\"wordCount\":753,\"commentCount\":0,\"publisher\":{\"@id\":\"https:\\\/\\\/lospoliticosveracruz.com\\\/#organization\"},\"image\":{\"@id\":\"https:\\\/\\\/lospoliticosveracruz.com\\\/?p=23351#primaryimage\"},\"thumbnailUrl\":\"http:\\\/\\\/www.lospoliticosveracruz.com.mx\\\/wp-content\\\/uploads\\\/2016\\\/05\\\/Familia-Yunes-300x157.jpg\",\"keywords\":[\"Familia\",\"H\u00e9ctor Yunes Landa\"],\"articleSection\":[\"De Opini\u00f3n\"],\"inLanguage\":\"es\",\"potentialAction\":[{\"@type\":\"CommentAction\",\"name\":\"Comment\",\"target\":[\"https:\\\/\\\/lospoliticosveracruz.com\\\/?p=23351#respond\"]}]},{\"@type\":\"WebPage\",\"@id\":\"https:\\\/\\\/lospoliticosveracruz.com\\\/?p=23351\",\"url\":\"https:\\\/\\\/lospoliticosveracruz.com\\\/?p=23351\",\"name\":\"Un Nuevo Veracruz - Los pol\u00edticos Veracruz\",\"isPartOf\":{\"@id\":\"https:\\\/\\\/lospoliticosveracruz.com\\\/#website\"},\"primaryImageOfPage\":{\"@id\":\"https:\\\/\\\/lospoliticosveracruz.com\\\/?p=23351#primaryimage\"},\"image\":{\"@id\":\"https:\\\/\\\/lospoliticosveracruz.com\\\/?p=23351#primaryimage\"},\"thumbnailUrl\":\"http:\\\/\\\/www.lospoliticosveracruz.com.mx\\\/wp-content\\\/uploads\\\/2016\\\/05\\\/Familia-Yunes-300x157.jpg\",\"datePublished\":\"2016-05-23T00:34:28+00:00\",\"breadcrumb\":{\"@id\":\"https:\\\/\\\/lospoliticosveracruz.com\\\/?p=23351#breadcrumb\"},\"inLanguage\":\"es\",\"potentialAction\":[{\"@type\":\"ReadAction\",\"target\":[\"https:\\\/\\\/lospoliticosveracruz.com\\\/?p=23351\"]}]},{\"@type\":\"ImageObject\",\"inLanguage\":\"es\",\"@id\":\"https:\\\/\\\/lospoliticosveracruz.com\\\/?p=23351#primaryimage\",\"url\":\"http:\\\/\\\/www.lospoliticosveracruz.com.mx\\\/wp-content\\\/uploads\\\/2016\\\/05\\\/Familia-Yunes-300x157.jpg\",\"contentUrl\":\"http:\\\/\\\/www.lospoliticosveracruz.com.mx\\\/wp-content\\\/uploads\\\/2016\\\/05\\\/Familia-Yunes-300x157.jpg\"},{\"@type\":\"BreadcrumbList\",\"@id\":\"https:\\\/\\\/lospoliticosveracruz.com\\\/?p=23351#breadcrumb\",\"itemListElement\":[{\"@type\":\"ListItem\",\"position\":1,\"name\":\"Portada\",\"item\":\"https:\\\/\\\/lospoliticosveracruz.com\\\/\"},{\"@type\":\"ListItem\",\"position\":2,\"name\":\"Un Nuevo Veracruz\"}]},{\"@type\":\"WebSite\",\"@id\":\"https:\\\/\\\/lospoliticosveracruz.com\\\/#website\",\"url\":\"https:\\\/\\\/lospoliticosveracruz.com\\\/\",\"name\":\"Los pol\u00edticos Veracruz\",\"description\":\"\",\"publisher\":{\"@id\":\"https:\\\/\\\/lospoliticosveracruz.com\\\/#organization\"},\"potentialAction\":[{\"@type\":\"SearchAction\",\"target\":{\"@type\":\"EntryPoint\",\"urlTemplate\":\"https:\\\/\\\/lospoliticosveracruz.com\\\/?s={search_term_string}\"},\"query-input\":{\"@type\":\"PropertyValueSpecification\",\"valueRequired\":true,\"valueName\":\"search_term_string\"}}],\"inLanguage\":\"es\"},{\"@type\":\"Organization\",\"@id\":\"https:\\\/\\\/lospoliticosveracruz.com\\\/#organization\",\"name\":\"Los pol\u00edticos Veracruz\",\"url\":\"https:\\\/\\\/lospoliticosveracruz.com\\\/\",\"logo\":{\"@type\":\"ImageObject\",\"inLanguage\":\"es\",\"@id\":\"https:\\\/\\\/lospoliticosveracruz.com\\\/#\\\/schema\\\/logo\\\/image\\\/\",\"url\":\"https:\\\/\\\/lospoliticosveracruz.com\\\/wp-content\\\/uploads\\\/2025\\\/12\\\/Logo-Nuevo-LOS-POLITICOS-1.jpg\",\"contentUrl\":\"https:\\\/\\\/lospoliticosveracruz.com\\\/wp-content\\\/uploads\\\/2025\\\/12\\\/Logo-Nuevo-LOS-POLITICOS-1.jpg\",\"width\":260,\"height\":70,\"caption\":\"Los pol\u00edticos Veracruz\"},\"image\":{\"@id\":\"https:\\\/\\\/lospoliticosveracruz.com\\\/#\\\/schema\\\/logo\\\/image\\\/\"},\"sameAs\":[\"https:\\\/\\\/www.facebook.com\\\/people\\\/Notimemes-de-los-Polticos\\\/61565672886568\\\/\",\"https:\\\/\\\/x.com\\\/LosPoliticosVer\"]},{\"@type\":\"Person\",\"@id\":\"https:\\\/\\\/lospoliticosveracruz.com\\\/#\\\/schema\\\/person\\\/b8702bb0e538456e6efd07080bf2a4a2\",\"name\":\"Lo viste en Los Pol\u00edticos\",\"image\":{\"@type\":\"ImageObject\",\"inLanguage\":\"es\",\"@id\":\"https:\\\/\\\/secure.gravatar.com\\\/avatar\\\/3a8de04a2656d44082be478bd6c086daa447c4651605818287b9532d3d0bd435?s=96&d=mm&r=g\",\"url\":\"https:\\\/\\\/secure.gravatar.com\\\/avatar\\\/3a8de04a2656d44082be478bd6c086daa447c4651605818287b9532d3d0bd435?s=96&d=mm&r=g\",\"contentUrl\":\"https:\\\/\\\/secure.gravatar.com\\\/avatar\\\/3a8de04a2656d44082be478bd6c086daa447c4651605818287b9532d3d0bd435?s=96&d=mm&r=g\",\"caption\":\"Lo viste en Los Pol\u00edticos\"},\"url\":\"https:\\\/\\\/lospoliticosveracruz.com\\\/?author=2\"}]}<\/script>\n<!-- \/ Yoast SEO plugin. -->","yoast_head_json":{"title":"Un Nuevo Veracruz - Los pol\u00edticos Veracruz","robots":{"index":"index","follow":"follow","max-snippet":"max-snippet:-1","max-image-preview":"max-image-preview:large","max-video-preview":"max-video-preview:-1"},"canonical":"https:\/\/lospoliticosveracruz.com\/?p=23351","og_locale":"es_ES","og_type":"article","og_title":"Un Nuevo Veracruz - Los pol\u00edticos Veracruz","og_description":"Elena C\u00f3rdova Luna Nueva Muchos de ustedes, los que tienen y usan redes sociales con frecuencia, seguramente han visto los llamados \u201cmemes\u201d en internet \u2013\u00e9stos son algo as\u00ed como im\u00e1genes trucadas, algunas con textos con la intenci\u00f3n de expresar desde una idea hasta una inconformidad, y el cual es replicado hasta volverse muy popular, utilizando [&hellip;]","og_url":"https:\/\/lospoliticosveracruz.com\/?p=23351","og_site_name":"Los pol\u00edticos Veracruz","article_publisher":"https:\/\/www.facebook.com\/people\/Notimemes-de-los-Polticos\/61565672886568\/","article_published_time":"2016-05-23T00:34:28+00:00","og_image":[{"url":"http:\/\/www.lospoliticosveracruz.com.mx\/wp-content\/uploads\/2016\/05\/Familia-Yunes-300x157.jpg","type":"","width":"","height":""}],"author":"Lo viste en Los Pol\u00edticos","twitter_card":"summary_large_image","twitter_creator":"@LosPoliticosVer","twitter_site":"@LosPoliticosVer","twitter_misc":{"Escrito por":"Lo viste en Los Pol\u00edticos","Tiempo de lectura":"4 minutos"},"schema":{"@context":"https:\/\/schema.org","@graph":[{"@type":"Article","@id":"https:\/\/lospoliticosveracruz.com\/?p=23351#article","isPartOf":{"@id":"https:\/\/lospoliticosveracruz.com\/?p=23351"},"author":{"name":"Lo viste en Los Pol\u00edticos","@id":"https:\/\/lospoliticosveracruz.com\/#\/schema\/person\/b8702bb0e538456e6efd07080bf2a4a2"},"headline":"Un Nuevo Veracruz","datePublished":"2016-05-23T00:34:28+00:00","mainEntityOfPage":{"@id":"https:\/\/lospoliticosveracruz.com\/?p=23351"},"wordCount":753,"commentCount":0,"publisher":{"@id":"https:\/\/lospoliticosveracruz.com\/#organization"},"image":{"@id":"https:\/\/lospoliticosveracruz.com\/?p=23351#primaryimage"},"thumbnailUrl":"http:\/\/www.lospoliticosveracruz.com.mx\/wp-content\/uploads\/2016\/05\/Familia-Yunes-300x157.jpg","keywords":["Familia","H\u00e9ctor Yunes Landa"],"articleSection":["De Opini\u00f3n"],"inLanguage":"es","potentialAction":[{"@type":"CommentAction","name":"Comment","target":["https:\/\/lospoliticosveracruz.com\/?p=23351#respond"]}]},{"@type":"WebPage","@id":"https:\/\/lospoliticosveracruz.com\/?p=23351","url":"https:\/\/lospoliticosveracruz.com\/?p=23351","name":"Un Nuevo Veracruz - Los pol\u00edticos Veracruz","isPartOf":{"@id":"https:\/\/lospoliticosveracruz.com\/#website"},"primaryImageOfPage":{"@id":"https:\/\/lospoliticosveracruz.com\/?p=23351#primaryimage"},"image":{"@id":"https:\/\/lospoliticosveracruz.com\/?p=23351#primaryimage"},"thumbnailUrl":"http:\/\/www.lospoliticosveracruz.com.mx\/wp-content\/uploads\/2016\/05\/Familia-Yunes-300x157.jpg","datePublished":"2016-05-23T00:34:28+00:00","breadcrumb":{"@id":"https:\/\/lospoliticosveracruz.com\/?p=23351#breadcrumb"},"inLanguage":"es","potentialAction":[{"@type":"ReadAction","target":["https:\/\/lospoliticosveracruz.com\/?p=23351"]}]},{"@type":"ImageObject","inLanguage":"es","@id":"https:\/\/lospoliticosveracruz.com\/?p=23351#primaryimage","url":"http:\/\/www.lospoliticosveracruz.com.mx\/wp-content\/uploads\/2016\/05\/Familia-Yunes-300x157.jpg","contentUrl":"http:\/\/www.lospoliticosveracruz.com.mx\/wp-content\/uploads\/2016\/05\/Familia-Yunes-300x157.jpg"},{"@type":"BreadcrumbList","@id":"https:\/\/lospoliticosveracruz.com\/?p=23351#breadcrumb","itemListElement":[{"@type":"ListItem","position":1,"name":"Portada","item":"https:\/\/lospoliticosveracruz.com\/"},{"@type":"ListItem","position":2,"name":"Un Nuevo Veracruz"}]},{"@type":"WebSite","@id":"https:\/\/lospoliticosveracruz.com\/#website","url":"https:\/\/lospoliticosveracruz.com\/","name":"Los pol\u00edticos Veracruz","description":"","publisher":{"@id":"https:\/\/lospoliticosveracruz.com\/#organization"},"potentialAction":[{"@type":"SearchAction","target":{"@type":"EntryPoint","urlTemplate":"https:\/\/lospoliticosveracruz.com\/?s={search_term_string}"},"query-input":{"@type":"PropertyValueSpecification","valueRequired":true,"valueName":"search_term_string"}}],"inLanguage":"es"},{"@type":"Organization","@id":"https:\/\/lospoliticosveracruz.com\/#organization","name":"Los pol\u00edticos Veracruz","url":"https:\/\/lospoliticosveracruz.com\/","logo":{"@type":"ImageObject","inLanguage":"es","@id":"https:\/\/lospoliticosveracruz.com\/#\/schema\/logo\/image\/","url":"https:\/\/lospoliticosveracruz.com\/wp-content\/uploads\/2025\/12\/Logo-Nuevo-LOS-POLITICOS-1.jpg","contentUrl":"https:\/\/lospoliticosveracruz.com\/wp-content\/uploads\/2025\/12\/Logo-Nuevo-LOS-POLITICOS-1.jpg","width":260,"height":70,"caption":"Los pol\u00edticos Veracruz"},"image":{"@id":"https:\/\/lospoliticosveracruz.com\/#\/schema\/logo\/image\/"},"sameAs":["https:\/\/www.facebook.com\/people\/Notimemes-de-los-Polticos\/61565672886568\/","https:\/\/x.com\/LosPoliticosVer"]},{"@type":"Person","@id":"https:\/\/lospoliticosveracruz.com\/#\/schema\/person\/b8702bb0e538456e6efd07080bf2a4a2","name":"Lo viste en Los Pol\u00edticos","image":{"@type":"ImageObject","inLanguage":"es","@id":"https:\/\/secure.gravatar.com\/avatar\/3a8de04a2656d44082be478bd6c086daa447c4651605818287b9532d3d0bd435?s=96&d=mm&r=g","url":"https:\/\/secure.gravatar.com\/avatar\/3a8de04a2656d44082be478bd6c086daa447c4651605818287b9532d3d0bd435?s=96&d=mm&r=g","contentUrl":"https:\/\/secure.gravatar.com\/avatar\/3a8de04a2656d44082be478bd6c086daa447c4651605818287b9532d3d0bd435?s=96&d=mm&r=g","caption":"Lo viste en Los Pol\u00edticos"},"url":"https:\/\/lospoliticosveracruz.com\/?author=2"}]}},"_links":{"self":[{"href":"https:\/\/lospoliticosveracruz.com\/index.php?rest_route=\/wp\/v2\/posts\/23351","targetHints":{"allow":["GET"]}}],"collection":[{"href":"https:\/\/lospoliticosveracruz.com\/index.php?rest_route=\/wp\/v2\/posts"}],"about":[{"href":"https:\/\/lospoliticosveracruz.com\/index.php?rest_route=\/wp\/v2\/types\/post"}],"author":[{"embeddable":true,"href":"https:\/\/lospoliticosveracruz.com\/index.php?rest_route=\/wp\/v2\/users\/2"}],"replies":[{"embeddable":true,"href":"https:\/\/lospoliticosveracruz.com\/index.php?rest_route=%2Fwp%2Fv2%2Fcomments&post=23351"}],"version-history":[{"count":1,"href":"https:\/\/lospoliticosveracruz.com\/index.php?rest_route=\/wp\/v2\/posts\/23351\/revisions"}],"predecessor-version":[{"id":23353,"href":"https:\/\/lospoliticosveracruz.com\/index.php?rest_route=\/wp\/v2\/posts\/23351\/revisions\/23353"}],"wp:attachment":[{"href":"https:\/\/lospoliticosveracruz.com\/index.php?rest_route=%2Fwp%2Fv2%2Fmedia&parent=23351"}],"wp:term":[{"taxonomy":"category","embeddable":true,"href":"https:\/\/lospoliticosveracruz.com\/index.php?rest_route=%2Fwp%2Fv2%2Fcategories&post=23351"},{"taxonomy":"post_tag","embeddable":true,"href":"https:\/\/lospoliticosveracruz.com\/index.php?rest_route=%2Fwp%2Fv2%2Ftags&post=23351"}],"curies":[{"name":"wp","href":"https:\/\/api.w.org\/{rel}","templated":true}]}}