{"id":23385,"date":"2016-05-23T20:27:26","date_gmt":"2016-05-24T01:27:26","guid":{"rendered":"http:\/\/www.lospoliticosveracruz.com.mx\/?p=23385"},"modified":"2016-05-23T20:27:26","modified_gmt":"2016-05-24T01:27:26","slug":"debate-sin-critica-entre-punteros","status":"publish","type":"post","link":"https:\/\/lospoliticosveracruz.com\/?p=23385","title":{"rendered":"Debate sin cr\u00edtica entre punteros"},"content":{"rendered":"<p><a href=\"http:\/\/www.lospoliticosveracruz.com.mx\/wp-content\/uploads\/2016\/05\/debate.jpg\"><img loading=\"lazy\" decoding=\"async\" class=\"alignnone size-medium wp-image-23386\" src=\"http:\/\/www.lospoliticosveracruz.com.mx\/wp-content\/uploads\/2016\/05\/debate-300x195.jpg\" alt=\"debate\" width=\"300\" height=\"195\" \/><\/a><br \/>\n<strong>Luis Alberto Romero<\/strong><\/p>\n<p><em>Hora Cero<\/em><\/p>\n<p>Al margen de las opiniones y percepciones, muy subjetivas, sobre la participaci\u00f3n de los candidatos al gobierno del estado en el segundo debate organizado por el Organismo P\u00fablico Local Electoral, llama la atenci\u00f3n que al menos tres contendientes incluyeron entre los destinatarios de sus dardos no s\u00f3lo a Miguel \u00c1ngel Yunes Linares y a H\u00e9ctor Yunes Landa, lo que se podr\u00eda considerar normal y predecible, sino tambi\u00e9n a Cuitl\u00e1huac Garc\u00eda Jim\u00e9nez, de Morena, quien es probablemente el que m\u00e1s ha crecido \u2013si no es que el \u00fanico\u2013 en el \u00faltimo mes de campa\u00f1a<br \/>\nTanto el aspirante independiente, Juan Bueno Torio, como los candidatos de los partidos del Trabajo y Encuentro Social, Alba Leonila M\u00e9ndez Herrera y V\u00edctor Alejandro V\u00e1zquez Cuevas, repartieron cr\u00edticas y descalificaciones contra los tres punteros; tal vez piensan que ello les representar\u00e1 puntos en las preferencias electorales; sin embargo, eso es muy poco probable, dada su cuestionable capacidad argumentativa.<br \/>\nBueno Torio entr\u00f3 bien al debate; de hecho, en la primera ronda hasta se not\u00f3 convincente y seguro; enfatiz\u00f3 que tanto los primos Yunes como el abanderado de Morena son producto de imposiciones: a uno lo impuso Beltrones, dijo; al otro, Ricardo Anaya; y al tercero, L\u00f3pez Obrador; pero una vez que traspapel\u00f3 su discurso, evidenci\u00f3 limitaciones y carencias.<br \/>\nAlba Leonila M\u00e9ndez lleg\u00f3 al encuentro con los chacos en la mano y arremeti\u00f3 contra Cuitl\u00e1huac por cobrar dos cheques del magisterio, adem\u00e1s de su salario como diputado; de igual manera, llevaba una caja que, dijo, conten\u00eda los resultados de sus gestiones a su paso por los cargos desempe\u00f1ados; as\u00ed como una canastilla con huevos para entregar a sus adversarios; puntadas sin mucho fondo; actos desesperados en su intento por alcanzar los 200 mil votos que representen un papel m\u00e1s o menos decoroso y que le aseguren la dirigencia estatal del Partido del Trabajo, la franquicia de un peque\u00f1o partido convertido, en algunas entidades, en sat\u00e9lite y comparsa del PRI.<br \/>\nPipo V\u00e1zquez, por su parte, intenta conectar, pero no se ve convincente; habla de sus logros como l\u00edder pol\u00edtico\u2026 del Partido Acci\u00f3n Nacional; lanza petardos contra Yunes Linares, quien ni siquiera utiliza dos o tres segundos para referirse a quien hace seis a\u00f1os fue su coordinador de campa\u00f1a.<\/p>\n<p><strong>Nada para el morbo<\/strong><br \/>\nA diferencia del primer debate del OPLE, el priista H\u00e9ctor Yunes se not\u00f3 reservado, cauto en la cr\u00edtica y se concentr\u00f3 en las propuestas; pr\u00e1cticamente no hubo descalificaciones ni se\u00f1alamientos contra su par panista, quien registr\u00f3 una participaci\u00f3n en el mismo tono.<br \/>\nQuienes esperaban ver sangre en el segundo debate se quedaron con las ganas; nada hubo para el morbo.<br \/>\nYunes Linares no respondi\u00f3 a las descalificaciones de Bueno Torio, M\u00e9ndez Herrera y V\u00e1zquez Cuevas; no tiene caso, ni quien los tome en serio, habr\u00e1 pensado el panista, quien, por cierto, dej\u00f3 para el final del debate una supuesta encuesta levantada por Mitofsky que le da ventaja sobre el segundo lugar, disputado, seg\u00fan la gr\u00e1fica, por PRI y Morena.<br \/>\nPor cierto, H\u00e9ctor Yunes retom\u00f3 los resultados de una encuesta de Datibilio, que consigna una delantera del candidato de la alianza \u201cPara Mejorar Veracruz\u201d.<br \/>\nCuando faltan menos de dos semanas para la jornada electoral, todo sigue igual que hace quince d\u00edas: una elecci\u00f3n de tercios, donde cualquier cosa podr\u00eda ocurrir.<\/p>\n<p><strong>Todos se pronuncian vencedores<\/strong><br \/>\nAl concluir el debate, todos los contendientes se apresuraron a llamarse vencedores de dicho ejercicio.<br \/>\nE PT, por ejemplo, envi\u00f3 un bolet\u00edn en este tono: \u201cse llev\u00f3 la noche y gan\u00f3 el encuentro. Dio la nota\u2026 al llegar con un diablito donde cargaba una caja de archivo con la leyenda Miguel \u00c1ngel Yunes Linares Cuidado\u2026\u201d<br \/>\nMuy parecido, el comunicado de Encuentro Social: \u201cPipo gana con propuestas el debate del WTC organizado por el OPLE\u2026 reta a Cuitl\u00e1huac Garc\u00eda a que demuestre la mitad de sueldo como diputado federal y el candidato de Morena reh\u00faye el desaf\u00edo\u2026\u201d<br \/>\nEn sus redes sociales, el candidato del Movimiento Ciudadano, Armando M\u00e9ndez de la Luz, expuso que \u201cHoy demostr\u00e9 con las mejores propuestas que soy el candidato m\u00e1s calificado para gobernar Veracruz\u201d.<br \/>\nJuan Bueno, por su parte, no se pronunci\u00f3 vencedor del debate; en cambio, subi\u00f3 a sus redes sociales todas sus participaciones; incluso, se refiri\u00f3 al incidente de sus hojas y reprodujo un meme en el que se le\u00eda \u201c\u00bfQue ya estamos al aire?; \u00a1av\u00edsenme!\u201d, para despu\u00e9s aclarar \u201ca m\u00ed no me dieron clases de actuaci\u00f3n ni me dijeron lo que ten\u00eda que decir\u201d.<br \/>\nEl candidato de Morena no ocup\u00f3 sus redes sociales para emitir un pronunciamiento. Lo hizo L\u00f3pez Obrador, quien tuite\u00f3 \u201csali\u00f3 ileso y triunf\u00f3 Cuitl\u00e1huac en el debate de Veracruz. Tiene lo que le falta a los candidatos de PRIAN y a otros paleros: honestidad\u201d.<br \/>\nLo cierto es que al margen de las percepciones sobre vencedores y vencidos en el debate, lo que m\u00e1s llam\u00f3 la atenci\u00f3n fue la actitud mesurada de los candidatos de PAN y PRI; la ausencia de golpes entre los principales protagonistas de la contienda; el tono tan propositivo como discreto y alejado de estridencias de M\u00e9ndez de la Luz; y el intento de los actores de reparto, Alba, Pipo y Bueno, por descalificar a los tres punteros. @luisromero85<\/p>\n","protected":false},"excerpt":{"rendered":"<p>Luis Alberto Romero Hora Cero Al margen de las opiniones y percepciones, muy subjetivas, sobre la participaci\u00f3n de los candidatos al gobierno del estado en el segundo debate organizado por el Organismo P\u00fablico Local Electoral, llama la atenci\u00f3n que al menos tres contendientes incluyeron entre los destinatarios de sus dardos no s\u00f3lo a Miguel \u00c1ngel [&hellip;]<\/p>\n","protected":false},"author":2,"featured_media":0,"comment_status":"open","ping_status":"open","sticky":false,"template":"","format":"standard","meta":{"tdm_status":"","tdm_grid_status":"","footnotes":""},"categories":[70],"tags":[1563,348,428,1026,3272],"class_list":{"0":"post-23385","1":"post","2":"type-post","3":"status-publish","4":"format-standard","6":"category-de-opinion","7":"tag-cuitlahuac-garcia-jimenez","8":"tag-hector-yunes-landa","9":"tag-miguel-angel-yunes-linares","10":"tag-morena","11":"tag-ople"},"yoast_head":"<!-- This site is optimized with the Yoast SEO plugin v27.4 - https:\/\/yoast.com\/product\/yoast-seo-wordpress\/ -->\n<title>Debate sin cr\u00edtica entre punteros - Los pol\u00edticos Veracruz<\/title>\n<meta name=\"robots\" content=\"index, follow, max-snippet:-1, max-image-preview:large, max-video-preview:-1\" \/>\n<link rel=\"canonical\" href=\"https:\/\/lospoliticosveracruz.com\/?p=23385\" \/>\n<meta property=\"og:locale\" content=\"es_ES\" \/>\n<meta property=\"og:type\" content=\"article\" \/>\n<meta property=\"og:title\" content=\"Debate sin cr\u00edtica entre punteros - Los pol\u00edticos Veracruz\" \/>\n<meta property=\"og:description\" content=\"Luis Alberto Romero Hora Cero Al margen de las opiniones y percepciones, muy subjetivas, sobre la participaci\u00f3n de los candidatos al gobierno del estado en el segundo debate organizado por el Organismo P\u00fablico Local Electoral, llama la atenci\u00f3n que al menos tres contendientes incluyeron entre los destinatarios de sus dardos no s\u00f3lo a Miguel \u00c1ngel [&hellip;]\" \/>\n<meta property=\"og:url\" content=\"https:\/\/lospoliticosveracruz.com\/?p=23385\" \/>\n<meta property=\"og:site_name\" content=\"Los pol\u00edticos Veracruz\" \/>\n<meta property=\"article:publisher\" content=\"https:\/\/www.facebook.com\/people\/Notimemes-de-los-Polticos\/61565672886568\/\" \/>\n<meta property=\"article:published_time\" content=\"2016-05-24T01:27:26+00:00\" \/>\n<meta property=\"og:image\" content=\"http:\/\/www.lospoliticosveracruz.com.mx\/wp-content\/uploads\/2016\/05\/debate-300x195.jpg\" \/>\n<meta name=\"author\" content=\"Lo viste en Los Pol\u00edticos\" \/>\n<meta name=\"twitter:card\" content=\"summary_large_image\" \/>\n<meta name=\"twitter:creator\" content=\"@LosPoliticosVer\" \/>\n<meta name=\"twitter:site\" content=\"@LosPoliticosVer\" \/>\n<meta name=\"twitter:label1\" content=\"Escrito por\" \/>\n\t<meta name=\"twitter:data1\" content=\"Lo viste en Los Pol\u00edticos\" \/>\n\t<meta name=\"twitter:label2\" content=\"Tiempo de lectura\" \/>\n\t<meta name=\"twitter:data2\" content=\"5 minutos\" \/>\n<script type=\"application\/ld+json\" class=\"yoast-schema-graph\">{\"@context\":\"https:\\\/\\\/schema.org\",\"@graph\":[{\"@type\":\"Article\",\"@id\":\"https:\\\/\\\/lospoliticosveracruz.com\\\/?p=23385#article\",\"isPartOf\":{\"@id\":\"https:\\\/\\\/lospoliticosveracruz.com\\\/?p=23385\"},\"author\":{\"name\":\"Lo viste en Los Pol\u00edticos\",\"@id\":\"https:\\\/\\\/lospoliticosveracruz.com\\\/#\\\/schema\\\/person\\\/b8702bb0e538456e6efd07080bf2a4a2\"},\"headline\":\"Debate sin cr\u00edtica entre punteros\",\"datePublished\":\"2016-05-24T01:27:26+00:00\",\"mainEntityOfPage\":{\"@id\":\"https:\\\/\\\/lospoliticosveracruz.com\\\/?p=23385\"},\"wordCount\":929,\"commentCount\":0,\"publisher\":{\"@id\":\"https:\\\/\\\/lospoliticosveracruz.com\\\/#organization\"},\"image\":{\"@id\":\"https:\\\/\\\/lospoliticosveracruz.com\\\/?p=23385#primaryimage\"},\"thumbnailUrl\":\"http:\\\/\\\/www.lospoliticosveracruz.com.mx\\\/wp-content\\\/uploads\\\/2016\\\/05\\\/debate-300x195.jpg\",\"keywords\":[\"Cuitl\u00e1huac Garc\u00eda Jim\u00e9nez\",\"H\u00e9ctor Yunes Landa\",\"Miguel Angel Yunes Linares\",\"Morena\",\"OPLE\"],\"articleSection\":[\"De Opini\u00f3n\"],\"inLanguage\":\"es\",\"potentialAction\":[{\"@type\":\"CommentAction\",\"name\":\"Comment\",\"target\":[\"https:\\\/\\\/lospoliticosveracruz.com\\\/?p=23385#respond\"]}]},{\"@type\":\"WebPage\",\"@id\":\"https:\\\/\\\/lospoliticosveracruz.com\\\/?p=23385\",\"url\":\"https:\\\/\\\/lospoliticosveracruz.com\\\/?p=23385\",\"name\":\"Debate sin cr\u00edtica entre punteros - Los pol\u00edticos Veracruz\",\"isPartOf\":{\"@id\":\"https:\\\/\\\/lospoliticosveracruz.com\\\/#website\"},\"primaryImageOfPage\":{\"@id\":\"https:\\\/\\\/lospoliticosveracruz.com\\\/?p=23385#primaryimage\"},\"image\":{\"@id\":\"https:\\\/\\\/lospoliticosveracruz.com\\\/?p=23385#primaryimage\"},\"thumbnailUrl\":\"http:\\\/\\\/www.lospoliticosveracruz.com.mx\\\/wp-content\\\/uploads\\\/2016\\\/05\\\/debate-300x195.jpg\",\"datePublished\":\"2016-05-24T01:27:26+00:00\",\"breadcrumb\":{\"@id\":\"https:\\\/\\\/lospoliticosveracruz.com\\\/?p=23385#breadcrumb\"},\"inLanguage\":\"es\",\"potentialAction\":[{\"@type\":\"ReadAction\",\"target\":[\"https:\\\/\\\/lospoliticosveracruz.com\\\/?p=23385\"]}]},{\"@type\":\"ImageObject\",\"inLanguage\":\"es\",\"@id\":\"https:\\\/\\\/lospoliticosveracruz.com\\\/?p=23385#primaryimage\",\"url\":\"http:\\\/\\\/www.lospoliticosveracruz.com.mx\\\/wp-content\\\/uploads\\\/2016\\\/05\\\/debate-300x195.jpg\",\"contentUrl\":\"http:\\\/\\\/www.lospoliticosveracruz.com.mx\\\/wp-content\\\/uploads\\\/2016\\\/05\\\/debate-300x195.jpg\"},{\"@type\":\"BreadcrumbList\",\"@id\":\"https:\\\/\\\/lospoliticosveracruz.com\\\/?p=23385#breadcrumb\",\"itemListElement\":[{\"@type\":\"ListItem\",\"position\":1,\"name\":\"Portada\",\"item\":\"https:\\\/\\\/lospoliticosveracruz.com\\\/\"},{\"@type\":\"ListItem\",\"position\":2,\"name\":\"Debate sin cr\u00edtica entre punteros\"}]},{\"@type\":\"WebSite\",\"@id\":\"https:\\\/\\\/lospoliticosveracruz.com\\\/#website\",\"url\":\"https:\\\/\\\/lospoliticosveracruz.com\\\/\",\"name\":\"Los pol\u00edticos Veracruz\",\"description\":\"\",\"publisher\":{\"@id\":\"https:\\\/\\\/lospoliticosveracruz.com\\\/#organization\"},\"potentialAction\":[{\"@type\":\"SearchAction\",\"target\":{\"@type\":\"EntryPoint\",\"urlTemplate\":\"https:\\\/\\\/lospoliticosveracruz.com\\\/?s={search_term_string}\"},\"query-input\":{\"@type\":\"PropertyValueSpecification\",\"valueRequired\":true,\"valueName\":\"search_term_string\"}}],\"inLanguage\":\"es\"},{\"@type\":\"Organization\",\"@id\":\"https:\\\/\\\/lospoliticosveracruz.com\\\/#organization\",\"name\":\"Los pol\u00edticos Veracruz\",\"url\":\"https:\\\/\\\/lospoliticosveracruz.com\\\/\",\"logo\":{\"@type\":\"ImageObject\",\"inLanguage\":\"es\",\"@id\":\"https:\\\/\\\/lospoliticosveracruz.com\\\/#\\\/schema\\\/logo\\\/image\\\/\",\"url\":\"https:\\\/\\\/lospoliticosveracruz.com\\\/wp-content\\\/uploads\\\/2025\\\/12\\\/Logo-Nuevo-LOS-POLITICOS-1.jpg\",\"contentUrl\":\"https:\\\/\\\/lospoliticosveracruz.com\\\/wp-content\\\/uploads\\\/2025\\\/12\\\/Logo-Nuevo-LOS-POLITICOS-1.jpg\",\"width\":260,\"height\":70,\"caption\":\"Los pol\u00edticos Veracruz\"},\"image\":{\"@id\":\"https:\\\/\\\/lospoliticosveracruz.com\\\/#\\\/schema\\\/logo\\\/image\\\/\"},\"sameAs\":[\"https:\\\/\\\/www.facebook.com\\\/people\\\/Notimemes-de-los-Polticos\\\/61565672886568\\\/\",\"https:\\\/\\\/x.com\\\/LosPoliticosVer\"]},{\"@type\":\"Person\",\"@id\":\"https:\\\/\\\/lospoliticosveracruz.com\\\/#\\\/schema\\\/person\\\/b8702bb0e538456e6efd07080bf2a4a2\",\"name\":\"Lo viste en Los Pol\u00edticos\",\"image\":{\"@type\":\"ImageObject\",\"inLanguage\":\"es\",\"@id\":\"https:\\\/\\\/secure.gravatar.com\\\/avatar\\\/3a8de04a2656d44082be478bd6c086daa447c4651605818287b9532d3d0bd435?s=96&d=mm&r=g\",\"url\":\"https:\\\/\\\/secure.gravatar.com\\\/avatar\\\/3a8de04a2656d44082be478bd6c086daa447c4651605818287b9532d3d0bd435?s=96&d=mm&r=g\",\"contentUrl\":\"https:\\\/\\\/secure.gravatar.com\\\/avatar\\\/3a8de04a2656d44082be478bd6c086daa447c4651605818287b9532d3d0bd435?s=96&d=mm&r=g\",\"caption\":\"Lo viste en Los Pol\u00edticos\"},\"url\":\"https:\\\/\\\/lospoliticosveracruz.com\\\/?author=2\"}]}<\/script>\n<!-- \/ Yoast SEO plugin. -->","yoast_head_json":{"title":"Debate sin cr\u00edtica entre punteros - Los pol\u00edticos Veracruz","robots":{"index":"index","follow":"follow","max-snippet":"max-snippet:-1","max-image-preview":"max-image-preview:large","max-video-preview":"max-video-preview:-1"},"canonical":"https:\/\/lospoliticosveracruz.com\/?p=23385","og_locale":"es_ES","og_type":"article","og_title":"Debate sin cr\u00edtica entre punteros - Los pol\u00edticos Veracruz","og_description":"Luis Alberto Romero Hora Cero Al margen de las opiniones y percepciones, muy subjetivas, sobre la participaci\u00f3n de los candidatos al gobierno del estado en el segundo debate organizado por el Organismo P\u00fablico Local Electoral, llama la atenci\u00f3n que al menos tres contendientes incluyeron entre los destinatarios de sus dardos no s\u00f3lo a Miguel \u00c1ngel [&hellip;]","og_url":"https:\/\/lospoliticosveracruz.com\/?p=23385","og_site_name":"Los pol\u00edticos Veracruz","article_publisher":"https:\/\/www.facebook.com\/people\/Notimemes-de-los-Polticos\/61565672886568\/","article_published_time":"2016-05-24T01:27:26+00:00","og_image":[{"url":"http:\/\/www.lospoliticosveracruz.com.mx\/wp-content\/uploads\/2016\/05\/debate-300x195.jpg","type":"","width":"","height":""}],"author":"Lo viste en Los Pol\u00edticos","twitter_card":"summary_large_image","twitter_creator":"@LosPoliticosVer","twitter_site":"@LosPoliticosVer","twitter_misc":{"Escrito por":"Lo viste en Los Pol\u00edticos","Tiempo de lectura":"5 minutos"},"schema":{"@context":"https:\/\/schema.org","@graph":[{"@type":"Article","@id":"https:\/\/lospoliticosveracruz.com\/?p=23385#article","isPartOf":{"@id":"https:\/\/lospoliticosveracruz.com\/?p=23385"},"author":{"name":"Lo viste en Los Pol\u00edticos","@id":"https:\/\/lospoliticosveracruz.com\/#\/schema\/person\/b8702bb0e538456e6efd07080bf2a4a2"},"headline":"Debate sin cr\u00edtica entre punteros","datePublished":"2016-05-24T01:27:26+00:00","mainEntityOfPage":{"@id":"https:\/\/lospoliticosveracruz.com\/?p=23385"},"wordCount":929,"commentCount":0,"publisher":{"@id":"https:\/\/lospoliticosveracruz.com\/#organization"},"image":{"@id":"https:\/\/lospoliticosveracruz.com\/?p=23385#primaryimage"},"thumbnailUrl":"http:\/\/www.lospoliticosveracruz.com.mx\/wp-content\/uploads\/2016\/05\/debate-300x195.jpg","keywords":["Cuitl\u00e1huac Garc\u00eda Jim\u00e9nez","H\u00e9ctor Yunes Landa","Miguel Angel Yunes Linares","Morena","OPLE"],"articleSection":["De Opini\u00f3n"],"inLanguage":"es","potentialAction":[{"@type":"CommentAction","name":"Comment","target":["https:\/\/lospoliticosveracruz.com\/?p=23385#respond"]}]},{"@type":"WebPage","@id":"https:\/\/lospoliticosveracruz.com\/?p=23385","url":"https:\/\/lospoliticosveracruz.com\/?p=23385","name":"Debate sin cr\u00edtica entre punteros - Los pol\u00edticos Veracruz","isPartOf":{"@id":"https:\/\/lospoliticosveracruz.com\/#website"},"primaryImageOfPage":{"@id":"https:\/\/lospoliticosveracruz.com\/?p=23385#primaryimage"},"image":{"@id":"https:\/\/lospoliticosveracruz.com\/?p=23385#primaryimage"},"thumbnailUrl":"http:\/\/www.lospoliticosveracruz.com.mx\/wp-content\/uploads\/2016\/05\/debate-300x195.jpg","datePublished":"2016-05-24T01:27:26+00:00","breadcrumb":{"@id":"https:\/\/lospoliticosveracruz.com\/?p=23385#breadcrumb"},"inLanguage":"es","potentialAction":[{"@type":"ReadAction","target":["https:\/\/lospoliticosveracruz.com\/?p=23385"]}]},{"@type":"ImageObject","inLanguage":"es","@id":"https:\/\/lospoliticosveracruz.com\/?p=23385#primaryimage","url":"http:\/\/www.lospoliticosveracruz.com.mx\/wp-content\/uploads\/2016\/05\/debate-300x195.jpg","contentUrl":"http:\/\/www.lospoliticosveracruz.com.mx\/wp-content\/uploads\/2016\/05\/debate-300x195.jpg"},{"@type":"BreadcrumbList","@id":"https:\/\/lospoliticosveracruz.com\/?p=23385#breadcrumb","itemListElement":[{"@type":"ListItem","position":1,"name":"Portada","item":"https:\/\/lospoliticosveracruz.com\/"},{"@type":"ListItem","position":2,"name":"Debate sin cr\u00edtica entre punteros"}]},{"@type":"WebSite","@id":"https:\/\/lospoliticosveracruz.com\/#website","url":"https:\/\/lospoliticosveracruz.com\/","name":"Los pol\u00edticos Veracruz","description":"","publisher":{"@id":"https:\/\/lospoliticosveracruz.com\/#organization"},"potentialAction":[{"@type":"SearchAction","target":{"@type":"EntryPoint","urlTemplate":"https:\/\/lospoliticosveracruz.com\/?s={search_term_string}"},"query-input":{"@type":"PropertyValueSpecification","valueRequired":true,"valueName":"search_term_string"}}],"inLanguage":"es"},{"@type":"Organization","@id":"https:\/\/lospoliticosveracruz.com\/#organization","name":"Los pol\u00edticos Veracruz","url":"https:\/\/lospoliticosveracruz.com\/","logo":{"@type":"ImageObject","inLanguage":"es","@id":"https:\/\/lospoliticosveracruz.com\/#\/schema\/logo\/image\/","url":"https:\/\/lospoliticosveracruz.com\/wp-content\/uploads\/2025\/12\/Logo-Nuevo-LOS-POLITICOS-1.jpg","contentUrl":"https:\/\/lospoliticosveracruz.com\/wp-content\/uploads\/2025\/12\/Logo-Nuevo-LOS-POLITICOS-1.jpg","width":260,"height":70,"caption":"Los pol\u00edticos Veracruz"},"image":{"@id":"https:\/\/lospoliticosveracruz.com\/#\/schema\/logo\/image\/"},"sameAs":["https:\/\/www.facebook.com\/people\/Notimemes-de-los-Polticos\/61565672886568\/","https:\/\/x.com\/LosPoliticosVer"]},{"@type":"Person","@id":"https:\/\/lospoliticosveracruz.com\/#\/schema\/person\/b8702bb0e538456e6efd07080bf2a4a2","name":"Lo viste en Los Pol\u00edticos","image":{"@type":"ImageObject","inLanguage":"es","@id":"https:\/\/secure.gravatar.com\/avatar\/3a8de04a2656d44082be478bd6c086daa447c4651605818287b9532d3d0bd435?s=96&d=mm&r=g","url":"https:\/\/secure.gravatar.com\/avatar\/3a8de04a2656d44082be478bd6c086daa447c4651605818287b9532d3d0bd435?s=96&d=mm&r=g","contentUrl":"https:\/\/secure.gravatar.com\/avatar\/3a8de04a2656d44082be478bd6c086daa447c4651605818287b9532d3d0bd435?s=96&d=mm&r=g","caption":"Lo viste en Los Pol\u00edticos"},"url":"https:\/\/lospoliticosveracruz.com\/?author=2"}]}},"_links":{"self":[{"href":"https:\/\/lospoliticosveracruz.com\/index.php?rest_route=\/wp\/v2\/posts\/23385","targetHints":{"allow":["GET"]}}],"collection":[{"href":"https:\/\/lospoliticosveracruz.com\/index.php?rest_route=\/wp\/v2\/posts"}],"about":[{"href":"https:\/\/lospoliticosveracruz.com\/index.php?rest_route=\/wp\/v2\/types\/post"}],"author":[{"embeddable":true,"href":"https:\/\/lospoliticosveracruz.com\/index.php?rest_route=\/wp\/v2\/users\/2"}],"replies":[{"embeddable":true,"href":"https:\/\/lospoliticosveracruz.com\/index.php?rest_route=%2Fwp%2Fv2%2Fcomments&post=23385"}],"version-history":[{"count":1,"href":"https:\/\/lospoliticosveracruz.com\/index.php?rest_route=\/wp\/v2\/posts\/23385\/revisions"}],"predecessor-version":[{"id":23387,"href":"https:\/\/lospoliticosveracruz.com\/index.php?rest_route=\/wp\/v2\/posts\/23385\/revisions\/23387"}],"wp:attachment":[{"href":"https:\/\/lospoliticosveracruz.com\/index.php?rest_route=%2Fwp%2Fv2%2Fmedia&parent=23385"}],"wp:term":[{"taxonomy":"category","embeddable":true,"href":"https:\/\/lospoliticosveracruz.com\/index.php?rest_route=%2Fwp%2Fv2%2Fcategories&post=23385"},{"taxonomy":"post_tag","embeddable":true,"href":"https:\/\/lospoliticosveracruz.com\/index.php?rest_route=%2Fwp%2Fv2%2Ftags&post=23385"}],"curies":[{"name":"wp","href":"https:\/\/api.w.org\/{rel}","templated":true}]}}