{"id":23388,"date":"2016-05-23T20:40:36","date_gmt":"2016-05-24T01:40:36","guid":{"rendered":"http:\/\/www.lospoliticosveracruz.com.mx\/?p=23388"},"modified":"2016-05-23T20:40:36","modified_gmt":"2016-05-24T01:40:36","slug":"a-mover-el-bote-con-cuitlahuac","status":"publish","type":"post","link":"https:\/\/lospoliticosveracruz.com\/?p=23388","title":{"rendered":"A mover el bote con Cuitl\u00e1huac"},"content":{"rendered":"<p><a href=\"http:\/\/www.lospoliticosveracruz.com.mx\/wp-content\/uploads\/2016\/05\/Cuitl\u00e1huac-Garc\u00eda.jpg\"><img loading=\"lazy\" decoding=\"async\" class=\"alignnone size-medium wp-image-23389\" src=\"http:\/\/www.lospoliticosveracruz.com.mx\/wp-content\/uploads\/2016\/05\/Cuitl\u00e1huac-Garc\u00eda-300x169.jpg\" alt=\"Cuitl\u00e1huac Garc\u00eda\" width=\"300\" height=\"169\" \/><\/a><br \/>\n<strong>Salvador Mu\u00f1oz<\/strong><\/p>\n<p><em>Los Pol\u00edticos<\/em><\/p>\n<p>Una reportera comenta que da su voto a Cuitl\u00e1huac si baila con ella\u2026 \u201cel se\u00f1or sabe moverse\u201d. Momentos antes, vi el video del candidato de Morena al que ubican en el puerto jarocho en el centro nocturno \u201cHavana\u201d, \u00a1moviendo el bote! Y s\u00ed, efectivamente, el Moreno no s\u00f3lo sabe bailar (conste, mi expresi\u00f3n particular es de alguien que tiene dos rodillas izquierdas para esa actividad), tambi\u00e9n sabe moverse con aguda habilidad en las redes sociales, o al menos genera esa percepci\u00f3n bajo un simple t\u00edtulo: \u201cSe vuelve viral el video de Cuitl\u00e1huac bailando salsa\u201d.<br \/>\nII<br \/>\nVa para tres d\u00e9cadas que Magno Garcimarrero Ochoa compiti\u00f3 para un cargo de representaci\u00f3n popular. No recuerdo si fue para federal o local, diputado o senador, pero lo hizo por la Izquierda.<br \/>\nSiempre ocurrente, original, sagaz, se fue a meter a los \u201cteibols\u201d, centros nocturnos y similares para pedir a los parroquianos el voto. En aquella ocasi\u00f3n, Polo Rodr\u00edguez, uno de los maestros y amigos que me toc\u00f3 en \u201cPol\u00edtica\u201d, tuvo el tino de titular la cr\u00f3nica \u201cBello de noche\u201d. A lo mejor, si la cr\u00f3nica se hubiera hecho el fin de semana pasado, para estar ad hoc con estos tiempos, quiz\u00e1s el t\u00edtulo hubiera sido para el candidato de Morena: \u201cEs viernes, y el cuerpo de Cuitl\u00e1huac lo sabe\u201d.<br \/>\nIII<br \/>\nPero, en t\u00e9rminos electorales, porque esa es la intenci\u00f3n de la publicaci\u00f3n de ese video, \u00bfcu\u00e1l es el mensaje que se pretende dar al pueblo en general que ve a un candidato \u201cgastar suela\u201d?<br \/>\nEn un primer t\u00e9rmino, resaltan el hecho de que no tenga guaruras acompa\u00f1\u00e1ndolo (o al menos, no son evidentes en el video); en segundo t\u00e9rmino, y creo que el m\u00e1s relevante, es la \u201cpoblanizaci\u00f3n\u201d del pol\u00edtico al llevarlo a un lugar donde igual puede ir usted, yo o cualquiera, y llevar a cabo el acto de \u201cla chunchaca\u201d al mismo nivel que lo har\u00eda tambi\u00e9n usted, \u00e9l, o cualquiera, menos yo, negado a ese arte por tener dos rodillas izquierdas\u2026 que no al rev\u00e9s.<br \/>\nIV<br \/>\nNo se puede negar la habilidad de quienes rodean a Cuitl\u00e1huac al explotar de cierto modo, la habilidad del candidato de Morena, en las redes sociales. Si bien es cierto que en t\u00e9rminos discursivos, el diputado federal con licencia no se sale del \u201cscript\u201d y no aporta nada nuevo ni espectacular en ello, m\u00e1s cierto es que hasta el momento, el choque entre los Yunes, el embate a los Yunes, el enfado contra el sistema en el Poder y contra los mismos partidos de siempre (PRI, PAN, PRD y sat\u00e9lites que los acompa\u00f1an), ha ayudado a Cuitl\u00e1huac a ser colocado, a) entre los tres punteros para esta elecci\u00f3n; b) ser considerado por algunos, como la amenaza de llevar al PAN (y a su aliado), al tercer y cuarto lugar; y c) si no ganar la elecci\u00f3n, dejar la mesa puesta para que en el 2018, Morena sea un rival a vencer tanto para la Gubernatura como para la presidencia del pa\u00eds.<br \/>\nAh y para quienes se pregunten en qu\u00e9 consiste la habilidad de los Morenos de Cuitl\u00e1huac, es muy sencillo: les sale totalmente barato y muy efectivo el video y logra su cometido: que cualquiera hable de \u00e9l, lo vea, lo comente, genere reacciones, positivas o negativas, pero sobre todo, sea f\u00e1cil de digerir, y sin un gramo de violencia verbal o visual.<br \/>\nV<br \/>\nHe o\u00eddo comentarios de reporteros contra Cuitl\u00e1huac, que es un majadero o desde\u00f1a a la prensa; v\u00e1lidas las expresiones. He tenido oportunidad de platicar con el Moreno, y difiero. Al menos con quien escribe, fue atento, divertido, ingenioso\u2026 pero pues cada quien habla como le va en la feria (que no \u201ccomo le va de feria\u201d). Lo que s\u00ed me llama la atenci\u00f3n es que Cuitl\u00e1huac no es el mismo con el que platiqu\u00e9 al que veo en los debates, pero entiendo que es su estrategia.<br \/>\nY s\u00ed, he seguido de cerca los comentarios tambi\u00e9n de quienes dicen que Cuitl\u00e1huac no s\u00f3lo es candidato de L\u00f3pez Obrador, sino tambi\u00e9n de Javier Duarte, y desprecian esa rara relaci\u00f3n PRI-Morena\u2026 lo curioso es que quienes m\u00e1s critican esa \u201cabominaci\u00f3n\u201d son los mismos que tambi\u00e9n, en una rara relaci\u00f3n, conjuntaron \u201cderecha\u201d con \u201cizquierda\u201d&#8230; si es cierta la relaci\u00f3n de Morena con el sistema en el poder, tambi\u00e9n es cierto que tiene el mismo fin que la relaci\u00f3n PAN-PRD: el poder.<br \/>\nCuitl\u00e1huac evidencia no s\u00f3lo su habilidad para bailar, sino tambi\u00e9n para exhibir a muchos que quiz\u00e1s, ahora les toque bailar con la m\u00e1s fea. Y aguas, porque si se chinga a H\u00e9ctor y a Miguel \u00c1ngel, \u00a1capaz y se jode a Chona, Sergio y Juana la Cubana!<\/p>\n<p>smcainito@gmail.com<\/p>\n","protected":false},"excerpt":{"rendered":"<p>Salvador Mu\u00f1oz Los Pol\u00edticos Una reportera comenta que da su voto a Cuitl\u00e1huac si baila con ella\u2026 \u201cel se\u00f1or sabe moverse\u201d. Momentos antes, vi el video del candidato de Morena al que ubican en el puerto jarocho en el centro nocturno \u201cHavana\u201d, \u00a1moviendo el bote! Y s\u00ed, efectivamente, el Moreno no s\u00f3lo sabe bailar (conste, [&hellip;]<\/p>\n","protected":false},"author":2,"featured_media":0,"comment_status":"open","ping_status":"open","sticky":false,"template":"","format":"standard","meta":{"tdm_status":"","tdm_grid_status":"","footnotes":""},"categories":[70],"tags":[1563,1561,1026],"class_list":{"0":"post-23388","1":"post","2":"type-post","3":"status-publish","4":"format-standard","6":"category-de-opinion","7":"tag-cuitlahuac-garcia-jimenez","8":"tag-magno-garcimarrero-ochoa","9":"tag-morena"},"yoast_head":"<!-- This site is optimized with the Yoast SEO plugin v27.4 - https:\/\/yoast.com\/product\/yoast-seo-wordpress\/ -->\n<title>A mover el bote con Cuitl\u00e1huac - Los pol\u00edticos Veracruz<\/title>\n<meta name=\"robots\" content=\"index, follow, max-snippet:-1, max-image-preview:large, max-video-preview:-1\" \/>\n<link rel=\"canonical\" href=\"https:\/\/lospoliticosveracruz.com\/?p=23388\" \/>\n<meta property=\"og:locale\" content=\"es_ES\" \/>\n<meta property=\"og:type\" content=\"article\" \/>\n<meta property=\"og:title\" content=\"A mover el bote con Cuitl\u00e1huac - Los pol\u00edticos Veracruz\" \/>\n<meta property=\"og:description\" content=\"Salvador Mu\u00f1oz Los Pol\u00edticos Una reportera comenta que da su voto a Cuitl\u00e1huac si baila con ella\u2026 \u201cel se\u00f1or sabe moverse\u201d. Momentos antes, vi el video del candidato de Morena al que ubican en el puerto jarocho en el centro nocturno \u201cHavana\u201d, \u00a1moviendo el bote! Y s\u00ed, efectivamente, el Moreno no s\u00f3lo sabe bailar (conste, [&hellip;]\" \/>\n<meta property=\"og:url\" content=\"https:\/\/lospoliticosveracruz.com\/?p=23388\" \/>\n<meta property=\"og:site_name\" content=\"Los pol\u00edticos Veracruz\" \/>\n<meta property=\"article:publisher\" content=\"https:\/\/www.facebook.com\/people\/Notimemes-de-los-Polticos\/61565672886568\/\" \/>\n<meta property=\"article:published_time\" content=\"2016-05-24T01:40:36+00:00\" \/>\n<meta property=\"og:image\" content=\"https:\/\/lospoliticosveracruz.com\/wp-content\/uploads\/2016\/07\/Logo-Dor.jpg\" \/>\n\t<meta property=\"og:image:width\" content=\"200\" \/>\n\t<meta property=\"og:image:height\" content=\"200\" \/>\n\t<meta property=\"og:image:type\" content=\"image\/jpeg\" \/>\n<meta name=\"author\" content=\"Lo viste en Los Pol\u00edticos\" \/>\n<meta name=\"twitter:card\" content=\"summary_large_image\" \/>\n<meta name=\"twitter:creator\" content=\"@LosPoliticosVer\" \/>\n<meta name=\"twitter:site\" content=\"@LosPoliticosVer\" \/>\n<meta name=\"twitter:label1\" content=\"Escrito por\" \/>\n\t<meta name=\"twitter:data1\" content=\"Lo viste en Los Pol\u00edticos\" \/>\n\t<meta name=\"twitter:label2\" content=\"Tiempo de lectura\" \/>\n\t<meta name=\"twitter:data2\" content=\"4 minutos\" \/>\n<script type=\"application\/ld+json\" class=\"yoast-schema-graph\">{\"@context\":\"https:\\\/\\\/schema.org\",\"@graph\":[{\"@type\":\"Article\",\"@id\":\"https:\\\/\\\/lospoliticosveracruz.com\\\/?p=23388#article\",\"isPartOf\":{\"@id\":\"https:\\\/\\\/lospoliticosveracruz.com\\\/?p=23388\"},\"author\":{\"name\":\"Lo viste en Los Pol\u00edticos\",\"@id\":\"https:\\\/\\\/lospoliticosveracruz.com\\\/#\\\/schema\\\/person\\\/b8702bb0e538456e6efd07080bf2a4a2\"},\"headline\":\"A mover el bote con Cuitl\u00e1huac\",\"datePublished\":\"2016-05-24T01:40:36+00:00\",\"mainEntityOfPage\":{\"@id\":\"https:\\\/\\\/lospoliticosveracruz.com\\\/?p=23388\"},\"wordCount\":855,\"commentCount\":0,\"publisher\":{\"@id\":\"https:\\\/\\\/lospoliticosveracruz.com\\\/#organization\"},\"keywords\":[\"Cuitl\u00e1huac Garc\u00eda Jim\u00e9nez\",\"Magno Garcimarrero Ochoa\",\"Morena\"],\"articleSection\":[\"De Opini\u00f3n\"],\"inLanguage\":\"es\",\"potentialAction\":[{\"@type\":\"CommentAction\",\"name\":\"Comment\",\"target\":[\"https:\\\/\\\/lospoliticosveracruz.com\\\/?p=23388#respond\"]}]},{\"@type\":\"WebPage\",\"@id\":\"https:\\\/\\\/lospoliticosveracruz.com\\\/?p=23388\",\"url\":\"https:\\\/\\\/lospoliticosveracruz.com\\\/?p=23388\",\"name\":\"A mover el bote con Cuitl\u00e1huac - Los pol\u00edticos Veracruz\",\"isPartOf\":{\"@id\":\"https:\\\/\\\/lospoliticosveracruz.com\\\/#website\"},\"datePublished\":\"2016-05-24T01:40:36+00:00\",\"breadcrumb\":{\"@id\":\"https:\\\/\\\/lospoliticosveracruz.com\\\/?p=23388#breadcrumb\"},\"inLanguage\":\"es\",\"potentialAction\":[{\"@type\":\"ReadAction\",\"target\":[\"https:\\\/\\\/lospoliticosveracruz.com\\\/?p=23388\"]}]},{\"@type\":\"BreadcrumbList\",\"@id\":\"https:\\\/\\\/lospoliticosveracruz.com\\\/?p=23388#breadcrumb\",\"itemListElement\":[{\"@type\":\"ListItem\",\"position\":1,\"name\":\"Portada\",\"item\":\"https:\\\/\\\/lospoliticosveracruz.com\\\/\"},{\"@type\":\"ListItem\",\"position\":2,\"name\":\"A mover el bote con Cuitl\u00e1huac\"}]},{\"@type\":\"WebSite\",\"@id\":\"https:\\\/\\\/lospoliticosveracruz.com\\\/#website\",\"url\":\"https:\\\/\\\/lospoliticosveracruz.com\\\/\",\"name\":\"Los pol\u00edticos Veracruz\",\"description\":\"\",\"publisher\":{\"@id\":\"https:\\\/\\\/lospoliticosveracruz.com\\\/#organization\"},\"potentialAction\":[{\"@type\":\"SearchAction\",\"target\":{\"@type\":\"EntryPoint\",\"urlTemplate\":\"https:\\\/\\\/lospoliticosveracruz.com\\\/?s={search_term_string}\"},\"query-input\":{\"@type\":\"PropertyValueSpecification\",\"valueRequired\":true,\"valueName\":\"search_term_string\"}}],\"inLanguage\":\"es\"},{\"@type\":\"Organization\",\"@id\":\"https:\\\/\\\/lospoliticosveracruz.com\\\/#organization\",\"name\":\"Los pol\u00edticos Veracruz\",\"url\":\"https:\\\/\\\/lospoliticosveracruz.com\\\/\",\"logo\":{\"@type\":\"ImageObject\",\"inLanguage\":\"es\",\"@id\":\"https:\\\/\\\/lospoliticosveracruz.com\\\/#\\\/schema\\\/logo\\\/image\\\/\",\"url\":\"https:\\\/\\\/lospoliticosveracruz.com\\\/wp-content\\\/uploads\\\/2025\\\/12\\\/Logo-Nuevo-LOS-POLITICOS-1.jpg\",\"contentUrl\":\"https:\\\/\\\/lospoliticosveracruz.com\\\/wp-content\\\/uploads\\\/2025\\\/12\\\/Logo-Nuevo-LOS-POLITICOS-1.jpg\",\"width\":260,\"height\":70,\"caption\":\"Los pol\u00edticos Veracruz\"},\"image\":{\"@id\":\"https:\\\/\\\/lospoliticosveracruz.com\\\/#\\\/schema\\\/logo\\\/image\\\/\"},\"sameAs\":[\"https:\\\/\\\/www.facebook.com\\\/people\\\/Notimemes-de-los-Polticos\\\/61565672886568\\\/\",\"https:\\\/\\\/x.com\\\/LosPoliticosVer\"]},{\"@type\":\"Person\",\"@id\":\"https:\\\/\\\/lospoliticosveracruz.com\\\/#\\\/schema\\\/person\\\/b8702bb0e538456e6efd07080bf2a4a2\",\"name\":\"Lo viste en Los Pol\u00edticos\",\"image\":{\"@type\":\"ImageObject\",\"inLanguage\":\"es\",\"@id\":\"https:\\\/\\\/secure.gravatar.com\\\/avatar\\\/3a8de04a2656d44082be478bd6c086daa447c4651605818287b9532d3d0bd435?s=96&d=mm&r=g\",\"url\":\"https:\\\/\\\/secure.gravatar.com\\\/avatar\\\/3a8de04a2656d44082be478bd6c086daa447c4651605818287b9532d3d0bd435?s=96&d=mm&r=g\",\"contentUrl\":\"https:\\\/\\\/secure.gravatar.com\\\/avatar\\\/3a8de04a2656d44082be478bd6c086daa447c4651605818287b9532d3d0bd435?s=96&d=mm&r=g\",\"caption\":\"Lo viste en Los Pol\u00edticos\"},\"url\":\"https:\\\/\\\/lospoliticosveracruz.com\\\/?author=2\"}]}<\/script>\n<!-- \/ Yoast SEO plugin. -->","yoast_head_json":{"title":"A mover el bote con Cuitl\u00e1huac - Los pol\u00edticos Veracruz","robots":{"index":"index","follow":"follow","max-snippet":"max-snippet:-1","max-image-preview":"max-image-preview:large","max-video-preview":"max-video-preview:-1"},"canonical":"https:\/\/lospoliticosveracruz.com\/?p=23388","og_locale":"es_ES","og_type":"article","og_title":"A mover el bote con Cuitl\u00e1huac - Los pol\u00edticos Veracruz","og_description":"Salvador Mu\u00f1oz Los Pol\u00edticos Una reportera comenta que da su voto a Cuitl\u00e1huac si baila con ella\u2026 \u201cel se\u00f1or sabe moverse\u201d. Momentos antes, vi el video del candidato de Morena al que ubican en el puerto jarocho en el centro nocturno \u201cHavana\u201d, \u00a1moviendo el bote! Y s\u00ed, efectivamente, el Moreno no s\u00f3lo sabe bailar (conste, [&hellip;]","og_url":"https:\/\/lospoliticosveracruz.com\/?p=23388","og_site_name":"Los pol\u00edticos Veracruz","article_publisher":"https:\/\/www.facebook.com\/people\/Notimemes-de-los-Polticos\/61565672886568\/","article_published_time":"2016-05-24T01:40:36+00:00","og_image":[{"width":200,"height":200,"url":"https:\/\/lospoliticosveracruz.com\/wp-content\/uploads\/2016\/07\/Logo-Dor.jpg","type":"image\/jpeg"}],"author":"Lo viste en Los Pol\u00edticos","twitter_card":"summary_large_image","twitter_creator":"@LosPoliticosVer","twitter_site":"@LosPoliticosVer","twitter_misc":{"Escrito por":"Lo viste en Los Pol\u00edticos","Tiempo de lectura":"4 minutos"},"schema":{"@context":"https:\/\/schema.org","@graph":[{"@type":"Article","@id":"https:\/\/lospoliticosveracruz.com\/?p=23388#article","isPartOf":{"@id":"https:\/\/lospoliticosveracruz.com\/?p=23388"},"author":{"name":"Lo viste en Los Pol\u00edticos","@id":"https:\/\/lospoliticosveracruz.com\/#\/schema\/person\/b8702bb0e538456e6efd07080bf2a4a2"},"headline":"A mover el bote con Cuitl\u00e1huac","datePublished":"2016-05-24T01:40:36+00:00","mainEntityOfPage":{"@id":"https:\/\/lospoliticosveracruz.com\/?p=23388"},"wordCount":855,"commentCount":0,"publisher":{"@id":"https:\/\/lospoliticosveracruz.com\/#organization"},"keywords":["Cuitl\u00e1huac Garc\u00eda Jim\u00e9nez","Magno Garcimarrero Ochoa","Morena"],"articleSection":["De Opini\u00f3n"],"inLanguage":"es","potentialAction":[{"@type":"CommentAction","name":"Comment","target":["https:\/\/lospoliticosveracruz.com\/?p=23388#respond"]}]},{"@type":"WebPage","@id":"https:\/\/lospoliticosveracruz.com\/?p=23388","url":"https:\/\/lospoliticosveracruz.com\/?p=23388","name":"A mover el bote con Cuitl\u00e1huac - Los pol\u00edticos Veracruz","isPartOf":{"@id":"https:\/\/lospoliticosveracruz.com\/#website"},"datePublished":"2016-05-24T01:40:36+00:00","breadcrumb":{"@id":"https:\/\/lospoliticosveracruz.com\/?p=23388#breadcrumb"},"inLanguage":"es","potentialAction":[{"@type":"ReadAction","target":["https:\/\/lospoliticosveracruz.com\/?p=23388"]}]},{"@type":"BreadcrumbList","@id":"https:\/\/lospoliticosveracruz.com\/?p=23388#breadcrumb","itemListElement":[{"@type":"ListItem","position":1,"name":"Portada","item":"https:\/\/lospoliticosveracruz.com\/"},{"@type":"ListItem","position":2,"name":"A mover el bote con Cuitl\u00e1huac"}]},{"@type":"WebSite","@id":"https:\/\/lospoliticosveracruz.com\/#website","url":"https:\/\/lospoliticosveracruz.com\/","name":"Los pol\u00edticos Veracruz","description":"","publisher":{"@id":"https:\/\/lospoliticosveracruz.com\/#organization"},"potentialAction":[{"@type":"SearchAction","target":{"@type":"EntryPoint","urlTemplate":"https:\/\/lospoliticosveracruz.com\/?s={search_term_string}"},"query-input":{"@type":"PropertyValueSpecification","valueRequired":true,"valueName":"search_term_string"}}],"inLanguage":"es"},{"@type":"Organization","@id":"https:\/\/lospoliticosveracruz.com\/#organization","name":"Los pol\u00edticos Veracruz","url":"https:\/\/lospoliticosveracruz.com\/","logo":{"@type":"ImageObject","inLanguage":"es","@id":"https:\/\/lospoliticosveracruz.com\/#\/schema\/logo\/image\/","url":"https:\/\/lospoliticosveracruz.com\/wp-content\/uploads\/2025\/12\/Logo-Nuevo-LOS-POLITICOS-1.jpg","contentUrl":"https:\/\/lospoliticosveracruz.com\/wp-content\/uploads\/2025\/12\/Logo-Nuevo-LOS-POLITICOS-1.jpg","width":260,"height":70,"caption":"Los pol\u00edticos Veracruz"},"image":{"@id":"https:\/\/lospoliticosveracruz.com\/#\/schema\/logo\/image\/"},"sameAs":["https:\/\/www.facebook.com\/people\/Notimemes-de-los-Polticos\/61565672886568\/","https:\/\/x.com\/LosPoliticosVer"]},{"@type":"Person","@id":"https:\/\/lospoliticosveracruz.com\/#\/schema\/person\/b8702bb0e538456e6efd07080bf2a4a2","name":"Lo viste en Los Pol\u00edticos","image":{"@type":"ImageObject","inLanguage":"es","@id":"https:\/\/secure.gravatar.com\/avatar\/3a8de04a2656d44082be478bd6c086daa447c4651605818287b9532d3d0bd435?s=96&d=mm&r=g","url":"https:\/\/secure.gravatar.com\/avatar\/3a8de04a2656d44082be478bd6c086daa447c4651605818287b9532d3d0bd435?s=96&d=mm&r=g","contentUrl":"https:\/\/secure.gravatar.com\/avatar\/3a8de04a2656d44082be478bd6c086daa447c4651605818287b9532d3d0bd435?s=96&d=mm&r=g","caption":"Lo viste en Los Pol\u00edticos"},"url":"https:\/\/lospoliticosveracruz.com\/?author=2"}]}},"_links":{"self":[{"href":"https:\/\/lospoliticosveracruz.com\/index.php?rest_route=\/wp\/v2\/posts\/23388","targetHints":{"allow":["GET"]}}],"collection":[{"href":"https:\/\/lospoliticosveracruz.com\/index.php?rest_route=\/wp\/v2\/posts"}],"about":[{"href":"https:\/\/lospoliticosveracruz.com\/index.php?rest_route=\/wp\/v2\/types\/post"}],"author":[{"embeddable":true,"href":"https:\/\/lospoliticosveracruz.com\/index.php?rest_route=\/wp\/v2\/users\/2"}],"replies":[{"embeddable":true,"href":"https:\/\/lospoliticosveracruz.com\/index.php?rest_route=%2Fwp%2Fv2%2Fcomments&post=23388"}],"version-history":[{"count":1,"href":"https:\/\/lospoliticosveracruz.com\/index.php?rest_route=\/wp\/v2\/posts\/23388\/revisions"}],"predecessor-version":[{"id":23390,"href":"https:\/\/lospoliticosveracruz.com\/index.php?rest_route=\/wp\/v2\/posts\/23388\/revisions\/23390"}],"wp:attachment":[{"href":"https:\/\/lospoliticosveracruz.com\/index.php?rest_route=%2Fwp%2Fv2%2Fmedia&parent=23388"}],"wp:term":[{"taxonomy":"category","embeddable":true,"href":"https:\/\/lospoliticosveracruz.com\/index.php?rest_route=%2Fwp%2Fv2%2Fcategories&post=23388"},{"taxonomy":"post_tag","embeddable":true,"href":"https:\/\/lospoliticosveracruz.com\/index.php?rest_route=%2Fwp%2Fv2%2Ftags&post=23388"}],"curies":[{"name":"wp","href":"https:\/\/api.w.org\/{rel}","templated":true}]}}