{"id":23394,"date":"2016-05-24T22:00:01","date_gmt":"2016-05-25T03:00:01","guid":{"rendered":"http:\/\/www.lospoliticosveracruz.com.mx\/?p=23394"},"modified":"2016-05-24T22:00:01","modified_gmt":"2016-05-25T03:00:01","slug":"las-virulentas-campanas-negras","status":"publish","type":"post","link":"https:\/\/lospoliticosveracruz.com\/?p=23394","title":{"rendered":"Las virulentas campa\u00f1as negras"},"content":{"rendered":"<p><a href=\"http:\/\/www.lospoliticosveracruz.com.mx\/wp-content\/uploads\/2016\/05\/Campa\u00f1a-negra.jpeg\"><img loading=\"lazy\" decoding=\"async\" class=\"alignnone size-medium wp-image-23395\" src=\"http:\/\/www.lospoliticosveracruz.com.mx\/wp-content\/uploads\/2016\/05\/Campa\u00f1a-negra-300x215.jpeg\" alt=\"Campa\u00f1a negra\" width=\"300\" height=\"215\" \/><\/a><\/p>\n<p><strong>Luis Alberto Romero<\/strong><\/p>\n<p><em>Hora Cero<\/em><\/p>\n<p>Si por algo se ha caracterizado el presente proceso electoral veracruzano es por una virulenta campa\u00f1a negra que ha tenido como principal destinatario al candidato de la alianza PAN-PRD, Miguel \u00c1ngel Yunes Linares; por las acusaciones por la corrupci\u00f3n gubernamental; y por un fuerte problema de inseguridad y violencia que se ha extendido a todas las regiones de la entidad y que amenaza con ahuyentar a los votantes de las urnas el pr\u00f3ximo domingo 5 de junio.<\/p>\n<p>Durante la campa\u00f1a, los esc\u00e1ndalos han rodeado a dos figuras de la clase pol\u00edtica estatal, el abanderado panista y el gobernador Javier Duarte, quien, aunque no participa en la contienda, se termin\u00f3 por convertir en el lastre del barco priista.<\/p>\n<p>Cada semana, los medios informativos nacionales y estatales han dado cuenta de todo tipo de se\u00f1alamientos y acusaciones contra Yunes Linares. A estas alturas ya resulta innecesario enlistar todas las conductas il\u00edcitas que le han atribuido al abanderado de la alianza \u201cPara Rescatar Veracruz\u201d. De igual manera, las redes sociales se convirtieron en el ring de lodo donde se libran las batallas m\u00e1s desgastantes.<\/p>\n<p>Por su parte, mucho antes del arranque de la campa\u00f1a, Miguel \u00c1ngel Yunes ya hab\u00eda afilado sus cuchillos para intentar ganar los puntos que le faltaron en el proceso de 2010; en esta contienda, el panista no dirigi\u00f3 sus dardos contra el candidato del PRI, H\u00e9ctor Yunes Landa, a quien muy poco ha criticado, sino que se concentr\u00f3 en el desgaste del actual ejecutivo del estado, sabedor de que cada punto negativo del gobernador repercutir\u00eda en el PRI.<\/p>\n<p>Toda la cr\u00edtica del panista se dirigi\u00f3 a Javier Duarte; de hecho, si Morena no hubiera crecido tanto, a estas alturas del proceso, la elecci\u00f3n ya estar\u00eda definida para el lado azul.<\/p>\n<p>En ese contexto, resulta parad\u00f3jico que la participaci\u00f3n de Morena en la elecci\u00f3n veracruzana haya representado ox\u00edgeno puro para el PRI, sobre todo por la divisi\u00f3n del voto opositor.<\/p>\n<p>As\u00ed las cosas, por acuerdo o pacto; como parte de la estrategia priista; o simplemente de rebote, el PRI ha sido uno de los beneficiarios del crecimiento de Morena.<\/p>\n<p><strong>Violencia, el marco de las elecciones en Veracruz<\/strong><\/p>\n<p>Desde la zona norte llega a mi correo una observaci\u00f3n sobre los problemas de inseguridad y violencia que se registran en Veracruz.<\/p>\n<p>El mensaje, muy breve, retoma los recientes hechos registrados en la iglesia Santa Rita, del puerto de Veracruz; y en el antro \u201cMadame\u201d, de Xalapa; nos dicen que en Poza Rica, \u201cmurieron m\u00e1s que todos esos\u2026 la semana pasada\u201d.<\/p>\n<p>En efecto, murieron m\u00e1s; y muy limitada fue la cobertura de los medios informativos, que no dieron espacios a los levantones y homicidios registrados en el lugar.<\/p>\n<p>Consultado al respecto, un reportero de esa regi\u00f3n nos dice que en dos semanas, diez personas fueron asesinadas en Poza Rica, donde tambi\u00e9n se registraron siete plagios.<\/p>\n<p>Aclara que despu\u00e9s del homicidio del periodista Manuel Torres, se reforz\u00f3 la presencia policiaca, por lo que los hechos violentos bajaron de forma significativa.<\/p>\n<p>Desafortunadamente, los problemas que se registran en Poza Rica en materia delictiva, tambi\u00e9n se observan en otras regiones, como la Huasteca Alta, Xalapa y las zonas centro y sur de la entidad.<\/p>\n<p>Ese es el marco que rodea al presente proceso electoral veracruzano, tan contaminado por la guerra sucia entre los candidatos; por la ola de violencia que se ha extendido a diversas regiones del estado; y por los esc\u00e1ndalos de corrupci\u00f3n gubernamental.<\/p>\n<p><strong>Xalapa, sociedad en shock<\/strong><\/p>\n<p>Este martes, el alcalde Am\u00e9rico Z\u00fa\u00f1iga Mart\u00ednez fue entrevistado por Adela Micha en el programa Imagen Radio, sobre el ataque que se registr\u00f3 en Xalapa la madrugada del domingo, en que cinco j\u00f3venes perdieron la vida.<\/p>\n<p>Dijo que la ciudad se encontraba muy sorprendida por este hecho y reiter\u00f3 su llamado a la Secretar\u00eda de Seguridad P\u00fablica, para reforzar las acciones nocturnas de vigilancia.<\/p>\n<p>La periodista pregunt\u00f3 sobre los \u00edndices de violencia en la ciudad o si este tipo de hechos eran comunes; Z\u00fa\u00f1iga Mart\u00ednez contest\u00f3: \u201ces lo que a nosotros nos sorprende. Xalapa es una de las capitales estatales con \u00edndices delictivos bajos. No se hab\u00edan dado este tipo de cuestiones y menos una masacre como la que se dio.<\/p>\n<p>\u201cEntiendo que las investigaciones llevan su curso, pero todos los xalape\u00f1os estamos realmente sorprendidos, la sociedad est\u00e1 en shock, exige y por eso yo tambi\u00e9n lo hago; me sumo a esta exigencia, a que se esclarezcan los hechos, a tomar cartas en el asunto, que se pueda contar adem\u00e1s con el respaldo del Gobierno Federal para que podamos tener m\u00e1s vigilancia.<\/p>\n<p>El alcalde xalape\u00f1o ha sorteado bien esta crisis. Primero estuvo al tanto de los hechos desde el primer momento, coordin\u00e1ndose con las autoridades encargadas del ramo; luego mostr\u00f3 su indignaci\u00f3n, pues no era para menos: y ahora se encuentra exigiendo justicia y resultados.<\/p>\n<p>El Ayuntamiento hace su parte, lo mismo gestionando recursos de la federaci\u00f3n para prevenci\u00f3n del delito \u2013este a\u00f1o Xalapa cuenta con m\u00e1s de 31 millones de pesos para esta materia\u2013 que recibiendo ambulancias en donaci\u00f3n de la ciudad hermana de Omaha, Nebraska, en Estados Unidos, como lo hizo el alcalde este martes en viaje fast track, de ida y vuelta r\u00e1pida. @luisromero85<\/p>\n","protected":false},"excerpt":{"rendered":"<p>Luis Alberto Romero Hora Cero Si por algo se ha caracterizado el presente proceso electoral veracruzano es por una virulenta campa\u00f1a negra que ha tenido como principal destinatario al candidato de la alianza PAN-PRD, Miguel \u00c1ngel Yunes Linares; por las acusaciones por la corrupci\u00f3n gubernamental; y por un fuerte problema de inseguridad y violencia que [&hellip;]<\/p>\n","protected":false},"author":2,"featured_media":0,"comment_status":"open","ping_status":"open","sticky":false,"template":"","format":"standard","meta":{"tdm_status":"","tdm_grid_status":"","footnotes":""},"categories":[70],"tags":[5410,428,195],"class_list":{"0":"post-23394","1":"post","2":"type-post","3":"status-publish","4":"format-standard","6":"category-de-opinion","7":"tag-madame","8":"tag-miguel-angel-yunes-linares","9":"tag-veracruz"},"yoast_head":"<!-- This site is optimized with the Yoast SEO plugin v27.4 - https:\/\/yoast.com\/product\/yoast-seo-wordpress\/ -->\n<title>Las virulentas campa\u00f1as negras - Los pol\u00edticos Veracruz<\/title>\n<meta name=\"robots\" content=\"index, follow, max-snippet:-1, max-image-preview:large, max-video-preview:-1\" \/>\n<link rel=\"canonical\" href=\"https:\/\/lospoliticosveracruz.com\/?p=23394\" \/>\n<meta property=\"og:locale\" content=\"es_ES\" \/>\n<meta property=\"og:type\" content=\"article\" \/>\n<meta property=\"og:title\" content=\"Las virulentas campa\u00f1as negras - Los pol\u00edticos Veracruz\" \/>\n<meta property=\"og:description\" content=\"Luis Alberto Romero Hora Cero Si por algo se ha caracterizado el presente proceso electoral veracruzano es por una virulenta campa\u00f1a negra que ha tenido como principal destinatario al candidato de la alianza PAN-PRD, Miguel \u00c1ngel Yunes Linares; por las acusaciones por la corrupci\u00f3n gubernamental; y por un fuerte problema de inseguridad y violencia que [&hellip;]\" \/>\n<meta property=\"og:url\" content=\"https:\/\/lospoliticosveracruz.com\/?p=23394\" \/>\n<meta property=\"og:site_name\" content=\"Los pol\u00edticos Veracruz\" \/>\n<meta property=\"article:publisher\" content=\"https:\/\/www.facebook.com\/people\/Notimemes-de-los-Polticos\/61565672886568\/\" \/>\n<meta property=\"article:published_time\" content=\"2016-05-25T03:00:01+00:00\" \/>\n<meta property=\"og:image\" content=\"https:\/\/lospoliticosveracruz.com\/wp-content\/uploads\/2016\/07\/Logo-Dor.jpg\" \/>\n\t<meta property=\"og:image:width\" content=\"200\" \/>\n\t<meta property=\"og:image:height\" content=\"200\" \/>\n\t<meta property=\"og:image:type\" content=\"image\/jpeg\" \/>\n<meta name=\"author\" content=\"Lo viste en Los Pol\u00edticos\" \/>\n<meta name=\"twitter:card\" content=\"summary_large_image\" \/>\n<meta name=\"twitter:creator\" content=\"@LosPoliticosVer\" \/>\n<meta name=\"twitter:site\" content=\"@LosPoliticosVer\" \/>\n<meta name=\"twitter:label1\" content=\"Escrito por\" \/>\n\t<meta name=\"twitter:data1\" content=\"Lo viste en Los Pol\u00edticos\" \/>\n\t<meta name=\"twitter:label2\" content=\"Tiempo de lectura\" \/>\n\t<meta name=\"twitter:data2\" content=\"5 minutos\" \/>\n<script type=\"application\/ld+json\" class=\"yoast-schema-graph\">{\"@context\":\"https:\\\/\\\/schema.org\",\"@graph\":[{\"@type\":\"Article\",\"@id\":\"https:\\\/\\\/lospoliticosveracruz.com\\\/?p=23394#article\",\"isPartOf\":{\"@id\":\"https:\\\/\\\/lospoliticosveracruz.com\\\/?p=23394\"},\"author\":{\"name\":\"Lo viste en Los Pol\u00edticos\",\"@id\":\"https:\\\/\\\/lospoliticosveracruz.com\\\/#\\\/schema\\\/person\\\/b8702bb0e538456e6efd07080bf2a4a2\"},\"headline\":\"Las virulentas campa\u00f1as negras\",\"datePublished\":\"2016-05-25T03:00:01+00:00\",\"mainEntityOfPage\":{\"@id\":\"https:\\\/\\\/lospoliticosveracruz.com\\\/?p=23394\"},\"wordCount\":919,\"commentCount\":0,\"publisher\":{\"@id\":\"https:\\\/\\\/lospoliticosveracruz.com\\\/#organization\"},\"keywords\":[\"Madame\",\"Miguel Angel Yunes Linares\",\"Veracruz\"],\"articleSection\":[\"De Opini\u00f3n\"],\"inLanguage\":\"es\",\"potentialAction\":[{\"@type\":\"CommentAction\",\"name\":\"Comment\",\"target\":[\"https:\\\/\\\/lospoliticosveracruz.com\\\/?p=23394#respond\"]}]},{\"@type\":\"WebPage\",\"@id\":\"https:\\\/\\\/lospoliticosveracruz.com\\\/?p=23394\",\"url\":\"https:\\\/\\\/lospoliticosveracruz.com\\\/?p=23394\",\"name\":\"Las virulentas campa\u00f1as negras - Los pol\u00edticos Veracruz\",\"isPartOf\":{\"@id\":\"https:\\\/\\\/lospoliticosveracruz.com\\\/#website\"},\"datePublished\":\"2016-05-25T03:00:01+00:00\",\"breadcrumb\":{\"@id\":\"https:\\\/\\\/lospoliticosveracruz.com\\\/?p=23394#breadcrumb\"},\"inLanguage\":\"es\",\"potentialAction\":[{\"@type\":\"ReadAction\",\"target\":[\"https:\\\/\\\/lospoliticosveracruz.com\\\/?p=23394\"]}]},{\"@type\":\"BreadcrumbList\",\"@id\":\"https:\\\/\\\/lospoliticosveracruz.com\\\/?p=23394#breadcrumb\",\"itemListElement\":[{\"@type\":\"ListItem\",\"position\":1,\"name\":\"Portada\",\"item\":\"https:\\\/\\\/lospoliticosveracruz.com\\\/\"},{\"@type\":\"ListItem\",\"position\":2,\"name\":\"Las virulentas campa\u00f1as negras\"}]},{\"@type\":\"WebSite\",\"@id\":\"https:\\\/\\\/lospoliticosveracruz.com\\\/#website\",\"url\":\"https:\\\/\\\/lospoliticosveracruz.com\\\/\",\"name\":\"Los pol\u00edticos Veracruz\",\"description\":\"\",\"publisher\":{\"@id\":\"https:\\\/\\\/lospoliticosveracruz.com\\\/#organization\"},\"potentialAction\":[{\"@type\":\"SearchAction\",\"target\":{\"@type\":\"EntryPoint\",\"urlTemplate\":\"https:\\\/\\\/lospoliticosveracruz.com\\\/?s={search_term_string}\"},\"query-input\":{\"@type\":\"PropertyValueSpecification\",\"valueRequired\":true,\"valueName\":\"search_term_string\"}}],\"inLanguage\":\"es\"},{\"@type\":\"Organization\",\"@id\":\"https:\\\/\\\/lospoliticosveracruz.com\\\/#organization\",\"name\":\"Los pol\u00edticos Veracruz\",\"url\":\"https:\\\/\\\/lospoliticosveracruz.com\\\/\",\"logo\":{\"@type\":\"ImageObject\",\"inLanguage\":\"es\",\"@id\":\"https:\\\/\\\/lospoliticosveracruz.com\\\/#\\\/schema\\\/logo\\\/image\\\/\",\"url\":\"https:\\\/\\\/lospoliticosveracruz.com\\\/wp-content\\\/uploads\\\/2025\\\/12\\\/Logo-Nuevo-LOS-POLITICOS-1.jpg\",\"contentUrl\":\"https:\\\/\\\/lospoliticosveracruz.com\\\/wp-content\\\/uploads\\\/2025\\\/12\\\/Logo-Nuevo-LOS-POLITICOS-1.jpg\",\"width\":260,\"height\":70,\"caption\":\"Los pol\u00edticos Veracruz\"},\"image\":{\"@id\":\"https:\\\/\\\/lospoliticosveracruz.com\\\/#\\\/schema\\\/logo\\\/image\\\/\"},\"sameAs\":[\"https:\\\/\\\/www.facebook.com\\\/people\\\/Notimemes-de-los-Polticos\\\/61565672886568\\\/\",\"https:\\\/\\\/x.com\\\/LosPoliticosVer\"]},{\"@type\":\"Person\",\"@id\":\"https:\\\/\\\/lospoliticosveracruz.com\\\/#\\\/schema\\\/person\\\/b8702bb0e538456e6efd07080bf2a4a2\",\"name\":\"Lo viste en Los Pol\u00edticos\",\"image\":{\"@type\":\"ImageObject\",\"inLanguage\":\"es\",\"@id\":\"https:\\\/\\\/secure.gravatar.com\\\/avatar\\\/3a8de04a2656d44082be478bd6c086daa447c4651605818287b9532d3d0bd435?s=96&d=mm&r=g\",\"url\":\"https:\\\/\\\/secure.gravatar.com\\\/avatar\\\/3a8de04a2656d44082be478bd6c086daa447c4651605818287b9532d3d0bd435?s=96&d=mm&r=g\",\"contentUrl\":\"https:\\\/\\\/secure.gravatar.com\\\/avatar\\\/3a8de04a2656d44082be478bd6c086daa447c4651605818287b9532d3d0bd435?s=96&d=mm&r=g\",\"caption\":\"Lo viste en Los Pol\u00edticos\"},\"url\":\"https:\\\/\\\/lospoliticosveracruz.com\\\/?author=2\"}]}<\/script>\n<!-- \/ Yoast SEO plugin. -->","yoast_head_json":{"title":"Las virulentas campa\u00f1as negras - Los pol\u00edticos Veracruz","robots":{"index":"index","follow":"follow","max-snippet":"max-snippet:-1","max-image-preview":"max-image-preview:large","max-video-preview":"max-video-preview:-1"},"canonical":"https:\/\/lospoliticosveracruz.com\/?p=23394","og_locale":"es_ES","og_type":"article","og_title":"Las virulentas campa\u00f1as negras - Los pol\u00edticos Veracruz","og_description":"Luis Alberto Romero Hora Cero Si por algo se ha caracterizado el presente proceso electoral veracruzano es por una virulenta campa\u00f1a negra que ha tenido como principal destinatario al candidato de la alianza PAN-PRD, Miguel \u00c1ngel Yunes Linares; por las acusaciones por la corrupci\u00f3n gubernamental; y por un fuerte problema de inseguridad y violencia que [&hellip;]","og_url":"https:\/\/lospoliticosveracruz.com\/?p=23394","og_site_name":"Los pol\u00edticos Veracruz","article_publisher":"https:\/\/www.facebook.com\/people\/Notimemes-de-los-Polticos\/61565672886568\/","article_published_time":"2016-05-25T03:00:01+00:00","og_image":[{"width":200,"height":200,"url":"https:\/\/lospoliticosveracruz.com\/wp-content\/uploads\/2016\/07\/Logo-Dor.jpg","type":"image\/jpeg"}],"author":"Lo viste en Los Pol\u00edticos","twitter_card":"summary_large_image","twitter_creator":"@LosPoliticosVer","twitter_site":"@LosPoliticosVer","twitter_misc":{"Escrito por":"Lo viste en Los Pol\u00edticos","Tiempo de lectura":"5 minutos"},"schema":{"@context":"https:\/\/schema.org","@graph":[{"@type":"Article","@id":"https:\/\/lospoliticosveracruz.com\/?p=23394#article","isPartOf":{"@id":"https:\/\/lospoliticosveracruz.com\/?p=23394"},"author":{"name":"Lo viste en Los Pol\u00edticos","@id":"https:\/\/lospoliticosveracruz.com\/#\/schema\/person\/b8702bb0e538456e6efd07080bf2a4a2"},"headline":"Las virulentas campa\u00f1as negras","datePublished":"2016-05-25T03:00:01+00:00","mainEntityOfPage":{"@id":"https:\/\/lospoliticosveracruz.com\/?p=23394"},"wordCount":919,"commentCount":0,"publisher":{"@id":"https:\/\/lospoliticosveracruz.com\/#organization"},"keywords":["Madame","Miguel Angel Yunes Linares","Veracruz"],"articleSection":["De Opini\u00f3n"],"inLanguage":"es","potentialAction":[{"@type":"CommentAction","name":"Comment","target":["https:\/\/lospoliticosveracruz.com\/?p=23394#respond"]}]},{"@type":"WebPage","@id":"https:\/\/lospoliticosveracruz.com\/?p=23394","url":"https:\/\/lospoliticosveracruz.com\/?p=23394","name":"Las virulentas campa\u00f1as negras - Los pol\u00edticos Veracruz","isPartOf":{"@id":"https:\/\/lospoliticosveracruz.com\/#website"},"datePublished":"2016-05-25T03:00:01+00:00","breadcrumb":{"@id":"https:\/\/lospoliticosveracruz.com\/?p=23394#breadcrumb"},"inLanguage":"es","potentialAction":[{"@type":"ReadAction","target":["https:\/\/lospoliticosveracruz.com\/?p=23394"]}]},{"@type":"BreadcrumbList","@id":"https:\/\/lospoliticosveracruz.com\/?p=23394#breadcrumb","itemListElement":[{"@type":"ListItem","position":1,"name":"Portada","item":"https:\/\/lospoliticosveracruz.com\/"},{"@type":"ListItem","position":2,"name":"Las virulentas campa\u00f1as negras"}]},{"@type":"WebSite","@id":"https:\/\/lospoliticosveracruz.com\/#website","url":"https:\/\/lospoliticosveracruz.com\/","name":"Los pol\u00edticos Veracruz","description":"","publisher":{"@id":"https:\/\/lospoliticosveracruz.com\/#organization"},"potentialAction":[{"@type":"SearchAction","target":{"@type":"EntryPoint","urlTemplate":"https:\/\/lospoliticosveracruz.com\/?s={search_term_string}"},"query-input":{"@type":"PropertyValueSpecification","valueRequired":true,"valueName":"search_term_string"}}],"inLanguage":"es"},{"@type":"Organization","@id":"https:\/\/lospoliticosveracruz.com\/#organization","name":"Los pol\u00edticos Veracruz","url":"https:\/\/lospoliticosveracruz.com\/","logo":{"@type":"ImageObject","inLanguage":"es","@id":"https:\/\/lospoliticosveracruz.com\/#\/schema\/logo\/image\/","url":"https:\/\/lospoliticosveracruz.com\/wp-content\/uploads\/2025\/12\/Logo-Nuevo-LOS-POLITICOS-1.jpg","contentUrl":"https:\/\/lospoliticosveracruz.com\/wp-content\/uploads\/2025\/12\/Logo-Nuevo-LOS-POLITICOS-1.jpg","width":260,"height":70,"caption":"Los pol\u00edticos Veracruz"},"image":{"@id":"https:\/\/lospoliticosveracruz.com\/#\/schema\/logo\/image\/"},"sameAs":["https:\/\/www.facebook.com\/people\/Notimemes-de-los-Polticos\/61565672886568\/","https:\/\/x.com\/LosPoliticosVer"]},{"@type":"Person","@id":"https:\/\/lospoliticosveracruz.com\/#\/schema\/person\/b8702bb0e538456e6efd07080bf2a4a2","name":"Lo viste en Los Pol\u00edticos","image":{"@type":"ImageObject","inLanguage":"es","@id":"https:\/\/secure.gravatar.com\/avatar\/3a8de04a2656d44082be478bd6c086daa447c4651605818287b9532d3d0bd435?s=96&d=mm&r=g","url":"https:\/\/secure.gravatar.com\/avatar\/3a8de04a2656d44082be478bd6c086daa447c4651605818287b9532d3d0bd435?s=96&d=mm&r=g","contentUrl":"https:\/\/secure.gravatar.com\/avatar\/3a8de04a2656d44082be478bd6c086daa447c4651605818287b9532d3d0bd435?s=96&d=mm&r=g","caption":"Lo viste en Los Pol\u00edticos"},"url":"https:\/\/lospoliticosveracruz.com\/?author=2"}]}},"_links":{"self":[{"href":"https:\/\/lospoliticosveracruz.com\/index.php?rest_route=\/wp\/v2\/posts\/23394","targetHints":{"allow":["GET"]}}],"collection":[{"href":"https:\/\/lospoliticosveracruz.com\/index.php?rest_route=\/wp\/v2\/posts"}],"about":[{"href":"https:\/\/lospoliticosveracruz.com\/index.php?rest_route=\/wp\/v2\/types\/post"}],"author":[{"embeddable":true,"href":"https:\/\/lospoliticosveracruz.com\/index.php?rest_route=\/wp\/v2\/users\/2"}],"replies":[{"embeddable":true,"href":"https:\/\/lospoliticosveracruz.com\/index.php?rest_route=%2Fwp%2Fv2%2Fcomments&post=23394"}],"version-history":[{"count":1,"href":"https:\/\/lospoliticosveracruz.com\/index.php?rest_route=\/wp\/v2\/posts\/23394\/revisions"}],"predecessor-version":[{"id":23396,"href":"https:\/\/lospoliticosveracruz.com\/index.php?rest_route=\/wp\/v2\/posts\/23394\/revisions\/23396"}],"wp:attachment":[{"href":"https:\/\/lospoliticosveracruz.com\/index.php?rest_route=%2Fwp%2Fv2%2Fmedia&parent=23394"}],"wp:term":[{"taxonomy":"category","embeddable":true,"href":"https:\/\/lospoliticosveracruz.com\/index.php?rest_route=%2Fwp%2Fv2%2Fcategories&post=23394"},{"taxonomy":"post_tag","embeddable":true,"href":"https:\/\/lospoliticosveracruz.com\/index.php?rest_route=%2Fwp%2Fv2%2Ftags&post=23394"}],"curies":[{"name":"wp","href":"https:\/\/api.w.org\/{rel}","templated":true}]}}