{"id":23405,"date":"2016-05-25T08:52:14","date_gmt":"2016-05-25T13:52:14","guid":{"rendered":"http:\/\/www.lospoliticosveracruz.com.mx\/?p=23405"},"modified":"2016-05-25T08:52:14","modified_gmt":"2016-05-25T13:52:14","slug":"foro-de-comunicacion-2016-voz-a-periodistas","status":"publish","type":"post","link":"https:\/\/lospoliticosveracruz.com\/?p=23405","title":{"rendered":"Foro de Comunicaci\u00f3n 2016, voz a periodistas"},"content":{"rendered":"<p><a href=\"http:\/\/www.lospoliticosveracruz.com.mx\/wp-content\/uploads\/2016\/05\/Foro-de-Comunicaci\u00f3n-Veracruz-2016.jpg\"><img loading=\"lazy\" decoding=\"async\" class=\"alignnone size-medium wp-image-23406\" src=\"http:\/\/www.lospoliticosveracruz.com.mx\/wp-content\/uploads\/2016\/05\/Foro-de-Comunicaci\u00f3n-Veracruz-2016-300x111.jpg\" alt=\"Foro de Comunicaci\u00f3n Veracruz 2016\" width=\"300\" height=\"111\" \/><\/a><\/p>\n<p><strong>Sughey Guti\u00e9rrez Hern\u00e1ndez<\/strong><\/p>\n<p><em>Caminos de Veracruz\u2026 Desde la campa\u00f1a<\/em><\/p>\n<p>El pr\u00f3ximo viernes 27 de mayo a las 10 de la ma\u00f1ana en el hotel Diligencias de la ciudad de Veracruz se llevar\u00e1 a cabo el Foro de Comunicaci\u00f3n Veracruz 2016, a trav\u00e9s del cual el candidato a gobernador de la Coalici\u00f3n para Mejorar Veracruz, H\u00e9ctor Yunes Landa quiere que los periodistas de todo el estado expresen sus necesidades, propuestas e ideas para construir entre todos un nuevo Veracruz.<br \/>\n\u00bfQu\u00e9 tiene de extraordinario dicho foro? Mucho. M\u00e9xico encabeza la lista de los pa\u00edses m\u00e1s peligrosos para el ejercicio period\u00edstico de Am\u00e9rica Latina, seguido de Colombia, Brasil y Honduras, seg\u00fan la organizaci\u00f3n francesa Reporteros Sin Fronteras (RSF) y dentro de M\u00e9xico, Veracruz es una de las entidades m\u00e1s violentas y peligrosas para el ejercicio de la libre expresi\u00f3n junto con Tamaulipas y Chihuahua.<br \/>\nEn nuestro pa\u00eds un periodista es agredido cada 26.7 horas y de un tiempo a la fecha, la autocensura es la \u00fanica defensa de los comunicadores ante los embates de criminales y del propio poder pol\u00edtico y de gobierno. Esto no lo digo yo, esto lo refiere la organizaci\u00f3n Art\u00edculo 19 en el informe \u201cEstado de Censura\u201d.<br \/>\nEn medio de la oscuridad, un rayo de luz; cuando todo parece perdido, renace la esperanza. El periodista Esau Valencia Heredia, jefe de prensa del candidato a gobernador de la coalici\u00f3n que integran PRI, PANAL, PVEM, AVE y PC, junto con la maestra Silvia Dom\u00ednguez L\u00f3pez, coordinadora de los Foros tem\u00e1ticos que se vienen realizando a lo largo y ancho del estado, coordinan esfuerzos para realizar este importante evento en el que se espera la asistencia de m\u00e1s de 150 comunicadores representantes de todas las regiones del estado.<\/p>\n<p>Los periodistas tenemos mucho qu\u00e9 decir: c\u00f3mo \u00e9stamos, qu\u00e9 necesitamos para el mejor ejercicio de nuestra labor period\u00edstica, c\u00f3mo vemos al estado, qu\u00e9 vemos mal en el gobierno, qu\u00e9 nos dicen los ciudadanos, de qu\u00e9 est\u00e1n hartos.<br \/>\nPor eso yo celebro que H\u00e9ctor Yunes quiera escuchar la voz de los comunicadores y que coincidentemente lo haga en la v\u00edspera del D\u00eda de la Libertad de Expresi\u00f3n a celebrarse el pr\u00f3ximo 7 de junio. Ojal\u00e1 que las p\u00e9simas relaciones que hubo entre periodistas y el actual gobierno del estado se puedan mejorar con la administraci\u00f3n de Yunes Landa.<br \/>\nLos temas que ser\u00e1n abordados en las ponencias son: 1. Medios y Opini\u00f3n P\u00fablica, 2. El futuro de los medios: poderes p\u00fablicos y ciudadanos, 3. Periodismo con perspectiva de g\u00e9nero, 4. Periodismo y foto periodismo responsable en un Nuevo Veracruz y 5. Medios, periodistas y construcci\u00f3n de la democracia. En buena hora por esta iniciativa y nos vemos el pr\u00f3ximo viernes a las diez de la ma\u00f1ana en el hotel Diligencias de la ciudad y puerto de Veracruz (suky.beybe.78@gmail.com).<\/p>\n","protected":false},"excerpt":{"rendered":"<p>Sughey Guti\u00e9rrez Hern\u00e1ndez Caminos de Veracruz\u2026 Desde la campa\u00f1a El pr\u00f3ximo viernes 27 de mayo a las 10 de la ma\u00f1ana en el hotel Diligencias de la ciudad de Veracruz se llevar\u00e1 a cabo el Foro de Comunicaci\u00f3n Veracruz 2016, a trav\u00e9s del cual el candidato a gobernador de la Coalici\u00f3n para Mejorar Veracruz, H\u00e9ctor [&hellip;]<\/p>\n","protected":false},"author":2,"featured_media":0,"comment_status":"open","ping_status":"open","sticky":false,"template":"","format":"standard","meta":{"tdm_status":"","tdm_grid_status":"","footnotes":""},"categories":[70],"tags":[5418,348],"class_list":{"0":"post-23405","1":"post","2":"type-post","3":"status-publish","4":"format-standard","6":"category-de-opinion","7":"tag-foro-de-comunicacion-veracruz","8":"tag-hector-yunes-landa"},"yoast_head":"<!-- This site is optimized with the Yoast SEO plugin v27.4 - https:\/\/yoast.com\/product\/yoast-seo-wordpress\/ -->\n<title>Foro de Comunicaci\u00f3n 2016, voz a periodistas - Los pol\u00edticos Veracruz<\/title>\n<meta name=\"robots\" content=\"index, follow, max-snippet:-1, max-image-preview:large, max-video-preview:-1\" \/>\n<link rel=\"canonical\" href=\"https:\/\/lospoliticosveracruz.com\/?p=23405\" \/>\n<meta property=\"og:locale\" content=\"es_ES\" \/>\n<meta property=\"og:type\" content=\"article\" \/>\n<meta property=\"og:title\" content=\"Foro de Comunicaci\u00f3n 2016, voz a periodistas - Los pol\u00edticos Veracruz\" \/>\n<meta property=\"og:description\" content=\"Sughey Guti\u00e9rrez Hern\u00e1ndez Caminos de Veracruz\u2026 Desde la campa\u00f1a El pr\u00f3ximo viernes 27 de mayo a las 10 de la ma\u00f1ana en el hotel Diligencias de la ciudad de Veracruz se llevar\u00e1 a cabo el Foro de Comunicaci\u00f3n Veracruz 2016, a trav\u00e9s del cual el candidato a gobernador de la Coalici\u00f3n para Mejorar Veracruz, H\u00e9ctor [&hellip;]\" \/>\n<meta property=\"og:url\" content=\"https:\/\/lospoliticosveracruz.com\/?p=23405\" \/>\n<meta property=\"og:site_name\" content=\"Los pol\u00edticos Veracruz\" \/>\n<meta property=\"article:publisher\" content=\"https:\/\/www.facebook.com\/people\/Notimemes-de-los-Polticos\/61565672886568\/\" \/>\n<meta property=\"article:published_time\" content=\"2016-05-25T13:52:14+00:00\" \/>\n<meta property=\"og:image\" content=\"https:\/\/lospoliticosveracruz.com\/wp-content\/uploads\/2016\/07\/Logo-Dor.jpg\" \/>\n\t<meta property=\"og:image:width\" content=\"200\" \/>\n\t<meta property=\"og:image:height\" content=\"200\" \/>\n\t<meta property=\"og:image:type\" content=\"image\/jpeg\" \/>\n<meta name=\"author\" content=\"Lo viste en Los Pol\u00edticos\" \/>\n<meta name=\"twitter:card\" content=\"summary_large_image\" \/>\n<meta name=\"twitter:creator\" content=\"@LosPoliticosVer\" \/>\n<meta name=\"twitter:site\" content=\"@LosPoliticosVer\" \/>\n<meta name=\"twitter:label1\" content=\"Escrito por\" \/>\n\t<meta name=\"twitter:data1\" content=\"Lo viste en Los Pol\u00edticos\" \/>\n\t<meta name=\"twitter:label2\" content=\"Tiempo de lectura\" \/>\n\t<meta name=\"twitter:data2\" content=\"3 minutos\" \/>\n<script type=\"application\/ld+json\" class=\"yoast-schema-graph\">{\"@context\":\"https:\\\/\\\/schema.org\",\"@graph\":[{\"@type\":\"Article\",\"@id\":\"https:\\\/\\\/lospoliticosveracruz.com\\\/?p=23405#article\",\"isPartOf\":{\"@id\":\"https:\\\/\\\/lospoliticosveracruz.com\\\/?p=23405\"},\"author\":{\"name\":\"Lo viste en Los Pol\u00edticos\",\"@id\":\"https:\\\/\\\/lospoliticosveracruz.com\\\/#\\\/schema\\\/person\\\/b8702bb0e538456e6efd07080bf2a4a2\"},\"headline\":\"Foro de Comunicaci\u00f3n 2016, voz a periodistas\",\"datePublished\":\"2016-05-25T13:52:14+00:00\",\"mainEntityOfPage\":{\"@id\":\"https:\\\/\\\/lospoliticosveracruz.com\\\/?p=23405\"},\"wordCount\":507,\"commentCount\":0,\"publisher\":{\"@id\":\"https:\\\/\\\/lospoliticosveracruz.com\\\/#organization\"},\"keywords\":[\"Foro de Comunicaci\u00f3n Veracruz\",\"H\u00e9ctor Yunes Landa\"],\"articleSection\":[\"De Opini\u00f3n\"],\"inLanguage\":\"es\",\"potentialAction\":[{\"@type\":\"CommentAction\",\"name\":\"Comment\",\"target\":[\"https:\\\/\\\/lospoliticosveracruz.com\\\/?p=23405#respond\"]}]},{\"@type\":\"WebPage\",\"@id\":\"https:\\\/\\\/lospoliticosveracruz.com\\\/?p=23405\",\"url\":\"https:\\\/\\\/lospoliticosveracruz.com\\\/?p=23405\",\"name\":\"Foro de Comunicaci\u00f3n 2016, voz a periodistas - Los pol\u00edticos Veracruz\",\"isPartOf\":{\"@id\":\"https:\\\/\\\/lospoliticosveracruz.com\\\/#website\"},\"datePublished\":\"2016-05-25T13:52:14+00:00\",\"breadcrumb\":{\"@id\":\"https:\\\/\\\/lospoliticosveracruz.com\\\/?p=23405#breadcrumb\"},\"inLanguage\":\"es\",\"potentialAction\":[{\"@type\":\"ReadAction\",\"target\":[\"https:\\\/\\\/lospoliticosveracruz.com\\\/?p=23405\"]}]},{\"@type\":\"BreadcrumbList\",\"@id\":\"https:\\\/\\\/lospoliticosveracruz.com\\\/?p=23405#breadcrumb\",\"itemListElement\":[{\"@type\":\"ListItem\",\"position\":1,\"name\":\"Portada\",\"item\":\"https:\\\/\\\/lospoliticosveracruz.com\\\/\"},{\"@type\":\"ListItem\",\"position\":2,\"name\":\"Foro de Comunicaci\u00f3n 2016, voz a periodistas\"}]},{\"@type\":\"WebSite\",\"@id\":\"https:\\\/\\\/lospoliticosveracruz.com\\\/#website\",\"url\":\"https:\\\/\\\/lospoliticosveracruz.com\\\/\",\"name\":\"Los pol\u00edticos Veracruz\",\"description\":\"\",\"publisher\":{\"@id\":\"https:\\\/\\\/lospoliticosveracruz.com\\\/#organization\"},\"potentialAction\":[{\"@type\":\"SearchAction\",\"target\":{\"@type\":\"EntryPoint\",\"urlTemplate\":\"https:\\\/\\\/lospoliticosveracruz.com\\\/?s={search_term_string}\"},\"query-input\":{\"@type\":\"PropertyValueSpecification\",\"valueRequired\":true,\"valueName\":\"search_term_string\"}}],\"inLanguage\":\"es\"},{\"@type\":\"Organization\",\"@id\":\"https:\\\/\\\/lospoliticosveracruz.com\\\/#organization\",\"name\":\"Los pol\u00edticos Veracruz\",\"url\":\"https:\\\/\\\/lospoliticosveracruz.com\\\/\",\"logo\":{\"@type\":\"ImageObject\",\"inLanguage\":\"es\",\"@id\":\"https:\\\/\\\/lospoliticosveracruz.com\\\/#\\\/schema\\\/logo\\\/image\\\/\",\"url\":\"https:\\\/\\\/lospoliticosveracruz.com\\\/wp-content\\\/uploads\\\/2025\\\/12\\\/Logo-Nuevo-LOS-POLITICOS-1.jpg\",\"contentUrl\":\"https:\\\/\\\/lospoliticosveracruz.com\\\/wp-content\\\/uploads\\\/2025\\\/12\\\/Logo-Nuevo-LOS-POLITICOS-1.jpg\",\"width\":260,\"height\":70,\"caption\":\"Los pol\u00edticos Veracruz\"},\"image\":{\"@id\":\"https:\\\/\\\/lospoliticosveracruz.com\\\/#\\\/schema\\\/logo\\\/image\\\/\"},\"sameAs\":[\"https:\\\/\\\/www.facebook.com\\\/people\\\/Notimemes-de-los-Polticos\\\/61565672886568\\\/\",\"https:\\\/\\\/x.com\\\/LosPoliticosVer\"]},{\"@type\":\"Person\",\"@id\":\"https:\\\/\\\/lospoliticosveracruz.com\\\/#\\\/schema\\\/person\\\/b8702bb0e538456e6efd07080bf2a4a2\",\"name\":\"Lo viste en Los Pol\u00edticos\",\"image\":{\"@type\":\"ImageObject\",\"inLanguage\":\"es\",\"@id\":\"https:\\\/\\\/secure.gravatar.com\\\/avatar\\\/3a8de04a2656d44082be478bd6c086daa447c4651605818287b9532d3d0bd435?s=96&d=mm&r=g\",\"url\":\"https:\\\/\\\/secure.gravatar.com\\\/avatar\\\/3a8de04a2656d44082be478bd6c086daa447c4651605818287b9532d3d0bd435?s=96&d=mm&r=g\",\"contentUrl\":\"https:\\\/\\\/secure.gravatar.com\\\/avatar\\\/3a8de04a2656d44082be478bd6c086daa447c4651605818287b9532d3d0bd435?s=96&d=mm&r=g\",\"caption\":\"Lo viste en Los Pol\u00edticos\"},\"url\":\"https:\\\/\\\/lospoliticosveracruz.com\\\/?author=2\"}]}<\/script>\n<!-- \/ Yoast SEO plugin. -->","yoast_head_json":{"title":"Foro de Comunicaci\u00f3n 2016, voz a periodistas - Los pol\u00edticos Veracruz","robots":{"index":"index","follow":"follow","max-snippet":"max-snippet:-1","max-image-preview":"max-image-preview:large","max-video-preview":"max-video-preview:-1"},"canonical":"https:\/\/lospoliticosveracruz.com\/?p=23405","og_locale":"es_ES","og_type":"article","og_title":"Foro de Comunicaci\u00f3n 2016, voz a periodistas - Los pol\u00edticos Veracruz","og_description":"Sughey Guti\u00e9rrez Hern\u00e1ndez Caminos de Veracruz\u2026 Desde la campa\u00f1a El pr\u00f3ximo viernes 27 de mayo a las 10 de la ma\u00f1ana en el hotel Diligencias de la ciudad de Veracruz se llevar\u00e1 a cabo el Foro de Comunicaci\u00f3n Veracruz 2016, a trav\u00e9s del cual el candidato a gobernador de la Coalici\u00f3n para Mejorar Veracruz, H\u00e9ctor [&hellip;]","og_url":"https:\/\/lospoliticosveracruz.com\/?p=23405","og_site_name":"Los pol\u00edticos Veracruz","article_publisher":"https:\/\/www.facebook.com\/people\/Notimemes-de-los-Polticos\/61565672886568\/","article_published_time":"2016-05-25T13:52:14+00:00","og_image":[{"width":200,"height":200,"url":"https:\/\/lospoliticosveracruz.com\/wp-content\/uploads\/2016\/07\/Logo-Dor.jpg","type":"image\/jpeg"}],"author":"Lo viste en Los Pol\u00edticos","twitter_card":"summary_large_image","twitter_creator":"@LosPoliticosVer","twitter_site":"@LosPoliticosVer","twitter_misc":{"Escrito por":"Lo viste en Los Pol\u00edticos","Tiempo de lectura":"3 minutos"},"schema":{"@context":"https:\/\/schema.org","@graph":[{"@type":"Article","@id":"https:\/\/lospoliticosveracruz.com\/?p=23405#article","isPartOf":{"@id":"https:\/\/lospoliticosveracruz.com\/?p=23405"},"author":{"name":"Lo viste en Los Pol\u00edticos","@id":"https:\/\/lospoliticosveracruz.com\/#\/schema\/person\/b8702bb0e538456e6efd07080bf2a4a2"},"headline":"Foro de Comunicaci\u00f3n 2016, voz a periodistas","datePublished":"2016-05-25T13:52:14+00:00","mainEntityOfPage":{"@id":"https:\/\/lospoliticosveracruz.com\/?p=23405"},"wordCount":507,"commentCount":0,"publisher":{"@id":"https:\/\/lospoliticosveracruz.com\/#organization"},"keywords":["Foro de Comunicaci\u00f3n Veracruz","H\u00e9ctor Yunes Landa"],"articleSection":["De Opini\u00f3n"],"inLanguage":"es","potentialAction":[{"@type":"CommentAction","name":"Comment","target":["https:\/\/lospoliticosveracruz.com\/?p=23405#respond"]}]},{"@type":"WebPage","@id":"https:\/\/lospoliticosveracruz.com\/?p=23405","url":"https:\/\/lospoliticosveracruz.com\/?p=23405","name":"Foro de Comunicaci\u00f3n 2016, voz a periodistas - Los pol\u00edticos Veracruz","isPartOf":{"@id":"https:\/\/lospoliticosveracruz.com\/#website"},"datePublished":"2016-05-25T13:52:14+00:00","breadcrumb":{"@id":"https:\/\/lospoliticosveracruz.com\/?p=23405#breadcrumb"},"inLanguage":"es","potentialAction":[{"@type":"ReadAction","target":["https:\/\/lospoliticosveracruz.com\/?p=23405"]}]},{"@type":"BreadcrumbList","@id":"https:\/\/lospoliticosveracruz.com\/?p=23405#breadcrumb","itemListElement":[{"@type":"ListItem","position":1,"name":"Portada","item":"https:\/\/lospoliticosveracruz.com\/"},{"@type":"ListItem","position":2,"name":"Foro de Comunicaci\u00f3n 2016, voz a periodistas"}]},{"@type":"WebSite","@id":"https:\/\/lospoliticosveracruz.com\/#website","url":"https:\/\/lospoliticosveracruz.com\/","name":"Los pol\u00edticos Veracruz","description":"","publisher":{"@id":"https:\/\/lospoliticosveracruz.com\/#organization"},"potentialAction":[{"@type":"SearchAction","target":{"@type":"EntryPoint","urlTemplate":"https:\/\/lospoliticosveracruz.com\/?s={search_term_string}"},"query-input":{"@type":"PropertyValueSpecification","valueRequired":true,"valueName":"search_term_string"}}],"inLanguage":"es"},{"@type":"Organization","@id":"https:\/\/lospoliticosveracruz.com\/#organization","name":"Los pol\u00edticos Veracruz","url":"https:\/\/lospoliticosveracruz.com\/","logo":{"@type":"ImageObject","inLanguage":"es","@id":"https:\/\/lospoliticosveracruz.com\/#\/schema\/logo\/image\/","url":"https:\/\/lospoliticosveracruz.com\/wp-content\/uploads\/2025\/12\/Logo-Nuevo-LOS-POLITICOS-1.jpg","contentUrl":"https:\/\/lospoliticosveracruz.com\/wp-content\/uploads\/2025\/12\/Logo-Nuevo-LOS-POLITICOS-1.jpg","width":260,"height":70,"caption":"Los pol\u00edticos Veracruz"},"image":{"@id":"https:\/\/lospoliticosveracruz.com\/#\/schema\/logo\/image\/"},"sameAs":["https:\/\/www.facebook.com\/people\/Notimemes-de-los-Polticos\/61565672886568\/","https:\/\/x.com\/LosPoliticosVer"]},{"@type":"Person","@id":"https:\/\/lospoliticosveracruz.com\/#\/schema\/person\/b8702bb0e538456e6efd07080bf2a4a2","name":"Lo viste en Los Pol\u00edticos","image":{"@type":"ImageObject","inLanguage":"es","@id":"https:\/\/secure.gravatar.com\/avatar\/3a8de04a2656d44082be478bd6c086daa447c4651605818287b9532d3d0bd435?s=96&d=mm&r=g","url":"https:\/\/secure.gravatar.com\/avatar\/3a8de04a2656d44082be478bd6c086daa447c4651605818287b9532d3d0bd435?s=96&d=mm&r=g","contentUrl":"https:\/\/secure.gravatar.com\/avatar\/3a8de04a2656d44082be478bd6c086daa447c4651605818287b9532d3d0bd435?s=96&d=mm&r=g","caption":"Lo viste en Los Pol\u00edticos"},"url":"https:\/\/lospoliticosveracruz.com\/?author=2"}]}},"_links":{"self":[{"href":"https:\/\/lospoliticosveracruz.com\/index.php?rest_route=\/wp\/v2\/posts\/23405","targetHints":{"allow":["GET"]}}],"collection":[{"href":"https:\/\/lospoliticosveracruz.com\/index.php?rest_route=\/wp\/v2\/posts"}],"about":[{"href":"https:\/\/lospoliticosveracruz.com\/index.php?rest_route=\/wp\/v2\/types\/post"}],"author":[{"embeddable":true,"href":"https:\/\/lospoliticosveracruz.com\/index.php?rest_route=\/wp\/v2\/users\/2"}],"replies":[{"embeddable":true,"href":"https:\/\/lospoliticosveracruz.com\/index.php?rest_route=%2Fwp%2Fv2%2Fcomments&post=23405"}],"version-history":[{"count":1,"href":"https:\/\/lospoliticosveracruz.com\/index.php?rest_route=\/wp\/v2\/posts\/23405\/revisions"}],"predecessor-version":[{"id":23407,"href":"https:\/\/lospoliticosveracruz.com\/index.php?rest_route=\/wp\/v2\/posts\/23405\/revisions\/23407"}],"wp:attachment":[{"href":"https:\/\/lospoliticosveracruz.com\/index.php?rest_route=%2Fwp%2Fv2%2Fmedia&parent=23405"}],"wp:term":[{"taxonomy":"category","embeddable":true,"href":"https:\/\/lospoliticosveracruz.com\/index.php?rest_route=%2Fwp%2Fv2%2Fcategories&post=23405"},{"taxonomy":"post_tag","embeddable":true,"href":"https:\/\/lospoliticosveracruz.com\/index.php?rest_route=%2Fwp%2Fv2%2Ftags&post=23405"}],"curies":[{"name":"wp","href":"https:\/\/api.w.org\/{rel}","templated":true}]}}