{"id":23408,"date":"2016-05-25T22:01:15","date_gmt":"2016-05-26T03:01:15","guid":{"rendered":"http:\/\/www.lospoliticosveracruz.com.mx\/?p=23408"},"modified":"2016-05-25T22:01:15","modified_gmt":"2016-05-26T03:01:15","slug":"tiene-miedo","status":"publish","type":"post","link":"https:\/\/lospoliticosveracruz.com\/?p=23408","title":{"rendered":"\u00bfTiene Miedo?"},"content":{"rendered":"<p><a href=\"http:\/\/www.lospoliticosveracruz.com.mx\/wp-content\/uploads\/2016\/05\/Madame1.jpg\"><img loading=\"lazy\" decoding=\"async\" class=\"alignnone size-medium wp-image-23409\" src=\"http:\/\/www.lospoliticosveracruz.com.mx\/wp-content\/uploads\/2016\/05\/Madame1-300x169.jpg\" alt=\"Madame\" width=\"300\" height=\"169\" \/><\/a><br \/>\n<strong>Brenda Caballero<\/strong><br \/>\n<em>N\u00fameros Rojos<\/em><\/p>\n<p>\u201cSe va a poner cabrona la cosa\u201d, me dicen. \u201cTodo el estado est\u00e1 que arde, de norte a Sur\u201d y remata con un \u201cCu\u00eddese\u201d.<br \/>\nDebo entender que mi amigo me aprecia. Sin embargo, a veces podemos caer en lo que se denomina la cultura del miedo.<br \/>\nPara entender un poco m\u00e1s sobre ella, citar\u00e9 lo que dice Wikipedia: \u201ces un t\u00e9rmino que hace referencia a una percepci\u00f3n com\u00fan de miedo y ansiedad en discursos p\u00fablicos y relaciones personales, y c\u00f3mo \u00e9sta, puede afectar la manera en que las personas interact\u00faan con las dem\u00e1s, cuales individuos y como agentes democr\u00e1ticos. Entre aquellos que usan esta percepci\u00f3n, existen diferentes variedades de afirmaciones, como los or\u00edgenes y las consecuencias de la tendencia que buscan describir; sin embargo, la mayor\u00eda coincide con la aserci\u00f3n elemental, que la cultura del miedo es un fen\u00f3meno relativamente nuevo relacionado con los medios de comunicaci\u00f3n masiva, con importantes implicaciones da\u00f1inas en potencia\u201d.<br \/>\nY es que desde que sucedi\u00f3 la tragedia del fin de semana en el antro Madame en Xalapa y en el bar Bull Dog de Orizaba, el miedo se agudiz\u00f3 en la poblaci\u00f3n. D\u00edas despu\u00e9s, la aparici\u00f3n de cuerpos desmembrados en Amatl\u00e1n de los Reyes complet\u00f3 la psicosis.<br \/>\nNo pretendo con mi opini\u00f3n hacer a un lado lo que pasa en Veracruz y decir \u201cque no pasa nada\u201d, pero tampoco quiero magnificar de manera amarillista una tragedia sucedida el fin de semana.<br \/>\nY es que despu\u00e9s de lo ocurrido en el antro de Xalapa, se empezaron a distribuir diversos mensajes por redes sociales y whatsapp, como el supuesto testimonio de un m\u00e9dico que asegur\u00f3 que hubo m\u00e1s de 15 muertos y hasta una menor de edad, as\u00ed como que el grupo armado irrumpi\u00f3 en el bar y dispar\u00f3 a diestra y siniestra contra 400 personas all\u00ed presentes, donde hab\u00eda como 100 heridos, para los cuales no hab\u00eda lugar en los hospitales para atenderlos.<br \/>\nNo dudo que haya sido una experiencia terror\u00edfica, como lo narra Valentina en entrevista con Adela Micha para Imagen Radio, donde cita que el ataque dur\u00f3 entre diez y quince minutos y que el grupo armado iba espec\u00edficamente contra los atacantes de una mesa a los que dispar\u00f3 a quemarropa; sin embargo, tambi\u00e9n lo hicieron con una mujer que grit\u00f3 y pretend\u00eda salir corriendo.<br \/>\nTengo varios amigos y amigas que frecuentan ese lugar, y me aseguran que no dejan entrar menores de edad, pues si tienen dudas les piden de inmediato la credencial de elector.<br \/>\nDespu\u00e9s de los desmembrados, los mensajes en cadena se tornaron m\u00e1s agresivos, como el que alerta a la comunidad y asegura que en estas semanas se va a hacer una limpia de redes de narcos, por lo que sugieren a todos que nos abstengamos de acudir a plazas, centros comerciales, antros, bares, cantinas, cines, estadios, caf\u00e9s, taquer\u00edas, al boulevard a escuchar a candidatos de partidos porque se har\u00e1n levantones y exterminios de ya saben qui\u00e9nes. En pocas palabras, esto suena peor que terrorismo.<br \/>\nY hasta volvi\u00f3 a circular un antiguo mensaje de algunos a\u00f1os para Cuidarse y Cuidar a la Familia en donde sugiere tomar ciertas medidas de tolerancia, cuidado, humildad, prudencia, agilidad, inteligencia, prevenci\u00f3n, sutilidad, para evitar que nosotros o nuestras familias salgan lastimados, violados, secuestrados, extorsionados o hasta muertos.<br \/>\nMe queda claro que la situaci\u00f3n en la que vivimos actualmente en el pa\u00eds no es un lecho de rosas, por lo que verdaderamente debemos tomar precauciones en nuestra vida cotidiana, pero eso de actuar como tel\u00e9fono descompuesto y magnificar las tragedias en nada ayuda a la poblaci\u00f3n en general, al contrario puede llevarla al shock y crear caos.<br \/>\nO vayamos un poco m\u00e1s all\u00e1. Recordemos que vienen elecciones en Veracruz \u00bfa qui\u00e9n beneficia la generaci\u00f3n de este miedo?<\/p>\n<p>Email: caballero_brenda@hotmail.com<\/p>\n","protected":false},"excerpt":{"rendered":"<p>Brenda Caballero N\u00fameros Rojos \u201cSe va a poner cabrona la cosa\u201d, me dicen. \u201cTodo el estado est\u00e1 que arde, de norte a Sur\u201d y remata con un \u201cCu\u00eddese\u201d. Debo entender que mi amigo me aprecia. Sin embargo, a veces podemos caer en lo que se denomina la cultura del miedo. Para entender un poco m\u00e1s [&hellip;]<\/p>\n","protected":false},"author":2,"featured_media":0,"comment_status":"open","ping_status":"open","sticky":false,"template":"","format":"standard","meta":{"tdm_status":"","tdm_grid_status":"","footnotes":""},"categories":[70],"tags":[2865,5419,5421,5410,1639,96],"class_list":{"0":"post-23408","1":"post","2":"type-post","3":"status-publish","4":"format-standard","6":"category-de-opinion","7":"tag-amatlan-de-los-reyes","8":"tag-cultura-del-miedo","9":"tag-imagen-radio","10":"tag-madame","11":"tag-orizaba","12":"tag-xalapa"},"yoast_head":"<!-- This site is optimized with the Yoast SEO plugin v27.4 - https:\/\/yoast.com\/product\/yoast-seo-wordpress\/ -->\n<title>\u00bfTiene Miedo? - Los pol\u00edticos Veracruz<\/title>\n<meta name=\"robots\" content=\"index, follow, max-snippet:-1, max-image-preview:large, max-video-preview:-1\" \/>\n<link rel=\"canonical\" href=\"https:\/\/lospoliticosveracruz.com\/?p=23408\" \/>\n<meta property=\"og:locale\" content=\"es_ES\" \/>\n<meta property=\"og:type\" content=\"article\" \/>\n<meta property=\"og:title\" content=\"\u00bfTiene Miedo? - Los pol\u00edticos Veracruz\" \/>\n<meta property=\"og:description\" content=\"Brenda Caballero N\u00fameros Rojos \u201cSe va a poner cabrona la cosa\u201d, me dicen. \u201cTodo el estado est\u00e1 que arde, de norte a Sur\u201d y remata con un \u201cCu\u00eddese\u201d. Debo entender que mi amigo me aprecia. Sin embargo, a veces podemos caer en lo que se denomina la cultura del miedo. Para entender un poco m\u00e1s [&hellip;]\" \/>\n<meta property=\"og:url\" content=\"https:\/\/lospoliticosveracruz.com\/?p=23408\" \/>\n<meta property=\"og:site_name\" content=\"Los pol\u00edticos Veracruz\" \/>\n<meta property=\"article:publisher\" content=\"https:\/\/www.facebook.com\/people\/Notimemes-de-los-Polticos\/61565672886568\/\" \/>\n<meta property=\"article:published_time\" content=\"2016-05-26T03:01:15+00:00\" \/>\n<meta property=\"og:image\" content=\"http:\/\/www.lospoliticosveracruz.com.mx\/wp-content\/uploads\/2016\/05\/Madame1-300x169.jpg\" \/>\n<meta name=\"author\" content=\"Lo viste en Los Pol\u00edticos\" \/>\n<meta name=\"twitter:card\" content=\"summary_large_image\" \/>\n<meta name=\"twitter:creator\" content=\"@LosPoliticosVer\" \/>\n<meta name=\"twitter:site\" content=\"@LosPoliticosVer\" \/>\n<meta name=\"twitter:label1\" content=\"Escrito por\" \/>\n\t<meta name=\"twitter:data1\" content=\"Lo viste en Los Pol\u00edticos\" \/>\n\t<meta name=\"twitter:label2\" content=\"Tiempo de lectura\" \/>\n\t<meta name=\"twitter:data2\" content=\"3 minutos\" \/>\n<script type=\"application\/ld+json\" class=\"yoast-schema-graph\">{\"@context\":\"https:\\\/\\\/schema.org\",\"@graph\":[{\"@type\":\"Article\",\"@id\":\"https:\\\/\\\/lospoliticosveracruz.com\\\/?p=23408#article\",\"isPartOf\":{\"@id\":\"https:\\\/\\\/lospoliticosveracruz.com\\\/?p=23408\"},\"author\":{\"name\":\"Lo viste en Los Pol\u00edticos\",\"@id\":\"https:\\\/\\\/lospoliticosveracruz.com\\\/#\\\/schema\\\/person\\\/b8702bb0e538456e6efd07080bf2a4a2\"},\"headline\":\"\u00bfTiene Miedo?\",\"datePublished\":\"2016-05-26T03:01:15+00:00\",\"mainEntityOfPage\":{\"@id\":\"https:\\\/\\\/lospoliticosveracruz.com\\\/?p=23408\"},\"wordCount\":678,\"commentCount\":0,\"publisher\":{\"@id\":\"https:\\\/\\\/lospoliticosveracruz.com\\\/#organization\"},\"image\":{\"@id\":\"https:\\\/\\\/lospoliticosveracruz.com\\\/?p=23408#primaryimage\"},\"thumbnailUrl\":\"http:\\\/\\\/www.lospoliticosveracruz.com.mx\\\/wp-content\\\/uploads\\\/2016\\\/05\\\/Madame1-300x169.jpg\",\"keywords\":[\"Amatl\u00e1n de los Reyes\",\"cultura del miedo\",\"Imagen Radio\",\"Madame\",\"Orizaba\",\"Xalapa\"],\"articleSection\":[\"De Opini\u00f3n\"],\"inLanguage\":\"es\",\"potentialAction\":[{\"@type\":\"CommentAction\",\"name\":\"Comment\",\"target\":[\"https:\\\/\\\/lospoliticosveracruz.com\\\/?p=23408#respond\"]}]},{\"@type\":\"WebPage\",\"@id\":\"https:\\\/\\\/lospoliticosveracruz.com\\\/?p=23408\",\"url\":\"https:\\\/\\\/lospoliticosveracruz.com\\\/?p=23408\",\"name\":\"\u00bfTiene Miedo? - Los pol\u00edticos Veracruz\",\"isPartOf\":{\"@id\":\"https:\\\/\\\/lospoliticosveracruz.com\\\/#website\"},\"primaryImageOfPage\":{\"@id\":\"https:\\\/\\\/lospoliticosveracruz.com\\\/?p=23408#primaryimage\"},\"image\":{\"@id\":\"https:\\\/\\\/lospoliticosveracruz.com\\\/?p=23408#primaryimage\"},\"thumbnailUrl\":\"http:\\\/\\\/www.lospoliticosveracruz.com.mx\\\/wp-content\\\/uploads\\\/2016\\\/05\\\/Madame1-300x169.jpg\",\"datePublished\":\"2016-05-26T03:01:15+00:00\",\"breadcrumb\":{\"@id\":\"https:\\\/\\\/lospoliticosveracruz.com\\\/?p=23408#breadcrumb\"},\"inLanguage\":\"es\",\"potentialAction\":[{\"@type\":\"ReadAction\",\"target\":[\"https:\\\/\\\/lospoliticosveracruz.com\\\/?p=23408\"]}]},{\"@type\":\"ImageObject\",\"inLanguage\":\"es\",\"@id\":\"https:\\\/\\\/lospoliticosveracruz.com\\\/?p=23408#primaryimage\",\"url\":\"http:\\\/\\\/www.lospoliticosveracruz.com.mx\\\/wp-content\\\/uploads\\\/2016\\\/05\\\/Madame1-300x169.jpg\",\"contentUrl\":\"http:\\\/\\\/www.lospoliticosveracruz.com.mx\\\/wp-content\\\/uploads\\\/2016\\\/05\\\/Madame1-300x169.jpg\"},{\"@type\":\"BreadcrumbList\",\"@id\":\"https:\\\/\\\/lospoliticosveracruz.com\\\/?p=23408#breadcrumb\",\"itemListElement\":[{\"@type\":\"ListItem\",\"position\":1,\"name\":\"Portada\",\"item\":\"https:\\\/\\\/lospoliticosveracruz.com\\\/\"},{\"@type\":\"ListItem\",\"position\":2,\"name\":\"\u00bfTiene Miedo?\"}]},{\"@type\":\"WebSite\",\"@id\":\"https:\\\/\\\/lospoliticosveracruz.com\\\/#website\",\"url\":\"https:\\\/\\\/lospoliticosveracruz.com\\\/\",\"name\":\"Los pol\u00edticos Veracruz\",\"description\":\"\",\"publisher\":{\"@id\":\"https:\\\/\\\/lospoliticosveracruz.com\\\/#organization\"},\"potentialAction\":[{\"@type\":\"SearchAction\",\"target\":{\"@type\":\"EntryPoint\",\"urlTemplate\":\"https:\\\/\\\/lospoliticosveracruz.com\\\/?s={search_term_string}\"},\"query-input\":{\"@type\":\"PropertyValueSpecification\",\"valueRequired\":true,\"valueName\":\"search_term_string\"}}],\"inLanguage\":\"es\"},{\"@type\":\"Organization\",\"@id\":\"https:\\\/\\\/lospoliticosveracruz.com\\\/#organization\",\"name\":\"Los pol\u00edticos Veracruz\",\"url\":\"https:\\\/\\\/lospoliticosveracruz.com\\\/\",\"logo\":{\"@type\":\"ImageObject\",\"inLanguage\":\"es\",\"@id\":\"https:\\\/\\\/lospoliticosveracruz.com\\\/#\\\/schema\\\/logo\\\/image\\\/\",\"url\":\"https:\\\/\\\/lospoliticosveracruz.com\\\/wp-content\\\/uploads\\\/2025\\\/12\\\/Logo-Nuevo-LOS-POLITICOS-1.jpg\",\"contentUrl\":\"https:\\\/\\\/lospoliticosveracruz.com\\\/wp-content\\\/uploads\\\/2025\\\/12\\\/Logo-Nuevo-LOS-POLITICOS-1.jpg\",\"width\":260,\"height\":70,\"caption\":\"Los pol\u00edticos Veracruz\"},\"image\":{\"@id\":\"https:\\\/\\\/lospoliticosveracruz.com\\\/#\\\/schema\\\/logo\\\/image\\\/\"},\"sameAs\":[\"https:\\\/\\\/www.facebook.com\\\/people\\\/Notimemes-de-los-Polticos\\\/61565672886568\\\/\",\"https:\\\/\\\/x.com\\\/LosPoliticosVer\"]},{\"@type\":\"Person\",\"@id\":\"https:\\\/\\\/lospoliticosveracruz.com\\\/#\\\/schema\\\/person\\\/b8702bb0e538456e6efd07080bf2a4a2\",\"name\":\"Lo viste en Los Pol\u00edticos\",\"image\":{\"@type\":\"ImageObject\",\"inLanguage\":\"es\",\"@id\":\"https:\\\/\\\/secure.gravatar.com\\\/avatar\\\/3a8de04a2656d44082be478bd6c086daa447c4651605818287b9532d3d0bd435?s=96&d=mm&r=g\",\"url\":\"https:\\\/\\\/secure.gravatar.com\\\/avatar\\\/3a8de04a2656d44082be478bd6c086daa447c4651605818287b9532d3d0bd435?s=96&d=mm&r=g\",\"contentUrl\":\"https:\\\/\\\/secure.gravatar.com\\\/avatar\\\/3a8de04a2656d44082be478bd6c086daa447c4651605818287b9532d3d0bd435?s=96&d=mm&r=g\",\"caption\":\"Lo viste en Los Pol\u00edticos\"},\"url\":\"https:\\\/\\\/lospoliticosveracruz.com\\\/?author=2\"}]}<\/script>\n<!-- \/ Yoast SEO plugin. -->","yoast_head_json":{"title":"\u00bfTiene Miedo? - Los pol\u00edticos Veracruz","robots":{"index":"index","follow":"follow","max-snippet":"max-snippet:-1","max-image-preview":"max-image-preview:large","max-video-preview":"max-video-preview:-1"},"canonical":"https:\/\/lospoliticosveracruz.com\/?p=23408","og_locale":"es_ES","og_type":"article","og_title":"\u00bfTiene Miedo? - Los pol\u00edticos Veracruz","og_description":"Brenda Caballero N\u00fameros Rojos \u201cSe va a poner cabrona la cosa\u201d, me dicen. \u201cTodo el estado est\u00e1 que arde, de norte a Sur\u201d y remata con un \u201cCu\u00eddese\u201d. Debo entender que mi amigo me aprecia. Sin embargo, a veces podemos caer en lo que se denomina la cultura del miedo. Para entender un poco m\u00e1s [&hellip;]","og_url":"https:\/\/lospoliticosveracruz.com\/?p=23408","og_site_name":"Los pol\u00edticos Veracruz","article_publisher":"https:\/\/www.facebook.com\/people\/Notimemes-de-los-Polticos\/61565672886568\/","article_published_time":"2016-05-26T03:01:15+00:00","og_image":[{"url":"http:\/\/www.lospoliticosveracruz.com.mx\/wp-content\/uploads\/2016\/05\/Madame1-300x169.jpg","type":"","width":"","height":""}],"author":"Lo viste en Los Pol\u00edticos","twitter_card":"summary_large_image","twitter_creator":"@LosPoliticosVer","twitter_site":"@LosPoliticosVer","twitter_misc":{"Escrito por":"Lo viste en Los Pol\u00edticos","Tiempo de lectura":"3 minutos"},"schema":{"@context":"https:\/\/schema.org","@graph":[{"@type":"Article","@id":"https:\/\/lospoliticosveracruz.com\/?p=23408#article","isPartOf":{"@id":"https:\/\/lospoliticosveracruz.com\/?p=23408"},"author":{"name":"Lo viste en Los Pol\u00edticos","@id":"https:\/\/lospoliticosveracruz.com\/#\/schema\/person\/b8702bb0e538456e6efd07080bf2a4a2"},"headline":"\u00bfTiene Miedo?","datePublished":"2016-05-26T03:01:15+00:00","mainEntityOfPage":{"@id":"https:\/\/lospoliticosveracruz.com\/?p=23408"},"wordCount":678,"commentCount":0,"publisher":{"@id":"https:\/\/lospoliticosveracruz.com\/#organization"},"image":{"@id":"https:\/\/lospoliticosveracruz.com\/?p=23408#primaryimage"},"thumbnailUrl":"http:\/\/www.lospoliticosveracruz.com.mx\/wp-content\/uploads\/2016\/05\/Madame1-300x169.jpg","keywords":["Amatl\u00e1n de los Reyes","cultura del miedo","Imagen Radio","Madame","Orizaba","Xalapa"],"articleSection":["De Opini\u00f3n"],"inLanguage":"es","potentialAction":[{"@type":"CommentAction","name":"Comment","target":["https:\/\/lospoliticosveracruz.com\/?p=23408#respond"]}]},{"@type":"WebPage","@id":"https:\/\/lospoliticosveracruz.com\/?p=23408","url":"https:\/\/lospoliticosveracruz.com\/?p=23408","name":"\u00bfTiene Miedo? - Los pol\u00edticos Veracruz","isPartOf":{"@id":"https:\/\/lospoliticosveracruz.com\/#website"},"primaryImageOfPage":{"@id":"https:\/\/lospoliticosveracruz.com\/?p=23408#primaryimage"},"image":{"@id":"https:\/\/lospoliticosveracruz.com\/?p=23408#primaryimage"},"thumbnailUrl":"http:\/\/www.lospoliticosveracruz.com.mx\/wp-content\/uploads\/2016\/05\/Madame1-300x169.jpg","datePublished":"2016-05-26T03:01:15+00:00","breadcrumb":{"@id":"https:\/\/lospoliticosveracruz.com\/?p=23408#breadcrumb"},"inLanguage":"es","potentialAction":[{"@type":"ReadAction","target":["https:\/\/lospoliticosveracruz.com\/?p=23408"]}]},{"@type":"ImageObject","inLanguage":"es","@id":"https:\/\/lospoliticosveracruz.com\/?p=23408#primaryimage","url":"http:\/\/www.lospoliticosveracruz.com.mx\/wp-content\/uploads\/2016\/05\/Madame1-300x169.jpg","contentUrl":"http:\/\/www.lospoliticosveracruz.com.mx\/wp-content\/uploads\/2016\/05\/Madame1-300x169.jpg"},{"@type":"BreadcrumbList","@id":"https:\/\/lospoliticosveracruz.com\/?p=23408#breadcrumb","itemListElement":[{"@type":"ListItem","position":1,"name":"Portada","item":"https:\/\/lospoliticosveracruz.com\/"},{"@type":"ListItem","position":2,"name":"\u00bfTiene Miedo?"}]},{"@type":"WebSite","@id":"https:\/\/lospoliticosveracruz.com\/#website","url":"https:\/\/lospoliticosveracruz.com\/","name":"Los pol\u00edticos Veracruz","description":"","publisher":{"@id":"https:\/\/lospoliticosveracruz.com\/#organization"},"potentialAction":[{"@type":"SearchAction","target":{"@type":"EntryPoint","urlTemplate":"https:\/\/lospoliticosveracruz.com\/?s={search_term_string}"},"query-input":{"@type":"PropertyValueSpecification","valueRequired":true,"valueName":"search_term_string"}}],"inLanguage":"es"},{"@type":"Organization","@id":"https:\/\/lospoliticosveracruz.com\/#organization","name":"Los pol\u00edticos Veracruz","url":"https:\/\/lospoliticosveracruz.com\/","logo":{"@type":"ImageObject","inLanguage":"es","@id":"https:\/\/lospoliticosveracruz.com\/#\/schema\/logo\/image\/","url":"https:\/\/lospoliticosveracruz.com\/wp-content\/uploads\/2025\/12\/Logo-Nuevo-LOS-POLITICOS-1.jpg","contentUrl":"https:\/\/lospoliticosveracruz.com\/wp-content\/uploads\/2025\/12\/Logo-Nuevo-LOS-POLITICOS-1.jpg","width":260,"height":70,"caption":"Los pol\u00edticos Veracruz"},"image":{"@id":"https:\/\/lospoliticosveracruz.com\/#\/schema\/logo\/image\/"},"sameAs":["https:\/\/www.facebook.com\/people\/Notimemes-de-los-Polticos\/61565672886568\/","https:\/\/x.com\/LosPoliticosVer"]},{"@type":"Person","@id":"https:\/\/lospoliticosveracruz.com\/#\/schema\/person\/b8702bb0e538456e6efd07080bf2a4a2","name":"Lo viste en Los Pol\u00edticos","image":{"@type":"ImageObject","inLanguage":"es","@id":"https:\/\/secure.gravatar.com\/avatar\/3a8de04a2656d44082be478bd6c086daa447c4651605818287b9532d3d0bd435?s=96&d=mm&r=g","url":"https:\/\/secure.gravatar.com\/avatar\/3a8de04a2656d44082be478bd6c086daa447c4651605818287b9532d3d0bd435?s=96&d=mm&r=g","contentUrl":"https:\/\/secure.gravatar.com\/avatar\/3a8de04a2656d44082be478bd6c086daa447c4651605818287b9532d3d0bd435?s=96&d=mm&r=g","caption":"Lo viste en Los Pol\u00edticos"},"url":"https:\/\/lospoliticosveracruz.com\/?author=2"}]}},"_links":{"self":[{"href":"https:\/\/lospoliticosveracruz.com\/index.php?rest_route=\/wp\/v2\/posts\/23408","targetHints":{"allow":["GET"]}}],"collection":[{"href":"https:\/\/lospoliticosveracruz.com\/index.php?rest_route=\/wp\/v2\/posts"}],"about":[{"href":"https:\/\/lospoliticosveracruz.com\/index.php?rest_route=\/wp\/v2\/types\/post"}],"author":[{"embeddable":true,"href":"https:\/\/lospoliticosveracruz.com\/index.php?rest_route=\/wp\/v2\/users\/2"}],"replies":[{"embeddable":true,"href":"https:\/\/lospoliticosveracruz.com\/index.php?rest_route=%2Fwp%2Fv2%2Fcomments&post=23408"}],"version-history":[{"count":1,"href":"https:\/\/lospoliticosveracruz.com\/index.php?rest_route=\/wp\/v2\/posts\/23408\/revisions"}],"predecessor-version":[{"id":23410,"href":"https:\/\/lospoliticosveracruz.com\/index.php?rest_route=\/wp\/v2\/posts\/23408\/revisions\/23410"}],"wp:attachment":[{"href":"https:\/\/lospoliticosveracruz.com\/index.php?rest_route=%2Fwp%2Fv2%2Fmedia&parent=23408"}],"wp:term":[{"taxonomy":"category","embeddable":true,"href":"https:\/\/lospoliticosveracruz.com\/index.php?rest_route=%2Fwp%2Fv2%2Fcategories&post=23408"},{"taxonomy":"post_tag","embeddable":true,"href":"https:\/\/lospoliticosveracruz.com\/index.php?rest_route=%2Fwp%2Fv2%2Ftags&post=23408"}],"curies":[{"name":"wp","href":"https:\/\/api.w.org\/{rel}","templated":true}]}}