{"id":23411,"date":"2016-05-25T22:18:02","date_gmt":"2016-05-26T03:18:02","guid":{"rendered":"http:\/\/www.lospoliticosveracruz.com.mx\/?p=23411"},"modified":"2016-05-25T22:18:02","modified_gmt":"2016-05-26T03:18:02","slug":"el-diputado-erotico","status":"publish","type":"post","link":"https:\/\/lospoliticosveracruz.com\/?p=23411","title":{"rendered":"El diputado er\u00f3tico"},"content":{"rendered":"<p><a href=\"http:\/\/www.lospoliticosveracruz.com.mx\/wp-content\/uploads\/2016\/05\/Chapo-Guzm\u00e1n-Avil\u00e9s.png\"><img loading=\"lazy\" decoding=\"async\" class=\"alignnone size-medium wp-image-23413\" src=\"http:\/\/www.lospoliticosveracruz.com.mx\/wp-content\/uploads\/2016\/05\/Chapo-Guzm\u00e1n-Avil\u00e9s-300x193.png\" alt=\"Chapo Guzm\u00e1n Avil\u00e9s\" width=\"300\" height=\"193\" \/><\/a><br \/>\n<strong>Salvador Mu\u00f1oz<\/strong><\/p>\n<p><em>Los Pol\u00edticos<\/em><\/p>\n<p>\u00a1El link! \u00a1el link!, v\u00eda inbox me ped\u00edan algunos amigos.<br \/>\nPara ser m\u00e1s precisos: el \u201clink\u201d es el enlace o v\u00ednculo que permite acceder de un archivo, p\u00e1gina o documento electr\u00f3nico, a otro. El \u201cinbox\u201d es el servicio de mensajer\u00eda privado.<br \/>\nY todo esto surge por un comentario que pongo:<br \/>\n\u201cBueno, si ya bastante es risible o deprimente decir que un diputado es la Voz del Pueblo en el Congreso, el audio que se adjudica a El Chapo Joaqu\u00edn Guzm\u00e1n Avil\u00e9s, teniendo conversaciones \u2018muy elevadas de tono\u2019 con una dama y fantaseando (\u00bfse podr\u00e1 decir \u2018Fantasear\u2019?) con ni\u00f1as, abona m\u00e1s a esa falta de credibilidad en lo que llaman \u2018son nuestra Voz\u2019&#8230; Por supuesto, no pondr\u00e9 el link de ese audio\u201d.<br \/>\nII<br \/>\nS\u00ed, como dije en ese p\u00e1rrafo, no pondr\u00e9 el link de ese audio, a lo m\u00e1s, comentar\u00e9 a grosso modo, parte de esa conversaci\u00f3n que involucra (seg\u00fan la filtraci\u00f3n de ese audio) al diputado del PAN, Guzm\u00e1n Avil\u00e9s, con una mujer de nombre Silvia.<br \/>\nLa pl\u00e1tica telef\u00f3nica es digna de una \u201cl\u00ednea hot\u201d (\u00bfseguir\u00e1n funcionando?) y en descargo del legislador blanquiazul, es una intromisi\u00f3n a su vida privada, \u00bfigual se podr\u00eda catalogar las otras filtraciones que se han dado contra otros pol\u00edticos, como fue el caso de Gabriel Deantes hablando con un desconocido o la de Javier Duarte de Ochoa con Jos\u00e9 Murat? Se pudiera responder a la pregunta diciendo que no, porque al final, el dejo de sospecha es de inter\u00e9s p\u00fablico. En el caso de la conversaci\u00f3n del diputado Chapo, s\u00f3lo exhibe un patr\u00f3n en su comportamiento sexual en una llamada\u2026 conste: puse \u201cllamada\u201d, con Ll, no con M.<br \/>\nLuego entonces, \u00bfpor qu\u00e9 mi negativa a entregar ese link a mis amigos, que al final lo obtuvieron por otros medios? Quiz\u00e1s por mi desagrado a la parafilia que detecto en el diputado si aplicamos el mismo tenor a su conversaci\u00f3n filtrada con el resto de las citadas: que sea cierta.<br \/>\nIII<br \/>\nPor supuesto, el hecho de que considere que el diputado Guzm\u00e1n Avil\u00e9s tenga una parafilia, no lo hace un \u201cperverso sexual\u201d, pero pol\u00edticamente, puede dar lugar a pensar muchas cosas por lo siguiente:<br \/>\n1.- Cuando en ese audio que le adjudican a Guzm\u00e1n Avil\u00e9s, platica v\u00eda telef\u00f3nica de masturbaci\u00f3n con la se\u00f1ora Silvia, creo que nadie se espanta de ello. Los m\u00e1s ac\u00e9rrimos cr\u00edticos dir\u00e1n \u201cla doble moral del PAN\u201d, pero lo asumir\u00eda como exagerado.<br \/>\n2.- El asunto es cuando en dicha pl\u00e1tica se menciona a una \u201cchiquita\u201d, que de acuerdo a la explicaci\u00f3n que se da en el audio, es sobrina de la se\u00f1ora con la que platica el diputado del PAN. La \u201cchiquita\u201d a la que citan en la conversaci\u00f3n, parece que es una menor de edad, por ciertas referencias que cita el diputado, como el tama\u00f1o de sus manos o decir \u201cp\u00ecernitas\u201d.<br \/>\n3.- \u00bfY c\u00f3mo es que pol\u00edticamente la \u201cparafilia\u201d del panista puede afectarle? Muy sencillo\u2026<br \/>\nIV<br \/>\nSi bien es cierto, es posible que un alto n\u00famero de personas tengan fantas\u00edas sexuales, es la circunstancia y el momento lo que van a determinar si se trata de erotismo o no\u2026 Entonces, pasemos a la circunstancia y al momento del diputado er\u00f3tico.<br \/>\nI.- Su conversaci\u00f3n \u201chot\u201d, v\u00e1lida, se desvirt\u00faa cuando se hace p\u00fablica, \u00bfpor qu\u00e9? porque su pr\u00e1ctica choca contra la pared moral de una sociedad que es seguro que no reciba con benepl\u00e1cito que el panista \u201cfantasee\u201d teniendo relaciones con una \u201cchiquita\u201d, sobrina de su pareja.<br \/>\nII.- Su conversaci\u00f3n \u201chot\u201d, v\u00e1lida, en privado por supuesto, se desvirt\u00faa cuando en el entorno del candidato que apoya, ha sido se\u00f1alado, comentado y publicado, en casos de pederastia. Por eso, \u201cfantasear\u201d teniendo relaciones con una \u201cchiquita\u201d no aplica, porque no ayuda a su candidato.<br \/>\nQue conste, si nos aplicamos al orden m\u00e9dico, queda eliminada la idea de \u201cperverso sexual\u201d porque ese t\u00e9rmino, ya no existe.<br \/>\nA lo m\u00e1s que podemos llegar a esto, es que el diputado Guzm\u00e1n Avil\u00e9s y su pareja telef\u00f3nica alcancen un alto grado de erotismo imaginando tener relaciones con una menor de edad. Por supuesto, quiz\u00e1s un psic\u00f3logo pudiera decir que no es erotismo, sino paidofilia que, sumado al inter\u00e9s del vecino de Tantoyuca por ver la foto del calz\u00f3n de la mujer al otro lado de la l\u00ednea telef\u00f3nica, tras su orgasmo, le pudi\u00e9ramos agregar que es fetichista.<br \/>\n\u00bfEs malo eso?<br \/>\nYo creo que no\u2026 pero es el momento y la circunstancia que hacen que sus cachondeos telef\u00f3nicos rompan con la sabia frase de \u201ccada quien sus parafilias\u201d.<\/p>\n<p>smcainito@gmail.com<\/p>\n","protected":false},"excerpt":{"rendered":"<p>Salvador Mu\u00f1oz Los Pol\u00edticos \u00a1El link! \u00a1el link!, v\u00eda inbox me ped\u00edan algunos amigos. Para ser m\u00e1s precisos: el \u201clink\u201d es el enlace o v\u00ednculo que permite acceder de un archivo, p\u00e1gina o documento electr\u00f3nico, a otro. El \u201cinbox\u201d es el servicio de mensajer\u00eda privado. Y todo esto surge por un comentario que pongo: \u201cBueno, [&hellip;]<\/p>\n","protected":false},"author":2,"featured_media":0,"comment_status":"open","ping_status":"open","sticky":false,"template":"","format":"standard","meta":{"tdm_status":"","tdm_grid_status":"","footnotes":""},"categories":[70],"tags":[454,5424,3288,266,5423,5422],"class_list":{"0":"post-23411","1":"post","2":"type-post","3":"status-publish","4":"format-standard","6":"category-de-opinion","7":"tag-diputado","8":"tag-erotismo","9":"tag-joaquin-guzman-aviles","10":"tag-pan","11":"tag-parafilia","12":"tag-pedofilia"},"yoast_head":"<!-- This site is optimized with the Yoast SEO plugin v27.4 - https:\/\/yoast.com\/product\/yoast-seo-wordpress\/ -->\n<title>El diputado er\u00f3tico - Los pol\u00edticos Veracruz<\/title>\n<meta name=\"robots\" content=\"index, follow, max-snippet:-1, max-image-preview:large, max-video-preview:-1\" \/>\n<link rel=\"canonical\" href=\"https:\/\/lospoliticosveracruz.com\/?p=23411\" \/>\n<meta property=\"og:locale\" content=\"es_ES\" \/>\n<meta property=\"og:type\" content=\"article\" \/>\n<meta property=\"og:title\" content=\"El diputado er\u00f3tico - Los pol\u00edticos Veracruz\" \/>\n<meta property=\"og:description\" content=\"Salvador Mu\u00f1oz Los Pol\u00edticos \u00a1El link! \u00a1el link!, v\u00eda inbox me ped\u00edan algunos amigos. Para ser m\u00e1s precisos: el \u201clink\u201d es el enlace o v\u00ednculo que permite acceder de un archivo, p\u00e1gina o documento electr\u00f3nico, a otro. El \u201cinbox\u201d es el servicio de mensajer\u00eda privado. Y todo esto surge por un comentario que pongo: \u201cBueno, [&hellip;]\" \/>\n<meta property=\"og:url\" content=\"https:\/\/lospoliticosveracruz.com\/?p=23411\" \/>\n<meta property=\"og:site_name\" content=\"Los pol\u00edticos Veracruz\" \/>\n<meta property=\"article:publisher\" content=\"https:\/\/www.facebook.com\/people\/Notimemes-de-los-Polticos\/61565672886568\/\" \/>\n<meta property=\"article:published_time\" content=\"2016-05-26T03:18:02+00:00\" \/>\n<meta property=\"og:image\" content=\"https:\/\/lospoliticosveracruz.com\/wp-content\/uploads\/2016\/07\/Logo-Dor.jpg\" \/>\n\t<meta property=\"og:image:width\" content=\"200\" \/>\n\t<meta property=\"og:image:height\" content=\"200\" \/>\n\t<meta property=\"og:image:type\" content=\"image\/jpeg\" \/>\n<meta name=\"author\" content=\"Lo viste en Los Pol\u00edticos\" \/>\n<meta name=\"twitter:card\" content=\"summary_large_image\" \/>\n<meta name=\"twitter:creator\" content=\"@LosPoliticosVer\" \/>\n<meta name=\"twitter:site\" content=\"@LosPoliticosVer\" \/>\n<meta name=\"twitter:label1\" content=\"Escrito por\" \/>\n\t<meta name=\"twitter:data1\" content=\"Lo viste en Los Pol\u00edticos\" \/>\n\t<meta name=\"twitter:label2\" content=\"Tiempo de lectura\" \/>\n\t<meta name=\"twitter:data2\" content=\"4 minutos\" \/>\n<script type=\"application\/ld+json\" class=\"yoast-schema-graph\">{\"@context\":\"https:\\\/\\\/schema.org\",\"@graph\":[{\"@type\":\"Article\",\"@id\":\"https:\\\/\\\/lospoliticosveracruz.com\\\/?p=23411#article\",\"isPartOf\":{\"@id\":\"https:\\\/\\\/lospoliticosveracruz.com\\\/?p=23411\"},\"author\":{\"name\":\"Lo viste en Los Pol\u00edticos\",\"@id\":\"https:\\\/\\\/lospoliticosveracruz.com\\\/#\\\/schema\\\/person\\\/b8702bb0e538456e6efd07080bf2a4a2\"},\"headline\":\"El diputado er\u00f3tico\",\"datePublished\":\"2016-05-26T03:18:02+00:00\",\"mainEntityOfPage\":{\"@id\":\"https:\\\/\\\/lospoliticosveracruz.com\\\/?p=23411\"},\"wordCount\":845,\"commentCount\":0,\"publisher\":{\"@id\":\"https:\\\/\\\/lospoliticosveracruz.com\\\/#organization\"},\"keywords\":[\"diputado\",\"erotismo\",\"Joaqu\u00edn Guzm\u00e1n Avil\u00e9s\",\"PAN\",\"parafilia\",\"pedofilia\"],\"articleSection\":[\"De Opini\u00f3n\"],\"inLanguage\":\"es\",\"potentialAction\":[{\"@type\":\"CommentAction\",\"name\":\"Comment\",\"target\":[\"https:\\\/\\\/lospoliticosveracruz.com\\\/?p=23411#respond\"]}]},{\"@type\":\"WebPage\",\"@id\":\"https:\\\/\\\/lospoliticosveracruz.com\\\/?p=23411\",\"url\":\"https:\\\/\\\/lospoliticosveracruz.com\\\/?p=23411\",\"name\":\"El diputado er\u00f3tico - Los pol\u00edticos Veracruz\",\"isPartOf\":{\"@id\":\"https:\\\/\\\/lospoliticosveracruz.com\\\/#website\"},\"datePublished\":\"2016-05-26T03:18:02+00:00\",\"breadcrumb\":{\"@id\":\"https:\\\/\\\/lospoliticosveracruz.com\\\/?p=23411#breadcrumb\"},\"inLanguage\":\"es\",\"potentialAction\":[{\"@type\":\"ReadAction\",\"target\":[\"https:\\\/\\\/lospoliticosveracruz.com\\\/?p=23411\"]}]},{\"@type\":\"BreadcrumbList\",\"@id\":\"https:\\\/\\\/lospoliticosveracruz.com\\\/?p=23411#breadcrumb\",\"itemListElement\":[{\"@type\":\"ListItem\",\"position\":1,\"name\":\"Portada\",\"item\":\"https:\\\/\\\/lospoliticosveracruz.com\\\/\"},{\"@type\":\"ListItem\",\"position\":2,\"name\":\"El diputado er\u00f3tico\"}]},{\"@type\":\"WebSite\",\"@id\":\"https:\\\/\\\/lospoliticosveracruz.com\\\/#website\",\"url\":\"https:\\\/\\\/lospoliticosveracruz.com\\\/\",\"name\":\"Los pol\u00edticos Veracruz\",\"description\":\"\",\"publisher\":{\"@id\":\"https:\\\/\\\/lospoliticosveracruz.com\\\/#organization\"},\"potentialAction\":[{\"@type\":\"SearchAction\",\"target\":{\"@type\":\"EntryPoint\",\"urlTemplate\":\"https:\\\/\\\/lospoliticosveracruz.com\\\/?s={search_term_string}\"},\"query-input\":{\"@type\":\"PropertyValueSpecification\",\"valueRequired\":true,\"valueName\":\"search_term_string\"}}],\"inLanguage\":\"es\"},{\"@type\":\"Organization\",\"@id\":\"https:\\\/\\\/lospoliticosveracruz.com\\\/#organization\",\"name\":\"Los pol\u00edticos Veracruz\",\"url\":\"https:\\\/\\\/lospoliticosveracruz.com\\\/\",\"logo\":{\"@type\":\"ImageObject\",\"inLanguage\":\"es\",\"@id\":\"https:\\\/\\\/lospoliticosveracruz.com\\\/#\\\/schema\\\/logo\\\/image\\\/\",\"url\":\"https:\\\/\\\/lospoliticosveracruz.com\\\/wp-content\\\/uploads\\\/2025\\\/12\\\/Logo-Nuevo-LOS-POLITICOS-1.jpg\",\"contentUrl\":\"https:\\\/\\\/lospoliticosveracruz.com\\\/wp-content\\\/uploads\\\/2025\\\/12\\\/Logo-Nuevo-LOS-POLITICOS-1.jpg\",\"width\":260,\"height\":70,\"caption\":\"Los pol\u00edticos Veracruz\"},\"image\":{\"@id\":\"https:\\\/\\\/lospoliticosveracruz.com\\\/#\\\/schema\\\/logo\\\/image\\\/\"},\"sameAs\":[\"https:\\\/\\\/www.facebook.com\\\/people\\\/Notimemes-de-los-Polticos\\\/61565672886568\\\/\",\"https:\\\/\\\/x.com\\\/LosPoliticosVer\"]},{\"@type\":\"Person\",\"@id\":\"https:\\\/\\\/lospoliticosveracruz.com\\\/#\\\/schema\\\/person\\\/b8702bb0e538456e6efd07080bf2a4a2\",\"name\":\"Lo viste en Los Pol\u00edticos\",\"image\":{\"@type\":\"ImageObject\",\"inLanguage\":\"es\",\"@id\":\"https:\\\/\\\/secure.gravatar.com\\\/avatar\\\/3a8de04a2656d44082be478bd6c086daa447c4651605818287b9532d3d0bd435?s=96&d=mm&r=g\",\"url\":\"https:\\\/\\\/secure.gravatar.com\\\/avatar\\\/3a8de04a2656d44082be478bd6c086daa447c4651605818287b9532d3d0bd435?s=96&d=mm&r=g\",\"contentUrl\":\"https:\\\/\\\/secure.gravatar.com\\\/avatar\\\/3a8de04a2656d44082be478bd6c086daa447c4651605818287b9532d3d0bd435?s=96&d=mm&r=g\",\"caption\":\"Lo viste en Los Pol\u00edticos\"},\"url\":\"https:\\\/\\\/lospoliticosveracruz.com\\\/?author=2\"}]}<\/script>\n<!-- \/ Yoast SEO plugin. -->","yoast_head_json":{"title":"El diputado er\u00f3tico - Los pol\u00edticos Veracruz","robots":{"index":"index","follow":"follow","max-snippet":"max-snippet:-1","max-image-preview":"max-image-preview:large","max-video-preview":"max-video-preview:-1"},"canonical":"https:\/\/lospoliticosveracruz.com\/?p=23411","og_locale":"es_ES","og_type":"article","og_title":"El diputado er\u00f3tico - Los pol\u00edticos Veracruz","og_description":"Salvador Mu\u00f1oz Los Pol\u00edticos \u00a1El link! \u00a1el link!, v\u00eda inbox me ped\u00edan algunos amigos. Para ser m\u00e1s precisos: el \u201clink\u201d es el enlace o v\u00ednculo que permite acceder de un archivo, p\u00e1gina o documento electr\u00f3nico, a otro. El \u201cinbox\u201d es el servicio de mensajer\u00eda privado. Y todo esto surge por un comentario que pongo: \u201cBueno, [&hellip;]","og_url":"https:\/\/lospoliticosveracruz.com\/?p=23411","og_site_name":"Los pol\u00edticos Veracruz","article_publisher":"https:\/\/www.facebook.com\/people\/Notimemes-de-los-Polticos\/61565672886568\/","article_published_time":"2016-05-26T03:18:02+00:00","og_image":[{"width":200,"height":200,"url":"https:\/\/lospoliticosveracruz.com\/wp-content\/uploads\/2016\/07\/Logo-Dor.jpg","type":"image\/jpeg"}],"author":"Lo viste en Los Pol\u00edticos","twitter_card":"summary_large_image","twitter_creator":"@LosPoliticosVer","twitter_site":"@LosPoliticosVer","twitter_misc":{"Escrito por":"Lo viste en Los Pol\u00edticos","Tiempo de lectura":"4 minutos"},"schema":{"@context":"https:\/\/schema.org","@graph":[{"@type":"Article","@id":"https:\/\/lospoliticosveracruz.com\/?p=23411#article","isPartOf":{"@id":"https:\/\/lospoliticosveracruz.com\/?p=23411"},"author":{"name":"Lo viste en Los Pol\u00edticos","@id":"https:\/\/lospoliticosveracruz.com\/#\/schema\/person\/b8702bb0e538456e6efd07080bf2a4a2"},"headline":"El diputado er\u00f3tico","datePublished":"2016-05-26T03:18:02+00:00","mainEntityOfPage":{"@id":"https:\/\/lospoliticosveracruz.com\/?p=23411"},"wordCount":845,"commentCount":0,"publisher":{"@id":"https:\/\/lospoliticosveracruz.com\/#organization"},"keywords":["diputado","erotismo","Joaqu\u00edn Guzm\u00e1n Avil\u00e9s","PAN","parafilia","pedofilia"],"articleSection":["De Opini\u00f3n"],"inLanguage":"es","potentialAction":[{"@type":"CommentAction","name":"Comment","target":["https:\/\/lospoliticosveracruz.com\/?p=23411#respond"]}]},{"@type":"WebPage","@id":"https:\/\/lospoliticosveracruz.com\/?p=23411","url":"https:\/\/lospoliticosveracruz.com\/?p=23411","name":"El diputado er\u00f3tico - Los pol\u00edticos Veracruz","isPartOf":{"@id":"https:\/\/lospoliticosveracruz.com\/#website"},"datePublished":"2016-05-26T03:18:02+00:00","breadcrumb":{"@id":"https:\/\/lospoliticosveracruz.com\/?p=23411#breadcrumb"},"inLanguage":"es","potentialAction":[{"@type":"ReadAction","target":["https:\/\/lospoliticosveracruz.com\/?p=23411"]}]},{"@type":"BreadcrumbList","@id":"https:\/\/lospoliticosveracruz.com\/?p=23411#breadcrumb","itemListElement":[{"@type":"ListItem","position":1,"name":"Portada","item":"https:\/\/lospoliticosveracruz.com\/"},{"@type":"ListItem","position":2,"name":"El diputado er\u00f3tico"}]},{"@type":"WebSite","@id":"https:\/\/lospoliticosveracruz.com\/#website","url":"https:\/\/lospoliticosveracruz.com\/","name":"Los pol\u00edticos Veracruz","description":"","publisher":{"@id":"https:\/\/lospoliticosveracruz.com\/#organization"},"potentialAction":[{"@type":"SearchAction","target":{"@type":"EntryPoint","urlTemplate":"https:\/\/lospoliticosveracruz.com\/?s={search_term_string}"},"query-input":{"@type":"PropertyValueSpecification","valueRequired":true,"valueName":"search_term_string"}}],"inLanguage":"es"},{"@type":"Organization","@id":"https:\/\/lospoliticosveracruz.com\/#organization","name":"Los pol\u00edticos Veracruz","url":"https:\/\/lospoliticosveracruz.com\/","logo":{"@type":"ImageObject","inLanguage":"es","@id":"https:\/\/lospoliticosveracruz.com\/#\/schema\/logo\/image\/","url":"https:\/\/lospoliticosveracruz.com\/wp-content\/uploads\/2025\/12\/Logo-Nuevo-LOS-POLITICOS-1.jpg","contentUrl":"https:\/\/lospoliticosveracruz.com\/wp-content\/uploads\/2025\/12\/Logo-Nuevo-LOS-POLITICOS-1.jpg","width":260,"height":70,"caption":"Los pol\u00edticos Veracruz"},"image":{"@id":"https:\/\/lospoliticosveracruz.com\/#\/schema\/logo\/image\/"},"sameAs":["https:\/\/www.facebook.com\/people\/Notimemes-de-los-Polticos\/61565672886568\/","https:\/\/x.com\/LosPoliticosVer"]},{"@type":"Person","@id":"https:\/\/lospoliticosveracruz.com\/#\/schema\/person\/b8702bb0e538456e6efd07080bf2a4a2","name":"Lo viste en Los Pol\u00edticos","image":{"@type":"ImageObject","inLanguage":"es","@id":"https:\/\/secure.gravatar.com\/avatar\/3a8de04a2656d44082be478bd6c086daa447c4651605818287b9532d3d0bd435?s=96&d=mm&r=g","url":"https:\/\/secure.gravatar.com\/avatar\/3a8de04a2656d44082be478bd6c086daa447c4651605818287b9532d3d0bd435?s=96&d=mm&r=g","contentUrl":"https:\/\/secure.gravatar.com\/avatar\/3a8de04a2656d44082be478bd6c086daa447c4651605818287b9532d3d0bd435?s=96&d=mm&r=g","caption":"Lo viste en Los Pol\u00edticos"},"url":"https:\/\/lospoliticosveracruz.com\/?author=2"}]}},"_links":{"self":[{"href":"https:\/\/lospoliticosveracruz.com\/index.php?rest_route=\/wp\/v2\/posts\/23411","targetHints":{"allow":["GET"]}}],"collection":[{"href":"https:\/\/lospoliticosveracruz.com\/index.php?rest_route=\/wp\/v2\/posts"}],"about":[{"href":"https:\/\/lospoliticosveracruz.com\/index.php?rest_route=\/wp\/v2\/types\/post"}],"author":[{"embeddable":true,"href":"https:\/\/lospoliticosveracruz.com\/index.php?rest_route=\/wp\/v2\/users\/2"}],"replies":[{"embeddable":true,"href":"https:\/\/lospoliticosveracruz.com\/index.php?rest_route=%2Fwp%2Fv2%2Fcomments&post=23411"}],"version-history":[{"count":1,"href":"https:\/\/lospoliticosveracruz.com\/index.php?rest_route=\/wp\/v2\/posts\/23411\/revisions"}],"predecessor-version":[{"id":23414,"href":"https:\/\/lospoliticosveracruz.com\/index.php?rest_route=\/wp\/v2\/posts\/23411\/revisions\/23414"}],"wp:attachment":[{"href":"https:\/\/lospoliticosveracruz.com\/index.php?rest_route=%2Fwp%2Fv2%2Fmedia&parent=23411"}],"wp:term":[{"taxonomy":"category","embeddable":true,"href":"https:\/\/lospoliticosveracruz.com\/index.php?rest_route=%2Fwp%2Fv2%2Fcategories&post=23411"},{"taxonomy":"post_tag","embeddable":true,"href":"https:\/\/lospoliticosveracruz.com\/index.php?rest_route=%2Fwp%2Fv2%2Ftags&post=23411"}],"curies":[{"name":"wp","href":"https:\/\/api.w.org\/{rel}","templated":true}]}}