{"id":23415,"date":"2016-05-26T21:40:28","date_gmt":"2016-05-27T02:40:28","guid":{"rendered":"http:\/\/www.lospoliticosveracruz.com.mx\/?p=23415"},"modified":"2016-05-26T21:40:28","modified_gmt":"2016-05-27T02:40:28","slug":"elecciones-veracruzanas-a-quien-beneficia-la-violencia","status":"publish","type":"post","link":"https:\/\/lospoliticosveracruz.com\/?p=23415","title":{"rendered":"Elecciones veracruzanas; \u00bfa qui\u00e9n beneficia la violencia?"},"content":{"rendered":"<p><a href=\"http:\/\/www.lospoliticosveracruz.com.mx\/wp-content\/uploads\/2016\/05\/Violencia.jpg\"><img loading=\"lazy\" decoding=\"async\" class=\"alignnone size-medium wp-image-23416\" src=\"http:\/\/www.lospoliticosveracruz.com.mx\/wp-content\/uploads\/2016\/05\/Violencia-300x175.jpg\" alt=\"Violencia\" width=\"300\" height=\"175\" \/><\/a><br \/>\n<strong>Luis Alberto Romero<\/strong><\/p>\n<p><em>Hora Cero<\/em><\/p>\n<p>A estas alturas de la contienda por la sucesi\u00f3n en el gobierno del estado, han tenido mucho m\u00e1s impacto los hechos violentos registrados en territorio veracruzano que la agenda, actividades, discursos y propuestas de los candidatos.<br \/>\nEl ba\u00f1o de sangre que se registra en Veracruz resulta mucho m\u00e1s escandaloso y, por supuesto, preocupante que la guerra de lodo entre los aspirantes a suceder a Javier Duarte.<br \/>\nCuando faltan diez d\u00edas para la jornada electoral del domingo 5 de junio, los hechos violentos que se observan en Veracruz son cada vez m\u00e1s impactantes, escalofriantes, frecuentes y extendidos.<br \/>\nPodr\u00edamos decir, incluso, que la violencia se ha generalizado hasta alcanzar a todas las regiones de la entidad.<br \/>\nEl levant\u00f3n ocurrido el pasado s\u00e1bado en el interior de la iglesia Santa Rita de Casia, en el Puerto de Veracruz, por ejemplo, provoc\u00f3 un ambiente de tensi\u00f3n entre la feligres\u00eda cat\u00f3lica; la Arquidi\u00f3cesis de Xalapa emiti\u00f3 un duro comunicado en que expresa su preocupaci\u00f3n con relaci\u00f3n a la violencia que se registra en la entidad, y llama a las autoridades estatales a tomar medidas para enfrentar el problema.<br \/>\nUn d\u00eda despu\u00e9s, el domingo, se produjo el atentado en el antro \u201cMadame\u201d, de Xalapa, con un saldo de 5 personas muertas y al menos 15 heridos; sobre estos hechos, muy atinada fue la definici\u00f3n del alcalde Am\u00e9rico Z\u00fa\u00f1iga Mart\u00ednez, quien expuso que esta ciudad, siendo una de las capitales estatales con los \u00edndices delictivos m\u00e1s bajos, no ten\u00eda antecedentes de una masacre de esos niveles.<br \/>\nLa sociedad de Xalapa, dijo Am\u00e9rico, est\u00e1 en shock, lo que resulta comprensible dada la relativa tranquilidad que normalmente se respira en la capital en materia delictiva.<br \/>\nPor supuesto, si un hecho de esas dimensiones se hubiera registrado en una zona catalogada como foco rojo en materia de inseguridad y violencia, como P\u00e1nuco, por ejemplo, no hubiera provocado el impacto que tuvo el atentado en el antro mencionado, entre la sociedad xalape\u00f1a.<br \/>\nTodav\u00eda no baja la ola de preocupaci\u00f3n y alarma generada por el homicidio m\u00faltiple ocurrido en Xalapa, cuando la madrugada del pasado martes surgi\u00f3 otra noticia, igualmente atroz, en Amatl\u00e1n de los Reyes, zona centro de Veracruz, donde fueron hallados los restos de cinco personas, cuyos cuerpos estaban desmembrados. En ese caso se habla del enfrentamiento entre dos bandas delincuenciales que se disputan el control del territorio y esa es una de las l\u00edneas de investigaci\u00f3n que siguen, de manera oficial, las autoridades.<br \/>\nEse mismo d\u00eda, el martes, dos j\u00f3venes fueron asesinados a balazos y encontrados en la carretera estatal Jamapa-Zacatal.<br \/>\nDebido a hechos como los mencionados, la duda que ha comenzado a surgir entre los analistas pol\u00edticos se refiere a \u00bfc\u00f3mo influir\u00e1 la percepci\u00f3n de inseguridad en las elecciones veracruzanas? y, por otro lado, al partido o candidato que ser\u00eda beneficiado, en caso de que la participaci\u00f3n ciudadana el d\u00eda de la elecci\u00f3n termine por desalentarse.<br \/>\nEn pocas palabras, \u00bfa qui\u00e9n beneficiar\u00eda una posible escasa concurrencia de ciudadanos en las casillas electores?<br \/>\nEste martes, Jorge Carlos Ram\u00edrez Mar\u00edn, representante del PRI ante el INE, sostuvo que cuatro entidades son consideradas como focos rojos en materia delictiva: Oaxaca, Tamaulipas, Puebla y Veracruz; en todas ellas, pero particularmente en las dos \u00faltimas, el tricolor enfrenta un escenario sumamente complicado.<\/p>\n<p><strong>Gobierno estatal, el esc\u00e1ndalo crece<\/strong><br \/>\nUna revista digital dio a conocer este martes en un amplio trabajo period\u00edstico, una red de corrupci\u00f3n que involucrar\u00eda al gobierno veracruzano con la asignaci\u00f3n de contratos a empresas fantasma.<br \/>\nDicho trabajo, que fue retomado por medios de Veracruz y del \u00e1mbito nacional, establece que al iniciar el presente sexenio fueron creadas empresas que dejaban de existir una vez que recib\u00edan los pagos por contratos correspondientes a trabajos o servicios que nunca realizaban.<br \/>\nCon ese mecanismo, apunta el reportaje, el gobierno estatal habr\u00eda desaparecido m\u00e1s de 645 millones de pesos durante 2012 y 2013. Se habla de 73 contratos con empresas inexistentes.<br \/>\nEste mi\u00e9rcoles, en el seguimiento a dicho trabajo, se revela que el ejecutivo veracruzano enfrentar\u00eda no una, sino 34 denuncias ante la Procuradur\u00eda General de la Rep\u00fablica, por parte de la Auditor\u00eda Superior de la Federaci\u00f3n.<br \/>\nEn esas denuncias van incluidas 15 que se relacionan a la simulaci\u00f3n de reintegros por 4 mil 770 millones de pesos. Los delitos que se atribuyen al ejecutivo veracruzano pasan por peculado o malversaci\u00f3n de fondos p\u00fablicos; uso indebido de atribuciones o facultades; y ejercicio indebido del servicio p\u00fablico.<br \/>\nEvidentemente, estaba muy equivocado quien pensaba que el temporal contra Duarte de Ochoa hab\u00eda terminado.<br \/>\nEl tema, por supuesto, no s\u00f3lo pasa por las presuntas conductas delictivas del gobierno del estado, su titular y su primer c\u00edrculo, sino por la afectaci\u00f3n que registrar\u00e1 la campa\u00f1a priista; el reportaje se difunde en el peor momento para el PRI, cuando falta ya muy poco, menos de dos semanas, para la jornada electoral. @luisromero85<\/p>\n","protected":false},"excerpt":{"rendered":"<p>Luis Alberto Romero Hora Cero A estas alturas de la contienda por la sucesi\u00f3n en el gobierno del estado, han tenido mucho m\u00e1s impacto los hechos violentos registrados en territorio veracruzano que la agenda, actividades, discursos y propuestas de los candidatos. El ba\u00f1o de sangre que se registra en Veracruz resulta mucho m\u00e1s escandaloso y, [&hellip;]<\/p>\n","protected":false},"author":2,"featured_media":0,"comment_status":"open","ping_status":"open","sticky":false,"template":"","format":"standard","meta":{"tdm_status":"","tdm_grid_status":"","footnotes":""},"categories":[70],"tags":[5410,195],"class_list":{"0":"post-23415","1":"post","2":"type-post","3":"status-publish","4":"format-standard","6":"category-de-opinion","7":"tag-madame","8":"tag-veracruz"},"yoast_head":"<!-- This site is optimized with the Yoast SEO plugin v27.4 - https:\/\/yoast.com\/product\/yoast-seo-wordpress\/ -->\n<title>Elecciones veracruzanas; \u00bfa qui\u00e9n beneficia la violencia? - Los pol\u00edticos Veracruz<\/title>\n<meta name=\"robots\" content=\"index, follow, max-snippet:-1, max-image-preview:large, max-video-preview:-1\" \/>\n<link rel=\"canonical\" href=\"https:\/\/lospoliticosveracruz.com\/?p=23415\" \/>\n<meta property=\"og:locale\" content=\"es_ES\" \/>\n<meta property=\"og:type\" content=\"article\" \/>\n<meta property=\"og:title\" content=\"Elecciones veracruzanas; \u00bfa qui\u00e9n beneficia la violencia? - Los pol\u00edticos Veracruz\" \/>\n<meta property=\"og:description\" content=\"Luis Alberto Romero Hora Cero A estas alturas de la contienda por la sucesi\u00f3n en el gobierno del estado, han tenido mucho m\u00e1s impacto los hechos violentos registrados en territorio veracruzano que la agenda, actividades, discursos y propuestas de los candidatos. El ba\u00f1o de sangre que se registra en Veracruz resulta mucho m\u00e1s escandaloso y, [&hellip;]\" \/>\n<meta property=\"og:url\" content=\"https:\/\/lospoliticosveracruz.com\/?p=23415\" \/>\n<meta property=\"og:site_name\" content=\"Los pol\u00edticos Veracruz\" \/>\n<meta property=\"article:publisher\" content=\"https:\/\/www.facebook.com\/people\/Notimemes-de-los-Polticos\/61565672886568\/\" \/>\n<meta property=\"article:published_time\" content=\"2016-05-27T02:40:28+00:00\" \/>\n<meta property=\"og:image\" content=\"http:\/\/www.lospoliticosveracruz.com.mx\/wp-content\/uploads\/2016\/05\/Violencia-300x175.jpg\" \/>\n<meta name=\"author\" content=\"Lo viste en Los Pol\u00edticos\" \/>\n<meta name=\"twitter:card\" content=\"summary_large_image\" \/>\n<meta name=\"twitter:creator\" content=\"@LosPoliticosVer\" \/>\n<meta name=\"twitter:site\" content=\"@LosPoliticosVer\" \/>\n<meta name=\"twitter:label1\" content=\"Escrito por\" \/>\n\t<meta name=\"twitter:data1\" content=\"Lo viste en Los Pol\u00edticos\" \/>\n\t<meta name=\"twitter:label2\" content=\"Tiempo de lectura\" \/>\n\t<meta name=\"twitter:data2\" content=\"4 minutos\" \/>\n<script type=\"application\/ld+json\" class=\"yoast-schema-graph\">{\"@context\":\"https:\\\/\\\/schema.org\",\"@graph\":[{\"@type\":\"Article\",\"@id\":\"https:\\\/\\\/lospoliticosveracruz.com\\\/?p=23415#article\",\"isPartOf\":{\"@id\":\"https:\\\/\\\/lospoliticosveracruz.com\\\/?p=23415\"},\"author\":{\"name\":\"Lo viste en Los Pol\u00edticos\",\"@id\":\"https:\\\/\\\/lospoliticosveracruz.com\\\/#\\\/schema\\\/person\\\/b8702bb0e538456e6efd07080bf2a4a2\"},\"headline\":\"Elecciones veracruzanas; \u00bfa qui\u00e9n beneficia la violencia?\",\"datePublished\":\"2016-05-27T02:40:28+00:00\",\"mainEntityOfPage\":{\"@id\":\"https:\\\/\\\/lospoliticosveracruz.com\\\/?p=23415\"},\"wordCount\":872,\"commentCount\":0,\"publisher\":{\"@id\":\"https:\\\/\\\/lospoliticosveracruz.com\\\/#organization\"},\"image\":{\"@id\":\"https:\\\/\\\/lospoliticosveracruz.com\\\/?p=23415#primaryimage\"},\"thumbnailUrl\":\"http:\\\/\\\/www.lospoliticosveracruz.com.mx\\\/wp-content\\\/uploads\\\/2016\\\/05\\\/Violencia-300x175.jpg\",\"keywords\":[\"Madame\",\"Veracruz\"],\"articleSection\":[\"De Opini\u00f3n\"],\"inLanguage\":\"es\",\"potentialAction\":[{\"@type\":\"CommentAction\",\"name\":\"Comment\",\"target\":[\"https:\\\/\\\/lospoliticosveracruz.com\\\/?p=23415#respond\"]}]},{\"@type\":\"WebPage\",\"@id\":\"https:\\\/\\\/lospoliticosveracruz.com\\\/?p=23415\",\"url\":\"https:\\\/\\\/lospoliticosveracruz.com\\\/?p=23415\",\"name\":\"Elecciones veracruzanas; \u00bfa qui\u00e9n beneficia la violencia? - Los pol\u00edticos Veracruz\",\"isPartOf\":{\"@id\":\"https:\\\/\\\/lospoliticosveracruz.com\\\/#website\"},\"primaryImageOfPage\":{\"@id\":\"https:\\\/\\\/lospoliticosveracruz.com\\\/?p=23415#primaryimage\"},\"image\":{\"@id\":\"https:\\\/\\\/lospoliticosveracruz.com\\\/?p=23415#primaryimage\"},\"thumbnailUrl\":\"http:\\\/\\\/www.lospoliticosveracruz.com.mx\\\/wp-content\\\/uploads\\\/2016\\\/05\\\/Violencia-300x175.jpg\",\"datePublished\":\"2016-05-27T02:40:28+00:00\",\"breadcrumb\":{\"@id\":\"https:\\\/\\\/lospoliticosveracruz.com\\\/?p=23415#breadcrumb\"},\"inLanguage\":\"es\",\"potentialAction\":[{\"@type\":\"ReadAction\",\"target\":[\"https:\\\/\\\/lospoliticosveracruz.com\\\/?p=23415\"]}]},{\"@type\":\"ImageObject\",\"inLanguage\":\"es\",\"@id\":\"https:\\\/\\\/lospoliticosveracruz.com\\\/?p=23415#primaryimage\",\"url\":\"http:\\\/\\\/www.lospoliticosveracruz.com.mx\\\/wp-content\\\/uploads\\\/2016\\\/05\\\/Violencia-300x175.jpg\",\"contentUrl\":\"http:\\\/\\\/www.lospoliticosveracruz.com.mx\\\/wp-content\\\/uploads\\\/2016\\\/05\\\/Violencia-300x175.jpg\"},{\"@type\":\"BreadcrumbList\",\"@id\":\"https:\\\/\\\/lospoliticosveracruz.com\\\/?p=23415#breadcrumb\",\"itemListElement\":[{\"@type\":\"ListItem\",\"position\":1,\"name\":\"Portada\",\"item\":\"https:\\\/\\\/lospoliticosveracruz.com\\\/\"},{\"@type\":\"ListItem\",\"position\":2,\"name\":\"Elecciones veracruzanas; \u00bfa qui\u00e9n beneficia la violencia?\"}]},{\"@type\":\"WebSite\",\"@id\":\"https:\\\/\\\/lospoliticosveracruz.com\\\/#website\",\"url\":\"https:\\\/\\\/lospoliticosveracruz.com\\\/\",\"name\":\"Los pol\u00edticos Veracruz\",\"description\":\"\",\"publisher\":{\"@id\":\"https:\\\/\\\/lospoliticosveracruz.com\\\/#organization\"},\"potentialAction\":[{\"@type\":\"SearchAction\",\"target\":{\"@type\":\"EntryPoint\",\"urlTemplate\":\"https:\\\/\\\/lospoliticosveracruz.com\\\/?s={search_term_string}\"},\"query-input\":{\"@type\":\"PropertyValueSpecification\",\"valueRequired\":true,\"valueName\":\"search_term_string\"}}],\"inLanguage\":\"es\"},{\"@type\":\"Organization\",\"@id\":\"https:\\\/\\\/lospoliticosveracruz.com\\\/#organization\",\"name\":\"Los pol\u00edticos Veracruz\",\"url\":\"https:\\\/\\\/lospoliticosveracruz.com\\\/\",\"logo\":{\"@type\":\"ImageObject\",\"inLanguage\":\"es\",\"@id\":\"https:\\\/\\\/lospoliticosveracruz.com\\\/#\\\/schema\\\/logo\\\/image\\\/\",\"url\":\"https:\\\/\\\/lospoliticosveracruz.com\\\/wp-content\\\/uploads\\\/2025\\\/12\\\/Logo-Nuevo-LOS-POLITICOS-1.jpg\",\"contentUrl\":\"https:\\\/\\\/lospoliticosveracruz.com\\\/wp-content\\\/uploads\\\/2025\\\/12\\\/Logo-Nuevo-LOS-POLITICOS-1.jpg\",\"width\":260,\"height\":70,\"caption\":\"Los pol\u00edticos Veracruz\"},\"image\":{\"@id\":\"https:\\\/\\\/lospoliticosveracruz.com\\\/#\\\/schema\\\/logo\\\/image\\\/\"},\"sameAs\":[\"https:\\\/\\\/www.facebook.com\\\/people\\\/Notimemes-de-los-Polticos\\\/61565672886568\\\/\",\"https:\\\/\\\/x.com\\\/LosPoliticosVer\"]},{\"@type\":\"Person\",\"@id\":\"https:\\\/\\\/lospoliticosveracruz.com\\\/#\\\/schema\\\/person\\\/b8702bb0e538456e6efd07080bf2a4a2\",\"name\":\"Lo viste en Los Pol\u00edticos\",\"image\":{\"@type\":\"ImageObject\",\"inLanguage\":\"es\",\"@id\":\"https:\\\/\\\/secure.gravatar.com\\\/avatar\\\/3a8de04a2656d44082be478bd6c086daa447c4651605818287b9532d3d0bd435?s=96&d=mm&r=g\",\"url\":\"https:\\\/\\\/secure.gravatar.com\\\/avatar\\\/3a8de04a2656d44082be478bd6c086daa447c4651605818287b9532d3d0bd435?s=96&d=mm&r=g\",\"contentUrl\":\"https:\\\/\\\/secure.gravatar.com\\\/avatar\\\/3a8de04a2656d44082be478bd6c086daa447c4651605818287b9532d3d0bd435?s=96&d=mm&r=g\",\"caption\":\"Lo viste en Los Pol\u00edticos\"},\"url\":\"https:\\\/\\\/lospoliticosveracruz.com\\\/?author=2\"}]}<\/script>\n<!-- \/ Yoast SEO plugin. -->","yoast_head_json":{"title":"Elecciones veracruzanas; \u00bfa qui\u00e9n beneficia la violencia? - Los pol\u00edticos Veracruz","robots":{"index":"index","follow":"follow","max-snippet":"max-snippet:-1","max-image-preview":"max-image-preview:large","max-video-preview":"max-video-preview:-1"},"canonical":"https:\/\/lospoliticosveracruz.com\/?p=23415","og_locale":"es_ES","og_type":"article","og_title":"Elecciones veracruzanas; \u00bfa qui\u00e9n beneficia la violencia? - Los pol\u00edticos Veracruz","og_description":"Luis Alberto Romero Hora Cero A estas alturas de la contienda por la sucesi\u00f3n en el gobierno del estado, han tenido mucho m\u00e1s impacto los hechos violentos registrados en territorio veracruzano que la agenda, actividades, discursos y propuestas de los candidatos. El ba\u00f1o de sangre que se registra en Veracruz resulta mucho m\u00e1s escandaloso y, [&hellip;]","og_url":"https:\/\/lospoliticosveracruz.com\/?p=23415","og_site_name":"Los pol\u00edticos Veracruz","article_publisher":"https:\/\/www.facebook.com\/people\/Notimemes-de-los-Polticos\/61565672886568\/","article_published_time":"2016-05-27T02:40:28+00:00","og_image":[{"url":"http:\/\/www.lospoliticosveracruz.com.mx\/wp-content\/uploads\/2016\/05\/Violencia-300x175.jpg","type":"","width":"","height":""}],"author":"Lo viste en Los Pol\u00edticos","twitter_card":"summary_large_image","twitter_creator":"@LosPoliticosVer","twitter_site":"@LosPoliticosVer","twitter_misc":{"Escrito por":"Lo viste en Los Pol\u00edticos","Tiempo de lectura":"4 minutos"},"schema":{"@context":"https:\/\/schema.org","@graph":[{"@type":"Article","@id":"https:\/\/lospoliticosveracruz.com\/?p=23415#article","isPartOf":{"@id":"https:\/\/lospoliticosveracruz.com\/?p=23415"},"author":{"name":"Lo viste en Los Pol\u00edticos","@id":"https:\/\/lospoliticosveracruz.com\/#\/schema\/person\/b8702bb0e538456e6efd07080bf2a4a2"},"headline":"Elecciones veracruzanas; \u00bfa qui\u00e9n beneficia la violencia?","datePublished":"2016-05-27T02:40:28+00:00","mainEntityOfPage":{"@id":"https:\/\/lospoliticosveracruz.com\/?p=23415"},"wordCount":872,"commentCount":0,"publisher":{"@id":"https:\/\/lospoliticosveracruz.com\/#organization"},"image":{"@id":"https:\/\/lospoliticosveracruz.com\/?p=23415#primaryimage"},"thumbnailUrl":"http:\/\/www.lospoliticosveracruz.com.mx\/wp-content\/uploads\/2016\/05\/Violencia-300x175.jpg","keywords":["Madame","Veracruz"],"articleSection":["De Opini\u00f3n"],"inLanguage":"es","potentialAction":[{"@type":"CommentAction","name":"Comment","target":["https:\/\/lospoliticosveracruz.com\/?p=23415#respond"]}]},{"@type":"WebPage","@id":"https:\/\/lospoliticosveracruz.com\/?p=23415","url":"https:\/\/lospoliticosveracruz.com\/?p=23415","name":"Elecciones veracruzanas; \u00bfa qui\u00e9n beneficia la violencia? - Los pol\u00edticos Veracruz","isPartOf":{"@id":"https:\/\/lospoliticosveracruz.com\/#website"},"primaryImageOfPage":{"@id":"https:\/\/lospoliticosveracruz.com\/?p=23415#primaryimage"},"image":{"@id":"https:\/\/lospoliticosveracruz.com\/?p=23415#primaryimage"},"thumbnailUrl":"http:\/\/www.lospoliticosveracruz.com.mx\/wp-content\/uploads\/2016\/05\/Violencia-300x175.jpg","datePublished":"2016-05-27T02:40:28+00:00","breadcrumb":{"@id":"https:\/\/lospoliticosveracruz.com\/?p=23415#breadcrumb"},"inLanguage":"es","potentialAction":[{"@type":"ReadAction","target":["https:\/\/lospoliticosveracruz.com\/?p=23415"]}]},{"@type":"ImageObject","inLanguage":"es","@id":"https:\/\/lospoliticosveracruz.com\/?p=23415#primaryimage","url":"http:\/\/www.lospoliticosveracruz.com.mx\/wp-content\/uploads\/2016\/05\/Violencia-300x175.jpg","contentUrl":"http:\/\/www.lospoliticosveracruz.com.mx\/wp-content\/uploads\/2016\/05\/Violencia-300x175.jpg"},{"@type":"BreadcrumbList","@id":"https:\/\/lospoliticosveracruz.com\/?p=23415#breadcrumb","itemListElement":[{"@type":"ListItem","position":1,"name":"Portada","item":"https:\/\/lospoliticosveracruz.com\/"},{"@type":"ListItem","position":2,"name":"Elecciones veracruzanas; \u00bfa qui\u00e9n beneficia la violencia?"}]},{"@type":"WebSite","@id":"https:\/\/lospoliticosveracruz.com\/#website","url":"https:\/\/lospoliticosveracruz.com\/","name":"Los pol\u00edticos Veracruz","description":"","publisher":{"@id":"https:\/\/lospoliticosveracruz.com\/#organization"},"potentialAction":[{"@type":"SearchAction","target":{"@type":"EntryPoint","urlTemplate":"https:\/\/lospoliticosveracruz.com\/?s={search_term_string}"},"query-input":{"@type":"PropertyValueSpecification","valueRequired":true,"valueName":"search_term_string"}}],"inLanguage":"es"},{"@type":"Organization","@id":"https:\/\/lospoliticosveracruz.com\/#organization","name":"Los pol\u00edticos Veracruz","url":"https:\/\/lospoliticosveracruz.com\/","logo":{"@type":"ImageObject","inLanguage":"es","@id":"https:\/\/lospoliticosveracruz.com\/#\/schema\/logo\/image\/","url":"https:\/\/lospoliticosveracruz.com\/wp-content\/uploads\/2025\/12\/Logo-Nuevo-LOS-POLITICOS-1.jpg","contentUrl":"https:\/\/lospoliticosveracruz.com\/wp-content\/uploads\/2025\/12\/Logo-Nuevo-LOS-POLITICOS-1.jpg","width":260,"height":70,"caption":"Los pol\u00edticos Veracruz"},"image":{"@id":"https:\/\/lospoliticosveracruz.com\/#\/schema\/logo\/image\/"},"sameAs":["https:\/\/www.facebook.com\/people\/Notimemes-de-los-Polticos\/61565672886568\/","https:\/\/x.com\/LosPoliticosVer"]},{"@type":"Person","@id":"https:\/\/lospoliticosveracruz.com\/#\/schema\/person\/b8702bb0e538456e6efd07080bf2a4a2","name":"Lo viste en Los Pol\u00edticos","image":{"@type":"ImageObject","inLanguage":"es","@id":"https:\/\/secure.gravatar.com\/avatar\/3a8de04a2656d44082be478bd6c086daa447c4651605818287b9532d3d0bd435?s=96&d=mm&r=g","url":"https:\/\/secure.gravatar.com\/avatar\/3a8de04a2656d44082be478bd6c086daa447c4651605818287b9532d3d0bd435?s=96&d=mm&r=g","contentUrl":"https:\/\/secure.gravatar.com\/avatar\/3a8de04a2656d44082be478bd6c086daa447c4651605818287b9532d3d0bd435?s=96&d=mm&r=g","caption":"Lo viste en Los Pol\u00edticos"},"url":"https:\/\/lospoliticosveracruz.com\/?author=2"}]}},"_links":{"self":[{"href":"https:\/\/lospoliticosveracruz.com\/index.php?rest_route=\/wp\/v2\/posts\/23415","targetHints":{"allow":["GET"]}}],"collection":[{"href":"https:\/\/lospoliticosveracruz.com\/index.php?rest_route=\/wp\/v2\/posts"}],"about":[{"href":"https:\/\/lospoliticosveracruz.com\/index.php?rest_route=\/wp\/v2\/types\/post"}],"author":[{"embeddable":true,"href":"https:\/\/lospoliticosveracruz.com\/index.php?rest_route=\/wp\/v2\/users\/2"}],"replies":[{"embeddable":true,"href":"https:\/\/lospoliticosveracruz.com\/index.php?rest_route=%2Fwp%2Fv2%2Fcomments&post=23415"}],"version-history":[{"count":1,"href":"https:\/\/lospoliticosveracruz.com\/index.php?rest_route=\/wp\/v2\/posts\/23415\/revisions"}],"predecessor-version":[{"id":23417,"href":"https:\/\/lospoliticosveracruz.com\/index.php?rest_route=\/wp\/v2\/posts\/23415\/revisions\/23417"}],"wp:attachment":[{"href":"https:\/\/lospoliticosveracruz.com\/index.php?rest_route=%2Fwp%2Fv2%2Fmedia&parent=23415"}],"wp:term":[{"taxonomy":"category","embeddable":true,"href":"https:\/\/lospoliticosveracruz.com\/index.php?rest_route=%2Fwp%2Fv2%2Fcategories&post=23415"},{"taxonomy":"post_tag","embeddable":true,"href":"https:\/\/lospoliticosveracruz.com\/index.php?rest_route=%2Fwp%2Fv2%2Ftags&post=23415"}],"curies":[{"name":"wp","href":"https:\/\/api.w.org\/{rel}","templated":true}]}}