{"id":23491,"date":"2016-06-02T20:06:36","date_gmt":"2016-06-03T01:06:36","guid":{"rendered":"http:\/\/www.lospoliticosveracruz.com.mx\/?p=23491"},"modified":"2016-06-02T20:06:36","modified_gmt":"2016-06-03T01:06:36","slug":"la-judicializacion-del-proceso","status":"publish","type":"post","link":"https:\/\/lospoliticosveracruz.com\/?p=23491","title":{"rendered":"La judicializaci\u00f3n del proceso"},"content":{"rendered":"<p><a href=\"http:\/\/www.lospoliticosveracruz.com.mx\/wp-content\/uploads\/2016\/06\/juez1.jpg\"><img loading=\"lazy\" decoding=\"async\" class=\"alignnone size-medium wp-image-23493\" src=\"http:\/\/www.lospoliticosveracruz.com.mx\/wp-content\/uploads\/2016\/06\/juez1-300x170.jpg\" alt=\"juez\" width=\"300\" height=\"170\" \/><\/a><\/p>\n<p><strong>Luis Alberto Romero<\/strong><\/p>\n<p><em>Hora Cero<\/em><\/p>\n<p>Sin importar el resultado de las elecciones para gobernador de Veracruz, es pr\u00e1cticamente un hecho que el tema ser\u00e1 resuelto en los tribunales.<br \/>\nPara Cuitl\u00e1huac Garc\u00eda Jim\u00e9nez, candidato del Movimiento de Regeneraci\u00f3n Nacional, Morena, cualquier resultado que no sea una victoria ser\u00e1 motivo de impugnaciones y movilizaciones. Lo mismo ocurrir\u00e1 en los casos de Miguel \u00c1ngel Yunes Linares, de Acci\u00f3n Nacional; y de H\u00e9ctor Yunes Landa, del Revolucionario Institucional, aunque en \u00e9ste \u00faltimo se antoja mucho m\u00e1s dif\u00edcil de imaginar dicho escenario.<br \/>\nEl primer anticipo de lo que podr\u00eda generar la elecci\u00f3n en el tema de la judicializaci\u00f3n se dio a conocer por parte del Tribunal Electoral de Veracruz, que inform\u00f3 que durante el periodo que va del 14 de diciembre de 2015 al 30 de abril del presente a\u00f1o, se recibieron 147 medios de impugnaci\u00f3n; de esa cifra, 82 son juicios para la protecci\u00f3n de los derechos pol\u00edtico-electorales del ciudadano; 40, recursos de apelaci\u00f3n; y 25, procedimientos especiales sancionadores.<br \/>\nEsos n\u00fameros, por supuesto, se dispararon durante mayo y se prev\u00e9 que alcancen su cl\u00edmax durante los pr\u00f3ximos diez d\u00edas, que comprenden la jornada del domingo y la etapa postelectoral.<br \/>\nA estas alturas, cuando faltan horas para que los veracruzanos expresen su voluntad en las urnas, un ej\u00e9rcito de abogados y especialistas en derecho electoral hacen su trabajo: preparar los medios de impugnaci\u00f3n, para utilizarlos llegado el momento ante los tribunales en la materia.<br \/>\nLas campa\u00f1as pol\u00edticas ya terminaron; los candidatos concluyeron esa etapa y ahora resta el trabajo de quienes se encargan de aspectos como la estructura electoral y la movilizaci\u00f3n ciudadana \u2013as\u00ed le llaman ahora al acarreo de personas\u2013, adem\u00e1s, por supuesto, de la defensa jur\u00eddica.<br \/>\nEl tema de los tribunales adquiere evidente importancia en nuestro pa\u00eds, sobre todo porque ya existen antecedentes de elecciones estatales que han sido anuladas; el caso m\u00e1s reciente es el de Colima.<br \/>\nEn Veracruz, por ejemplo, las \u00faltimas dos elecciones para gobernador del estado fueron resueltas en los tribunales: en 2004, el priista Fidel Herrera Beltr\u00e1n derrot\u00f3 al panista Gerardo Buganza Salmer\u00f3n con tan escaso margen \u2013menos de 30 mil votos\u2013 que la decisi\u00f3n qued\u00f3 en manos de los tribunales; igual ocurri\u00f3 en 2010, cuando la ventaja del PRI, con Javier Duarte, sobre el PAN, que postul\u00f3 a Miguel \u00c1ngel Yunes Linares, fue inferior a los 80 mil sufragios.<br \/>\nHoy, las diferentes encuestas que han sido difundidas y la opini\u00f3n de los analistas pol\u00edticos indican que una vez m\u00e1s, todo se resolver\u00e1 en los tribunales, dado que la diferencia entre primero y segundo podr\u00eda ser menor a un punto porcentual.<\/p>\n<p><strong>\u00bfNulidad?<\/strong><br \/>\nEn diferentes medios, columnistas y articulistas se han referido a la posibilidad de anulaci\u00f3n del proceso veracruzano; sin embargo, dicho escenario se observa sumamente complicado, poco probable.<br \/>\nDe acuerdo con las leyes en la materia, la anulaci\u00f3n de las elecciones s\u00f3lo se contempla en casos de violaciones graves: el exceso en el gasto de campa\u00f1as en m\u00e1s del cinco por ciento del monto autorizado; la compra de cobertura informativa o tiempos en radio y televisi\u00f3n fuera de la ley; o el uso de recursos il\u00edcitos o recursos p\u00fablicos en las campa\u00f1as.<br \/>\nPor otro lado, la ley establece que las violaciones ser\u00e1n consideradas como determinantes cuando la diferencia entre el primero y el segundo lugar de la contienda sea menor al cinco por ciento, escenario m\u00e1s que probable en Veracruz.<br \/>\nEl problema para quienes impugnen, sin embargo, no radica en que los adversarios cuenten con apoyos p\u00fablicos o recursos il\u00edcitos, sino en demostrarlo de manera objetiva, concreta, contundente y material; y en dicho escenario, un papel determinante desempe\u00f1ar\u00e1n los equipos jur\u00eddicos de los candidatos.<\/p>\n<p><strong>Alianza PAN-PRD desconocer\u00e1 conteo r\u00e1pido<\/strong><br \/>\nEste jueves, los dirigentes estatales de los partidos Acci\u00f3n Nacional y de la Revoluci\u00f3n Democr\u00e1tica, Jos\u00e9 de Jes\u00fas Mancha y Rogelio Franco, respectivamente, anunciaron su disposici\u00f3n de no reconocer los resultados del conteo r\u00e1pido de la elecci\u00f3n para gobernador del estado.<br \/>\nUn d\u00eda antes, el mi\u00e9rcoles, el presidente del Organismo P\u00fablico Local Electoral, Alejandro Bonilla, anunci\u00f3 que el resultado del conteo r\u00e1pido se emitir\u00eda a las 10:30 de la noche del domingo; es decir, que el mismo d\u00eda de la jornada electoral habr\u00eda una tendencia clara.<br \/>\nEl asunto fue rechazado por los representantes de PAN y PRD; en ese contexto, Mancha Alarc\u00f3n expuso que a esa hora, a las 22:30, \u00fanicamente habr\u00eda una muestra y que \u00e9sta podr\u00eda no ser representativa, en virtud de que s\u00f3lo incluir\u00eda al 10 por ciento de las casillas.<br \/>\nPor ello, los partidos que integran la alianza \u201cPara Rescatar Veracruz\u201d anunciaron que recurrir\u00e1n al Tribunal Electoral del Poder Judicial de la Federaci\u00f3n, a fin de evitar que el conteo r\u00e1pido del OPLE sea difundido.<br \/>\n\u00bfHabr\u00edan tomado la misma decisi\u00f3n si no consideraran la posibilidad de un resultado adverso? @luisromero85<\/p>\n","protected":false},"excerpt":{"rendered":"<p>Luis Alberto Romero Hora Cero Sin importar el resultado de las elecciones para gobernador de Veracruz, es pr\u00e1cticamente un hecho que el tema ser\u00e1 resuelto en los tribunales. Para Cuitl\u00e1huac Garc\u00eda Jim\u00e9nez, candidato del Movimiento de Regeneraci\u00f3n Nacional, Morena, cualquier resultado que no sea una victoria ser\u00e1 motivo de impugnaciones y movilizaciones. Lo mismo ocurrir\u00e1 [&hellip;]<\/p>\n","protected":false},"author":2,"featured_media":0,"comment_status":"open","ping_status":"open","sticky":false,"template":"","format":"standard","meta":{"tdm_status":"","tdm_grid_status":"","footnotes":""},"categories":[70],"tags":[721,195],"class_list":{"0":"post-23491","1":"post","2":"type-post","3":"status-publish","4":"format-standard","6":"category-de-opinion","7":"tag-elecciones","8":"tag-veracruz"},"yoast_head":"<!-- This site is optimized with the Yoast SEO plugin v27.4 - https:\/\/yoast.com\/product\/yoast-seo-wordpress\/ -->\n<title>La judicializaci\u00f3n del proceso - Los pol\u00edticos Veracruz<\/title>\n<meta name=\"robots\" content=\"index, follow, max-snippet:-1, max-image-preview:large, max-video-preview:-1\" \/>\n<link rel=\"canonical\" href=\"https:\/\/lospoliticosveracruz.com\/?p=23491\" \/>\n<meta property=\"og:locale\" content=\"es_ES\" \/>\n<meta property=\"og:type\" content=\"article\" \/>\n<meta property=\"og:title\" content=\"La judicializaci\u00f3n del proceso - Los pol\u00edticos Veracruz\" \/>\n<meta property=\"og:description\" content=\"Luis Alberto Romero Hora Cero Sin importar el resultado de las elecciones para gobernador de Veracruz, es pr\u00e1cticamente un hecho que el tema ser\u00e1 resuelto en los tribunales. Para Cuitl\u00e1huac Garc\u00eda Jim\u00e9nez, candidato del Movimiento de Regeneraci\u00f3n Nacional, Morena, cualquier resultado que no sea una victoria ser\u00e1 motivo de impugnaciones y movilizaciones. Lo mismo ocurrir\u00e1 [&hellip;]\" \/>\n<meta property=\"og:url\" content=\"https:\/\/lospoliticosveracruz.com\/?p=23491\" \/>\n<meta property=\"og:site_name\" content=\"Los pol\u00edticos Veracruz\" \/>\n<meta property=\"article:publisher\" content=\"https:\/\/www.facebook.com\/people\/Notimemes-de-los-Polticos\/61565672886568\/\" \/>\n<meta property=\"article:published_time\" content=\"2016-06-03T01:06:36+00:00\" \/>\n<meta property=\"og:image\" content=\"http:\/\/www.lospoliticosveracruz.com.mx\/wp-content\/uploads\/2016\/06\/juez1-300x170.jpg\" \/>\n<meta name=\"author\" content=\"Lo viste en Los Pol\u00edticos\" \/>\n<meta name=\"twitter:card\" content=\"summary_large_image\" \/>\n<meta name=\"twitter:creator\" content=\"@LosPoliticosVer\" \/>\n<meta name=\"twitter:site\" content=\"@LosPoliticosVer\" \/>\n<meta name=\"twitter:label1\" content=\"Escrito por\" \/>\n\t<meta name=\"twitter:data1\" content=\"Lo viste en Los Pol\u00edticos\" \/>\n\t<meta name=\"twitter:label2\" content=\"Tiempo de lectura\" \/>\n\t<meta name=\"twitter:data2\" content=\"4 minutos\" \/>\n<script type=\"application\/ld+json\" class=\"yoast-schema-graph\">{\"@context\":\"https:\\\/\\\/schema.org\",\"@graph\":[{\"@type\":\"Article\",\"@id\":\"https:\\\/\\\/lospoliticosveracruz.com\\\/?p=23491#article\",\"isPartOf\":{\"@id\":\"https:\\\/\\\/lospoliticosveracruz.com\\\/?p=23491\"},\"author\":{\"name\":\"Lo viste en Los Pol\u00edticos\",\"@id\":\"https:\\\/\\\/lospoliticosveracruz.com\\\/#\\\/schema\\\/person\\\/b8702bb0e538456e6efd07080bf2a4a2\"},\"headline\":\"La judicializaci\u00f3n del proceso\",\"datePublished\":\"2016-06-03T01:06:36+00:00\",\"mainEntityOfPage\":{\"@id\":\"https:\\\/\\\/lospoliticosveracruz.com\\\/?p=23491\"},\"wordCount\":865,\"commentCount\":0,\"publisher\":{\"@id\":\"https:\\\/\\\/lospoliticosveracruz.com\\\/#organization\"},\"image\":{\"@id\":\"https:\\\/\\\/lospoliticosveracruz.com\\\/?p=23491#primaryimage\"},\"thumbnailUrl\":\"http:\\\/\\\/www.lospoliticosveracruz.com.mx\\\/wp-content\\\/uploads\\\/2016\\\/06\\\/juez1-300x170.jpg\",\"keywords\":[\"elecciones\",\"Veracruz\"],\"articleSection\":[\"De Opini\u00f3n\"],\"inLanguage\":\"es\",\"potentialAction\":[{\"@type\":\"CommentAction\",\"name\":\"Comment\",\"target\":[\"https:\\\/\\\/lospoliticosveracruz.com\\\/?p=23491#respond\"]}]},{\"@type\":\"WebPage\",\"@id\":\"https:\\\/\\\/lospoliticosveracruz.com\\\/?p=23491\",\"url\":\"https:\\\/\\\/lospoliticosveracruz.com\\\/?p=23491\",\"name\":\"La judicializaci\u00f3n del proceso - Los pol\u00edticos Veracruz\",\"isPartOf\":{\"@id\":\"https:\\\/\\\/lospoliticosveracruz.com\\\/#website\"},\"primaryImageOfPage\":{\"@id\":\"https:\\\/\\\/lospoliticosveracruz.com\\\/?p=23491#primaryimage\"},\"image\":{\"@id\":\"https:\\\/\\\/lospoliticosveracruz.com\\\/?p=23491#primaryimage\"},\"thumbnailUrl\":\"http:\\\/\\\/www.lospoliticosveracruz.com.mx\\\/wp-content\\\/uploads\\\/2016\\\/06\\\/juez1-300x170.jpg\",\"datePublished\":\"2016-06-03T01:06:36+00:00\",\"breadcrumb\":{\"@id\":\"https:\\\/\\\/lospoliticosveracruz.com\\\/?p=23491#breadcrumb\"},\"inLanguage\":\"es\",\"potentialAction\":[{\"@type\":\"ReadAction\",\"target\":[\"https:\\\/\\\/lospoliticosveracruz.com\\\/?p=23491\"]}]},{\"@type\":\"ImageObject\",\"inLanguage\":\"es\",\"@id\":\"https:\\\/\\\/lospoliticosveracruz.com\\\/?p=23491#primaryimage\",\"url\":\"http:\\\/\\\/www.lospoliticosveracruz.com.mx\\\/wp-content\\\/uploads\\\/2016\\\/06\\\/juez1-300x170.jpg\",\"contentUrl\":\"http:\\\/\\\/www.lospoliticosveracruz.com.mx\\\/wp-content\\\/uploads\\\/2016\\\/06\\\/juez1-300x170.jpg\"},{\"@type\":\"BreadcrumbList\",\"@id\":\"https:\\\/\\\/lospoliticosveracruz.com\\\/?p=23491#breadcrumb\",\"itemListElement\":[{\"@type\":\"ListItem\",\"position\":1,\"name\":\"Portada\",\"item\":\"https:\\\/\\\/lospoliticosveracruz.com\\\/\"},{\"@type\":\"ListItem\",\"position\":2,\"name\":\"La judicializaci\u00f3n del proceso\"}]},{\"@type\":\"WebSite\",\"@id\":\"https:\\\/\\\/lospoliticosveracruz.com\\\/#website\",\"url\":\"https:\\\/\\\/lospoliticosveracruz.com\\\/\",\"name\":\"Los pol\u00edticos Veracruz\",\"description\":\"\",\"publisher\":{\"@id\":\"https:\\\/\\\/lospoliticosveracruz.com\\\/#organization\"},\"potentialAction\":[{\"@type\":\"SearchAction\",\"target\":{\"@type\":\"EntryPoint\",\"urlTemplate\":\"https:\\\/\\\/lospoliticosveracruz.com\\\/?s={search_term_string}\"},\"query-input\":{\"@type\":\"PropertyValueSpecification\",\"valueRequired\":true,\"valueName\":\"search_term_string\"}}],\"inLanguage\":\"es\"},{\"@type\":\"Organization\",\"@id\":\"https:\\\/\\\/lospoliticosveracruz.com\\\/#organization\",\"name\":\"Los pol\u00edticos Veracruz\",\"url\":\"https:\\\/\\\/lospoliticosveracruz.com\\\/\",\"logo\":{\"@type\":\"ImageObject\",\"inLanguage\":\"es\",\"@id\":\"https:\\\/\\\/lospoliticosveracruz.com\\\/#\\\/schema\\\/logo\\\/image\\\/\",\"url\":\"https:\\\/\\\/lospoliticosveracruz.com\\\/wp-content\\\/uploads\\\/2025\\\/12\\\/Logo-Nuevo-LOS-POLITICOS-1.jpg\",\"contentUrl\":\"https:\\\/\\\/lospoliticosveracruz.com\\\/wp-content\\\/uploads\\\/2025\\\/12\\\/Logo-Nuevo-LOS-POLITICOS-1.jpg\",\"width\":260,\"height\":70,\"caption\":\"Los pol\u00edticos Veracruz\"},\"image\":{\"@id\":\"https:\\\/\\\/lospoliticosveracruz.com\\\/#\\\/schema\\\/logo\\\/image\\\/\"},\"sameAs\":[\"https:\\\/\\\/www.facebook.com\\\/people\\\/Notimemes-de-los-Polticos\\\/61565672886568\\\/\",\"https:\\\/\\\/x.com\\\/LosPoliticosVer\"]},{\"@type\":\"Person\",\"@id\":\"https:\\\/\\\/lospoliticosveracruz.com\\\/#\\\/schema\\\/person\\\/b8702bb0e538456e6efd07080bf2a4a2\",\"name\":\"Lo viste en Los Pol\u00edticos\",\"image\":{\"@type\":\"ImageObject\",\"inLanguage\":\"es\",\"@id\":\"https:\\\/\\\/secure.gravatar.com\\\/avatar\\\/3a8de04a2656d44082be478bd6c086daa447c4651605818287b9532d3d0bd435?s=96&d=mm&r=g\",\"url\":\"https:\\\/\\\/secure.gravatar.com\\\/avatar\\\/3a8de04a2656d44082be478bd6c086daa447c4651605818287b9532d3d0bd435?s=96&d=mm&r=g\",\"contentUrl\":\"https:\\\/\\\/secure.gravatar.com\\\/avatar\\\/3a8de04a2656d44082be478bd6c086daa447c4651605818287b9532d3d0bd435?s=96&d=mm&r=g\",\"caption\":\"Lo viste en Los Pol\u00edticos\"},\"url\":\"https:\\\/\\\/lospoliticosveracruz.com\\\/?author=2\"}]}<\/script>\n<!-- \/ Yoast SEO plugin. -->","yoast_head_json":{"title":"La judicializaci\u00f3n del proceso - Los pol\u00edticos Veracruz","robots":{"index":"index","follow":"follow","max-snippet":"max-snippet:-1","max-image-preview":"max-image-preview:large","max-video-preview":"max-video-preview:-1"},"canonical":"https:\/\/lospoliticosveracruz.com\/?p=23491","og_locale":"es_ES","og_type":"article","og_title":"La judicializaci\u00f3n del proceso - Los pol\u00edticos Veracruz","og_description":"Luis Alberto Romero Hora Cero Sin importar el resultado de las elecciones para gobernador de Veracruz, es pr\u00e1cticamente un hecho que el tema ser\u00e1 resuelto en los tribunales. Para Cuitl\u00e1huac Garc\u00eda Jim\u00e9nez, candidato del Movimiento de Regeneraci\u00f3n Nacional, Morena, cualquier resultado que no sea una victoria ser\u00e1 motivo de impugnaciones y movilizaciones. Lo mismo ocurrir\u00e1 [&hellip;]","og_url":"https:\/\/lospoliticosveracruz.com\/?p=23491","og_site_name":"Los pol\u00edticos Veracruz","article_publisher":"https:\/\/www.facebook.com\/people\/Notimemes-de-los-Polticos\/61565672886568\/","article_published_time":"2016-06-03T01:06:36+00:00","og_image":[{"url":"http:\/\/www.lospoliticosveracruz.com.mx\/wp-content\/uploads\/2016\/06\/juez1-300x170.jpg","type":"","width":"","height":""}],"author":"Lo viste en Los Pol\u00edticos","twitter_card":"summary_large_image","twitter_creator":"@LosPoliticosVer","twitter_site":"@LosPoliticosVer","twitter_misc":{"Escrito por":"Lo viste en Los Pol\u00edticos","Tiempo de lectura":"4 minutos"},"schema":{"@context":"https:\/\/schema.org","@graph":[{"@type":"Article","@id":"https:\/\/lospoliticosveracruz.com\/?p=23491#article","isPartOf":{"@id":"https:\/\/lospoliticosveracruz.com\/?p=23491"},"author":{"name":"Lo viste en Los Pol\u00edticos","@id":"https:\/\/lospoliticosveracruz.com\/#\/schema\/person\/b8702bb0e538456e6efd07080bf2a4a2"},"headline":"La judicializaci\u00f3n del proceso","datePublished":"2016-06-03T01:06:36+00:00","mainEntityOfPage":{"@id":"https:\/\/lospoliticosveracruz.com\/?p=23491"},"wordCount":865,"commentCount":0,"publisher":{"@id":"https:\/\/lospoliticosveracruz.com\/#organization"},"image":{"@id":"https:\/\/lospoliticosveracruz.com\/?p=23491#primaryimage"},"thumbnailUrl":"http:\/\/www.lospoliticosveracruz.com.mx\/wp-content\/uploads\/2016\/06\/juez1-300x170.jpg","keywords":["elecciones","Veracruz"],"articleSection":["De Opini\u00f3n"],"inLanguage":"es","potentialAction":[{"@type":"CommentAction","name":"Comment","target":["https:\/\/lospoliticosveracruz.com\/?p=23491#respond"]}]},{"@type":"WebPage","@id":"https:\/\/lospoliticosveracruz.com\/?p=23491","url":"https:\/\/lospoliticosveracruz.com\/?p=23491","name":"La judicializaci\u00f3n del proceso - Los pol\u00edticos Veracruz","isPartOf":{"@id":"https:\/\/lospoliticosveracruz.com\/#website"},"primaryImageOfPage":{"@id":"https:\/\/lospoliticosveracruz.com\/?p=23491#primaryimage"},"image":{"@id":"https:\/\/lospoliticosveracruz.com\/?p=23491#primaryimage"},"thumbnailUrl":"http:\/\/www.lospoliticosveracruz.com.mx\/wp-content\/uploads\/2016\/06\/juez1-300x170.jpg","datePublished":"2016-06-03T01:06:36+00:00","breadcrumb":{"@id":"https:\/\/lospoliticosveracruz.com\/?p=23491#breadcrumb"},"inLanguage":"es","potentialAction":[{"@type":"ReadAction","target":["https:\/\/lospoliticosveracruz.com\/?p=23491"]}]},{"@type":"ImageObject","inLanguage":"es","@id":"https:\/\/lospoliticosveracruz.com\/?p=23491#primaryimage","url":"http:\/\/www.lospoliticosveracruz.com.mx\/wp-content\/uploads\/2016\/06\/juez1-300x170.jpg","contentUrl":"http:\/\/www.lospoliticosveracruz.com.mx\/wp-content\/uploads\/2016\/06\/juez1-300x170.jpg"},{"@type":"BreadcrumbList","@id":"https:\/\/lospoliticosveracruz.com\/?p=23491#breadcrumb","itemListElement":[{"@type":"ListItem","position":1,"name":"Portada","item":"https:\/\/lospoliticosveracruz.com\/"},{"@type":"ListItem","position":2,"name":"La judicializaci\u00f3n del proceso"}]},{"@type":"WebSite","@id":"https:\/\/lospoliticosveracruz.com\/#website","url":"https:\/\/lospoliticosveracruz.com\/","name":"Los pol\u00edticos Veracruz","description":"","publisher":{"@id":"https:\/\/lospoliticosveracruz.com\/#organization"},"potentialAction":[{"@type":"SearchAction","target":{"@type":"EntryPoint","urlTemplate":"https:\/\/lospoliticosveracruz.com\/?s={search_term_string}"},"query-input":{"@type":"PropertyValueSpecification","valueRequired":true,"valueName":"search_term_string"}}],"inLanguage":"es"},{"@type":"Organization","@id":"https:\/\/lospoliticosveracruz.com\/#organization","name":"Los pol\u00edticos Veracruz","url":"https:\/\/lospoliticosveracruz.com\/","logo":{"@type":"ImageObject","inLanguage":"es","@id":"https:\/\/lospoliticosveracruz.com\/#\/schema\/logo\/image\/","url":"https:\/\/lospoliticosveracruz.com\/wp-content\/uploads\/2025\/12\/Logo-Nuevo-LOS-POLITICOS-1.jpg","contentUrl":"https:\/\/lospoliticosveracruz.com\/wp-content\/uploads\/2025\/12\/Logo-Nuevo-LOS-POLITICOS-1.jpg","width":260,"height":70,"caption":"Los pol\u00edticos Veracruz"},"image":{"@id":"https:\/\/lospoliticosveracruz.com\/#\/schema\/logo\/image\/"},"sameAs":["https:\/\/www.facebook.com\/people\/Notimemes-de-los-Polticos\/61565672886568\/","https:\/\/x.com\/LosPoliticosVer"]},{"@type":"Person","@id":"https:\/\/lospoliticosveracruz.com\/#\/schema\/person\/b8702bb0e538456e6efd07080bf2a4a2","name":"Lo viste en Los Pol\u00edticos","image":{"@type":"ImageObject","inLanguage":"es","@id":"https:\/\/secure.gravatar.com\/avatar\/3a8de04a2656d44082be478bd6c086daa447c4651605818287b9532d3d0bd435?s=96&d=mm&r=g","url":"https:\/\/secure.gravatar.com\/avatar\/3a8de04a2656d44082be478bd6c086daa447c4651605818287b9532d3d0bd435?s=96&d=mm&r=g","contentUrl":"https:\/\/secure.gravatar.com\/avatar\/3a8de04a2656d44082be478bd6c086daa447c4651605818287b9532d3d0bd435?s=96&d=mm&r=g","caption":"Lo viste en Los Pol\u00edticos"},"url":"https:\/\/lospoliticosveracruz.com\/?author=2"}]}},"_links":{"self":[{"href":"https:\/\/lospoliticosveracruz.com\/index.php?rest_route=\/wp\/v2\/posts\/23491","targetHints":{"allow":["GET"]}}],"collection":[{"href":"https:\/\/lospoliticosveracruz.com\/index.php?rest_route=\/wp\/v2\/posts"}],"about":[{"href":"https:\/\/lospoliticosveracruz.com\/index.php?rest_route=\/wp\/v2\/types\/post"}],"author":[{"embeddable":true,"href":"https:\/\/lospoliticosveracruz.com\/index.php?rest_route=\/wp\/v2\/users\/2"}],"replies":[{"embeddable":true,"href":"https:\/\/lospoliticosveracruz.com\/index.php?rest_route=%2Fwp%2Fv2%2Fcomments&post=23491"}],"version-history":[{"count":1,"href":"https:\/\/lospoliticosveracruz.com\/index.php?rest_route=\/wp\/v2\/posts\/23491\/revisions"}],"predecessor-version":[{"id":23494,"href":"https:\/\/lospoliticosveracruz.com\/index.php?rest_route=\/wp\/v2\/posts\/23491\/revisions\/23494"}],"wp:attachment":[{"href":"https:\/\/lospoliticosveracruz.com\/index.php?rest_route=%2Fwp%2Fv2%2Fmedia&parent=23491"}],"wp:term":[{"taxonomy":"category","embeddable":true,"href":"https:\/\/lospoliticosveracruz.com\/index.php?rest_route=%2Fwp%2Fv2%2Fcategories&post=23491"},{"taxonomy":"post_tag","embeddable":true,"href":"https:\/\/lospoliticosveracruz.com\/index.php?rest_route=%2Fwp%2Fv2%2Ftags&post=23491"}],"curies":[{"name":"wp","href":"https:\/\/api.w.org\/{rel}","templated":true}]}}