{"id":23529,"date":"2016-06-05T22:41:18","date_gmt":"2016-06-06T03:41:18","guid":{"rendered":"http:\/\/www.lospoliticosveracruz.com.mx\/?p=23529"},"modified":"2016-06-05T22:41:18","modified_gmt":"2016-06-06T03:41:18","slug":"violencia-e-intimidacion-marco-de-las-elecciones","status":"publish","type":"post","link":"https:\/\/lospoliticosveracruz.com\/?p=23529","title":{"rendered":"Violencia e intimidaci\u00f3n, marco de las elecciones"},"content":{"rendered":"<p><a href=\"http:\/\/www.lospoliticosveracruz.com.mx\/wp-content\/uploads\/2016\/06\/carro-quemado.jpg\"><img loading=\"lazy\" decoding=\"async\" class=\"alignnone size-medium wp-image-23530\" src=\"http:\/\/www.lospoliticosveracruz.com.mx\/wp-content\/uploads\/2016\/06\/carro-quemado-300x183.jpg\" alt=\"carro quemado\" width=\"300\" height=\"183\" \/><\/a><\/p>\n<p><strong>Luis Alberto Romero<\/strong><\/p>\n<p><em>Hora Cero<\/em><\/p>\n<p>Quien diga que el proceso electoral veracruzano transcurri\u00f3 en paz y tranquilidad vive en otro lugar; no sali\u00f3 de su casa; o simplemente est\u00e1 mintiendo.<\/p>\n<p>Desde tres d\u00edas antes de la jornada de este domingo comenz\u00f3 a vislumbrarse lo que podr\u00eda ocurrir en unas elecciones enmarcadas en un contexto de inseguridad y violencia.<\/p>\n<p>Viernes y s\u00e1bado, a trav\u00e9s de mensajes de texto enviados a tel\u00e9fonos celulares, se intimidaba a los ciudadanos para evitar la participaci\u00f3n en el proceso.<\/p>\n<p>Cientos de personas denunciaron ser v\u00edctimas de esos mensajes y de llamadas telef\u00f3nicas, grabaciones en que un supuesto \u201ccomandante\u201d de la delincuencia organizada que afirmaba que la ola de violencia se acrecentar\u00eda de forma importante durante el d\u00eda de las votaciones.<\/p>\n<p>De igual manera, algunos hechos de violencia registrados durante viernes y s\u00e1bado en diferentes puntos del territorio veracruzano pudieron haber sido utilizados para desalentar la participaci\u00f3n ciudadana.<\/p>\n<p>La madrugada del s\u00e1bado, por ejemplo, fue perpetrado un ataque con armas de fuego contra el domicilio del presidente del Comit\u00e9 Municipal del PAN en \u00c1lamo, Guillermo Mart\u00ednez Sarmiento, quien tambi\u00e9n es candidato suplente a la diputaci\u00f3n local por el distrito IV. En ese caso, aunque se habla del uso de rifles de asalto, los llamados cuernos de chivo, muy usados por la delincuencia organizada, no se reportaron personas heridas o asesinadas.<\/p>\n<p>En otro punto de la geograf\u00eda veracruzana, Chalma, en la regi\u00f3n Huasteca, fue denunciado un ataque contra el veh\u00edculo de Jorge Flores Lara, candidato de la coalici\u00f3n \u201cUnidos para Rescatar Veracruz\u201d a la diputaci\u00f3n local por el complicado distrito de Tantoyuca.<\/p>\n<p>Posteriormente, por la madrugada de este domingo, personas desconocidas dispararon contra la casa del dirigente municipal del PRI en San Juan Evangelista, Jos\u00e9 Ag\u00fceros Dom\u00ednguez. Esos hechos se registraron cerca de las 5:00 de la madrugada, tres horas antes del inicio de la jornada electoral, en la zona centro del citado lugar, que colinda con Acayucan, Rodr\u00edguez Clara y Jes\u00fas Carranza.<\/p>\n<p>No fue todo: en el municipio de Acajete, muy cerca de la capital veracruzana, durante la madrugada del domingo, a las 02:00 horas, sujetos desconocidos prendieron fuego a la casa del presidente municipal, el panista Ranulfo Eleazar Hern\u00e1ndez. Como consecuencia de este hecho no se registr\u00f3 un saldo fatal, pero las p\u00e9rdidas materiales fueron cuantiosas; adem\u00e1s de la vivienda, tambi\u00e9n fue incendiada una camioneta propiedad del presidente municipal.<\/p>\n<p>Tambi\u00e9n este domingo, muy temprano, el diputado local panista Joaqu\u00edn Rosendo Guzm\u00e1n Avil\u00e9s report\u00f3 el secuestro de su chofer, Rodrigo Camargo, quien antes del mediod\u00eda apareci\u00f3, muy golpeado, en un camino de terracer\u00eda cercano a Tantoyuca.<\/p>\n<p>En P\u00e1nuco, zona Huasteca, entre la noche del s\u00e1bado y la madrugada del domingo, bombas molotov fueron arrojadas contra casas de personas identificadas con el Partido Revolucionario Institucional; fueron dos casos: uno, el de un operador de la diputada Octavia Ortega; y otro, en el domicilio de Juana Mar\u00eda Balderas, candidata del Partido Cardenista a la diputaci\u00f3n por ese distrito.<\/p>\n<p>As\u00ed las cosas, podr\u00edamos decir que en materia delictiva hubo de todo, como nunca antes, en la jornada electoral veracruzana; desde las amenazas de muerte contra una consejera del OPLE en Orizaba, hasta viviendas incendiadas, veh\u00edculos vandalizados, y amenazas e intentos de intimidaci\u00f3n para desalentar la participaci\u00f3n ciudadana.<\/p>\n<p>Por supuesto, no faltaron los ataques contra partidos pol\u00edticos y candidatos; un ejemplo ocurri\u00f3 en Xalapa, donde la sede del Comit\u00e9 Estatal del Partido de la Revoluci\u00f3n Democr\u00e1tica fue objeto de un ataque con bombas de fabricaci\u00f3n cacera, las llamadas molotov.<\/p>\n<p>El exhorto de la Arquidi\u00f3cesis<\/p>\n<p>De esa manera, al margen de los resultados de este domingo en Veracruz, lo evidente fue el ambiente de tensi\u00f3n, violencia e inseguridad que podr\u00eda considerarse como inaudito en la entidad. A ello se debe el exhorto lanzado desde la Arquidi\u00f3cesis de Xalapa, que convoc\u00f3 a la participaci\u00f3n ciudadana, al tiempo que se refiri\u00f3 al contexto de intimidaci\u00f3n.<\/p>\n<p>El comunicado firmado por el sacerdote Jos\u00e9 Manuel Suazo, lament\u00f3 el escenario de violencia que rodea al proceso electoral, pero convoc\u00f3 a los ciudadanos a cumplir con su derecho al voto y a participar en la toma de decisiones; en pocas palabras, dar la espalda al abstencionismo.<\/p>\n<p>\u201cLos lamentables hechos de violencia que se han estado dando en nuestro estado y las diferentes agresiones no deben robarnos la participaci\u00f3n, ni infundir miedo para disminuir este ejercicio ciudadano donde se expresa la voluntad de elegir a quienes se considera pueden ser buenos servidores p\u00fablicos\u201d, expres\u00f3 el comunicado de la Iglesia Cat\u00f3lica.<\/p>\n<p>Habr\u00eda que decir que el de este domingo 5 de junio no es el primer comunicado de la Arquidi\u00f3cesis de Xalapa que manifiesta su preocupaci\u00f3n por los hechos de violencia; el pasado 22 de mayo, luego del levant\u00f3n ocurrido al interior de la iglesia Santa Rita, en el Puerto de Veracruz, el clero veracruzano calific\u00f3 el hecho como \u201cuna expresi\u00f3n m\u00e1s de la descomposici\u00f3n del tejido social, de la incapacidad de reacci\u00f3n de las fuerzas del orden y de la inseguridad que se respira en cualquier rinc\u00f3n del estado\u201d. @luisromero85<\/p>\n","protected":false},"excerpt":{"rendered":"<p>Luis Alberto Romero Hora Cero Quien diga que el proceso electoral veracruzano transcurri\u00f3 en paz y tranquilidad vive en otro lugar; no sali\u00f3 de su casa; o simplemente est\u00e1 mintiendo. Desde tres d\u00edas antes de la jornada de este domingo comenz\u00f3 a vislumbrarse lo que podr\u00eda ocurrir en unas elecciones enmarcadas en un contexto de [&hellip;]<\/p>\n","protected":false},"author":2,"featured_media":0,"comment_status":"open","ping_status":"open","sticky":false,"template":"","format":"standard","meta":{"tdm_status":"","tdm_grid_status":"","footnotes":""},"categories":[70],"tags":[721,5461,195,463],"class_list":{"0":"post-23529","1":"post","2":"type-post","3":"status-publish","4":"format-standard","6":"category-de-opinion","7":"tag-elecciones","8":"tag-intimidacion","9":"tag-veracruz","10":"tag-violencia"},"yoast_head":"<!-- This site is optimized with the Yoast SEO plugin v27.4 - https:\/\/yoast.com\/product\/yoast-seo-wordpress\/ -->\n<title>Violencia e intimidaci\u00f3n, marco de las elecciones - Los pol\u00edticos Veracruz<\/title>\n<meta name=\"robots\" content=\"index, follow, max-snippet:-1, max-image-preview:large, max-video-preview:-1\" \/>\n<link rel=\"canonical\" href=\"https:\/\/lospoliticosveracruz.com\/?p=23529\" \/>\n<meta property=\"og:locale\" content=\"es_ES\" \/>\n<meta property=\"og:type\" content=\"article\" \/>\n<meta property=\"og:title\" content=\"Violencia e intimidaci\u00f3n, marco de las elecciones - Los pol\u00edticos Veracruz\" \/>\n<meta property=\"og:description\" content=\"Luis Alberto Romero Hora Cero Quien diga que el proceso electoral veracruzano transcurri\u00f3 en paz y tranquilidad vive en otro lugar; no sali\u00f3 de su casa; o simplemente est\u00e1 mintiendo. Desde tres d\u00edas antes de la jornada de este domingo comenz\u00f3 a vislumbrarse lo que podr\u00eda ocurrir en unas elecciones enmarcadas en un contexto de [&hellip;]\" \/>\n<meta property=\"og:url\" content=\"https:\/\/lospoliticosveracruz.com\/?p=23529\" \/>\n<meta property=\"og:site_name\" content=\"Los pol\u00edticos Veracruz\" \/>\n<meta property=\"article:publisher\" content=\"https:\/\/www.facebook.com\/people\/Notimemes-de-los-Polticos\/61565672886568\/\" \/>\n<meta property=\"article:published_time\" content=\"2016-06-06T03:41:18+00:00\" \/>\n<meta property=\"og:image\" content=\"http:\/\/www.lospoliticosveracruz.com.mx\/wp-content\/uploads\/2016\/06\/carro-quemado-300x183.jpg\" \/>\n<meta name=\"author\" content=\"Lo viste en Los Pol\u00edticos\" \/>\n<meta name=\"twitter:card\" content=\"summary_large_image\" \/>\n<meta name=\"twitter:creator\" content=\"@LosPoliticosVer\" \/>\n<meta name=\"twitter:site\" content=\"@LosPoliticosVer\" \/>\n<meta name=\"twitter:label1\" content=\"Escrito por\" \/>\n\t<meta name=\"twitter:data1\" content=\"Lo viste en Los Pol\u00edticos\" \/>\n\t<meta name=\"twitter:label2\" content=\"Tiempo de lectura\" \/>\n\t<meta name=\"twitter:data2\" content=\"4 minutos\" \/>\n<script type=\"application\/ld+json\" class=\"yoast-schema-graph\">{\"@context\":\"https:\\\/\\\/schema.org\",\"@graph\":[{\"@type\":\"Article\",\"@id\":\"https:\\\/\\\/lospoliticosveracruz.com\\\/?p=23529#article\",\"isPartOf\":{\"@id\":\"https:\\\/\\\/lospoliticosveracruz.com\\\/?p=23529\"},\"author\":{\"name\":\"Lo viste en Los Pol\u00edticos\",\"@id\":\"https:\\\/\\\/lospoliticosveracruz.com\\\/#\\\/schema\\\/person\\\/b8702bb0e538456e6efd07080bf2a4a2\"},\"headline\":\"Violencia e intimidaci\u00f3n, marco de las elecciones\",\"datePublished\":\"2016-06-06T03:41:18+00:00\",\"mainEntityOfPage\":{\"@id\":\"https:\\\/\\\/lospoliticosveracruz.com\\\/?p=23529\"},\"wordCount\":900,\"commentCount\":0,\"publisher\":{\"@id\":\"https:\\\/\\\/lospoliticosveracruz.com\\\/#organization\"},\"image\":{\"@id\":\"https:\\\/\\\/lospoliticosveracruz.com\\\/?p=23529#primaryimage\"},\"thumbnailUrl\":\"http:\\\/\\\/www.lospoliticosveracruz.com.mx\\\/wp-content\\\/uploads\\\/2016\\\/06\\\/carro-quemado-300x183.jpg\",\"keywords\":[\"elecciones\",\"intimidaci\u00f3n\",\"Veracruz\",\"violencia\"],\"articleSection\":[\"De Opini\u00f3n\"],\"inLanguage\":\"es\",\"potentialAction\":[{\"@type\":\"CommentAction\",\"name\":\"Comment\",\"target\":[\"https:\\\/\\\/lospoliticosveracruz.com\\\/?p=23529#respond\"]}]},{\"@type\":\"WebPage\",\"@id\":\"https:\\\/\\\/lospoliticosveracruz.com\\\/?p=23529\",\"url\":\"https:\\\/\\\/lospoliticosveracruz.com\\\/?p=23529\",\"name\":\"Violencia e intimidaci\u00f3n, marco de las elecciones - Los pol\u00edticos Veracruz\",\"isPartOf\":{\"@id\":\"https:\\\/\\\/lospoliticosveracruz.com\\\/#website\"},\"primaryImageOfPage\":{\"@id\":\"https:\\\/\\\/lospoliticosveracruz.com\\\/?p=23529#primaryimage\"},\"image\":{\"@id\":\"https:\\\/\\\/lospoliticosveracruz.com\\\/?p=23529#primaryimage\"},\"thumbnailUrl\":\"http:\\\/\\\/www.lospoliticosveracruz.com.mx\\\/wp-content\\\/uploads\\\/2016\\\/06\\\/carro-quemado-300x183.jpg\",\"datePublished\":\"2016-06-06T03:41:18+00:00\",\"breadcrumb\":{\"@id\":\"https:\\\/\\\/lospoliticosveracruz.com\\\/?p=23529#breadcrumb\"},\"inLanguage\":\"es\",\"potentialAction\":[{\"@type\":\"ReadAction\",\"target\":[\"https:\\\/\\\/lospoliticosveracruz.com\\\/?p=23529\"]}]},{\"@type\":\"ImageObject\",\"inLanguage\":\"es\",\"@id\":\"https:\\\/\\\/lospoliticosveracruz.com\\\/?p=23529#primaryimage\",\"url\":\"http:\\\/\\\/www.lospoliticosveracruz.com.mx\\\/wp-content\\\/uploads\\\/2016\\\/06\\\/carro-quemado-300x183.jpg\",\"contentUrl\":\"http:\\\/\\\/www.lospoliticosveracruz.com.mx\\\/wp-content\\\/uploads\\\/2016\\\/06\\\/carro-quemado-300x183.jpg\"},{\"@type\":\"BreadcrumbList\",\"@id\":\"https:\\\/\\\/lospoliticosveracruz.com\\\/?p=23529#breadcrumb\",\"itemListElement\":[{\"@type\":\"ListItem\",\"position\":1,\"name\":\"Portada\",\"item\":\"https:\\\/\\\/lospoliticosveracruz.com\\\/\"},{\"@type\":\"ListItem\",\"position\":2,\"name\":\"Violencia e intimidaci\u00f3n, marco de las elecciones\"}]},{\"@type\":\"WebSite\",\"@id\":\"https:\\\/\\\/lospoliticosveracruz.com\\\/#website\",\"url\":\"https:\\\/\\\/lospoliticosveracruz.com\\\/\",\"name\":\"Los pol\u00edticos Veracruz\",\"description\":\"\",\"publisher\":{\"@id\":\"https:\\\/\\\/lospoliticosveracruz.com\\\/#organization\"},\"potentialAction\":[{\"@type\":\"SearchAction\",\"target\":{\"@type\":\"EntryPoint\",\"urlTemplate\":\"https:\\\/\\\/lospoliticosveracruz.com\\\/?s={search_term_string}\"},\"query-input\":{\"@type\":\"PropertyValueSpecification\",\"valueRequired\":true,\"valueName\":\"search_term_string\"}}],\"inLanguage\":\"es\"},{\"@type\":\"Organization\",\"@id\":\"https:\\\/\\\/lospoliticosveracruz.com\\\/#organization\",\"name\":\"Los pol\u00edticos Veracruz\",\"url\":\"https:\\\/\\\/lospoliticosveracruz.com\\\/\",\"logo\":{\"@type\":\"ImageObject\",\"inLanguage\":\"es\",\"@id\":\"https:\\\/\\\/lospoliticosveracruz.com\\\/#\\\/schema\\\/logo\\\/image\\\/\",\"url\":\"https:\\\/\\\/lospoliticosveracruz.com\\\/wp-content\\\/uploads\\\/2025\\\/12\\\/Logo-Nuevo-LOS-POLITICOS-1.jpg\",\"contentUrl\":\"https:\\\/\\\/lospoliticosveracruz.com\\\/wp-content\\\/uploads\\\/2025\\\/12\\\/Logo-Nuevo-LOS-POLITICOS-1.jpg\",\"width\":260,\"height\":70,\"caption\":\"Los pol\u00edticos Veracruz\"},\"image\":{\"@id\":\"https:\\\/\\\/lospoliticosveracruz.com\\\/#\\\/schema\\\/logo\\\/image\\\/\"},\"sameAs\":[\"https:\\\/\\\/www.facebook.com\\\/people\\\/Notimemes-de-los-Polticos\\\/61565672886568\\\/\",\"https:\\\/\\\/x.com\\\/LosPoliticosVer\"]},{\"@type\":\"Person\",\"@id\":\"https:\\\/\\\/lospoliticosveracruz.com\\\/#\\\/schema\\\/person\\\/b8702bb0e538456e6efd07080bf2a4a2\",\"name\":\"Lo viste en Los Pol\u00edticos\",\"image\":{\"@type\":\"ImageObject\",\"inLanguage\":\"es\",\"@id\":\"https:\\\/\\\/secure.gravatar.com\\\/avatar\\\/3a8de04a2656d44082be478bd6c086daa447c4651605818287b9532d3d0bd435?s=96&d=mm&r=g\",\"url\":\"https:\\\/\\\/secure.gravatar.com\\\/avatar\\\/3a8de04a2656d44082be478bd6c086daa447c4651605818287b9532d3d0bd435?s=96&d=mm&r=g\",\"contentUrl\":\"https:\\\/\\\/secure.gravatar.com\\\/avatar\\\/3a8de04a2656d44082be478bd6c086daa447c4651605818287b9532d3d0bd435?s=96&d=mm&r=g\",\"caption\":\"Lo viste en Los Pol\u00edticos\"},\"url\":\"https:\\\/\\\/lospoliticosveracruz.com\\\/?author=2\"}]}<\/script>\n<!-- \/ Yoast SEO plugin. -->","yoast_head_json":{"title":"Violencia e intimidaci\u00f3n, marco de las elecciones - Los pol\u00edticos Veracruz","robots":{"index":"index","follow":"follow","max-snippet":"max-snippet:-1","max-image-preview":"max-image-preview:large","max-video-preview":"max-video-preview:-1"},"canonical":"https:\/\/lospoliticosveracruz.com\/?p=23529","og_locale":"es_ES","og_type":"article","og_title":"Violencia e intimidaci\u00f3n, marco de las elecciones - Los pol\u00edticos Veracruz","og_description":"Luis Alberto Romero Hora Cero Quien diga que el proceso electoral veracruzano transcurri\u00f3 en paz y tranquilidad vive en otro lugar; no sali\u00f3 de su casa; o simplemente est\u00e1 mintiendo. Desde tres d\u00edas antes de la jornada de este domingo comenz\u00f3 a vislumbrarse lo que podr\u00eda ocurrir en unas elecciones enmarcadas en un contexto de [&hellip;]","og_url":"https:\/\/lospoliticosveracruz.com\/?p=23529","og_site_name":"Los pol\u00edticos Veracruz","article_publisher":"https:\/\/www.facebook.com\/people\/Notimemes-de-los-Polticos\/61565672886568\/","article_published_time":"2016-06-06T03:41:18+00:00","og_image":[{"url":"http:\/\/www.lospoliticosveracruz.com.mx\/wp-content\/uploads\/2016\/06\/carro-quemado-300x183.jpg","type":"","width":"","height":""}],"author":"Lo viste en Los Pol\u00edticos","twitter_card":"summary_large_image","twitter_creator":"@LosPoliticosVer","twitter_site":"@LosPoliticosVer","twitter_misc":{"Escrito por":"Lo viste en Los Pol\u00edticos","Tiempo de lectura":"4 minutos"},"schema":{"@context":"https:\/\/schema.org","@graph":[{"@type":"Article","@id":"https:\/\/lospoliticosveracruz.com\/?p=23529#article","isPartOf":{"@id":"https:\/\/lospoliticosveracruz.com\/?p=23529"},"author":{"name":"Lo viste en Los Pol\u00edticos","@id":"https:\/\/lospoliticosveracruz.com\/#\/schema\/person\/b8702bb0e538456e6efd07080bf2a4a2"},"headline":"Violencia e intimidaci\u00f3n, marco de las elecciones","datePublished":"2016-06-06T03:41:18+00:00","mainEntityOfPage":{"@id":"https:\/\/lospoliticosveracruz.com\/?p=23529"},"wordCount":900,"commentCount":0,"publisher":{"@id":"https:\/\/lospoliticosveracruz.com\/#organization"},"image":{"@id":"https:\/\/lospoliticosveracruz.com\/?p=23529#primaryimage"},"thumbnailUrl":"http:\/\/www.lospoliticosveracruz.com.mx\/wp-content\/uploads\/2016\/06\/carro-quemado-300x183.jpg","keywords":["elecciones","intimidaci\u00f3n","Veracruz","violencia"],"articleSection":["De Opini\u00f3n"],"inLanguage":"es","potentialAction":[{"@type":"CommentAction","name":"Comment","target":["https:\/\/lospoliticosveracruz.com\/?p=23529#respond"]}]},{"@type":"WebPage","@id":"https:\/\/lospoliticosveracruz.com\/?p=23529","url":"https:\/\/lospoliticosveracruz.com\/?p=23529","name":"Violencia e intimidaci\u00f3n, marco de las elecciones - Los pol\u00edticos Veracruz","isPartOf":{"@id":"https:\/\/lospoliticosveracruz.com\/#website"},"primaryImageOfPage":{"@id":"https:\/\/lospoliticosveracruz.com\/?p=23529#primaryimage"},"image":{"@id":"https:\/\/lospoliticosveracruz.com\/?p=23529#primaryimage"},"thumbnailUrl":"http:\/\/www.lospoliticosveracruz.com.mx\/wp-content\/uploads\/2016\/06\/carro-quemado-300x183.jpg","datePublished":"2016-06-06T03:41:18+00:00","breadcrumb":{"@id":"https:\/\/lospoliticosveracruz.com\/?p=23529#breadcrumb"},"inLanguage":"es","potentialAction":[{"@type":"ReadAction","target":["https:\/\/lospoliticosveracruz.com\/?p=23529"]}]},{"@type":"ImageObject","inLanguage":"es","@id":"https:\/\/lospoliticosveracruz.com\/?p=23529#primaryimage","url":"http:\/\/www.lospoliticosveracruz.com.mx\/wp-content\/uploads\/2016\/06\/carro-quemado-300x183.jpg","contentUrl":"http:\/\/www.lospoliticosveracruz.com.mx\/wp-content\/uploads\/2016\/06\/carro-quemado-300x183.jpg"},{"@type":"BreadcrumbList","@id":"https:\/\/lospoliticosveracruz.com\/?p=23529#breadcrumb","itemListElement":[{"@type":"ListItem","position":1,"name":"Portada","item":"https:\/\/lospoliticosveracruz.com\/"},{"@type":"ListItem","position":2,"name":"Violencia e intimidaci\u00f3n, marco de las elecciones"}]},{"@type":"WebSite","@id":"https:\/\/lospoliticosveracruz.com\/#website","url":"https:\/\/lospoliticosveracruz.com\/","name":"Los pol\u00edticos Veracruz","description":"","publisher":{"@id":"https:\/\/lospoliticosveracruz.com\/#organization"},"potentialAction":[{"@type":"SearchAction","target":{"@type":"EntryPoint","urlTemplate":"https:\/\/lospoliticosveracruz.com\/?s={search_term_string}"},"query-input":{"@type":"PropertyValueSpecification","valueRequired":true,"valueName":"search_term_string"}}],"inLanguage":"es"},{"@type":"Organization","@id":"https:\/\/lospoliticosveracruz.com\/#organization","name":"Los pol\u00edticos Veracruz","url":"https:\/\/lospoliticosveracruz.com\/","logo":{"@type":"ImageObject","inLanguage":"es","@id":"https:\/\/lospoliticosveracruz.com\/#\/schema\/logo\/image\/","url":"https:\/\/lospoliticosveracruz.com\/wp-content\/uploads\/2025\/12\/Logo-Nuevo-LOS-POLITICOS-1.jpg","contentUrl":"https:\/\/lospoliticosveracruz.com\/wp-content\/uploads\/2025\/12\/Logo-Nuevo-LOS-POLITICOS-1.jpg","width":260,"height":70,"caption":"Los pol\u00edticos Veracruz"},"image":{"@id":"https:\/\/lospoliticosveracruz.com\/#\/schema\/logo\/image\/"},"sameAs":["https:\/\/www.facebook.com\/people\/Notimemes-de-los-Polticos\/61565672886568\/","https:\/\/x.com\/LosPoliticosVer"]},{"@type":"Person","@id":"https:\/\/lospoliticosveracruz.com\/#\/schema\/person\/b8702bb0e538456e6efd07080bf2a4a2","name":"Lo viste en Los Pol\u00edticos","image":{"@type":"ImageObject","inLanguage":"es","@id":"https:\/\/secure.gravatar.com\/avatar\/3a8de04a2656d44082be478bd6c086daa447c4651605818287b9532d3d0bd435?s=96&d=mm&r=g","url":"https:\/\/secure.gravatar.com\/avatar\/3a8de04a2656d44082be478bd6c086daa447c4651605818287b9532d3d0bd435?s=96&d=mm&r=g","contentUrl":"https:\/\/secure.gravatar.com\/avatar\/3a8de04a2656d44082be478bd6c086daa447c4651605818287b9532d3d0bd435?s=96&d=mm&r=g","caption":"Lo viste en Los Pol\u00edticos"},"url":"https:\/\/lospoliticosveracruz.com\/?author=2"}]}},"_links":{"self":[{"href":"https:\/\/lospoliticosveracruz.com\/index.php?rest_route=\/wp\/v2\/posts\/23529","targetHints":{"allow":["GET"]}}],"collection":[{"href":"https:\/\/lospoliticosveracruz.com\/index.php?rest_route=\/wp\/v2\/posts"}],"about":[{"href":"https:\/\/lospoliticosveracruz.com\/index.php?rest_route=\/wp\/v2\/types\/post"}],"author":[{"embeddable":true,"href":"https:\/\/lospoliticosveracruz.com\/index.php?rest_route=\/wp\/v2\/users\/2"}],"replies":[{"embeddable":true,"href":"https:\/\/lospoliticosveracruz.com\/index.php?rest_route=%2Fwp%2Fv2%2Fcomments&post=23529"}],"version-history":[{"count":1,"href":"https:\/\/lospoliticosveracruz.com\/index.php?rest_route=\/wp\/v2\/posts\/23529\/revisions"}],"predecessor-version":[{"id":23531,"href":"https:\/\/lospoliticosveracruz.com\/index.php?rest_route=\/wp\/v2\/posts\/23529\/revisions\/23531"}],"wp:attachment":[{"href":"https:\/\/lospoliticosveracruz.com\/index.php?rest_route=%2Fwp%2Fv2%2Fmedia&parent=23529"}],"wp:term":[{"taxonomy":"category","embeddable":true,"href":"https:\/\/lospoliticosveracruz.com\/index.php?rest_route=%2Fwp%2Fv2%2Fcategories&post=23529"},{"taxonomy":"post_tag","embeddable":true,"href":"https:\/\/lospoliticosveracruz.com\/index.php?rest_route=%2Fwp%2Fv2%2Ftags&post=23529"}],"curies":[{"name":"wp","href":"https:\/\/api.w.org\/{rel}","templated":true}]}}