{"id":23532,"date":"2016-06-05T22:47:20","date_gmt":"2016-06-06T03:47:20","guid":{"rendered":"http:\/\/www.lospoliticosveracruz.com.mx\/?p=23532"},"modified":"2016-06-05T22:48:16","modified_gmt":"2016-06-06T03:48:16","slug":"mujeres-la-diferencia","status":"publish","type":"post","link":"https:\/\/lospoliticosveracruz.com\/?p=23532","title":{"rendered":"Mujeres: La diferencia"},"content":{"rendered":"<p><a href=\"http:\/\/www.lospoliticosveracruz.com.mx\/wp-content\/uploads\/2016\/06\/mujer-voto.jpg\"><img loading=\"lazy\" decoding=\"async\" class=\"alignnone size-full wp-image-23533\" src=\"http:\/\/www.lospoliticosveracruz.com.mx\/wp-content\/uploads\/2016\/06\/mujer-voto.jpg\" alt=\"mujer voto\" width=\"180\" height=\"246\" \/><\/a><\/p>\n<p><strong>Brenda Caballero<\/strong><br \/>\n<em>N\u00fameros Rojos<\/em><\/p>\n<p>\u00bfPor qu\u00e9 partido vot\u00f3? \u00bfY en la elecci\u00f3n anterior? \u00bfC\u00f3mo ve la seguridad? \u00bfY el gobierno de Pe\u00f1a Nieto? \u00bfY el de Javier Duarte? \u00bfCu\u00e1l es su ocupaci\u00f3n? \u00bfY su nivel de estudios?<br \/>\n\u00c9stas y otras preguntas fueron las que me hizo Mar\u00eda Encarnaci\u00f3n despu\u00e9s de ejercer mi voto. No pertenece a ning\u00fan partido ni organismo. Me dice que es una encuesta ciudadana. Porta su gafete de autorizaci\u00f3n del OPLE.<br \/>\nSi contesto r\u00e1pido, Mar\u00eda anota mi respuesta en su tableta; si dudo, me da la opci\u00f3n a que seleccione la informaci\u00f3n de manera confidencial.<br \/>\nAlgo me da gusto, y es que tengo que hacer fila para ejercer mi voto\u2026 la gente est\u00e1 votando\u2026 al menos as\u00ed se ve en la capital Xalapa. Otra cosa que observo aparte de la participaci\u00f3n ciudadana fue el involucramiento de las mujeres&#8230; Mujeres esperando ejercer su voto\u2026 mujeres representantes de partido\u2026 como observadoras\u2026 y tambi\u00e9n mujeres como funcionarias de casilla.<br \/>\nRecordemos que aunque la elecci\u00f3n de los funcionarios es al azar, muchas mujeres no aceptaban el encargo porque excusaban labores dom\u00e9sticas. Hoy, la mujer se hace presente en el proceso electoral y en la democracia.<br \/>\nLa lista nominal en Veracruz es de 5 millones 665 mil 401 ciudadanos, de los cuales el 52.58 por ciento son mujeres; es decir: 2 millones 978 mil 643 f\u00e9minas.<br \/>\nUn d\u00eda despu\u00e9s de las elecciones a gobernador y diputados locales, desconozco el n\u00famero de mujeres que salieron a votar en todo el estado; incluso, pasar\u00e1n varios d\u00edas para que se conozca tal informaci\u00f3n, pero estoy segura que se han sumado m\u00e1s mujeres a ejercer su voto.<br \/>\nA\u00fan no tengo cifras, pero mediante una peque\u00f1a muestra v\u00eda conversaci\u00f3n con algunas mujeres, su voto no ha sido para las candidatas; algunas hasta se resisten a hacerlo pues no las consideran capaces para tomar decisiones pol\u00edticas. Esto, definitivamente no se refleja en quienes piensan que para 2018 tendremos una mujer como Presidenta de la Rep\u00fablica.<br \/>\n\u00bfY una mujer como gobernadora? Deber\u00eda aplicarse la misma tendencia que a nivel federal; sin embargo, podr\u00eda darse la posibilidad de que Veracruz tuviera una mujer gobernadora, si Andr\u00e9s Manuel L\u00f3pez Obrador (rotundo ganador de este proceso electoral por la votaci\u00f3n obtenida) designara candidata a la actual diputada federal por Morena, Roc\u00edo Nahle originaria de Coatzacoalcos, donde Morena arras\u00f3 en la votaci\u00f3n.<br \/>\nA las 21 horas, los resultados van fluyendo poco a poco y lo \u00fanico seguro es que un hombre ha ganado la gubernatura; sin embargo, a\u00fan no hay nada definido para las 131 mujeres que participaron como candidatas a una diputaci\u00f3n local. \u00bfTendremos cuota de g\u00e9nero?<\/p>\n<p>Email: caballero_brenda@hotmail.com<\/p>\n","protected":false},"excerpt":{"rendered":"<p>Brenda Caballero N\u00fameros Rojos \u00bfPor qu\u00e9 partido vot\u00f3? \u00bfY en la elecci\u00f3n anterior? \u00bfC\u00f3mo ve la seguridad? \u00bfY el gobierno de Pe\u00f1a Nieto? \u00bfY el de Javier Duarte? \u00bfCu\u00e1l es su ocupaci\u00f3n? \u00bfY su nivel de estudios? \u00c9stas y otras preguntas fueron las que me hizo Mar\u00eda Encarnaci\u00f3n despu\u00e9s de ejercer mi voto. No pertenece [&hellip;]<\/p>\n","protected":false},"author":2,"featured_media":0,"comment_status":"open","ping_status":"open","sticky":false,"template":"","format":"standard","meta":{"tdm_status":"","tdm_grid_status":"","footnotes":""},"categories":[70],"tags":[721,2305,195],"class_list":{"0":"post-23532","1":"post","2":"type-post","3":"status-publish","4":"format-standard","6":"category-de-opinion","7":"tag-elecciones","8":"tag-mujeres","9":"tag-veracruz"},"yoast_head":"<!-- This site is optimized with the Yoast SEO plugin v27.4 - https:\/\/yoast.com\/product\/yoast-seo-wordpress\/ -->\n<title>Mujeres: La diferencia - Los pol\u00edticos Veracruz<\/title>\n<meta name=\"robots\" content=\"index, follow, max-snippet:-1, max-image-preview:large, max-video-preview:-1\" \/>\n<link rel=\"canonical\" href=\"https:\/\/lospoliticosveracruz.com\/?p=23532\" \/>\n<meta property=\"og:locale\" content=\"es_ES\" \/>\n<meta property=\"og:type\" content=\"article\" \/>\n<meta property=\"og:title\" content=\"Mujeres: La diferencia - Los pol\u00edticos Veracruz\" \/>\n<meta property=\"og:description\" content=\"Brenda Caballero N\u00fameros Rojos \u00bfPor qu\u00e9 partido vot\u00f3? \u00bfY en la elecci\u00f3n anterior? \u00bfC\u00f3mo ve la seguridad? \u00bfY el gobierno de Pe\u00f1a Nieto? \u00bfY el de Javier Duarte? \u00bfCu\u00e1l es su ocupaci\u00f3n? \u00bfY su nivel de estudios? \u00c9stas y otras preguntas fueron las que me hizo Mar\u00eda Encarnaci\u00f3n despu\u00e9s de ejercer mi voto. No pertenece [&hellip;]\" \/>\n<meta property=\"og:url\" content=\"https:\/\/lospoliticosveracruz.com\/?p=23532\" \/>\n<meta property=\"og:site_name\" content=\"Los pol\u00edticos Veracruz\" \/>\n<meta property=\"article:publisher\" content=\"https:\/\/www.facebook.com\/people\/Notimemes-de-los-Polticos\/61565672886568\/\" \/>\n<meta property=\"article:published_time\" content=\"2016-06-06T03:47:20+00:00\" \/>\n<meta property=\"article:modified_time\" content=\"2016-06-06T03:48:16+00:00\" \/>\n<meta property=\"og:image\" content=\"http:\/\/www.lospoliticosveracruz.com.mx\/wp-content\/uploads\/2016\/06\/mujer-voto.jpg\" \/>\n<meta name=\"author\" content=\"Lo viste en Los Pol\u00edticos\" \/>\n<meta name=\"twitter:card\" content=\"summary_large_image\" \/>\n<meta name=\"twitter:creator\" content=\"@LosPoliticosVer\" \/>\n<meta name=\"twitter:site\" content=\"@LosPoliticosVer\" \/>\n<meta name=\"twitter:label1\" content=\"Escrito por\" \/>\n\t<meta name=\"twitter:data1\" content=\"Lo viste en Los Pol\u00edticos\" \/>\n\t<meta name=\"twitter:label2\" content=\"Tiempo de lectura\" \/>\n\t<meta name=\"twitter:data2\" content=\"2 minutos\" \/>\n<script type=\"application\/ld+json\" class=\"yoast-schema-graph\">{\"@context\":\"https:\\\/\\\/schema.org\",\"@graph\":[{\"@type\":\"Article\",\"@id\":\"https:\\\/\\\/lospoliticosveracruz.com\\\/?p=23532#article\",\"isPartOf\":{\"@id\":\"https:\\\/\\\/lospoliticosveracruz.com\\\/?p=23532\"},\"author\":{\"name\":\"Lo viste en Los Pol\u00edticos\",\"@id\":\"https:\\\/\\\/lospoliticosveracruz.com\\\/#\\\/schema\\\/person\\\/b8702bb0e538456e6efd07080bf2a4a2\"},\"headline\":\"Mujeres: La diferencia\",\"datePublished\":\"2016-06-06T03:47:20+00:00\",\"dateModified\":\"2016-06-06T03:48:16+00:00\",\"mainEntityOfPage\":{\"@id\":\"https:\\\/\\\/lospoliticosveracruz.com\\\/?p=23532\"},\"wordCount\":476,\"commentCount\":0,\"publisher\":{\"@id\":\"https:\\\/\\\/lospoliticosveracruz.com\\\/#organization\"},\"image\":{\"@id\":\"https:\\\/\\\/lospoliticosveracruz.com\\\/?p=23532#primaryimage\"},\"thumbnailUrl\":\"http:\\\/\\\/www.lospoliticosveracruz.com.mx\\\/wp-content\\\/uploads\\\/2016\\\/06\\\/mujer-voto.jpg\",\"keywords\":[\"elecciones\",\"Mujeres\",\"Veracruz\"],\"articleSection\":[\"De Opini\u00f3n\"],\"inLanguage\":\"es\",\"potentialAction\":[{\"@type\":\"CommentAction\",\"name\":\"Comment\",\"target\":[\"https:\\\/\\\/lospoliticosveracruz.com\\\/?p=23532#respond\"]}]},{\"@type\":\"WebPage\",\"@id\":\"https:\\\/\\\/lospoliticosveracruz.com\\\/?p=23532\",\"url\":\"https:\\\/\\\/lospoliticosveracruz.com\\\/?p=23532\",\"name\":\"Mujeres: La diferencia - Los pol\u00edticos Veracruz\",\"isPartOf\":{\"@id\":\"https:\\\/\\\/lospoliticosveracruz.com\\\/#website\"},\"primaryImageOfPage\":{\"@id\":\"https:\\\/\\\/lospoliticosveracruz.com\\\/?p=23532#primaryimage\"},\"image\":{\"@id\":\"https:\\\/\\\/lospoliticosveracruz.com\\\/?p=23532#primaryimage\"},\"thumbnailUrl\":\"http:\\\/\\\/www.lospoliticosveracruz.com.mx\\\/wp-content\\\/uploads\\\/2016\\\/06\\\/mujer-voto.jpg\",\"datePublished\":\"2016-06-06T03:47:20+00:00\",\"dateModified\":\"2016-06-06T03:48:16+00:00\",\"breadcrumb\":{\"@id\":\"https:\\\/\\\/lospoliticosveracruz.com\\\/?p=23532#breadcrumb\"},\"inLanguage\":\"es\",\"potentialAction\":[{\"@type\":\"ReadAction\",\"target\":[\"https:\\\/\\\/lospoliticosveracruz.com\\\/?p=23532\"]}]},{\"@type\":\"ImageObject\",\"inLanguage\":\"es\",\"@id\":\"https:\\\/\\\/lospoliticosveracruz.com\\\/?p=23532#primaryimage\",\"url\":\"http:\\\/\\\/www.lospoliticosveracruz.com.mx\\\/wp-content\\\/uploads\\\/2016\\\/06\\\/mujer-voto.jpg\",\"contentUrl\":\"http:\\\/\\\/www.lospoliticosveracruz.com.mx\\\/wp-content\\\/uploads\\\/2016\\\/06\\\/mujer-voto.jpg\"},{\"@type\":\"BreadcrumbList\",\"@id\":\"https:\\\/\\\/lospoliticosveracruz.com\\\/?p=23532#breadcrumb\",\"itemListElement\":[{\"@type\":\"ListItem\",\"position\":1,\"name\":\"Portada\",\"item\":\"https:\\\/\\\/lospoliticosveracruz.com\\\/\"},{\"@type\":\"ListItem\",\"position\":2,\"name\":\"Mujeres: La diferencia\"}]},{\"@type\":\"WebSite\",\"@id\":\"https:\\\/\\\/lospoliticosveracruz.com\\\/#website\",\"url\":\"https:\\\/\\\/lospoliticosveracruz.com\\\/\",\"name\":\"Los pol\u00edticos Veracruz\",\"description\":\"\",\"publisher\":{\"@id\":\"https:\\\/\\\/lospoliticosveracruz.com\\\/#organization\"},\"potentialAction\":[{\"@type\":\"SearchAction\",\"target\":{\"@type\":\"EntryPoint\",\"urlTemplate\":\"https:\\\/\\\/lospoliticosveracruz.com\\\/?s={search_term_string}\"},\"query-input\":{\"@type\":\"PropertyValueSpecification\",\"valueRequired\":true,\"valueName\":\"search_term_string\"}}],\"inLanguage\":\"es\"},{\"@type\":\"Organization\",\"@id\":\"https:\\\/\\\/lospoliticosveracruz.com\\\/#organization\",\"name\":\"Los pol\u00edticos Veracruz\",\"url\":\"https:\\\/\\\/lospoliticosveracruz.com\\\/\",\"logo\":{\"@type\":\"ImageObject\",\"inLanguage\":\"es\",\"@id\":\"https:\\\/\\\/lospoliticosveracruz.com\\\/#\\\/schema\\\/logo\\\/image\\\/\",\"url\":\"https:\\\/\\\/lospoliticosveracruz.com\\\/wp-content\\\/uploads\\\/2025\\\/12\\\/Logo-Nuevo-LOS-POLITICOS-1.jpg\",\"contentUrl\":\"https:\\\/\\\/lospoliticosveracruz.com\\\/wp-content\\\/uploads\\\/2025\\\/12\\\/Logo-Nuevo-LOS-POLITICOS-1.jpg\",\"width\":260,\"height\":70,\"caption\":\"Los pol\u00edticos Veracruz\"},\"image\":{\"@id\":\"https:\\\/\\\/lospoliticosveracruz.com\\\/#\\\/schema\\\/logo\\\/image\\\/\"},\"sameAs\":[\"https:\\\/\\\/www.facebook.com\\\/people\\\/Notimemes-de-los-Polticos\\\/61565672886568\\\/\",\"https:\\\/\\\/x.com\\\/LosPoliticosVer\"]},{\"@type\":\"Person\",\"@id\":\"https:\\\/\\\/lospoliticosveracruz.com\\\/#\\\/schema\\\/person\\\/b8702bb0e538456e6efd07080bf2a4a2\",\"name\":\"Lo viste en Los Pol\u00edticos\",\"image\":{\"@type\":\"ImageObject\",\"inLanguage\":\"es\",\"@id\":\"https:\\\/\\\/secure.gravatar.com\\\/avatar\\\/3a8de04a2656d44082be478bd6c086daa447c4651605818287b9532d3d0bd435?s=96&d=mm&r=g\",\"url\":\"https:\\\/\\\/secure.gravatar.com\\\/avatar\\\/3a8de04a2656d44082be478bd6c086daa447c4651605818287b9532d3d0bd435?s=96&d=mm&r=g\",\"contentUrl\":\"https:\\\/\\\/secure.gravatar.com\\\/avatar\\\/3a8de04a2656d44082be478bd6c086daa447c4651605818287b9532d3d0bd435?s=96&d=mm&r=g\",\"caption\":\"Lo viste en Los Pol\u00edticos\"},\"url\":\"https:\\\/\\\/lospoliticosveracruz.com\\\/?author=2\"}]}<\/script>\n<!-- \/ Yoast SEO plugin. -->","yoast_head_json":{"title":"Mujeres: La diferencia - Los pol\u00edticos Veracruz","robots":{"index":"index","follow":"follow","max-snippet":"max-snippet:-1","max-image-preview":"max-image-preview:large","max-video-preview":"max-video-preview:-1"},"canonical":"https:\/\/lospoliticosveracruz.com\/?p=23532","og_locale":"es_ES","og_type":"article","og_title":"Mujeres: La diferencia - Los pol\u00edticos Veracruz","og_description":"Brenda Caballero N\u00fameros Rojos \u00bfPor qu\u00e9 partido vot\u00f3? \u00bfY en la elecci\u00f3n anterior? \u00bfC\u00f3mo ve la seguridad? \u00bfY el gobierno de Pe\u00f1a Nieto? \u00bfY el de Javier Duarte? \u00bfCu\u00e1l es su ocupaci\u00f3n? \u00bfY su nivel de estudios? \u00c9stas y otras preguntas fueron las que me hizo Mar\u00eda Encarnaci\u00f3n despu\u00e9s de ejercer mi voto. No pertenece [&hellip;]","og_url":"https:\/\/lospoliticosveracruz.com\/?p=23532","og_site_name":"Los pol\u00edticos Veracruz","article_publisher":"https:\/\/www.facebook.com\/people\/Notimemes-de-los-Polticos\/61565672886568\/","article_published_time":"2016-06-06T03:47:20+00:00","article_modified_time":"2016-06-06T03:48:16+00:00","og_image":[{"url":"http:\/\/www.lospoliticosveracruz.com.mx\/wp-content\/uploads\/2016\/06\/mujer-voto.jpg","type":"","width":"","height":""}],"author":"Lo viste en Los Pol\u00edticos","twitter_card":"summary_large_image","twitter_creator":"@LosPoliticosVer","twitter_site":"@LosPoliticosVer","twitter_misc":{"Escrito por":"Lo viste en Los Pol\u00edticos","Tiempo de lectura":"2 minutos"},"schema":{"@context":"https:\/\/schema.org","@graph":[{"@type":"Article","@id":"https:\/\/lospoliticosveracruz.com\/?p=23532#article","isPartOf":{"@id":"https:\/\/lospoliticosveracruz.com\/?p=23532"},"author":{"name":"Lo viste en Los Pol\u00edticos","@id":"https:\/\/lospoliticosveracruz.com\/#\/schema\/person\/b8702bb0e538456e6efd07080bf2a4a2"},"headline":"Mujeres: La diferencia","datePublished":"2016-06-06T03:47:20+00:00","dateModified":"2016-06-06T03:48:16+00:00","mainEntityOfPage":{"@id":"https:\/\/lospoliticosveracruz.com\/?p=23532"},"wordCount":476,"commentCount":0,"publisher":{"@id":"https:\/\/lospoliticosveracruz.com\/#organization"},"image":{"@id":"https:\/\/lospoliticosveracruz.com\/?p=23532#primaryimage"},"thumbnailUrl":"http:\/\/www.lospoliticosveracruz.com.mx\/wp-content\/uploads\/2016\/06\/mujer-voto.jpg","keywords":["elecciones","Mujeres","Veracruz"],"articleSection":["De Opini\u00f3n"],"inLanguage":"es","potentialAction":[{"@type":"CommentAction","name":"Comment","target":["https:\/\/lospoliticosveracruz.com\/?p=23532#respond"]}]},{"@type":"WebPage","@id":"https:\/\/lospoliticosveracruz.com\/?p=23532","url":"https:\/\/lospoliticosveracruz.com\/?p=23532","name":"Mujeres: La diferencia - Los pol\u00edticos Veracruz","isPartOf":{"@id":"https:\/\/lospoliticosveracruz.com\/#website"},"primaryImageOfPage":{"@id":"https:\/\/lospoliticosveracruz.com\/?p=23532#primaryimage"},"image":{"@id":"https:\/\/lospoliticosveracruz.com\/?p=23532#primaryimage"},"thumbnailUrl":"http:\/\/www.lospoliticosveracruz.com.mx\/wp-content\/uploads\/2016\/06\/mujer-voto.jpg","datePublished":"2016-06-06T03:47:20+00:00","dateModified":"2016-06-06T03:48:16+00:00","breadcrumb":{"@id":"https:\/\/lospoliticosveracruz.com\/?p=23532#breadcrumb"},"inLanguage":"es","potentialAction":[{"@type":"ReadAction","target":["https:\/\/lospoliticosveracruz.com\/?p=23532"]}]},{"@type":"ImageObject","inLanguage":"es","@id":"https:\/\/lospoliticosveracruz.com\/?p=23532#primaryimage","url":"http:\/\/www.lospoliticosveracruz.com.mx\/wp-content\/uploads\/2016\/06\/mujer-voto.jpg","contentUrl":"http:\/\/www.lospoliticosveracruz.com.mx\/wp-content\/uploads\/2016\/06\/mujer-voto.jpg"},{"@type":"BreadcrumbList","@id":"https:\/\/lospoliticosveracruz.com\/?p=23532#breadcrumb","itemListElement":[{"@type":"ListItem","position":1,"name":"Portada","item":"https:\/\/lospoliticosveracruz.com\/"},{"@type":"ListItem","position":2,"name":"Mujeres: La diferencia"}]},{"@type":"WebSite","@id":"https:\/\/lospoliticosveracruz.com\/#website","url":"https:\/\/lospoliticosveracruz.com\/","name":"Los pol\u00edticos Veracruz","description":"","publisher":{"@id":"https:\/\/lospoliticosveracruz.com\/#organization"},"potentialAction":[{"@type":"SearchAction","target":{"@type":"EntryPoint","urlTemplate":"https:\/\/lospoliticosveracruz.com\/?s={search_term_string}"},"query-input":{"@type":"PropertyValueSpecification","valueRequired":true,"valueName":"search_term_string"}}],"inLanguage":"es"},{"@type":"Organization","@id":"https:\/\/lospoliticosveracruz.com\/#organization","name":"Los pol\u00edticos Veracruz","url":"https:\/\/lospoliticosveracruz.com\/","logo":{"@type":"ImageObject","inLanguage":"es","@id":"https:\/\/lospoliticosveracruz.com\/#\/schema\/logo\/image\/","url":"https:\/\/lospoliticosveracruz.com\/wp-content\/uploads\/2025\/12\/Logo-Nuevo-LOS-POLITICOS-1.jpg","contentUrl":"https:\/\/lospoliticosveracruz.com\/wp-content\/uploads\/2025\/12\/Logo-Nuevo-LOS-POLITICOS-1.jpg","width":260,"height":70,"caption":"Los pol\u00edticos Veracruz"},"image":{"@id":"https:\/\/lospoliticosveracruz.com\/#\/schema\/logo\/image\/"},"sameAs":["https:\/\/www.facebook.com\/people\/Notimemes-de-los-Polticos\/61565672886568\/","https:\/\/x.com\/LosPoliticosVer"]},{"@type":"Person","@id":"https:\/\/lospoliticosveracruz.com\/#\/schema\/person\/b8702bb0e538456e6efd07080bf2a4a2","name":"Lo viste en Los Pol\u00edticos","image":{"@type":"ImageObject","inLanguage":"es","@id":"https:\/\/secure.gravatar.com\/avatar\/3a8de04a2656d44082be478bd6c086daa447c4651605818287b9532d3d0bd435?s=96&d=mm&r=g","url":"https:\/\/secure.gravatar.com\/avatar\/3a8de04a2656d44082be478bd6c086daa447c4651605818287b9532d3d0bd435?s=96&d=mm&r=g","contentUrl":"https:\/\/secure.gravatar.com\/avatar\/3a8de04a2656d44082be478bd6c086daa447c4651605818287b9532d3d0bd435?s=96&d=mm&r=g","caption":"Lo viste en Los Pol\u00edticos"},"url":"https:\/\/lospoliticosveracruz.com\/?author=2"}]}},"_links":{"self":[{"href":"https:\/\/lospoliticosveracruz.com\/index.php?rest_route=\/wp\/v2\/posts\/23532","targetHints":{"allow":["GET"]}}],"collection":[{"href":"https:\/\/lospoliticosveracruz.com\/index.php?rest_route=\/wp\/v2\/posts"}],"about":[{"href":"https:\/\/lospoliticosveracruz.com\/index.php?rest_route=\/wp\/v2\/types\/post"}],"author":[{"embeddable":true,"href":"https:\/\/lospoliticosveracruz.com\/index.php?rest_route=\/wp\/v2\/users\/2"}],"replies":[{"embeddable":true,"href":"https:\/\/lospoliticosveracruz.com\/index.php?rest_route=%2Fwp%2Fv2%2Fcomments&post=23532"}],"version-history":[{"count":1,"href":"https:\/\/lospoliticosveracruz.com\/index.php?rest_route=\/wp\/v2\/posts\/23532\/revisions"}],"predecessor-version":[{"id":23534,"href":"https:\/\/lospoliticosveracruz.com\/index.php?rest_route=\/wp\/v2\/posts\/23532\/revisions\/23534"}],"wp:attachment":[{"href":"https:\/\/lospoliticosveracruz.com\/index.php?rest_route=%2Fwp%2Fv2%2Fmedia&parent=23532"}],"wp:term":[{"taxonomy":"category","embeddable":true,"href":"https:\/\/lospoliticosveracruz.com\/index.php?rest_route=%2Fwp%2Fv2%2Fcategories&post=23532"},{"taxonomy":"post_tag","embeddable":true,"href":"https:\/\/lospoliticosveracruz.com\/index.php?rest_route=%2Fwp%2Fv2%2Ftags&post=23532"}],"curies":[{"name":"wp","href":"https:\/\/api.w.org\/{rel}","templated":true}]}}