{"id":23535,"date":"2016-06-05T22:59:43","date_gmt":"2016-06-06T03:59:43","guid":{"rendered":"http:\/\/www.lospoliticosveracruz.com.mx\/?p=23535"},"modified":"2016-06-05T22:59:43","modified_gmt":"2016-06-06T03:59:43","slug":"el-gran-perdedor","status":"publish","type":"post","link":"https:\/\/lospoliticosveracruz.com\/?p=23535","title":{"rendered":"El gran perdedor"},"content":{"rendered":"<p><a href=\"http:\/\/www.lospoliticosveracruz.com.mx\/wp-content\/uploads\/2016\/06\/Duarte-de-Ochoa.jpg\"><img loading=\"lazy\" decoding=\"async\" class=\"alignnone size-medium wp-image-23536\" src=\"http:\/\/www.lospoliticosveracruz.com.mx\/wp-content\/uploads\/2016\/06\/Duarte-de-Ochoa-300x237.jpg\" alt=\"Duarte de Ochoa\" width=\"300\" height=\"237\" \/><\/a><br \/>\n<strong>Salvador Mu\u00f1oz<\/strong><\/p>\n<p><em>Los Pol\u00edticos<\/em><\/p>\n<p>Antes de las 9 de la noche, el PREP que aparec\u00eda en diario Reforma, daba amplia ventaja a Cuitl\u00e1huac Garc\u00eda Jim\u00e9nez sobre sus adversarios m\u00e1s cercanos, los Yunes. \u00a1Imaginen! 37.93% de Morena contra 28.87 de Yunes Linares y 22.22 de Yunes Landa. Es decir, \u00aba simple vista\u00bb, se entiende que el famoso \u201cCuic\u201d saliera, al igual que los candidatos de las Alianzas de \u201cMejorar\u201d y \u201cRescatar\u201d Veracruz, a \u201ccantar\u201d su victoria.<br \/>\nYa no espero el PREP de las 11 de la noche\u2026 mejor espero pacientemente que las cosas caigan por su propio peso y no por \u201csu propia encuesta\u201d.<br \/>\nPero les dec\u00eda: \u201cA simple vista\u201d.<br \/>\n\u00bfPor qu\u00e9? Por algo muy sencillo&#8230; los primeros resultados que se concentran en el OPLE son los de Xalapa, la capital jarocha, donde desde hace mucho que los atenienses le dieron la espalda al PRI\u2026 aunque cabe aclarar algo: \u201cse la hab\u00edan dado\u201d en procesos electorales de tipo federal, porque en lo que compete a lo local, a madrazos, el PRI ven\u00eda desde hace varios trienios y un cuatrienio (el de Am\u00e9rico), sacando la casta. Sin embargo, ahora todo indica que el malestar se ha impregnado en lo local.<br \/>\nLuego entonces, si bien ha de tener una copiosa cantidad de votos en Xalapa y Coatzacolacos (\u00bfigual en Poza Rica?), Morena s\u00f3lo es parte en este momento de los gritos de victoria de quienes se dicen ganadores.<br \/>\nMas el caso de Morena no es \u00fanico\u2026 creo que ocurre lo mismo en Boca del R\u00edo, donde los Yunes del Estero mandan\u2026 luego entonces, si hay hegemon\u00eda azul en esta zona, es l\u00f3gico que el resultado en las primeras casillas sean a favor del candidato de \u201cRescatar\u201d.<br \/>\nEcho un \u201cojo\u201d a Reforma\u2026 su PREP arroja una variaci\u00f3n, ligera pero significativa\u2026 a las 9:42, Morena ten\u00eda ya un 36.48%; PAN-PRD, 28.42; y PRI, 24.58. Si observamos los porcentajes arrojados en el primer p\u00e1rrafo, veremos qui\u00e9n sub\u00eda y qui\u00e9nes bajaban\u2026<br \/>\nAlgo que me llam\u00f3 la atenci\u00f3n fue la posici\u00f3n de Miguel \u00c1ngel Yunes Linares: 1) \u201cYo gan\u00e9\u201d; 2) No iba a reconocer el conteo r\u00e1pido del OPLE sin que a\u00fan se diera a conocer.<br \/>\nEn el caso de H\u00e9ctor Yunes Landa, sustenta su triunfo con las encuestas de salida de \u201cEl Financiero\u201d, \u201cIndemerc\u201d, \u201cMendoza y Blanco\u201d. Habl\u00f3 de cien mil votos de diferencia entre \u00e9l y el segundo lugar.<br \/>\nHay una palabra que cita y es clave: \u201cReconciliaci\u00f3n\u201d. Y es que estas campa\u00f1as vaya que se caracterizaron de roces, choques y enfrentamientos, tanto de candidatos como de sus seguidores. Pero les digo\u2026 no voy a esperar el PREP de las 11 de la noche\u2026<br \/>\nS\u00ed, va a estar canijo el resultado porque es seguro que los perdedores no van a llegar a alzarle la mano al triunfador. Ojal\u00e1 no, pero no espero ver a un \u201cgobernador leg\u00edtimo\u201d vagando por la entidad\u2026 creo que ya de rencor, un alto porcentaje de veracruzanos est\u00e1n llenos (que no hartos).<br \/>\n\u00bfY nos deja cosas buenas este proceso electoral? Creo que s\u00ed&#8230; si por decisi\u00f3n de esta sociedad desaparecen varios partidos chiquitos, habremos ganado.<br \/>\nSi por decisi\u00f3n de la sociedad gana Cuitl\u00e1huac Garc\u00eda\u2026 habremos ganado.<br \/>\nSi por decisi\u00f3n de la sociedad gana Miguel \u00c1ngel Yunes Linares\u2026 habremos ganado.<br \/>\nSi por decisi\u00f3n de la sociedad gana H\u00e9ctor Yunes Landa\u2026 habremos ganado.<br \/>\nAunque veo a un gran perdedor\u2026 a Javier Duarte de Ochoa.<br \/>\nHay que tener en cuenta que Duarte de Ochoa, desde que compiti\u00f3 para diputado federal, luego para gobernador, y despu\u00e9s como tal le toc\u00f3 disputar elecciones federales como locales, en todas gan\u00f3. \u00a1Vamos! es un pol\u00edtico triunfador donde hasta el mi\u00e9rcoles, habr\u00e1 que ver si mantiene su invicto como tal\u2026 pero a todos los que vieron ayer al Gobernador, enfundado en una camisa verde y pantal\u00f3n de mezclilla, les qued\u00f3 claro que Duarte de Ochoa es el gran perdedor\u2026 \u00a1de pesos! \u00bfvieron cu\u00e1ntos kilos baj\u00f3? \u00a1f\u00e1cil, unos 20!<\/p>\n<p>smcainito@gmail.com<\/p>\n","protected":false},"excerpt":{"rendered":"<p>Salvador Mu\u00f1oz Los Pol\u00edticos Antes de las 9 de la noche, el PREP que aparec\u00eda en diario Reforma, daba amplia ventaja a Cuitl\u00e1huac Garc\u00eda Jim\u00e9nez sobre sus adversarios m\u00e1s cercanos, los Yunes. \u00a1Imaginen! 37.93% de Morena contra 28.87 de Yunes Linares y 22.22 de Yunes Landa. Es decir, \u00aba simple vista\u00bb, se entiende que el [&hellip;]<\/p>\n","protected":false},"author":2,"featured_media":0,"comment_status":"open","ping_status":"open","sticky":false,"template":"","format":"standard","meta":{"tdm_status":"","tdm_grid_status":"","footnotes":""},"categories":[70],"tags":[1563,348,260,428],"class_list":{"0":"post-23535","1":"post","2":"type-post","3":"status-publish","4":"format-standard","6":"category-de-opinion","7":"tag-cuitlahuac-garcia-jimenez","8":"tag-hector-yunes-landa","9":"tag-javier-duarte-de-ochoa","10":"tag-miguel-angel-yunes-linares"},"yoast_head":"<!-- This site is optimized with the Yoast SEO plugin v27.4 - https:\/\/yoast.com\/product\/yoast-seo-wordpress\/ -->\n<title>El gran perdedor - Los pol\u00edticos Veracruz<\/title>\n<meta name=\"robots\" content=\"index, follow, max-snippet:-1, max-image-preview:large, max-video-preview:-1\" \/>\n<link rel=\"canonical\" href=\"https:\/\/lospoliticosveracruz.com\/?p=23535\" \/>\n<meta property=\"og:locale\" content=\"es_ES\" \/>\n<meta property=\"og:type\" content=\"article\" \/>\n<meta property=\"og:title\" content=\"El gran perdedor - Los pol\u00edticos Veracruz\" \/>\n<meta property=\"og:description\" content=\"Salvador Mu\u00f1oz Los Pol\u00edticos Antes de las 9 de la noche, el PREP que aparec\u00eda en diario Reforma, daba amplia ventaja a Cuitl\u00e1huac Garc\u00eda Jim\u00e9nez sobre sus adversarios m\u00e1s cercanos, los Yunes. \u00a1Imaginen! 37.93% de Morena contra 28.87 de Yunes Linares y 22.22 de Yunes Landa. Es decir, \u00aba simple vista\u00bb, se entiende que el [&hellip;]\" \/>\n<meta property=\"og:url\" content=\"https:\/\/lospoliticosveracruz.com\/?p=23535\" \/>\n<meta property=\"og:site_name\" content=\"Los pol\u00edticos Veracruz\" \/>\n<meta property=\"article:publisher\" content=\"https:\/\/www.facebook.com\/people\/Notimemes-de-los-Polticos\/61565672886568\/\" \/>\n<meta property=\"article:published_time\" content=\"2016-06-06T03:59:43+00:00\" \/>\n<meta property=\"og:image\" content=\"http:\/\/www.lospoliticosveracruz.com.mx\/wp-content\/uploads\/2016\/06\/Duarte-de-Ochoa-300x237.jpg\" \/>\n<meta name=\"author\" content=\"Lo viste en Los Pol\u00edticos\" \/>\n<meta name=\"twitter:card\" content=\"summary_large_image\" \/>\n<meta name=\"twitter:creator\" content=\"@LosPoliticosVer\" \/>\n<meta name=\"twitter:site\" content=\"@LosPoliticosVer\" \/>\n<meta name=\"twitter:label1\" content=\"Escrito por\" \/>\n\t<meta name=\"twitter:data1\" content=\"Lo viste en Los Pol\u00edticos\" \/>\n\t<meta name=\"twitter:label2\" content=\"Tiempo de lectura\" \/>\n\t<meta name=\"twitter:data2\" content=\"3 minutos\" \/>\n<script type=\"application\/ld+json\" class=\"yoast-schema-graph\">{\"@context\":\"https:\\\/\\\/schema.org\",\"@graph\":[{\"@type\":\"Article\",\"@id\":\"https:\\\/\\\/lospoliticosveracruz.com\\\/?p=23535#article\",\"isPartOf\":{\"@id\":\"https:\\\/\\\/lospoliticosveracruz.com\\\/?p=23535\"},\"author\":{\"name\":\"Lo viste en Los Pol\u00edticos\",\"@id\":\"https:\\\/\\\/lospoliticosveracruz.com\\\/#\\\/schema\\\/person\\\/b8702bb0e538456e6efd07080bf2a4a2\"},\"headline\":\"El gran perdedor\",\"datePublished\":\"2016-06-06T03:59:43+00:00\",\"mainEntityOfPage\":{\"@id\":\"https:\\\/\\\/lospoliticosveracruz.com\\\/?p=23535\"},\"wordCount\":684,\"commentCount\":0,\"publisher\":{\"@id\":\"https:\\\/\\\/lospoliticosveracruz.com\\\/#organization\"},\"image\":{\"@id\":\"https:\\\/\\\/lospoliticosveracruz.com\\\/?p=23535#primaryimage\"},\"thumbnailUrl\":\"http:\\\/\\\/www.lospoliticosveracruz.com.mx\\\/wp-content\\\/uploads\\\/2016\\\/06\\\/Duarte-de-Ochoa-300x237.jpg\",\"keywords\":[\"Cuitl\u00e1huac Garc\u00eda Jim\u00e9nez\",\"H\u00e9ctor Yunes Landa\",\"Javier Duarte de Ochoa\",\"Miguel Angel Yunes Linares\"],\"articleSection\":[\"De Opini\u00f3n\"],\"inLanguage\":\"es\",\"potentialAction\":[{\"@type\":\"CommentAction\",\"name\":\"Comment\",\"target\":[\"https:\\\/\\\/lospoliticosveracruz.com\\\/?p=23535#respond\"]}]},{\"@type\":\"WebPage\",\"@id\":\"https:\\\/\\\/lospoliticosveracruz.com\\\/?p=23535\",\"url\":\"https:\\\/\\\/lospoliticosveracruz.com\\\/?p=23535\",\"name\":\"El gran perdedor - Los pol\u00edticos Veracruz\",\"isPartOf\":{\"@id\":\"https:\\\/\\\/lospoliticosveracruz.com\\\/#website\"},\"primaryImageOfPage\":{\"@id\":\"https:\\\/\\\/lospoliticosveracruz.com\\\/?p=23535#primaryimage\"},\"image\":{\"@id\":\"https:\\\/\\\/lospoliticosveracruz.com\\\/?p=23535#primaryimage\"},\"thumbnailUrl\":\"http:\\\/\\\/www.lospoliticosveracruz.com.mx\\\/wp-content\\\/uploads\\\/2016\\\/06\\\/Duarte-de-Ochoa-300x237.jpg\",\"datePublished\":\"2016-06-06T03:59:43+00:00\",\"breadcrumb\":{\"@id\":\"https:\\\/\\\/lospoliticosveracruz.com\\\/?p=23535#breadcrumb\"},\"inLanguage\":\"es\",\"potentialAction\":[{\"@type\":\"ReadAction\",\"target\":[\"https:\\\/\\\/lospoliticosveracruz.com\\\/?p=23535\"]}]},{\"@type\":\"ImageObject\",\"inLanguage\":\"es\",\"@id\":\"https:\\\/\\\/lospoliticosveracruz.com\\\/?p=23535#primaryimage\",\"url\":\"http:\\\/\\\/www.lospoliticosveracruz.com.mx\\\/wp-content\\\/uploads\\\/2016\\\/06\\\/Duarte-de-Ochoa-300x237.jpg\",\"contentUrl\":\"http:\\\/\\\/www.lospoliticosveracruz.com.mx\\\/wp-content\\\/uploads\\\/2016\\\/06\\\/Duarte-de-Ochoa-300x237.jpg\"},{\"@type\":\"BreadcrumbList\",\"@id\":\"https:\\\/\\\/lospoliticosveracruz.com\\\/?p=23535#breadcrumb\",\"itemListElement\":[{\"@type\":\"ListItem\",\"position\":1,\"name\":\"Portada\",\"item\":\"https:\\\/\\\/lospoliticosveracruz.com\\\/\"},{\"@type\":\"ListItem\",\"position\":2,\"name\":\"El gran perdedor\"}]},{\"@type\":\"WebSite\",\"@id\":\"https:\\\/\\\/lospoliticosveracruz.com\\\/#website\",\"url\":\"https:\\\/\\\/lospoliticosveracruz.com\\\/\",\"name\":\"Los pol\u00edticos Veracruz\",\"description\":\"\",\"publisher\":{\"@id\":\"https:\\\/\\\/lospoliticosveracruz.com\\\/#organization\"},\"potentialAction\":[{\"@type\":\"SearchAction\",\"target\":{\"@type\":\"EntryPoint\",\"urlTemplate\":\"https:\\\/\\\/lospoliticosveracruz.com\\\/?s={search_term_string}\"},\"query-input\":{\"@type\":\"PropertyValueSpecification\",\"valueRequired\":true,\"valueName\":\"search_term_string\"}}],\"inLanguage\":\"es\"},{\"@type\":\"Organization\",\"@id\":\"https:\\\/\\\/lospoliticosveracruz.com\\\/#organization\",\"name\":\"Los pol\u00edticos Veracruz\",\"url\":\"https:\\\/\\\/lospoliticosveracruz.com\\\/\",\"logo\":{\"@type\":\"ImageObject\",\"inLanguage\":\"es\",\"@id\":\"https:\\\/\\\/lospoliticosveracruz.com\\\/#\\\/schema\\\/logo\\\/image\\\/\",\"url\":\"https:\\\/\\\/lospoliticosveracruz.com\\\/wp-content\\\/uploads\\\/2025\\\/12\\\/Logo-Nuevo-LOS-POLITICOS-1.jpg\",\"contentUrl\":\"https:\\\/\\\/lospoliticosveracruz.com\\\/wp-content\\\/uploads\\\/2025\\\/12\\\/Logo-Nuevo-LOS-POLITICOS-1.jpg\",\"width\":260,\"height\":70,\"caption\":\"Los pol\u00edticos Veracruz\"},\"image\":{\"@id\":\"https:\\\/\\\/lospoliticosveracruz.com\\\/#\\\/schema\\\/logo\\\/image\\\/\"},\"sameAs\":[\"https:\\\/\\\/www.facebook.com\\\/people\\\/Notimemes-de-los-Polticos\\\/61565672886568\\\/\",\"https:\\\/\\\/x.com\\\/LosPoliticosVer\"]},{\"@type\":\"Person\",\"@id\":\"https:\\\/\\\/lospoliticosveracruz.com\\\/#\\\/schema\\\/person\\\/b8702bb0e538456e6efd07080bf2a4a2\",\"name\":\"Lo viste en Los Pol\u00edticos\",\"image\":{\"@type\":\"ImageObject\",\"inLanguage\":\"es\",\"@id\":\"https:\\\/\\\/secure.gravatar.com\\\/avatar\\\/3a8de04a2656d44082be478bd6c086daa447c4651605818287b9532d3d0bd435?s=96&d=mm&r=g\",\"url\":\"https:\\\/\\\/secure.gravatar.com\\\/avatar\\\/3a8de04a2656d44082be478bd6c086daa447c4651605818287b9532d3d0bd435?s=96&d=mm&r=g\",\"contentUrl\":\"https:\\\/\\\/secure.gravatar.com\\\/avatar\\\/3a8de04a2656d44082be478bd6c086daa447c4651605818287b9532d3d0bd435?s=96&d=mm&r=g\",\"caption\":\"Lo viste en Los Pol\u00edticos\"},\"url\":\"https:\\\/\\\/lospoliticosveracruz.com\\\/?author=2\"}]}<\/script>\n<!-- \/ Yoast SEO plugin. -->","yoast_head_json":{"title":"El gran perdedor - Los pol\u00edticos Veracruz","robots":{"index":"index","follow":"follow","max-snippet":"max-snippet:-1","max-image-preview":"max-image-preview:large","max-video-preview":"max-video-preview:-1"},"canonical":"https:\/\/lospoliticosveracruz.com\/?p=23535","og_locale":"es_ES","og_type":"article","og_title":"El gran perdedor - Los pol\u00edticos Veracruz","og_description":"Salvador Mu\u00f1oz Los Pol\u00edticos Antes de las 9 de la noche, el PREP que aparec\u00eda en diario Reforma, daba amplia ventaja a Cuitl\u00e1huac Garc\u00eda Jim\u00e9nez sobre sus adversarios m\u00e1s cercanos, los Yunes. \u00a1Imaginen! 37.93% de Morena contra 28.87 de Yunes Linares y 22.22 de Yunes Landa. Es decir, \u00aba simple vista\u00bb, se entiende que el [&hellip;]","og_url":"https:\/\/lospoliticosveracruz.com\/?p=23535","og_site_name":"Los pol\u00edticos Veracruz","article_publisher":"https:\/\/www.facebook.com\/people\/Notimemes-de-los-Polticos\/61565672886568\/","article_published_time":"2016-06-06T03:59:43+00:00","og_image":[{"url":"http:\/\/www.lospoliticosveracruz.com.mx\/wp-content\/uploads\/2016\/06\/Duarte-de-Ochoa-300x237.jpg","type":"","width":"","height":""}],"author":"Lo viste en Los Pol\u00edticos","twitter_card":"summary_large_image","twitter_creator":"@LosPoliticosVer","twitter_site":"@LosPoliticosVer","twitter_misc":{"Escrito por":"Lo viste en Los Pol\u00edticos","Tiempo de lectura":"3 minutos"},"schema":{"@context":"https:\/\/schema.org","@graph":[{"@type":"Article","@id":"https:\/\/lospoliticosveracruz.com\/?p=23535#article","isPartOf":{"@id":"https:\/\/lospoliticosveracruz.com\/?p=23535"},"author":{"name":"Lo viste en Los Pol\u00edticos","@id":"https:\/\/lospoliticosveracruz.com\/#\/schema\/person\/b8702bb0e538456e6efd07080bf2a4a2"},"headline":"El gran perdedor","datePublished":"2016-06-06T03:59:43+00:00","mainEntityOfPage":{"@id":"https:\/\/lospoliticosveracruz.com\/?p=23535"},"wordCount":684,"commentCount":0,"publisher":{"@id":"https:\/\/lospoliticosveracruz.com\/#organization"},"image":{"@id":"https:\/\/lospoliticosveracruz.com\/?p=23535#primaryimage"},"thumbnailUrl":"http:\/\/www.lospoliticosveracruz.com.mx\/wp-content\/uploads\/2016\/06\/Duarte-de-Ochoa-300x237.jpg","keywords":["Cuitl\u00e1huac Garc\u00eda Jim\u00e9nez","H\u00e9ctor Yunes Landa","Javier Duarte de Ochoa","Miguel Angel Yunes Linares"],"articleSection":["De Opini\u00f3n"],"inLanguage":"es","potentialAction":[{"@type":"CommentAction","name":"Comment","target":["https:\/\/lospoliticosveracruz.com\/?p=23535#respond"]}]},{"@type":"WebPage","@id":"https:\/\/lospoliticosveracruz.com\/?p=23535","url":"https:\/\/lospoliticosveracruz.com\/?p=23535","name":"El gran perdedor - Los pol\u00edticos Veracruz","isPartOf":{"@id":"https:\/\/lospoliticosveracruz.com\/#website"},"primaryImageOfPage":{"@id":"https:\/\/lospoliticosveracruz.com\/?p=23535#primaryimage"},"image":{"@id":"https:\/\/lospoliticosveracruz.com\/?p=23535#primaryimage"},"thumbnailUrl":"http:\/\/www.lospoliticosveracruz.com.mx\/wp-content\/uploads\/2016\/06\/Duarte-de-Ochoa-300x237.jpg","datePublished":"2016-06-06T03:59:43+00:00","breadcrumb":{"@id":"https:\/\/lospoliticosveracruz.com\/?p=23535#breadcrumb"},"inLanguage":"es","potentialAction":[{"@type":"ReadAction","target":["https:\/\/lospoliticosveracruz.com\/?p=23535"]}]},{"@type":"ImageObject","inLanguage":"es","@id":"https:\/\/lospoliticosveracruz.com\/?p=23535#primaryimage","url":"http:\/\/www.lospoliticosveracruz.com.mx\/wp-content\/uploads\/2016\/06\/Duarte-de-Ochoa-300x237.jpg","contentUrl":"http:\/\/www.lospoliticosveracruz.com.mx\/wp-content\/uploads\/2016\/06\/Duarte-de-Ochoa-300x237.jpg"},{"@type":"BreadcrumbList","@id":"https:\/\/lospoliticosveracruz.com\/?p=23535#breadcrumb","itemListElement":[{"@type":"ListItem","position":1,"name":"Portada","item":"https:\/\/lospoliticosveracruz.com\/"},{"@type":"ListItem","position":2,"name":"El gran perdedor"}]},{"@type":"WebSite","@id":"https:\/\/lospoliticosveracruz.com\/#website","url":"https:\/\/lospoliticosveracruz.com\/","name":"Los pol\u00edticos Veracruz","description":"","publisher":{"@id":"https:\/\/lospoliticosveracruz.com\/#organization"},"potentialAction":[{"@type":"SearchAction","target":{"@type":"EntryPoint","urlTemplate":"https:\/\/lospoliticosveracruz.com\/?s={search_term_string}"},"query-input":{"@type":"PropertyValueSpecification","valueRequired":true,"valueName":"search_term_string"}}],"inLanguage":"es"},{"@type":"Organization","@id":"https:\/\/lospoliticosveracruz.com\/#organization","name":"Los pol\u00edticos Veracruz","url":"https:\/\/lospoliticosveracruz.com\/","logo":{"@type":"ImageObject","inLanguage":"es","@id":"https:\/\/lospoliticosveracruz.com\/#\/schema\/logo\/image\/","url":"https:\/\/lospoliticosveracruz.com\/wp-content\/uploads\/2025\/12\/Logo-Nuevo-LOS-POLITICOS-1.jpg","contentUrl":"https:\/\/lospoliticosveracruz.com\/wp-content\/uploads\/2025\/12\/Logo-Nuevo-LOS-POLITICOS-1.jpg","width":260,"height":70,"caption":"Los pol\u00edticos Veracruz"},"image":{"@id":"https:\/\/lospoliticosveracruz.com\/#\/schema\/logo\/image\/"},"sameAs":["https:\/\/www.facebook.com\/people\/Notimemes-de-los-Polticos\/61565672886568\/","https:\/\/x.com\/LosPoliticosVer"]},{"@type":"Person","@id":"https:\/\/lospoliticosveracruz.com\/#\/schema\/person\/b8702bb0e538456e6efd07080bf2a4a2","name":"Lo viste en Los Pol\u00edticos","image":{"@type":"ImageObject","inLanguage":"es","@id":"https:\/\/secure.gravatar.com\/avatar\/3a8de04a2656d44082be478bd6c086daa447c4651605818287b9532d3d0bd435?s=96&d=mm&r=g","url":"https:\/\/secure.gravatar.com\/avatar\/3a8de04a2656d44082be478bd6c086daa447c4651605818287b9532d3d0bd435?s=96&d=mm&r=g","contentUrl":"https:\/\/secure.gravatar.com\/avatar\/3a8de04a2656d44082be478bd6c086daa447c4651605818287b9532d3d0bd435?s=96&d=mm&r=g","caption":"Lo viste en Los Pol\u00edticos"},"url":"https:\/\/lospoliticosveracruz.com\/?author=2"}]}},"_links":{"self":[{"href":"https:\/\/lospoliticosveracruz.com\/index.php?rest_route=\/wp\/v2\/posts\/23535","targetHints":{"allow":["GET"]}}],"collection":[{"href":"https:\/\/lospoliticosveracruz.com\/index.php?rest_route=\/wp\/v2\/posts"}],"about":[{"href":"https:\/\/lospoliticosveracruz.com\/index.php?rest_route=\/wp\/v2\/types\/post"}],"author":[{"embeddable":true,"href":"https:\/\/lospoliticosveracruz.com\/index.php?rest_route=\/wp\/v2\/users\/2"}],"replies":[{"embeddable":true,"href":"https:\/\/lospoliticosveracruz.com\/index.php?rest_route=%2Fwp%2Fv2%2Fcomments&post=23535"}],"version-history":[{"count":1,"href":"https:\/\/lospoliticosveracruz.com\/index.php?rest_route=\/wp\/v2\/posts\/23535\/revisions"}],"predecessor-version":[{"id":23537,"href":"https:\/\/lospoliticosveracruz.com\/index.php?rest_route=\/wp\/v2\/posts\/23535\/revisions\/23537"}],"wp:attachment":[{"href":"https:\/\/lospoliticosveracruz.com\/index.php?rest_route=%2Fwp%2Fv2%2Fmedia&parent=23535"}],"wp:term":[{"taxonomy":"category","embeddable":true,"href":"https:\/\/lospoliticosveracruz.com\/index.php?rest_route=%2Fwp%2Fv2%2Fcategories&post=23535"},{"taxonomy":"post_tag","embeddable":true,"href":"https:\/\/lospoliticosveracruz.com\/index.php?rest_route=%2Fwp%2Fv2%2Ftags&post=23535"}],"curies":[{"name":"wp","href":"https:\/\/api.w.org\/{rel}","templated":true}]}}