{"id":23613,"date":"2016-06-10T00:20:48","date_gmt":"2016-06-10T05:20:48","guid":{"rendered":"http:\/\/www.lospoliticosveracruz.com.mx\/?p=23613"},"modified":"2016-06-10T00:20:48","modified_gmt":"2016-06-10T05:20:48","slug":"licencias-permanentes","status":"publish","type":"post","link":"https:\/\/lospoliticosveracruz.com\/?p=23613","title":{"rendered":"Licencias permanentes"},"content":{"rendered":"<p><a href=\"http:\/\/www.lospoliticosveracruz.com.mx\/wp-content\/uploads\/2015\/01\/licencia.jpg\"><img loading=\"lazy\" decoding=\"async\" class=\"alignnone size-full wp-image-14617\" src=\"http:\/\/www.lospoliticosveracruz.com.mx\/wp-content\/uploads\/2015\/01\/licencia.jpg\" alt=\"licencia\" width=\"300\" height=\"200\" \/><\/a><br \/>\n<strong>Brenda Caballero<\/strong><br \/>\n<em>N\u00fameros Rojos<\/em><\/p>\n<p>\u00bfYa est\u00e1n otorgando las licencias permanentes? Le pregunto al joven del m\u00f3dulo de licencias de conducir. De inmediato me dice que ellos no saben nada. Le digo que ya se aprobaron. Con cara de interrogaci\u00f3n me contesta que nadie se ha comunicado con la empresa (Cosmocolor) por lo que las licencias que est\u00e1n expidiendo por el momento tienen vigencia por tres a\u00f1os.<br \/>\nAntes de irme, me dice: \u201cA\u00fan no sabemos cu\u00e1nto van a costar\u201d.<br \/>\nEs definitivo. Est\u00e1n aprobadas, pero a\u00fan no puede uno tramitarlas. Los que saben del asunto me dicen que la empresa Cosmocolor tiene que hacer los ajustes a su sistema, por lo que estiman que aproximadamente en un mes se dar\u00e1 el servicio.<br \/>\nBueno, para los que pensaban que era una medida electorera, no fue as\u00ed, o tal vez sali\u00f3 muy desfasada, pues la votaci\u00f3n ya fue y todo indica hasta este momento que el partido ganador no es el mismo que el del gobernador Javier Duarte de Ochoa que tom\u00f3 la medida. Es decir, los ciudadanos no se la creyeron.<br \/>\nAunque ya los diputados hab\u00edan votado la iniciativa; fue hasta el martes 7 de junio de 2016 que se public\u00f3 en la Gaceta Oficial N\u00famero Extraordinario, el decreto 872 que reforma el art\u00edculo15 del C\u00f3digo de Derechos para el Estado de Veracruz de Ignacio de la Llave.<br \/>\nHe de precisar que la reforma s\u00f3lo afecta a dos tipos de licencias: la C, para conducir autom\u00f3viles del servicio particular; y la D, para conducir motocicletas de tipo particular.<br \/>\nLas licencias tipo A (la tramitan los choferes de transporte p\u00fablico), B (para choferes de transporte de carga de m\u00e1s de 3.5 toneladas) y los permisos por 6 meses no ser\u00e1n permanentes. Era l\u00f3gico \u00a1pues ya no ser\u00eda negocio!<br \/>\nLuego entonces, si ya no es electorera, \u00bfes recaudatoria?<br \/>\nSi recordamos, las licencias eran, o bueno a\u00fan son (en el m\u00f3dulo) por tres a\u00f1os, aunque ya est\u00e1n aprobadas para ser permanentes.<br \/>\nPero \u00bfes recaudatoria?<br \/>\nSi analizamos, los costos actuales para tramitar la licencia nueva tipo C es por 1 mil 176 pesos; para hacer su canje, de 588 pesos; mientras que el duplicado cuesta 336 pesos.<br \/>\nEn el caso de la licencia tipo D, sus costos son por 840 pesos; para hacer su canje, de 504 pesos; mientras que el duplicado tambi\u00e9n cuesta 336 pesos.<br \/>\nAhora \u00bfc\u00f3mo quedan los costos de las nuevas licencias de conducir en Veracruz?<br \/>\nSeg\u00fan la Gaceta, la licencia tipo C tendr\u00e1 un costo de 12 salarios m\u00ednimos, algo as\u00ed como 876.48 pesos, recordando que el salario m\u00ednimo vigente es de 73.04 pesos. Aaah pero a ese costo tendr\u00edamos que agregar el accesorio del 15 por ciento denominado para el fomento a la educaci\u00f3n, algo as\u00ed como 131.47 pesos, que sumados a los 876.48, el costo real de la licencia ser\u00eda de 1007.95 pesos, y con el redondeo, 1008 pesos.<br \/>\nCon respecto a la licencia tipo D, de acuerdo a la Gaceta Oficial, su costo es de 10 salarios m\u00ednimos, algo as\u00ed como 730.40 pesos. Aqu\u00ed tambi\u00e9n tendr\u00edamos que agregar el accesorio del 15 por ciento denominado Para el fomento a la educaci\u00f3n, algo as\u00ed como 109.56 pesos, que sumados a los 730.40, nos da el costo real de la licencia por 839.46 pesos; con el redondeo, el costo final es de 840 pesos.<br \/>\nEl costo actual de la licencia tipo D (motociclista) al parecer no cambia; donde s\u00ed parece habr\u00e1 un ahorro es en la tipo C, algo as\u00ed como 168 pesos, si las cuentas no me fallan.<br \/>\nEntonces \u00bfes recaudatoria?<br \/>\nDesde luego que s\u00ed, para este sexenio de Duarte que fenece, pues con lo engorroso que es hacer el tr\u00e1mite en los m\u00f3dulos de licencia de conducir, donde m\u00ednimo se pierden dos horas y m\u00e1ximo, toda la ma\u00f1ana, los ciudadanos estaremos felices de pagar lo que sea con tal de que sea permanente, aunque no se tenga autom\u00f3vil o moto, ni se sepa conducir, pues cuando hay oportunidades hay que aprovecharlas. Vaya \u00a1hasta yo me apunto!<\/p>\n<p>Email: caballero_brenda@hotmail.com<\/p>\n","protected":false},"excerpt":{"rendered":"<p>Brenda Caballero N\u00fameros Rojos \u00bfYa est\u00e1n otorgando las licencias permanentes? Le pregunto al joven del m\u00f3dulo de licencias de conducir. De inmediato me dice que ellos no saben nada. Le digo que ya se aprobaron. Con cara de interrogaci\u00f3n me contesta que nadie se ha comunicado con la empresa (Cosmocolor) por lo que las licencias [&hellip;]<\/p>\n","protected":false},"author":2,"featured_media":0,"comment_status":"open","ping_status":"open","sticky":false,"template":"","format":"standard","meta":{"tdm_status":"","tdm_grid_status":"","footnotes":""},"categories":[70],"tags":[5477,195],"class_list":{"0":"post-23613","1":"post","2":"type-post","3":"status-publish","4":"format-standard","6":"category-de-opinion","7":"tag-licencias-permanentes","8":"tag-veracruz"},"yoast_head":"<!-- This site is optimized with the Yoast SEO plugin v27.4 - https:\/\/yoast.com\/product\/yoast-seo-wordpress\/ -->\n<title>Licencias permanentes - Los pol\u00edticos Veracruz<\/title>\n<meta name=\"robots\" content=\"index, follow, max-snippet:-1, max-image-preview:large, max-video-preview:-1\" \/>\n<link rel=\"canonical\" href=\"https:\/\/lospoliticosveracruz.com\/?p=23613\" \/>\n<meta property=\"og:locale\" content=\"es_ES\" \/>\n<meta property=\"og:type\" content=\"article\" \/>\n<meta property=\"og:title\" content=\"Licencias permanentes - Los pol\u00edticos Veracruz\" \/>\n<meta property=\"og:description\" content=\"Brenda Caballero N\u00fameros Rojos \u00bfYa est\u00e1n otorgando las licencias permanentes? Le pregunto al joven del m\u00f3dulo de licencias de conducir. De inmediato me dice que ellos no saben nada. Le digo que ya se aprobaron. Con cara de interrogaci\u00f3n me contesta que nadie se ha comunicado con la empresa (Cosmocolor) por lo que las licencias [&hellip;]\" \/>\n<meta property=\"og:url\" content=\"https:\/\/lospoliticosveracruz.com\/?p=23613\" \/>\n<meta property=\"og:site_name\" content=\"Los pol\u00edticos Veracruz\" \/>\n<meta property=\"article:publisher\" content=\"https:\/\/www.facebook.com\/people\/Notimemes-de-los-Polticos\/61565672886568\/\" \/>\n<meta property=\"article:published_time\" content=\"2016-06-10T05:20:48+00:00\" \/>\n<meta property=\"og:image\" content=\"http:\/\/www.lospoliticosveracruz.com.mx\/wp-content\/uploads\/2015\/01\/licencia.jpg\" \/>\n<meta name=\"author\" content=\"Lo viste en Los Pol\u00edticos\" \/>\n<meta name=\"twitter:card\" content=\"summary_large_image\" \/>\n<meta name=\"twitter:creator\" content=\"@LosPoliticosVer\" \/>\n<meta name=\"twitter:site\" content=\"@LosPoliticosVer\" \/>\n<meta name=\"twitter:label1\" content=\"Escrito por\" \/>\n\t<meta name=\"twitter:data1\" content=\"Lo viste en Los Pol\u00edticos\" \/>\n\t<meta name=\"twitter:label2\" content=\"Tiempo de lectura\" \/>\n\t<meta name=\"twitter:data2\" content=\"3 minutos\" \/>\n<script type=\"application\/ld+json\" class=\"yoast-schema-graph\">{\"@context\":\"https:\\\/\\\/schema.org\",\"@graph\":[{\"@type\":\"Article\",\"@id\":\"https:\\\/\\\/lospoliticosveracruz.com\\\/?p=23613#article\",\"isPartOf\":{\"@id\":\"https:\\\/\\\/lospoliticosveracruz.com\\\/?p=23613\"},\"author\":{\"name\":\"Lo viste en Los Pol\u00edticos\",\"@id\":\"https:\\\/\\\/lospoliticosveracruz.com\\\/#\\\/schema\\\/person\\\/b8702bb0e538456e6efd07080bf2a4a2\"},\"headline\":\"Licencias permanentes\",\"datePublished\":\"2016-06-10T05:20:48+00:00\",\"mainEntityOfPage\":{\"@id\":\"https:\\\/\\\/lospoliticosveracruz.com\\\/?p=23613\"},\"wordCount\":689,\"commentCount\":0,\"publisher\":{\"@id\":\"https:\\\/\\\/lospoliticosveracruz.com\\\/#organization\"},\"image\":{\"@id\":\"https:\\\/\\\/lospoliticosveracruz.com\\\/?p=23613#primaryimage\"},\"thumbnailUrl\":\"http:\\\/\\\/www.lospoliticosveracruz.com.mx\\\/wp-content\\\/uploads\\\/2015\\\/01\\\/licencia.jpg\",\"keywords\":[\"Licencias permanentes\",\"Veracruz\"],\"articleSection\":[\"De Opini\u00f3n\"],\"inLanguage\":\"es\",\"potentialAction\":[{\"@type\":\"CommentAction\",\"name\":\"Comment\",\"target\":[\"https:\\\/\\\/lospoliticosveracruz.com\\\/?p=23613#respond\"]}]},{\"@type\":\"WebPage\",\"@id\":\"https:\\\/\\\/lospoliticosveracruz.com\\\/?p=23613\",\"url\":\"https:\\\/\\\/lospoliticosveracruz.com\\\/?p=23613\",\"name\":\"Licencias permanentes - Los pol\u00edticos Veracruz\",\"isPartOf\":{\"@id\":\"https:\\\/\\\/lospoliticosveracruz.com\\\/#website\"},\"primaryImageOfPage\":{\"@id\":\"https:\\\/\\\/lospoliticosveracruz.com\\\/?p=23613#primaryimage\"},\"image\":{\"@id\":\"https:\\\/\\\/lospoliticosveracruz.com\\\/?p=23613#primaryimage\"},\"thumbnailUrl\":\"http:\\\/\\\/www.lospoliticosveracruz.com.mx\\\/wp-content\\\/uploads\\\/2015\\\/01\\\/licencia.jpg\",\"datePublished\":\"2016-06-10T05:20:48+00:00\",\"breadcrumb\":{\"@id\":\"https:\\\/\\\/lospoliticosveracruz.com\\\/?p=23613#breadcrumb\"},\"inLanguage\":\"es\",\"potentialAction\":[{\"@type\":\"ReadAction\",\"target\":[\"https:\\\/\\\/lospoliticosveracruz.com\\\/?p=23613\"]}]},{\"@type\":\"ImageObject\",\"inLanguage\":\"es\",\"@id\":\"https:\\\/\\\/lospoliticosveracruz.com\\\/?p=23613#primaryimage\",\"url\":\"http:\\\/\\\/www.lospoliticosveracruz.com.mx\\\/wp-content\\\/uploads\\\/2015\\\/01\\\/licencia.jpg\",\"contentUrl\":\"http:\\\/\\\/www.lospoliticosveracruz.com.mx\\\/wp-content\\\/uploads\\\/2015\\\/01\\\/licencia.jpg\"},{\"@type\":\"BreadcrumbList\",\"@id\":\"https:\\\/\\\/lospoliticosveracruz.com\\\/?p=23613#breadcrumb\",\"itemListElement\":[{\"@type\":\"ListItem\",\"position\":1,\"name\":\"Portada\",\"item\":\"https:\\\/\\\/lospoliticosveracruz.com\\\/\"},{\"@type\":\"ListItem\",\"position\":2,\"name\":\"Licencias permanentes\"}]},{\"@type\":\"WebSite\",\"@id\":\"https:\\\/\\\/lospoliticosveracruz.com\\\/#website\",\"url\":\"https:\\\/\\\/lospoliticosveracruz.com\\\/\",\"name\":\"Los pol\u00edticos Veracruz\",\"description\":\"\",\"publisher\":{\"@id\":\"https:\\\/\\\/lospoliticosveracruz.com\\\/#organization\"},\"potentialAction\":[{\"@type\":\"SearchAction\",\"target\":{\"@type\":\"EntryPoint\",\"urlTemplate\":\"https:\\\/\\\/lospoliticosveracruz.com\\\/?s={search_term_string}\"},\"query-input\":{\"@type\":\"PropertyValueSpecification\",\"valueRequired\":true,\"valueName\":\"search_term_string\"}}],\"inLanguage\":\"es\"},{\"@type\":\"Organization\",\"@id\":\"https:\\\/\\\/lospoliticosveracruz.com\\\/#organization\",\"name\":\"Los pol\u00edticos Veracruz\",\"url\":\"https:\\\/\\\/lospoliticosveracruz.com\\\/\",\"logo\":{\"@type\":\"ImageObject\",\"inLanguage\":\"es\",\"@id\":\"https:\\\/\\\/lospoliticosveracruz.com\\\/#\\\/schema\\\/logo\\\/image\\\/\",\"url\":\"https:\\\/\\\/lospoliticosveracruz.com\\\/wp-content\\\/uploads\\\/2025\\\/12\\\/Logo-Nuevo-LOS-POLITICOS-1.jpg\",\"contentUrl\":\"https:\\\/\\\/lospoliticosveracruz.com\\\/wp-content\\\/uploads\\\/2025\\\/12\\\/Logo-Nuevo-LOS-POLITICOS-1.jpg\",\"width\":260,\"height\":70,\"caption\":\"Los pol\u00edticos Veracruz\"},\"image\":{\"@id\":\"https:\\\/\\\/lospoliticosveracruz.com\\\/#\\\/schema\\\/logo\\\/image\\\/\"},\"sameAs\":[\"https:\\\/\\\/www.facebook.com\\\/people\\\/Notimemes-de-los-Polticos\\\/61565672886568\\\/\",\"https:\\\/\\\/x.com\\\/LosPoliticosVer\"]},{\"@type\":\"Person\",\"@id\":\"https:\\\/\\\/lospoliticosveracruz.com\\\/#\\\/schema\\\/person\\\/b8702bb0e538456e6efd07080bf2a4a2\",\"name\":\"Lo viste en Los Pol\u00edticos\",\"image\":{\"@type\":\"ImageObject\",\"inLanguage\":\"es\",\"@id\":\"https:\\\/\\\/secure.gravatar.com\\\/avatar\\\/3a8de04a2656d44082be478bd6c086daa447c4651605818287b9532d3d0bd435?s=96&d=mm&r=g\",\"url\":\"https:\\\/\\\/secure.gravatar.com\\\/avatar\\\/3a8de04a2656d44082be478bd6c086daa447c4651605818287b9532d3d0bd435?s=96&d=mm&r=g\",\"contentUrl\":\"https:\\\/\\\/secure.gravatar.com\\\/avatar\\\/3a8de04a2656d44082be478bd6c086daa447c4651605818287b9532d3d0bd435?s=96&d=mm&r=g\",\"caption\":\"Lo viste en Los Pol\u00edticos\"},\"url\":\"https:\\\/\\\/lospoliticosveracruz.com\\\/?author=2\"}]}<\/script>\n<!-- \/ Yoast SEO plugin. -->","yoast_head_json":{"title":"Licencias permanentes - Los pol\u00edticos Veracruz","robots":{"index":"index","follow":"follow","max-snippet":"max-snippet:-1","max-image-preview":"max-image-preview:large","max-video-preview":"max-video-preview:-1"},"canonical":"https:\/\/lospoliticosveracruz.com\/?p=23613","og_locale":"es_ES","og_type":"article","og_title":"Licencias permanentes - Los pol\u00edticos Veracruz","og_description":"Brenda Caballero N\u00fameros Rojos \u00bfYa est\u00e1n otorgando las licencias permanentes? Le pregunto al joven del m\u00f3dulo de licencias de conducir. De inmediato me dice que ellos no saben nada. Le digo que ya se aprobaron. Con cara de interrogaci\u00f3n me contesta que nadie se ha comunicado con la empresa (Cosmocolor) por lo que las licencias [&hellip;]","og_url":"https:\/\/lospoliticosveracruz.com\/?p=23613","og_site_name":"Los pol\u00edticos Veracruz","article_publisher":"https:\/\/www.facebook.com\/people\/Notimemes-de-los-Polticos\/61565672886568\/","article_published_time":"2016-06-10T05:20:48+00:00","og_image":[{"url":"http:\/\/www.lospoliticosveracruz.com.mx\/wp-content\/uploads\/2015\/01\/licencia.jpg","type":"","width":"","height":""}],"author":"Lo viste en Los Pol\u00edticos","twitter_card":"summary_large_image","twitter_creator":"@LosPoliticosVer","twitter_site":"@LosPoliticosVer","twitter_misc":{"Escrito por":"Lo viste en Los Pol\u00edticos","Tiempo de lectura":"3 minutos"},"schema":{"@context":"https:\/\/schema.org","@graph":[{"@type":"Article","@id":"https:\/\/lospoliticosveracruz.com\/?p=23613#article","isPartOf":{"@id":"https:\/\/lospoliticosveracruz.com\/?p=23613"},"author":{"name":"Lo viste en Los Pol\u00edticos","@id":"https:\/\/lospoliticosveracruz.com\/#\/schema\/person\/b8702bb0e538456e6efd07080bf2a4a2"},"headline":"Licencias permanentes","datePublished":"2016-06-10T05:20:48+00:00","mainEntityOfPage":{"@id":"https:\/\/lospoliticosveracruz.com\/?p=23613"},"wordCount":689,"commentCount":0,"publisher":{"@id":"https:\/\/lospoliticosveracruz.com\/#organization"},"image":{"@id":"https:\/\/lospoliticosveracruz.com\/?p=23613#primaryimage"},"thumbnailUrl":"http:\/\/www.lospoliticosveracruz.com.mx\/wp-content\/uploads\/2015\/01\/licencia.jpg","keywords":["Licencias permanentes","Veracruz"],"articleSection":["De Opini\u00f3n"],"inLanguage":"es","potentialAction":[{"@type":"CommentAction","name":"Comment","target":["https:\/\/lospoliticosveracruz.com\/?p=23613#respond"]}]},{"@type":"WebPage","@id":"https:\/\/lospoliticosveracruz.com\/?p=23613","url":"https:\/\/lospoliticosveracruz.com\/?p=23613","name":"Licencias permanentes - Los pol\u00edticos Veracruz","isPartOf":{"@id":"https:\/\/lospoliticosveracruz.com\/#website"},"primaryImageOfPage":{"@id":"https:\/\/lospoliticosveracruz.com\/?p=23613#primaryimage"},"image":{"@id":"https:\/\/lospoliticosveracruz.com\/?p=23613#primaryimage"},"thumbnailUrl":"http:\/\/www.lospoliticosveracruz.com.mx\/wp-content\/uploads\/2015\/01\/licencia.jpg","datePublished":"2016-06-10T05:20:48+00:00","breadcrumb":{"@id":"https:\/\/lospoliticosveracruz.com\/?p=23613#breadcrumb"},"inLanguage":"es","potentialAction":[{"@type":"ReadAction","target":["https:\/\/lospoliticosveracruz.com\/?p=23613"]}]},{"@type":"ImageObject","inLanguage":"es","@id":"https:\/\/lospoliticosveracruz.com\/?p=23613#primaryimage","url":"http:\/\/www.lospoliticosveracruz.com.mx\/wp-content\/uploads\/2015\/01\/licencia.jpg","contentUrl":"http:\/\/www.lospoliticosveracruz.com.mx\/wp-content\/uploads\/2015\/01\/licencia.jpg"},{"@type":"BreadcrumbList","@id":"https:\/\/lospoliticosveracruz.com\/?p=23613#breadcrumb","itemListElement":[{"@type":"ListItem","position":1,"name":"Portada","item":"https:\/\/lospoliticosveracruz.com\/"},{"@type":"ListItem","position":2,"name":"Licencias permanentes"}]},{"@type":"WebSite","@id":"https:\/\/lospoliticosveracruz.com\/#website","url":"https:\/\/lospoliticosveracruz.com\/","name":"Los pol\u00edticos Veracruz","description":"","publisher":{"@id":"https:\/\/lospoliticosveracruz.com\/#organization"},"potentialAction":[{"@type":"SearchAction","target":{"@type":"EntryPoint","urlTemplate":"https:\/\/lospoliticosveracruz.com\/?s={search_term_string}"},"query-input":{"@type":"PropertyValueSpecification","valueRequired":true,"valueName":"search_term_string"}}],"inLanguage":"es"},{"@type":"Organization","@id":"https:\/\/lospoliticosveracruz.com\/#organization","name":"Los pol\u00edticos Veracruz","url":"https:\/\/lospoliticosveracruz.com\/","logo":{"@type":"ImageObject","inLanguage":"es","@id":"https:\/\/lospoliticosveracruz.com\/#\/schema\/logo\/image\/","url":"https:\/\/lospoliticosveracruz.com\/wp-content\/uploads\/2025\/12\/Logo-Nuevo-LOS-POLITICOS-1.jpg","contentUrl":"https:\/\/lospoliticosveracruz.com\/wp-content\/uploads\/2025\/12\/Logo-Nuevo-LOS-POLITICOS-1.jpg","width":260,"height":70,"caption":"Los pol\u00edticos Veracruz"},"image":{"@id":"https:\/\/lospoliticosveracruz.com\/#\/schema\/logo\/image\/"},"sameAs":["https:\/\/www.facebook.com\/people\/Notimemes-de-los-Polticos\/61565672886568\/","https:\/\/x.com\/LosPoliticosVer"]},{"@type":"Person","@id":"https:\/\/lospoliticosveracruz.com\/#\/schema\/person\/b8702bb0e538456e6efd07080bf2a4a2","name":"Lo viste en Los Pol\u00edticos","image":{"@type":"ImageObject","inLanguage":"es","@id":"https:\/\/secure.gravatar.com\/avatar\/3a8de04a2656d44082be478bd6c086daa447c4651605818287b9532d3d0bd435?s=96&d=mm&r=g","url":"https:\/\/secure.gravatar.com\/avatar\/3a8de04a2656d44082be478bd6c086daa447c4651605818287b9532d3d0bd435?s=96&d=mm&r=g","contentUrl":"https:\/\/secure.gravatar.com\/avatar\/3a8de04a2656d44082be478bd6c086daa447c4651605818287b9532d3d0bd435?s=96&d=mm&r=g","caption":"Lo viste en Los Pol\u00edticos"},"url":"https:\/\/lospoliticosveracruz.com\/?author=2"}]}},"_links":{"self":[{"href":"https:\/\/lospoliticosveracruz.com\/index.php?rest_route=\/wp\/v2\/posts\/23613","targetHints":{"allow":["GET"]}}],"collection":[{"href":"https:\/\/lospoliticosveracruz.com\/index.php?rest_route=\/wp\/v2\/posts"}],"about":[{"href":"https:\/\/lospoliticosveracruz.com\/index.php?rest_route=\/wp\/v2\/types\/post"}],"author":[{"embeddable":true,"href":"https:\/\/lospoliticosveracruz.com\/index.php?rest_route=\/wp\/v2\/users\/2"}],"replies":[{"embeddable":true,"href":"https:\/\/lospoliticosveracruz.com\/index.php?rest_route=%2Fwp%2Fv2%2Fcomments&post=23613"}],"version-history":[{"count":1,"href":"https:\/\/lospoliticosveracruz.com\/index.php?rest_route=\/wp\/v2\/posts\/23613\/revisions"}],"predecessor-version":[{"id":23614,"href":"https:\/\/lospoliticosveracruz.com\/index.php?rest_route=\/wp\/v2\/posts\/23613\/revisions\/23614"}],"wp:attachment":[{"href":"https:\/\/lospoliticosveracruz.com\/index.php?rest_route=%2Fwp%2Fv2%2Fmedia&parent=23613"}],"wp:term":[{"taxonomy":"category","embeddable":true,"href":"https:\/\/lospoliticosveracruz.com\/index.php?rest_route=%2Fwp%2Fv2%2Fcategories&post=23613"},{"taxonomy":"post_tag","embeddable":true,"href":"https:\/\/lospoliticosveracruz.com\/index.php?rest_route=%2Fwp%2Fv2%2Ftags&post=23613"}],"curies":[{"name":"wp","href":"https:\/\/api.w.org\/{rel}","templated":true}]}}