{"id":23628,"date":"2016-06-12T10:50:03","date_gmt":"2016-06-12T15:50:03","guid":{"rendered":"http:\/\/www.lospoliticosveracruz.com.mx\/?p=23628"},"modified":"2016-06-12T10:50:03","modified_gmt":"2016-06-12T15:50:03","slug":"el-gabinete-de-yunes-linares","status":"publish","type":"post","link":"https:\/\/lospoliticosveracruz.com\/?p=23628","title":{"rendered":"El gabinete de Yunes Linares"},"content":{"rendered":"<p><a href=\"http:\/\/www.lospoliticosveracruz.com.mx\/wp-content\/uploads\/2016\/03\/Yunes-Chapo.jpg\"><img loading=\"lazy\" decoding=\"async\" class=\"alignnone size-medium wp-image-22045\" src=\"http:\/\/www.lospoliticosveracruz.com.mx\/wp-content\/uploads\/2016\/03\/Yunes-Chapo-300x143.jpg\" alt=\"Yunes Chapo\" width=\"300\" height=\"143\" \/><\/a><\/p>\n<p><strong>Pablo Jair Ortega<\/strong><\/p>\n<p><em>Columna Sin Nombre<\/em><\/p>\n<p>Ciertamente &#8211;dir\u00eda Chente Fox&#8211; el virtual gobernador Miguel \u00c1ngel Yunes Linares ha prometido que se rodear\u00e1 de los mejores hombres y mujeres en su gabinete, en aras de que s\u00f3lo tendr\u00e1 dos a\u00f1os para recomponer el barco llamado \u201cVeracruz\u201d y de paso organizar elecciones locales en dos ocasiones.<\/p>\n<p>No obstante, ya hay apuestas de qui\u00e9nes podr\u00edan ser esos hombres y mujeres que rodear\u00e1n a Yunes Linares en Palacio de Gobierno, aunque es de todos p\u00fablicamente conocido que su grupo cercano es muy reducido y con nombres muy f\u00e1cil de identificar como Enrique P\u00e9rez Rodr\u00edguez, hoy diputado federal.<\/p>\n<p>De P\u00e9rez Rodr\u00edguez se duda que pida licencia en su cargo, aunque tambi\u00e9n es probable que al final s\u00ed llegue al gabinete por la situaci\u00f3n en que Yunes tiene pocos cercanos y es sumamente desconfiado. Aparte la situaci\u00f3n adversa que le espera con un Congreso del Estado dividido y el poco tiempo que le dejen gobernar.<\/p>\n<p>Dentro de su c\u00edrculo cercano se habla tambi\u00e9n que sus colaboradores tendr\u00e1n una mezcolanza de amigos, y quiz\u00e1s en menor grado panistas y perredistas por los compromisos partidistas. Lo que s\u00ed es seguro es que habr\u00e1 personajes que estuvieron a su lado en el Instituto de Seguridad y Servicios Sociales de los Trabajadores del Estado (Issste), la actual bancada panista de la LXIII Legislatura y funcionarios del ayuntamiento de Boca del R\u00edo.<\/p>\n<p>Nombres como los de Joaqu\u00edn Rosendo Guzm\u00e1n Avil\u00e9s suenan para ocupar la Secretar\u00eda General de Gobierno (la neta, le confieso, no s\u00e9 porqu\u00e9 me acord\u00e9 de Reynaldo Escobar y sus excesos), pero otros dicen que debido a su experiencia como Licenciado en M\u00e9dico Cirujano y Partero, es posible que tambi\u00e9n en una de esas asuma la titularidad de la Secretar\u00eda de Salud. El asunto es que Guzm\u00e1n Avil\u00e9s es uno de los seguros en el pr\u00f3ximo gabinete estatal, siendo uno de los aliados m\u00e1s fuertes de Yunes Linares en Veracruz.<\/p>\n<p>Quien podr\u00eda ser el subsecretario de Gobierno ser\u00eda el ex diputado local y federal Uriel Flores Aguayo, tambi\u00e9n dirigente estatal del Movimiento Popular Independiente (MOPI), con lo que se convertir\u00eda de l\u00edder social en el encargado de negociar con los grupos que abundan en el estado.<\/p>\n<p>Hay otra versi\u00f3n de que quien regresar\u00eda a trabajar con Yunes (muchos no le cre\u00edmos que realmente se separ\u00f3 de \u00e9l) ser\u00eda el hidalguense Enrique Ampudia Mello, quien en una de esas es secretario general de Gobierno o el secretario particular o el Jefe de la Oficina de Programa de Gobierno.<\/p>\n<p>En Seguridad P\u00fablica se habla de Jaime T\u00e9llez Mari\u00e9, quien actualmente funge como director de Tr\u00e1nsito Municipal en Boca del R\u00edo.<\/p>\n<p>El caso de Seguridad P\u00fablica sin duda ser\u00e1 un tema muy vigilado y pol\u00e9mico, pues el reciente acercamiento de Yunes Linares con Genaro Garc\u00eda Luna, ex titular de la desaparecida Agencia Federal de Investigaciones (AFI) y la SSP Federal en los 12 a\u00f1os que dur\u00f3 el panismo en la Presidencia, causa m\u00e1s incertidumbre que certezas.<\/p>\n<p>Por cierto que Garc\u00eda Luna tambi\u00e9n es conocido por vivir en Miami, all\u00e1 donde Yunes Linares tiene departamento de lujo. En una de esas, hasta socios son.<\/p>\n<p>Garc\u00eda Luna se hizo famoso por los montajes y esc\u00e1ndalos que realiz\u00f3 cuando estuvo al frente de la dependencia, especialmente durante el Calderonismo. Es muy probable que aparezca en el panorama de los pr\u00f3ximos dos a\u00f1os como asesor en materia de seguridad del nuevo gobierno.<\/p>\n<p>Para la Secretar\u00eda de Salud ya hab\u00edamos dicho que podr\u00eda ir el famoso Guzm\u00e1n Avil\u00e9s, pero en el panismo est\u00e1 el reconocido doctor Miguel Iv\u00e1n Hern\u00e1ndez Guti\u00e9rrez, quien tambi\u00e9n ocup\u00f3 recientemente la Direcci\u00f3n M\u00e9dica del Issste. Otros dicen que podr\u00eda llegar el actual director del Hospital General de Veracruz, Jorge Nicol\u00e1s Chantiri P\u00e9rez.<\/p>\n<p>Para Protecci\u00f3n Civil se menciona al Dr. Agust\u00edn Mantilla Trolle, ex diputado federal y ex diputado local. Perredista de los pocos buenos que quedan, su experiencia en el ramo la obtuvo de la oficina de asesores de la Secretaria de Protecci\u00f3n Civil del extinto Distrito Federal.<\/p>\n<p>Otros de los seguros podr\u00eda ser Agust\u00edn Basilio de la Vega en la Secretar\u00eda de Infraestructura y Obras P\u00fablicas, quien ya pas\u00f3 por la Secretar\u00eda de Comunicaciones y Transportes federal como delegado en Veracruz.<\/p>\n<p>Hab\u00edamos pensado en otros destacados panistas que son actualmente diputados locales o ex diputados, pero se consult\u00f3 en el sitio de las c\u00e9dulas profesionales y varios de ellos no tienen t\u00edtulo; luego entonces, no podr\u00edan tener un cargo.<\/p>\n<p>De hecho en el caso de la SEV es muy probable que Yunes Linares tenga que negociar la poderosa secci\u00f3n 32 del Sindicato Nacional de Trabajadores de la Educaci\u00f3n, cuyo l\u00edder moral es el maestro Juan Nicol\u00e1s Callejas Arroyo, quien a su vez ha dicho ante periodistas que tiene una buena relaci\u00f3n con todos los Yunes (los de Perote y los de Soledad de Doblado) y con todos ellos ha sido compa\u00f1ero de legislatura.<\/p>\n<p>Jorge Vera Hern\u00e1ndez, es otro de los fuertes nombres que pudieran ocupar la Secretar\u00eda de Desarrollo Agropecuario, Rural y Pesca. Actualmente es diputado local por el distrito de \u00c1lamo, donde tambi\u00e9n fue diputado federal y alcalde.<\/p>\n<p>Para la Secretar\u00eda de Desarrollo Econ\u00f3mico y Portuario (SEDECOP), el perfil parece adecuado para Alejandro Zairick Morante, ingeniero e industrial zapatero, originario de Orizaba y actual diputado local. Rumores dicen que est\u00e1 peleado con Yunes Linares, pero se supone que aqu\u00ed no caben los pleitos personales, sino el bien de Veracruz.<\/p>\n<p>La gran inc\u00f3gnita ser\u00e1 qui\u00e9n se avienta el trompo de convertirse en el pr\u00f3ximo secretario de Finanzas y Planeaci\u00f3n del Gobierno del Estado, donde est\u00e1 la papa caliente de la presente administraci\u00f3n.<\/p>\n<p>Hay otras dependencias pendientes como Desarrollo Social, la Secretar\u00eda de Medio Ambiente, jefe de Asesores del Gobernador (a donde podr\u00eda llegar un empresario con base en Coatzacoalcos) o la Coordinaci\u00f3n de Comunicaci\u00f3n Social, en la cual ya se menciona a un conocido periodista radicado desde hace muchos a\u00f1os en Xalapa, pero tambi\u00e9n de or\u00edgenes chole\u00f1os.<\/p>\n<p>EP\u00cdLOGO: De Edgar D\u00edaz y Marcos del \u00c1ngel, el PRI vive un chantaje desproporcionado\u2026 Pero la culpa no lo tienen los agropecuarios, sino quienes los hicieron \u201cl\u00edderes\u201d millonarios.<\/p>\n","protected":false},"excerpt":{"rendered":"<p>Pablo Jair Ortega Columna Sin Nombre Ciertamente &#8211;dir\u00eda Chente Fox&#8211; el virtual gobernador Miguel \u00c1ngel Yunes Linares ha prometido que se rodear\u00e1 de los mejores hombres y mujeres en su gabinete, en aras de que s\u00f3lo tendr\u00e1 dos a\u00f1os para recomponer el barco llamado \u201cVeracruz\u201d y de paso organizar elecciones locales en dos ocasiones. No [&hellip;]<\/p>\n","protected":false},"author":2,"featured_media":0,"comment_status":"open","ping_status":"open","sticky":false,"template":"","format":"standard","meta":{"tdm_status":"","tdm_grid_status":"","footnotes":""},"categories":[70],"tags":[355,428],"class_list":{"0":"post-23628","1":"post","2":"type-post","3":"status-publish","4":"format-standard","6":"category-de-opinion","7":"tag-gabinete","8":"tag-miguel-angel-yunes-linares"},"yoast_head":"<!-- This site is optimized with the Yoast SEO plugin v27.4 - https:\/\/yoast.com\/product\/yoast-seo-wordpress\/ -->\n<title>El gabinete de Yunes Linares - Los pol\u00edticos Veracruz<\/title>\n<meta name=\"robots\" content=\"index, follow, max-snippet:-1, max-image-preview:large, max-video-preview:-1\" \/>\n<link rel=\"canonical\" href=\"https:\/\/lospoliticosveracruz.com\/?p=23628\" \/>\n<meta property=\"og:locale\" content=\"es_ES\" \/>\n<meta property=\"og:type\" content=\"article\" \/>\n<meta property=\"og:title\" content=\"El gabinete de Yunes Linares - Los pol\u00edticos Veracruz\" \/>\n<meta property=\"og:description\" content=\"Pablo Jair Ortega Columna Sin Nombre Ciertamente &#8211;dir\u00eda Chente Fox&#8211; el virtual gobernador Miguel \u00c1ngel Yunes Linares ha prometido que se rodear\u00e1 de los mejores hombres y mujeres en su gabinete, en aras de que s\u00f3lo tendr\u00e1 dos a\u00f1os para recomponer el barco llamado \u201cVeracruz\u201d y de paso organizar elecciones locales en dos ocasiones. No [&hellip;]\" \/>\n<meta property=\"og:url\" content=\"https:\/\/lospoliticosveracruz.com\/?p=23628\" \/>\n<meta property=\"og:site_name\" content=\"Los pol\u00edticos Veracruz\" \/>\n<meta property=\"article:publisher\" content=\"https:\/\/www.facebook.com\/people\/Notimemes-de-los-Polticos\/61565672886568\/\" \/>\n<meta property=\"article:published_time\" content=\"2016-06-12T15:50:03+00:00\" \/>\n<meta property=\"og:image\" content=\"http:\/\/www.lospoliticosveracruz.com.mx\/wp-content\/uploads\/2016\/03\/Yunes-Chapo-300x143.jpg\" \/>\n<meta name=\"author\" content=\"Lo viste en Los Pol\u00edticos\" \/>\n<meta name=\"twitter:card\" content=\"summary_large_image\" \/>\n<meta name=\"twitter:creator\" content=\"@LosPoliticosVer\" \/>\n<meta name=\"twitter:site\" content=\"@LosPoliticosVer\" \/>\n<meta name=\"twitter:label1\" content=\"Escrito por\" \/>\n\t<meta name=\"twitter:data1\" content=\"Lo viste en Los Pol\u00edticos\" \/>\n\t<meta name=\"twitter:label2\" content=\"Tiempo de lectura\" \/>\n\t<meta name=\"twitter:data2\" content=\"6 minutos\" \/>\n<script type=\"application\/ld+json\" class=\"yoast-schema-graph\">{\"@context\":\"https:\\\/\\\/schema.org\",\"@graph\":[{\"@type\":\"Article\",\"@id\":\"https:\\\/\\\/lospoliticosveracruz.com\\\/?p=23628#article\",\"isPartOf\":{\"@id\":\"https:\\\/\\\/lospoliticosveracruz.com\\\/?p=23628\"},\"author\":{\"name\":\"Lo viste en Los Pol\u00edticos\",\"@id\":\"https:\\\/\\\/lospoliticosveracruz.com\\\/#\\\/schema\\\/person\\\/b8702bb0e538456e6efd07080bf2a4a2\"},\"headline\":\"El gabinete de Yunes Linares\",\"datePublished\":\"2016-06-12T15:50:03+00:00\",\"mainEntityOfPage\":{\"@id\":\"https:\\\/\\\/lospoliticosveracruz.com\\\/?p=23628\"},\"wordCount\":1124,\"commentCount\":0,\"publisher\":{\"@id\":\"https:\\\/\\\/lospoliticosveracruz.com\\\/#organization\"},\"image\":{\"@id\":\"https:\\\/\\\/lospoliticosveracruz.com\\\/?p=23628#primaryimage\"},\"thumbnailUrl\":\"http:\\\/\\\/www.lospoliticosveracruz.com.mx\\\/wp-content\\\/uploads\\\/2016\\\/03\\\/Yunes-Chapo-300x143.jpg\",\"keywords\":[\"Gabinete\",\"Miguel Angel Yunes Linares\"],\"articleSection\":[\"De Opini\u00f3n\"],\"inLanguage\":\"es\",\"potentialAction\":[{\"@type\":\"CommentAction\",\"name\":\"Comment\",\"target\":[\"https:\\\/\\\/lospoliticosveracruz.com\\\/?p=23628#respond\"]}]},{\"@type\":\"WebPage\",\"@id\":\"https:\\\/\\\/lospoliticosveracruz.com\\\/?p=23628\",\"url\":\"https:\\\/\\\/lospoliticosveracruz.com\\\/?p=23628\",\"name\":\"El gabinete de Yunes Linares - Los pol\u00edticos Veracruz\",\"isPartOf\":{\"@id\":\"https:\\\/\\\/lospoliticosveracruz.com\\\/#website\"},\"primaryImageOfPage\":{\"@id\":\"https:\\\/\\\/lospoliticosveracruz.com\\\/?p=23628#primaryimage\"},\"image\":{\"@id\":\"https:\\\/\\\/lospoliticosveracruz.com\\\/?p=23628#primaryimage\"},\"thumbnailUrl\":\"http:\\\/\\\/www.lospoliticosveracruz.com.mx\\\/wp-content\\\/uploads\\\/2016\\\/03\\\/Yunes-Chapo-300x143.jpg\",\"datePublished\":\"2016-06-12T15:50:03+00:00\",\"breadcrumb\":{\"@id\":\"https:\\\/\\\/lospoliticosveracruz.com\\\/?p=23628#breadcrumb\"},\"inLanguage\":\"es\",\"potentialAction\":[{\"@type\":\"ReadAction\",\"target\":[\"https:\\\/\\\/lospoliticosveracruz.com\\\/?p=23628\"]}]},{\"@type\":\"ImageObject\",\"inLanguage\":\"es\",\"@id\":\"https:\\\/\\\/lospoliticosveracruz.com\\\/?p=23628#primaryimage\",\"url\":\"http:\\\/\\\/www.lospoliticosveracruz.com.mx\\\/wp-content\\\/uploads\\\/2016\\\/03\\\/Yunes-Chapo-300x143.jpg\",\"contentUrl\":\"http:\\\/\\\/www.lospoliticosveracruz.com.mx\\\/wp-content\\\/uploads\\\/2016\\\/03\\\/Yunes-Chapo-300x143.jpg\"},{\"@type\":\"BreadcrumbList\",\"@id\":\"https:\\\/\\\/lospoliticosveracruz.com\\\/?p=23628#breadcrumb\",\"itemListElement\":[{\"@type\":\"ListItem\",\"position\":1,\"name\":\"Portada\",\"item\":\"https:\\\/\\\/lospoliticosveracruz.com\\\/\"},{\"@type\":\"ListItem\",\"position\":2,\"name\":\"El gabinete de Yunes Linares\"}]},{\"@type\":\"WebSite\",\"@id\":\"https:\\\/\\\/lospoliticosveracruz.com\\\/#website\",\"url\":\"https:\\\/\\\/lospoliticosveracruz.com\\\/\",\"name\":\"Los pol\u00edticos Veracruz\",\"description\":\"\",\"publisher\":{\"@id\":\"https:\\\/\\\/lospoliticosveracruz.com\\\/#organization\"},\"potentialAction\":[{\"@type\":\"SearchAction\",\"target\":{\"@type\":\"EntryPoint\",\"urlTemplate\":\"https:\\\/\\\/lospoliticosveracruz.com\\\/?s={search_term_string}\"},\"query-input\":{\"@type\":\"PropertyValueSpecification\",\"valueRequired\":true,\"valueName\":\"search_term_string\"}}],\"inLanguage\":\"es\"},{\"@type\":\"Organization\",\"@id\":\"https:\\\/\\\/lospoliticosveracruz.com\\\/#organization\",\"name\":\"Los pol\u00edticos Veracruz\",\"url\":\"https:\\\/\\\/lospoliticosveracruz.com\\\/\",\"logo\":{\"@type\":\"ImageObject\",\"inLanguage\":\"es\",\"@id\":\"https:\\\/\\\/lospoliticosveracruz.com\\\/#\\\/schema\\\/logo\\\/image\\\/\",\"url\":\"https:\\\/\\\/lospoliticosveracruz.com\\\/wp-content\\\/uploads\\\/2025\\\/12\\\/Logo-Nuevo-LOS-POLITICOS-1.jpg\",\"contentUrl\":\"https:\\\/\\\/lospoliticosveracruz.com\\\/wp-content\\\/uploads\\\/2025\\\/12\\\/Logo-Nuevo-LOS-POLITICOS-1.jpg\",\"width\":260,\"height\":70,\"caption\":\"Los pol\u00edticos Veracruz\"},\"image\":{\"@id\":\"https:\\\/\\\/lospoliticosveracruz.com\\\/#\\\/schema\\\/logo\\\/image\\\/\"},\"sameAs\":[\"https:\\\/\\\/www.facebook.com\\\/people\\\/Notimemes-de-los-Polticos\\\/61565672886568\\\/\",\"https:\\\/\\\/x.com\\\/LosPoliticosVer\"]},{\"@type\":\"Person\",\"@id\":\"https:\\\/\\\/lospoliticosveracruz.com\\\/#\\\/schema\\\/person\\\/b8702bb0e538456e6efd07080bf2a4a2\",\"name\":\"Lo viste en Los Pol\u00edticos\",\"image\":{\"@type\":\"ImageObject\",\"inLanguage\":\"es\",\"@id\":\"https:\\\/\\\/secure.gravatar.com\\\/avatar\\\/3a8de04a2656d44082be478bd6c086daa447c4651605818287b9532d3d0bd435?s=96&d=mm&r=g\",\"url\":\"https:\\\/\\\/secure.gravatar.com\\\/avatar\\\/3a8de04a2656d44082be478bd6c086daa447c4651605818287b9532d3d0bd435?s=96&d=mm&r=g\",\"contentUrl\":\"https:\\\/\\\/secure.gravatar.com\\\/avatar\\\/3a8de04a2656d44082be478bd6c086daa447c4651605818287b9532d3d0bd435?s=96&d=mm&r=g\",\"caption\":\"Lo viste en Los Pol\u00edticos\"},\"url\":\"https:\\\/\\\/lospoliticosveracruz.com\\\/?author=2\"}]}<\/script>\n<!-- \/ Yoast SEO plugin. -->","yoast_head_json":{"title":"El gabinete de Yunes Linares - Los pol\u00edticos Veracruz","robots":{"index":"index","follow":"follow","max-snippet":"max-snippet:-1","max-image-preview":"max-image-preview:large","max-video-preview":"max-video-preview:-1"},"canonical":"https:\/\/lospoliticosveracruz.com\/?p=23628","og_locale":"es_ES","og_type":"article","og_title":"El gabinete de Yunes Linares - Los pol\u00edticos Veracruz","og_description":"Pablo Jair Ortega Columna Sin Nombre Ciertamente &#8211;dir\u00eda Chente Fox&#8211; el virtual gobernador Miguel \u00c1ngel Yunes Linares ha prometido que se rodear\u00e1 de los mejores hombres y mujeres en su gabinete, en aras de que s\u00f3lo tendr\u00e1 dos a\u00f1os para recomponer el barco llamado \u201cVeracruz\u201d y de paso organizar elecciones locales en dos ocasiones. No [&hellip;]","og_url":"https:\/\/lospoliticosveracruz.com\/?p=23628","og_site_name":"Los pol\u00edticos Veracruz","article_publisher":"https:\/\/www.facebook.com\/people\/Notimemes-de-los-Polticos\/61565672886568\/","article_published_time":"2016-06-12T15:50:03+00:00","og_image":[{"url":"http:\/\/www.lospoliticosveracruz.com.mx\/wp-content\/uploads\/2016\/03\/Yunes-Chapo-300x143.jpg","type":"","width":"","height":""}],"author":"Lo viste en Los Pol\u00edticos","twitter_card":"summary_large_image","twitter_creator":"@LosPoliticosVer","twitter_site":"@LosPoliticosVer","twitter_misc":{"Escrito por":"Lo viste en Los Pol\u00edticos","Tiempo de lectura":"6 minutos"},"schema":{"@context":"https:\/\/schema.org","@graph":[{"@type":"Article","@id":"https:\/\/lospoliticosveracruz.com\/?p=23628#article","isPartOf":{"@id":"https:\/\/lospoliticosveracruz.com\/?p=23628"},"author":{"name":"Lo viste en Los Pol\u00edticos","@id":"https:\/\/lospoliticosveracruz.com\/#\/schema\/person\/b8702bb0e538456e6efd07080bf2a4a2"},"headline":"El gabinete de Yunes Linares","datePublished":"2016-06-12T15:50:03+00:00","mainEntityOfPage":{"@id":"https:\/\/lospoliticosveracruz.com\/?p=23628"},"wordCount":1124,"commentCount":0,"publisher":{"@id":"https:\/\/lospoliticosveracruz.com\/#organization"},"image":{"@id":"https:\/\/lospoliticosveracruz.com\/?p=23628#primaryimage"},"thumbnailUrl":"http:\/\/www.lospoliticosveracruz.com.mx\/wp-content\/uploads\/2016\/03\/Yunes-Chapo-300x143.jpg","keywords":["Gabinete","Miguel Angel Yunes Linares"],"articleSection":["De Opini\u00f3n"],"inLanguage":"es","potentialAction":[{"@type":"CommentAction","name":"Comment","target":["https:\/\/lospoliticosveracruz.com\/?p=23628#respond"]}]},{"@type":"WebPage","@id":"https:\/\/lospoliticosveracruz.com\/?p=23628","url":"https:\/\/lospoliticosveracruz.com\/?p=23628","name":"El gabinete de Yunes Linares - Los pol\u00edticos Veracruz","isPartOf":{"@id":"https:\/\/lospoliticosveracruz.com\/#website"},"primaryImageOfPage":{"@id":"https:\/\/lospoliticosveracruz.com\/?p=23628#primaryimage"},"image":{"@id":"https:\/\/lospoliticosveracruz.com\/?p=23628#primaryimage"},"thumbnailUrl":"http:\/\/www.lospoliticosveracruz.com.mx\/wp-content\/uploads\/2016\/03\/Yunes-Chapo-300x143.jpg","datePublished":"2016-06-12T15:50:03+00:00","breadcrumb":{"@id":"https:\/\/lospoliticosveracruz.com\/?p=23628#breadcrumb"},"inLanguage":"es","potentialAction":[{"@type":"ReadAction","target":["https:\/\/lospoliticosveracruz.com\/?p=23628"]}]},{"@type":"ImageObject","inLanguage":"es","@id":"https:\/\/lospoliticosveracruz.com\/?p=23628#primaryimage","url":"http:\/\/www.lospoliticosveracruz.com.mx\/wp-content\/uploads\/2016\/03\/Yunes-Chapo-300x143.jpg","contentUrl":"http:\/\/www.lospoliticosveracruz.com.mx\/wp-content\/uploads\/2016\/03\/Yunes-Chapo-300x143.jpg"},{"@type":"BreadcrumbList","@id":"https:\/\/lospoliticosveracruz.com\/?p=23628#breadcrumb","itemListElement":[{"@type":"ListItem","position":1,"name":"Portada","item":"https:\/\/lospoliticosveracruz.com\/"},{"@type":"ListItem","position":2,"name":"El gabinete de Yunes Linares"}]},{"@type":"WebSite","@id":"https:\/\/lospoliticosveracruz.com\/#website","url":"https:\/\/lospoliticosveracruz.com\/","name":"Los pol\u00edticos Veracruz","description":"","publisher":{"@id":"https:\/\/lospoliticosveracruz.com\/#organization"},"potentialAction":[{"@type":"SearchAction","target":{"@type":"EntryPoint","urlTemplate":"https:\/\/lospoliticosveracruz.com\/?s={search_term_string}"},"query-input":{"@type":"PropertyValueSpecification","valueRequired":true,"valueName":"search_term_string"}}],"inLanguage":"es"},{"@type":"Organization","@id":"https:\/\/lospoliticosveracruz.com\/#organization","name":"Los pol\u00edticos Veracruz","url":"https:\/\/lospoliticosveracruz.com\/","logo":{"@type":"ImageObject","inLanguage":"es","@id":"https:\/\/lospoliticosveracruz.com\/#\/schema\/logo\/image\/","url":"https:\/\/lospoliticosveracruz.com\/wp-content\/uploads\/2025\/12\/Logo-Nuevo-LOS-POLITICOS-1.jpg","contentUrl":"https:\/\/lospoliticosveracruz.com\/wp-content\/uploads\/2025\/12\/Logo-Nuevo-LOS-POLITICOS-1.jpg","width":260,"height":70,"caption":"Los pol\u00edticos Veracruz"},"image":{"@id":"https:\/\/lospoliticosveracruz.com\/#\/schema\/logo\/image\/"},"sameAs":["https:\/\/www.facebook.com\/people\/Notimemes-de-los-Polticos\/61565672886568\/","https:\/\/x.com\/LosPoliticosVer"]},{"@type":"Person","@id":"https:\/\/lospoliticosveracruz.com\/#\/schema\/person\/b8702bb0e538456e6efd07080bf2a4a2","name":"Lo viste en Los Pol\u00edticos","image":{"@type":"ImageObject","inLanguage":"es","@id":"https:\/\/secure.gravatar.com\/avatar\/3a8de04a2656d44082be478bd6c086daa447c4651605818287b9532d3d0bd435?s=96&d=mm&r=g","url":"https:\/\/secure.gravatar.com\/avatar\/3a8de04a2656d44082be478bd6c086daa447c4651605818287b9532d3d0bd435?s=96&d=mm&r=g","contentUrl":"https:\/\/secure.gravatar.com\/avatar\/3a8de04a2656d44082be478bd6c086daa447c4651605818287b9532d3d0bd435?s=96&d=mm&r=g","caption":"Lo viste en Los Pol\u00edticos"},"url":"https:\/\/lospoliticosveracruz.com\/?author=2"}]}},"_links":{"self":[{"href":"https:\/\/lospoliticosveracruz.com\/index.php?rest_route=\/wp\/v2\/posts\/23628","targetHints":{"allow":["GET"]}}],"collection":[{"href":"https:\/\/lospoliticosveracruz.com\/index.php?rest_route=\/wp\/v2\/posts"}],"about":[{"href":"https:\/\/lospoliticosveracruz.com\/index.php?rest_route=\/wp\/v2\/types\/post"}],"author":[{"embeddable":true,"href":"https:\/\/lospoliticosveracruz.com\/index.php?rest_route=\/wp\/v2\/users\/2"}],"replies":[{"embeddable":true,"href":"https:\/\/lospoliticosveracruz.com\/index.php?rest_route=%2Fwp%2Fv2%2Fcomments&post=23628"}],"version-history":[{"count":1,"href":"https:\/\/lospoliticosveracruz.com\/index.php?rest_route=\/wp\/v2\/posts\/23628\/revisions"}],"predecessor-version":[{"id":23629,"href":"https:\/\/lospoliticosveracruz.com\/index.php?rest_route=\/wp\/v2\/posts\/23628\/revisions\/23629"}],"wp:attachment":[{"href":"https:\/\/lospoliticosveracruz.com\/index.php?rest_route=%2Fwp%2Fv2%2Fmedia&parent=23628"}],"wp:term":[{"taxonomy":"category","embeddable":true,"href":"https:\/\/lospoliticosveracruz.com\/index.php?rest_route=%2Fwp%2Fv2%2Fcategories&post=23628"},{"taxonomy":"post_tag","embeddable":true,"href":"https:\/\/lospoliticosveracruz.com\/index.php?rest_route=%2Fwp%2Fv2%2Ftags&post=23628"}],"curies":[{"name":"wp","href":"https:\/\/api.w.org\/{rel}","templated":true}]}}