{"id":23630,"date":"2016-06-12T11:51:40","date_gmt":"2016-06-12T16:51:40","guid":{"rendered":"http:\/\/www.lospoliticosveracruz.com.mx\/?p=23630"},"modified":"2016-08-01T00:50:11","modified_gmt":"2016-08-01T05:50:11","slug":"hermione-negra","status":"publish","type":"post","link":"https:\/\/lospoliticosveracruz.com\/?p=23630","title":{"rendered":"Hermione, \u00bf\u00a1negra!?"},"content":{"rendered":"<p><strong>Cecilia Mu\u00f1oz<\/strong><\/p>\n<p><em>Polisemia<\/em><\/p>\n<p>Aunque la saga termin\u00f3 hace ya varios ayeres, as\u00ed como la serie f\u00edlmica, el mundo de Harry Potter nunca muri\u00f3. Primero, gracias a los millones de \u201cPotterheads\u201d que la mantuvieron con vida a trav\u00e9s de discusiones, relecturas y reescritura. Despu\u00e9s vino Pottermore, la web oficial de la saga que nos permit\u00eda no s\u00f3lo revivirla, sino acceder a contenidos exclusivos que develaban detalles no explorados en los libros. Luego lleg\u00f3 el parque tem\u00e1tico en Florida y, este a\u00f1o, los pr\u00f3ximos estrenos de la nueva pel\u00edcula basada en el universo m\u00e1gico que JK Rowling invent\u00f3, \u201cAnimales fant\u00e1sticos y d\u00f3nde encontrarlos\u201d, y de la obra de teatro que, aunque no escrita por nuestra aclamada autora, s\u00ed tuvo su gu\u00eda y bendici\u00f3n para ser considerada \u201cel octavo libro de Harry Potter\u201d.<br \/>\nAs\u00ed que este a\u00f1o pintaba de maravilla para los \u201cPotterheads\u201d m\u00e1s melanc\u00f3licos\u2026 hasta que se anunci\u00f3 al elenco de la obra de teatro. La raz\u00f3n, sencilla: Hermione Granger, la inseparable amiga del \u201cni\u00f1o que vivi\u00f3\u201d, ser\u00e1 representada por una actriz de origen africano: Noma Dumezweni. \u00a1Una mujer negra! Para muchos fans, aquello resultaba una ofensa por dos razones: no es que fueran racistas, sino que la industria del cine nos ha acostumbrado a los occidentalmente hermosos rasgos de Emma Watson y en los libros, si bien no se especificaba el color de piel de Hermione, s\u00ed se daban ciertas pistas que nos permit\u00edan imaginarla como una chica blanca&#8230;<br \/>\nPasando por alto el hecho de que los fans m\u00e1s indignados no parecen conocer que el teatro es un arte independiente que no exige el hiperrealismo del cine y que responde a la visi\u00f3n espec\u00edfica de un director, as\u00ed como que en varias ocasiones actores negros han interpretado a personajes blancos sin reclamo alguno del p\u00fablico, pasemos a lo que hace d\u00edas le\u00ed en la p\u00e1gina web nipol.com.mx bajo el t\u00edtulo \u201cHermione Granger y el misterio de por qu\u00e9 todos olvidaron el mensaje de los libros\u201d.<br \/>\nHarry Potter puede ser considerada una historia para ni\u00f1os, pero sus mensajes van m\u00e1s all\u00e1 de lo llamado \u201cinfantil\u201d. En primer lugar, se desarrolla en un contexto sociopol\u00edtico que puede ser f\u00e1cilmente polarizado a nuestro mundo real: unos, en raz\u00f3n de su origen econ\u00f3mico y familiar, se sienten con derechos superiores a los de otros cuyos parentescos y naturaleza no les proveen de una misma dignidad y val\u00eda. Los primeros son unos pocos magos de \u201csangre limpia\u201d, que presumen de no tener relaci\u00f3n con personas no m\u00e1gicas. Los segundos son la mayor\u00eda: las personas no m\u00e1gicas, llamadas muggles; los magos hijos de muggles, llamados \u201csangre sucia\u201d; los mestizos, hijos de magos de \u201csangre limpia\u201d y muggles; los hijos de magos sin poderes m\u00e1gicos, y las criaturas m\u00e1gicas no humanas, pero con capacidad de raciocinio.<br \/>\nEn este contexto, Hermione Granger se destaca por ser \u201chija de muggles, pero la mejor de la clase\u201d. No s\u00f3lo es estudiosa y aplicada, sino tambi\u00e9n h\u00e1bil de pensamiento, valiente, leal, \u00edntegra y coherente con sus principios. Desde sus 14 a\u00f1os, Hermione empieza a levantar su voz para defender a unas criaturas en situaci\u00f3n de esclavitud: los elfos dom\u00e9sticos. Para ello crea una asociaci\u00f3n civil cuyo fin es concienciar tanto a los elfos como a sus amos. Y si bien tiene poco \u00e9xito, su inter\u00e9s por las criaturas m\u00e1gicas desfavorecidas y discriminadas es crucial para su futuro desarrollo profesional y para el inicio de su relaci\u00f3n amorosa con Ron Weasley, el mejor amigo de Harry.<br \/>\nA lo largo de la saga, la apariencia de Hermione es lo de menos. Sus momentos de vanidad son escasos, tres en espec\u00edfico: un baile, una boda y la reducci\u00f3n de sus dientes frontales. El color de su piel es irrelevante. En cambio, su situaci\u00f3n como persona en desventaja social, superada por sus habilidades, ideales y decisiones, es lo que la hace no s\u00f3lo resaltable, sino tambi\u00e9n admirable.<br \/>\nPor ello, no deja de ser curioso que haya fans indignados por la futura interpretaci\u00f3n de Noma Dumezweni. Su rabia parece demostrar que no s\u00f3lo no entendieron u olvidaron el mensaje de \u201cHarry Potter\u201d, sino que poco captaron el de Hermione: si bien en el mundo m\u00e1gico su supuesta desventaja es la de su sangre, en el nuestro bien podr\u00eda ser su color de piel. Pero recordemos algo: la lectura por s\u00ed misma no es cr\u00edtica ni tampoco por fuerza invita al ejercicio de nuevas pr\u00e1cticas de tolerancia o inclusi\u00f3n. Lamentablemente, pocos se toman el tiempo de detener sus lecturas y preguntarse: \u201c\u00bfqu\u00e9 har\u00eda yo en esa situaci\u00f3n? \u00bfC\u00f3mo reaccionar\u00eda? \u00bfEn mi cotidianidad he visto o sabido de acciones parecidas? \u00bfSon moralmente correctas?\u201d. Y por ello, hemos llegado a un punto de incre\u00edble iron\u00eda: incapaces de adaptar el mensaje a su vida diaria, hay quienes desprecian a una actriz por su \u201craza\u201d, cuando \u00e9sta interpreta a una mujer a la que admiramos por destacar a pesar del desprecio que genera su \u201craza\u201d.<br \/>\npolisemia@outlook.es<\/p>\n","protected":false},"excerpt":{"rendered":"<p>Cecilia Mu\u00f1oz Polisemia Aunque la saga termin\u00f3 hace ya varios ayeres, as\u00ed como la serie f\u00edlmica, el mundo de Harry Potter nunca muri\u00f3. Primero, gracias a los millones de \u201cPotterheads\u201d que la mantuvieron con vida a trav\u00e9s de discusiones, relecturas y reescritura. Despu\u00e9s vino Pottermore, la web oficial de la saga que nos permit\u00eda no [&hellip;]<\/p>\n","protected":false},"author":2,"featured_media":0,"comment_status":"open","ping_status":"open","sticky":false,"template":"","format":"standard","meta":{"tdm_status":"","tdm_grid_status":"","footnotes":""},"categories":[75],"tags":[5480,5483,5481,5482],"class_list":{"0":"post-23630","1":"post","2":"type-post","3":"status-publish","4":"format-standard","6":"category-cine-libros-y-mas","7":"tag-harry-potter","9":"tag-jk-rowling","10":"tag-noma-dumezweni"},"yoast_head":"<!-- This site is optimized with the Yoast SEO plugin v27.4 - https:\/\/yoast.com\/product\/yoast-seo-wordpress\/ -->\n<title>Hermione, \u00bf\u00a1negra!? - Los pol\u00edticos Veracruz<\/title>\n<meta name=\"robots\" content=\"index, follow, max-snippet:-1, max-image-preview:large, max-video-preview:-1\" \/>\n<link rel=\"canonical\" href=\"https:\/\/lospoliticosveracruz.com\/?p=23630\" \/>\n<meta property=\"og:locale\" content=\"es_ES\" \/>\n<meta property=\"og:type\" content=\"article\" \/>\n<meta property=\"og:title\" content=\"Hermione, \u00bf\u00a1negra!? - Los pol\u00edticos Veracruz\" \/>\n<meta property=\"og:description\" content=\"Cecilia Mu\u00f1oz Polisemia Aunque la saga termin\u00f3 hace ya varios ayeres, as\u00ed como la serie f\u00edlmica, el mundo de Harry Potter nunca muri\u00f3. Primero, gracias a los millones de \u201cPotterheads\u201d que la mantuvieron con vida a trav\u00e9s de discusiones, relecturas y reescritura. Despu\u00e9s vino Pottermore, la web oficial de la saga que nos permit\u00eda no [&hellip;]\" \/>\n<meta property=\"og:url\" content=\"https:\/\/lospoliticosveracruz.com\/?p=23630\" \/>\n<meta property=\"og:site_name\" content=\"Los pol\u00edticos Veracruz\" \/>\n<meta property=\"article:publisher\" content=\"https:\/\/www.facebook.com\/people\/Notimemes-de-los-Polticos\/61565672886568\/\" \/>\n<meta property=\"article:published_time\" content=\"2016-06-12T16:51:40+00:00\" \/>\n<meta property=\"article:modified_time\" content=\"2016-08-01T05:50:11+00:00\" \/>\n<meta property=\"og:image\" content=\"https:\/\/lospoliticosveracruz.com\/wp-content\/uploads\/2016\/07\/Logo-Dor.jpg\" \/>\n\t<meta property=\"og:image:width\" content=\"200\" \/>\n\t<meta property=\"og:image:height\" content=\"200\" \/>\n\t<meta property=\"og:image:type\" content=\"image\/jpeg\" \/>\n<meta name=\"author\" content=\"Lo viste en Los Pol\u00edticos\" \/>\n<meta name=\"twitter:card\" content=\"summary_large_image\" \/>\n<meta name=\"twitter:creator\" content=\"@LosPoliticosVer\" \/>\n<meta name=\"twitter:site\" content=\"@LosPoliticosVer\" \/>\n<meta name=\"twitter:label1\" content=\"Escrito por\" \/>\n\t<meta name=\"twitter:data1\" content=\"Lo viste en Los Pol\u00edticos\" \/>\n\t<meta name=\"twitter:label2\" content=\"Tiempo de lectura\" \/>\n\t<meta name=\"twitter:data2\" content=\"4 minutos\" \/>\n<script type=\"application\/ld+json\" class=\"yoast-schema-graph\">{\"@context\":\"https:\\\/\\\/schema.org\",\"@graph\":[{\"@type\":\"Article\",\"@id\":\"https:\\\/\\\/lospoliticosveracruz.com\\\/?p=23630#article\",\"isPartOf\":{\"@id\":\"https:\\\/\\\/lospoliticosveracruz.com\\\/?p=23630\"},\"author\":{\"name\":\"Lo viste en Los Pol\u00edticos\",\"@id\":\"https:\\\/\\\/lospoliticosveracruz.com\\\/#\\\/schema\\\/person\\\/b8702bb0e538456e6efd07080bf2a4a2\"},\"headline\":\"Hermione, \u00bf\u00a1negra!?\",\"datePublished\":\"2016-06-12T16:51:40+00:00\",\"dateModified\":\"2016-08-01T05:50:11+00:00\",\"mainEntityOfPage\":{\"@id\":\"https:\\\/\\\/lospoliticosveracruz.com\\\/?p=23630\"},\"wordCount\":888,\"commentCount\":0,\"publisher\":{\"@id\":\"https:\\\/\\\/lospoliticosveracruz.com\\\/#organization\"},\"keywords\":[\"Harry Potter\",\"Hermione\",\"JK Rowling\",\"Noma Dumezweni\"],\"articleSection\":[\"Cine, Libros y m\u00e1s\"],\"inLanguage\":\"es\",\"potentialAction\":[{\"@type\":\"CommentAction\",\"name\":\"Comment\",\"target\":[\"https:\\\/\\\/lospoliticosveracruz.com\\\/?p=23630#respond\"]}]},{\"@type\":\"WebPage\",\"@id\":\"https:\\\/\\\/lospoliticosveracruz.com\\\/?p=23630\",\"url\":\"https:\\\/\\\/lospoliticosveracruz.com\\\/?p=23630\",\"name\":\"Hermione, \u00bf\u00a1negra!? - Los pol\u00edticos Veracruz\",\"isPartOf\":{\"@id\":\"https:\\\/\\\/lospoliticosveracruz.com\\\/#website\"},\"datePublished\":\"2016-06-12T16:51:40+00:00\",\"dateModified\":\"2016-08-01T05:50:11+00:00\",\"breadcrumb\":{\"@id\":\"https:\\\/\\\/lospoliticosveracruz.com\\\/?p=23630#breadcrumb\"},\"inLanguage\":\"es\",\"potentialAction\":[{\"@type\":\"ReadAction\",\"target\":[\"https:\\\/\\\/lospoliticosveracruz.com\\\/?p=23630\"]}]},{\"@type\":\"BreadcrumbList\",\"@id\":\"https:\\\/\\\/lospoliticosveracruz.com\\\/?p=23630#breadcrumb\",\"itemListElement\":[{\"@type\":\"ListItem\",\"position\":1,\"name\":\"Portada\",\"item\":\"https:\\\/\\\/lospoliticosveracruz.com\\\/\"},{\"@type\":\"ListItem\",\"position\":2,\"name\":\"Hermione, \u00bf\u00a1negra!?\"}]},{\"@type\":\"WebSite\",\"@id\":\"https:\\\/\\\/lospoliticosveracruz.com\\\/#website\",\"url\":\"https:\\\/\\\/lospoliticosveracruz.com\\\/\",\"name\":\"Los pol\u00edticos Veracruz\",\"description\":\"\",\"publisher\":{\"@id\":\"https:\\\/\\\/lospoliticosveracruz.com\\\/#organization\"},\"potentialAction\":[{\"@type\":\"SearchAction\",\"target\":{\"@type\":\"EntryPoint\",\"urlTemplate\":\"https:\\\/\\\/lospoliticosveracruz.com\\\/?s={search_term_string}\"},\"query-input\":{\"@type\":\"PropertyValueSpecification\",\"valueRequired\":true,\"valueName\":\"search_term_string\"}}],\"inLanguage\":\"es\"},{\"@type\":\"Organization\",\"@id\":\"https:\\\/\\\/lospoliticosveracruz.com\\\/#organization\",\"name\":\"Los pol\u00edticos Veracruz\",\"url\":\"https:\\\/\\\/lospoliticosveracruz.com\\\/\",\"logo\":{\"@type\":\"ImageObject\",\"inLanguage\":\"es\",\"@id\":\"https:\\\/\\\/lospoliticosveracruz.com\\\/#\\\/schema\\\/logo\\\/image\\\/\",\"url\":\"https:\\\/\\\/lospoliticosveracruz.com\\\/wp-content\\\/uploads\\\/2025\\\/12\\\/Logo-Nuevo-LOS-POLITICOS-1.jpg\",\"contentUrl\":\"https:\\\/\\\/lospoliticosveracruz.com\\\/wp-content\\\/uploads\\\/2025\\\/12\\\/Logo-Nuevo-LOS-POLITICOS-1.jpg\",\"width\":260,\"height\":70,\"caption\":\"Los pol\u00edticos Veracruz\"},\"image\":{\"@id\":\"https:\\\/\\\/lospoliticosveracruz.com\\\/#\\\/schema\\\/logo\\\/image\\\/\"},\"sameAs\":[\"https:\\\/\\\/www.facebook.com\\\/people\\\/Notimemes-de-los-Polticos\\\/61565672886568\\\/\",\"https:\\\/\\\/x.com\\\/LosPoliticosVer\"]},{\"@type\":\"Person\",\"@id\":\"https:\\\/\\\/lospoliticosveracruz.com\\\/#\\\/schema\\\/person\\\/b8702bb0e538456e6efd07080bf2a4a2\",\"name\":\"Lo viste en Los Pol\u00edticos\",\"image\":{\"@type\":\"ImageObject\",\"inLanguage\":\"es\",\"@id\":\"https:\\\/\\\/secure.gravatar.com\\\/avatar\\\/3a8de04a2656d44082be478bd6c086daa447c4651605818287b9532d3d0bd435?s=96&d=mm&r=g\",\"url\":\"https:\\\/\\\/secure.gravatar.com\\\/avatar\\\/3a8de04a2656d44082be478bd6c086daa447c4651605818287b9532d3d0bd435?s=96&d=mm&r=g\",\"contentUrl\":\"https:\\\/\\\/secure.gravatar.com\\\/avatar\\\/3a8de04a2656d44082be478bd6c086daa447c4651605818287b9532d3d0bd435?s=96&d=mm&r=g\",\"caption\":\"Lo viste en Los Pol\u00edticos\"},\"url\":\"https:\\\/\\\/lospoliticosveracruz.com\\\/?author=2\"}]}<\/script>\n<!-- \/ Yoast SEO plugin. -->","yoast_head_json":{"title":"Hermione, \u00bf\u00a1negra!? - Los pol\u00edticos Veracruz","robots":{"index":"index","follow":"follow","max-snippet":"max-snippet:-1","max-image-preview":"max-image-preview:large","max-video-preview":"max-video-preview:-1"},"canonical":"https:\/\/lospoliticosveracruz.com\/?p=23630","og_locale":"es_ES","og_type":"article","og_title":"Hermione, \u00bf\u00a1negra!? - Los pol\u00edticos Veracruz","og_description":"Cecilia Mu\u00f1oz Polisemia Aunque la saga termin\u00f3 hace ya varios ayeres, as\u00ed como la serie f\u00edlmica, el mundo de Harry Potter nunca muri\u00f3. Primero, gracias a los millones de \u201cPotterheads\u201d que la mantuvieron con vida a trav\u00e9s de discusiones, relecturas y reescritura. Despu\u00e9s vino Pottermore, la web oficial de la saga que nos permit\u00eda no [&hellip;]","og_url":"https:\/\/lospoliticosveracruz.com\/?p=23630","og_site_name":"Los pol\u00edticos Veracruz","article_publisher":"https:\/\/www.facebook.com\/people\/Notimemes-de-los-Polticos\/61565672886568\/","article_published_time":"2016-06-12T16:51:40+00:00","article_modified_time":"2016-08-01T05:50:11+00:00","og_image":[{"width":200,"height":200,"url":"https:\/\/lospoliticosveracruz.com\/wp-content\/uploads\/2016\/07\/Logo-Dor.jpg","type":"image\/jpeg"}],"author":"Lo viste en Los Pol\u00edticos","twitter_card":"summary_large_image","twitter_creator":"@LosPoliticosVer","twitter_site":"@LosPoliticosVer","twitter_misc":{"Escrito por":"Lo viste en Los Pol\u00edticos","Tiempo de lectura":"4 minutos"},"schema":{"@context":"https:\/\/schema.org","@graph":[{"@type":"Article","@id":"https:\/\/lospoliticosveracruz.com\/?p=23630#article","isPartOf":{"@id":"https:\/\/lospoliticosveracruz.com\/?p=23630"},"author":{"name":"Lo viste en Los Pol\u00edticos","@id":"https:\/\/lospoliticosveracruz.com\/#\/schema\/person\/b8702bb0e538456e6efd07080bf2a4a2"},"headline":"Hermione, \u00bf\u00a1negra!?","datePublished":"2016-06-12T16:51:40+00:00","dateModified":"2016-08-01T05:50:11+00:00","mainEntityOfPage":{"@id":"https:\/\/lospoliticosveracruz.com\/?p=23630"},"wordCount":888,"commentCount":0,"publisher":{"@id":"https:\/\/lospoliticosveracruz.com\/#organization"},"keywords":["Harry Potter","Hermione","JK Rowling","Noma Dumezweni"],"articleSection":["Cine, Libros y m\u00e1s"],"inLanguage":"es","potentialAction":[{"@type":"CommentAction","name":"Comment","target":["https:\/\/lospoliticosveracruz.com\/?p=23630#respond"]}]},{"@type":"WebPage","@id":"https:\/\/lospoliticosveracruz.com\/?p=23630","url":"https:\/\/lospoliticosveracruz.com\/?p=23630","name":"Hermione, \u00bf\u00a1negra!? - Los pol\u00edticos Veracruz","isPartOf":{"@id":"https:\/\/lospoliticosveracruz.com\/#website"},"datePublished":"2016-06-12T16:51:40+00:00","dateModified":"2016-08-01T05:50:11+00:00","breadcrumb":{"@id":"https:\/\/lospoliticosveracruz.com\/?p=23630#breadcrumb"},"inLanguage":"es","potentialAction":[{"@type":"ReadAction","target":["https:\/\/lospoliticosveracruz.com\/?p=23630"]}]},{"@type":"BreadcrumbList","@id":"https:\/\/lospoliticosveracruz.com\/?p=23630#breadcrumb","itemListElement":[{"@type":"ListItem","position":1,"name":"Portada","item":"https:\/\/lospoliticosveracruz.com\/"},{"@type":"ListItem","position":2,"name":"Hermione, \u00bf\u00a1negra!?"}]},{"@type":"WebSite","@id":"https:\/\/lospoliticosveracruz.com\/#website","url":"https:\/\/lospoliticosveracruz.com\/","name":"Los pol\u00edticos Veracruz","description":"","publisher":{"@id":"https:\/\/lospoliticosveracruz.com\/#organization"},"potentialAction":[{"@type":"SearchAction","target":{"@type":"EntryPoint","urlTemplate":"https:\/\/lospoliticosveracruz.com\/?s={search_term_string}"},"query-input":{"@type":"PropertyValueSpecification","valueRequired":true,"valueName":"search_term_string"}}],"inLanguage":"es"},{"@type":"Organization","@id":"https:\/\/lospoliticosveracruz.com\/#organization","name":"Los pol\u00edticos Veracruz","url":"https:\/\/lospoliticosveracruz.com\/","logo":{"@type":"ImageObject","inLanguage":"es","@id":"https:\/\/lospoliticosveracruz.com\/#\/schema\/logo\/image\/","url":"https:\/\/lospoliticosveracruz.com\/wp-content\/uploads\/2025\/12\/Logo-Nuevo-LOS-POLITICOS-1.jpg","contentUrl":"https:\/\/lospoliticosveracruz.com\/wp-content\/uploads\/2025\/12\/Logo-Nuevo-LOS-POLITICOS-1.jpg","width":260,"height":70,"caption":"Los pol\u00edticos Veracruz"},"image":{"@id":"https:\/\/lospoliticosveracruz.com\/#\/schema\/logo\/image\/"},"sameAs":["https:\/\/www.facebook.com\/people\/Notimemes-de-los-Polticos\/61565672886568\/","https:\/\/x.com\/LosPoliticosVer"]},{"@type":"Person","@id":"https:\/\/lospoliticosveracruz.com\/#\/schema\/person\/b8702bb0e538456e6efd07080bf2a4a2","name":"Lo viste en Los Pol\u00edticos","image":{"@type":"ImageObject","inLanguage":"es","@id":"https:\/\/secure.gravatar.com\/avatar\/3a8de04a2656d44082be478bd6c086daa447c4651605818287b9532d3d0bd435?s=96&d=mm&r=g","url":"https:\/\/secure.gravatar.com\/avatar\/3a8de04a2656d44082be478bd6c086daa447c4651605818287b9532d3d0bd435?s=96&d=mm&r=g","contentUrl":"https:\/\/secure.gravatar.com\/avatar\/3a8de04a2656d44082be478bd6c086daa447c4651605818287b9532d3d0bd435?s=96&d=mm&r=g","caption":"Lo viste en Los Pol\u00edticos"},"url":"https:\/\/lospoliticosveracruz.com\/?author=2"}]}},"_links":{"self":[{"href":"https:\/\/lospoliticosveracruz.com\/index.php?rest_route=\/wp\/v2\/posts\/23630","targetHints":{"allow":["GET"]}}],"collection":[{"href":"https:\/\/lospoliticosveracruz.com\/index.php?rest_route=\/wp\/v2\/posts"}],"about":[{"href":"https:\/\/lospoliticosveracruz.com\/index.php?rest_route=\/wp\/v2\/types\/post"}],"author":[{"embeddable":true,"href":"https:\/\/lospoliticosveracruz.com\/index.php?rest_route=\/wp\/v2\/users\/2"}],"replies":[{"embeddable":true,"href":"https:\/\/lospoliticosveracruz.com\/index.php?rest_route=%2Fwp%2Fv2%2Fcomments&post=23630"}],"version-history":[{"count":2,"href":"https:\/\/lospoliticosveracruz.com\/index.php?rest_route=\/wp\/v2\/posts\/23630\/revisions"}],"predecessor-version":[{"id":24444,"href":"https:\/\/lospoliticosveracruz.com\/index.php?rest_route=\/wp\/v2\/posts\/23630\/revisions\/24444"}],"wp:attachment":[{"href":"https:\/\/lospoliticosveracruz.com\/index.php?rest_route=%2Fwp%2Fv2%2Fmedia&parent=23630"}],"wp:term":[{"taxonomy":"category","embeddable":true,"href":"https:\/\/lospoliticosveracruz.com\/index.php?rest_route=%2Fwp%2Fv2%2Fcategories&post=23630"},{"taxonomy":"post_tag","embeddable":true,"href":"https:\/\/lospoliticosveracruz.com\/index.php?rest_route=%2Fwp%2Fv2%2Ftags&post=23630"}],"curies":[{"name":"wp","href":"https:\/\/api.w.org\/{rel}","templated":true}]}}