{"id":23687,"date":"2016-06-13T22:49:25","date_gmt":"2016-06-14T03:49:25","guid":{"rendered":"http:\/\/www.lospoliticosveracruz.com.mx\/?p=23687"},"modified":"2016-06-13T22:49:25","modified_gmt":"2016-06-14T03:49:25","slug":"pan-45-en-la-proxima-legis-pri-24","status":"publish","type":"post","link":"https:\/\/lospoliticosveracruz.com\/?p=23687","title":{"rendered":"PAN, 45% en la pr\u00f3xima Legis; PRI, 24"},"content":{"rendered":"<p>&nbsp;<\/p>\n<p><a href=\"http:\/\/www.lospoliticosveracruz.com.mx\/wp-content\/uploads\/2014\/12\/congreso.png\"><img loading=\"lazy\" decoding=\"async\" class=\"aligncenter size-full wp-image-13876\" src=\"http:\/\/www.lospoliticosveracruz.com.mx\/wp-content\/uploads\/2014\/12\/congreso.png\" alt=\"congreso\" width=\"518\" height=\"271\" \/><\/a><\/p>\n<p><strong>Luis Alberto Romero<\/strong><\/p>\n<p><em>Hora Cero<\/em><\/p>\n<p>Con los triunfos de la alianza \u201cPara Mejorar Veracruz\u201d, encabezada por el Partido Revolucionario Institucional, en los distritos de C\u00f3rdoba y Tantoyuca, pr\u00e1cticamente ya qued\u00f3 definida la conformaci\u00f3n de la pr\u00f3xima legislatura del estado.<\/p>\n<p>A pesar de que en esos dos distritos electorales el resultado fue favorable al tricolor en la jornada del pasado domingo 5 de junio, el partido que entregar\u00e1 el poder ejecutivo del estado en pr\u00f3ximo 30 de noviembre no ser\u00e1 la fuerza hegem\u00f3nica; de hecho, el PRI fue relegado a la tercera posici\u00f3n entre las bancadas legislativas.<\/p>\n<p>Con sus triunfos en Tuxpan, Poza Rica, Mart\u00ednez de la Torre, Coatepec, Emiliano Zapata, Veracruz I y II, Boca del R\u00edo, Medell\u00edn, Huatusco, Zongolica, Cosamaloapan y Santiago Tuxtla, Acci\u00f3n Nacional tendr\u00e1 trece legisladores por mayor\u00eda relativa; m\u00e1s otros siete por representaci\u00f3n proporcional, para un total de 20 diputados, de los 50 que integran el poder legislativo veracruzano. A ese n\u00famero habr\u00eda que agregar las tres posiciones plurinominales alcanzadas por el Partido de la Revoluci\u00f3n Democr\u00e1tica.<\/p>\n<p>La segunda fuerza en el Congreso local ser\u00e1 integrada por los legisladores del Movimiento de Regeneraci\u00f3n Nacional, que obtuvo la victoria en los dos distritos de Xalapa \u2013diez y 11\u2013, Orizaba, Camerino Z. Mendoza, Minatitl\u00e1n y los dos distritos de Coatzacoalcos \u201329 y 30\u2013; siete diputados por mayor\u00eda relativa, m\u00e1s los 5 que le corresponder\u00edan a ese partido por el principio de representaci\u00f3n proporcional; en total, 12 curules ser\u00e1n ocupadas por la opci\u00f3n pol\u00edtica que encabeza, en el \u00e1mbito nacional, Andr\u00e9s Manuel L\u00f3pez Obrador.<\/p>\n<p>En el caso del Revolucionario Institucional, se habla de 8 victorias en los 30 distritos que estuvieron en juego el 5 de junio: Tantoyuca, Alamo, Papantla, Misantla, Perote, Acayucan, C\u00f3rdoba y P\u00e1nuco; sin embargo, en el caso de \u00e9ste \u00faltimo distrito, la diputaci\u00f3n y los votos fueron contabilizados para el Partido Verde, que postul\u00f3 en ese lugar a Rodrigo Escalante; en todo caso, el n\u00famero de curules quedar\u00eda en 7 (San Andr\u00e9s Tuxtla fue ganado por el candidato de Nueva Alianza, Vicente Ben\u00edtez, pero no hubo coalici\u00f3n en ese distrito). La cifra que resulta, 7 diputaciones, se suma a las cinco curules que podr\u00eda colocar el PRI por representaci\u00f3n proporcional, para un total de 12.<\/p>\n<p>Entre esas tres fuerzas pol\u00edticas, PAN, Morena y PRI, tendr\u00e1n 47 de los 50 diputados. A ellos se sumar\u00e1n los representantes de los partidos minoritarios: dos del Verde \u2013Rodrigo Escalante y Garardo Buganza, quien entra como plurinominal\u2013 y uno de Nueva Alianza.<\/p>\n<p>Hist\u00f3rico, porque nunca antes el Partido Revolucionario Institucional hab\u00eda quedado tan rezagado en la integraci\u00f3n de la Legislatura del Estado; en el pr\u00f3ximo Congreso local, los diputados del tricolor equivaldr\u00e1n al 24 por ciento; los del Movimiento de Regeneraci\u00f3n Nacional tendr\u00e1n igual porcentaje; en tanto que la suma de PAN y PRD equivaldr\u00e1 a m\u00e1s del 45 por ciento.<\/p>\n<p><strong>Caen liderazgos regionales<\/strong><\/p>\n<p>Las elecciones celebradas el domingo 5 del presente mes significaron no s\u00f3lo una recomposici\u00f3n en los espacios pol\u00edticos veracruzanos, sino la ca\u00edda de algunos liderazgos regionales que hasta hace poco resultaban indiscutibles.<\/p>\n<p>En algunas zonas, como P\u00e1nuco, en la Huasteca Alta, la hegemon\u00eda del grupo que tiene como l\u00edder al contralor Ricardo Garc\u00eda Guzm\u00e1n qued\u00f3 intacta gracias a la suma de pr\u00e1cticamente todas las corrientes internas del PRI, como, por ejemplo, la que encabeza Manuel de Le\u00f3n Maza; sin embargo, en otros distritos del estado hubo ca\u00eddas que hasta poco resultaban inconcebibles. Es el caso, por ejemplo, de Tantoyuca y \u00c1lamo, donde las figuras de los diputados locales panistas Joaqu\u00edn Rosendo Guzm\u00e1n Avil\u00e9s y Jorge Vera Hern\u00e1ndez no lograron sacar un resultado favorable para sus respectivos candidatos.<\/p>\n<p>Algo parecido ocurri\u00f3 en C\u00f3rdoba, zona centro, lugar con una vieja tradici\u00f3n panista, donde esta vez Acci\u00f3n Nacional no pudo lograr el triunfo; en ese lugar, por cierto, se habla de la influencia, para determinar el resultado, del actual alcalde Tom\u00e1s R\u00edos Bernal.<\/p>\n<p>En el distrito de Mart\u00ednez de la Torre, por otro lado, fue evidente el intento del alcalde Rolando Olivares por inclinar la balanza a favor de la candidata del PRI, Nora Gonz\u00e1lez; sin embargo, los recursos empleados para ello no fueron suficientes para frenar a la abanderada de la alianza PAN-PRD, Mar\u00eda Elisa Manterola, quien evidenci\u00f3 las limitaciones pol\u00edticas de la autoridad municipal.<\/p>\n<p>Los resultados en la zona de Veracruz, Boca del R\u00edo y Medell\u00edn s\u00f3lo confirmaron que en esos lugares, el PRI es cada vez menos competitivo; en esos cuatro distritos (Veracruz tiene dos), Acci\u00f3n Nacional super\u00f3, en total, los 180 mil sufragios, en tanto que PRI y aliados no llegaron a 90 mil, para una proporci\u00f3n de dos a uno.<\/p>\n<p>En el sur y particularmente en Coatzacoalcos, el mito de la reserva de votos para el tricolor ya hab\u00eda quedado en el pasado desde las elecciones de 2015, cuando el Movimiento de Regeneraci\u00f3n Nacional se alz\u00f3 con el triunfo (38 mil contra 22 mil votos); este a\u00f1o, el liderazgo del ex alcalde Marcelo Montiel mostr\u00f3 su verdadera dimensi\u00f3n regional, porque entre el PRI y sus aliados no llegaron a 45 mil votos en los dos distritos, mientras que Morena super\u00f3 los 71 mil. @luisromero85<\/p>\n","protected":false},"excerpt":{"rendered":"<p>&nbsp; Luis Alberto Romero Hora Cero Con los triunfos de la alianza \u201cPara Mejorar Veracruz\u201d, encabezada por el Partido Revolucionario Institucional, en los distritos de C\u00f3rdoba y Tantoyuca, pr\u00e1cticamente ya qued\u00f3 definida la conformaci\u00f3n de la pr\u00f3xima legislatura del estado. A pesar de que en esos dos distritos electorales el resultado fue favorable al tricolor [&hellip;]<\/p>\n","protected":false},"author":2,"featured_media":0,"comment_status":"open","ping_status":"open","sticky":false,"template":"","format":"standard","meta":{"tdm_status":"","tdm_grid_status":"","footnotes":""},"categories":[70],"tags":[1302],"class_list":{"0":"post-23687","1":"post","2":"type-post","3":"status-publish","4":"format-standard","6":"category-de-opinion","7":"tag-congreso"},"yoast_head":"<!-- This site is optimized with the Yoast SEO plugin v27.4 - https:\/\/yoast.com\/product\/yoast-seo-wordpress\/ -->\n<title>PAN, 45% en la pr\u00f3xima Legis; PRI, 24 - Los pol\u00edticos Veracruz<\/title>\n<meta name=\"robots\" content=\"index, follow, max-snippet:-1, max-image-preview:large, max-video-preview:-1\" \/>\n<link rel=\"canonical\" href=\"https:\/\/lospoliticosveracruz.com\/?p=23687\" \/>\n<meta property=\"og:locale\" content=\"es_ES\" \/>\n<meta property=\"og:type\" content=\"article\" \/>\n<meta property=\"og:title\" content=\"PAN, 45% en la pr\u00f3xima Legis; PRI, 24 - Los pol\u00edticos Veracruz\" \/>\n<meta property=\"og:description\" content=\"&nbsp; Luis Alberto Romero Hora Cero Con los triunfos de la alianza \u201cPara Mejorar Veracruz\u201d, encabezada por el Partido Revolucionario Institucional, en los distritos de C\u00f3rdoba y Tantoyuca, pr\u00e1cticamente ya qued\u00f3 definida la conformaci\u00f3n de la pr\u00f3xima legislatura del estado. A pesar de que en esos dos distritos electorales el resultado fue favorable al tricolor [&hellip;]\" \/>\n<meta property=\"og:url\" content=\"https:\/\/lospoliticosveracruz.com\/?p=23687\" \/>\n<meta property=\"og:site_name\" content=\"Los pol\u00edticos Veracruz\" \/>\n<meta property=\"article:publisher\" content=\"https:\/\/www.facebook.com\/people\/Notimemes-de-los-Polticos\/61565672886568\/\" \/>\n<meta property=\"article:published_time\" content=\"2016-06-14T03:49:25+00:00\" \/>\n<meta property=\"og:image\" content=\"http:\/\/www.lospoliticosveracruz.com.mx\/wp-content\/uploads\/2014\/12\/congreso.png\" \/>\n<meta name=\"author\" content=\"Lo viste en Los Pol\u00edticos\" \/>\n<meta name=\"twitter:card\" content=\"summary_large_image\" \/>\n<meta name=\"twitter:creator\" content=\"@LosPoliticosVer\" \/>\n<meta name=\"twitter:site\" content=\"@LosPoliticosVer\" \/>\n<meta name=\"twitter:label1\" content=\"Escrito por\" \/>\n\t<meta name=\"twitter:data1\" content=\"Lo viste en Los Pol\u00edticos\" \/>\n\t<meta name=\"twitter:label2\" content=\"Tiempo de lectura\" \/>\n\t<meta name=\"twitter:data2\" content=\"5 minutos\" \/>\n<script type=\"application\/ld+json\" class=\"yoast-schema-graph\">{\"@context\":\"https:\\\/\\\/schema.org\",\"@graph\":[{\"@type\":\"Article\",\"@id\":\"https:\\\/\\\/lospoliticosveracruz.com\\\/?p=23687#article\",\"isPartOf\":{\"@id\":\"https:\\\/\\\/lospoliticosveracruz.com\\\/?p=23687\"},\"author\":{\"name\":\"Lo viste en Los Pol\u00edticos\",\"@id\":\"https:\\\/\\\/lospoliticosveracruz.com\\\/#\\\/schema\\\/person\\\/b8702bb0e538456e6efd07080bf2a4a2\"},\"headline\":\"PAN, 45% en la pr\u00f3xima Legis; PRI, 24\",\"datePublished\":\"2016-06-14T03:49:25+00:00\",\"mainEntityOfPage\":{\"@id\":\"https:\\\/\\\/lospoliticosveracruz.com\\\/?p=23687\"},\"wordCount\":915,\"commentCount\":0,\"publisher\":{\"@id\":\"https:\\\/\\\/lospoliticosveracruz.com\\\/#organization\"},\"image\":{\"@id\":\"https:\\\/\\\/lospoliticosveracruz.com\\\/?p=23687#primaryimage\"},\"thumbnailUrl\":\"http:\\\/\\\/www.lospoliticosveracruz.com.mx\\\/wp-content\\\/uploads\\\/2014\\\/12\\\/congreso.png\",\"keywords\":[\"Congreso\"],\"articleSection\":[\"De Opini\u00f3n\"],\"inLanguage\":\"es\",\"potentialAction\":[{\"@type\":\"CommentAction\",\"name\":\"Comment\",\"target\":[\"https:\\\/\\\/lospoliticosveracruz.com\\\/?p=23687#respond\"]}]},{\"@type\":\"WebPage\",\"@id\":\"https:\\\/\\\/lospoliticosveracruz.com\\\/?p=23687\",\"url\":\"https:\\\/\\\/lospoliticosveracruz.com\\\/?p=23687\",\"name\":\"PAN, 45% en la pr\u00f3xima Legis; PRI, 24 - Los pol\u00edticos Veracruz\",\"isPartOf\":{\"@id\":\"https:\\\/\\\/lospoliticosveracruz.com\\\/#website\"},\"primaryImageOfPage\":{\"@id\":\"https:\\\/\\\/lospoliticosveracruz.com\\\/?p=23687#primaryimage\"},\"image\":{\"@id\":\"https:\\\/\\\/lospoliticosveracruz.com\\\/?p=23687#primaryimage\"},\"thumbnailUrl\":\"http:\\\/\\\/www.lospoliticosveracruz.com.mx\\\/wp-content\\\/uploads\\\/2014\\\/12\\\/congreso.png\",\"datePublished\":\"2016-06-14T03:49:25+00:00\",\"breadcrumb\":{\"@id\":\"https:\\\/\\\/lospoliticosveracruz.com\\\/?p=23687#breadcrumb\"},\"inLanguage\":\"es\",\"potentialAction\":[{\"@type\":\"ReadAction\",\"target\":[\"https:\\\/\\\/lospoliticosveracruz.com\\\/?p=23687\"]}]},{\"@type\":\"ImageObject\",\"inLanguage\":\"es\",\"@id\":\"https:\\\/\\\/lospoliticosveracruz.com\\\/?p=23687#primaryimage\",\"url\":\"http:\\\/\\\/www.lospoliticosveracruz.com.mx\\\/wp-content\\\/uploads\\\/2014\\\/12\\\/congreso.png\",\"contentUrl\":\"http:\\\/\\\/www.lospoliticosveracruz.com.mx\\\/wp-content\\\/uploads\\\/2014\\\/12\\\/congreso.png\"},{\"@type\":\"BreadcrumbList\",\"@id\":\"https:\\\/\\\/lospoliticosveracruz.com\\\/?p=23687#breadcrumb\",\"itemListElement\":[{\"@type\":\"ListItem\",\"position\":1,\"name\":\"Portada\",\"item\":\"https:\\\/\\\/lospoliticosveracruz.com\\\/\"},{\"@type\":\"ListItem\",\"position\":2,\"name\":\"PAN, 45% en la pr\u00f3xima Legis; PRI, 24\"}]},{\"@type\":\"WebSite\",\"@id\":\"https:\\\/\\\/lospoliticosveracruz.com\\\/#website\",\"url\":\"https:\\\/\\\/lospoliticosveracruz.com\\\/\",\"name\":\"Los pol\u00edticos Veracruz\",\"description\":\"\",\"publisher\":{\"@id\":\"https:\\\/\\\/lospoliticosveracruz.com\\\/#organization\"},\"potentialAction\":[{\"@type\":\"SearchAction\",\"target\":{\"@type\":\"EntryPoint\",\"urlTemplate\":\"https:\\\/\\\/lospoliticosveracruz.com\\\/?s={search_term_string}\"},\"query-input\":{\"@type\":\"PropertyValueSpecification\",\"valueRequired\":true,\"valueName\":\"search_term_string\"}}],\"inLanguage\":\"es\"},{\"@type\":\"Organization\",\"@id\":\"https:\\\/\\\/lospoliticosveracruz.com\\\/#organization\",\"name\":\"Los pol\u00edticos Veracruz\",\"url\":\"https:\\\/\\\/lospoliticosveracruz.com\\\/\",\"logo\":{\"@type\":\"ImageObject\",\"inLanguage\":\"es\",\"@id\":\"https:\\\/\\\/lospoliticosveracruz.com\\\/#\\\/schema\\\/logo\\\/image\\\/\",\"url\":\"https:\\\/\\\/lospoliticosveracruz.com\\\/wp-content\\\/uploads\\\/2025\\\/12\\\/Logo-Nuevo-LOS-POLITICOS-1.jpg\",\"contentUrl\":\"https:\\\/\\\/lospoliticosveracruz.com\\\/wp-content\\\/uploads\\\/2025\\\/12\\\/Logo-Nuevo-LOS-POLITICOS-1.jpg\",\"width\":260,\"height\":70,\"caption\":\"Los pol\u00edticos Veracruz\"},\"image\":{\"@id\":\"https:\\\/\\\/lospoliticosveracruz.com\\\/#\\\/schema\\\/logo\\\/image\\\/\"},\"sameAs\":[\"https:\\\/\\\/www.facebook.com\\\/people\\\/Notimemes-de-los-Polticos\\\/61565672886568\\\/\",\"https:\\\/\\\/x.com\\\/LosPoliticosVer\"]},{\"@type\":\"Person\",\"@id\":\"https:\\\/\\\/lospoliticosveracruz.com\\\/#\\\/schema\\\/person\\\/b8702bb0e538456e6efd07080bf2a4a2\",\"name\":\"Lo viste en Los Pol\u00edticos\",\"image\":{\"@type\":\"ImageObject\",\"inLanguage\":\"es\",\"@id\":\"https:\\\/\\\/secure.gravatar.com\\\/avatar\\\/3a8de04a2656d44082be478bd6c086daa447c4651605818287b9532d3d0bd435?s=96&d=mm&r=g\",\"url\":\"https:\\\/\\\/secure.gravatar.com\\\/avatar\\\/3a8de04a2656d44082be478bd6c086daa447c4651605818287b9532d3d0bd435?s=96&d=mm&r=g\",\"contentUrl\":\"https:\\\/\\\/secure.gravatar.com\\\/avatar\\\/3a8de04a2656d44082be478bd6c086daa447c4651605818287b9532d3d0bd435?s=96&d=mm&r=g\",\"caption\":\"Lo viste en Los Pol\u00edticos\"},\"url\":\"https:\\\/\\\/lospoliticosveracruz.com\\\/?author=2\"}]}<\/script>\n<!-- \/ Yoast SEO plugin. -->","yoast_head_json":{"title":"PAN, 45% en la pr\u00f3xima Legis; PRI, 24 - Los pol\u00edticos Veracruz","robots":{"index":"index","follow":"follow","max-snippet":"max-snippet:-1","max-image-preview":"max-image-preview:large","max-video-preview":"max-video-preview:-1"},"canonical":"https:\/\/lospoliticosveracruz.com\/?p=23687","og_locale":"es_ES","og_type":"article","og_title":"PAN, 45% en la pr\u00f3xima Legis; PRI, 24 - Los pol\u00edticos Veracruz","og_description":"&nbsp; Luis Alberto Romero Hora Cero Con los triunfos de la alianza \u201cPara Mejorar Veracruz\u201d, encabezada por el Partido Revolucionario Institucional, en los distritos de C\u00f3rdoba y Tantoyuca, pr\u00e1cticamente ya qued\u00f3 definida la conformaci\u00f3n de la pr\u00f3xima legislatura del estado. A pesar de que en esos dos distritos electorales el resultado fue favorable al tricolor [&hellip;]","og_url":"https:\/\/lospoliticosveracruz.com\/?p=23687","og_site_name":"Los pol\u00edticos Veracruz","article_publisher":"https:\/\/www.facebook.com\/people\/Notimemes-de-los-Polticos\/61565672886568\/","article_published_time":"2016-06-14T03:49:25+00:00","og_image":[{"url":"http:\/\/www.lospoliticosveracruz.com.mx\/wp-content\/uploads\/2014\/12\/congreso.png","type":"","width":"","height":""}],"author":"Lo viste en Los Pol\u00edticos","twitter_card":"summary_large_image","twitter_creator":"@LosPoliticosVer","twitter_site":"@LosPoliticosVer","twitter_misc":{"Escrito por":"Lo viste en Los Pol\u00edticos","Tiempo de lectura":"5 minutos"},"schema":{"@context":"https:\/\/schema.org","@graph":[{"@type":"Article","@id":"https:\/\/lospoliticosveracruz.com\/?p=23687#article","isPartOf":{"@id":"https:\/\/lospoliticosveracruz.com\/?p=23687"},"author":{"name":"Lo viste en Los Pol\u00edticos","@id":"https:\/\/lospoliticosveracruz.com\/#\/schema\/person\/b8702bb0e538456e6efd07080bf2a4a2"},"headline":"PAN, 45% en la pr\u00f3xima Legis; PRI, 24","datePublished":"2016-06-14T03:49:25+00:00","mainEntityOfPage":{"@id":"https:\/\/lospoliticosveracruz.com\/?p=23687"},"wordCount":915,"commentCount":0,"publisher":{"@id":"https:\/\/lospoliticosveracruz.com\/#organization"},"image":{"@id":"https:\/\/lospoliticosveracruz.com\/?p=23687#primaryimage"},"thumbnailUrl":"http:\/\/www.lospoliticosveracruz.com.mx\/wp-content\/uploads\/2014\/12\/congreso.png","keywords":["Congreso"],"articleSection":["De Opini\u00f3n"],"inLanguage":"es","potentialAction":[{"@type":"CommentAction","name":"Comment","target":["https:\/\/lospoliticosveracruz.com\/?p=23687#respond"]}]},{"@type":"WebPage","@id":"https:\/\/lospoliticosveracruz.com\/?p=23687","url":"https:\/\/lospoliticosveracruz.com\/?p=23687","name":"PAN, 45% en la pr\u00f3xima Legis; PRI, 24 - Los pol\u00edticos Veracruz","isPartOf":{"@id":"https:\/\/lospoliticosveracruz.com\/#website"},"primaryImageOfPage":{"@id":"https:\/\/lospoliticosveracruz.com\/?p=23687#primaryimage"},"image":{"@id":"https:\/\/lospoliticosveracruz.com\/?p=23687#primaryimage"},"thumbnailUrl":"http:\/\/www.lospoliticosveracruz.com.mx\/wp-content\/uploads\/2014\/12\/congreso.png","datePublished":"2016-06-14T03:49:25+00:00","breadcrumb":{"@id":"https:\/\/lospoliticosveracruz.com\/?p=23687#breadcrumb"},"inLanguage":"es","potentialAction":[{"@type":"ReadAction","target":["https:\/\/lospoliticosveracruz.com\/?p=23687"]}]},{"@type":"ImageObject","inLanguage":"es","@id":"https:\/\/lospoliticosveracruz.com\/?p=23687#primaryimage","url":"http:\/\/www.lospoliticosveracruz.com.mx\/wp-content\/uploads\/2014\/12\/congreso.png","contentUrl":"http:\/\/www.lospoliticosveracruz.com.mx\/wp-content\/uploads\/2014\/12\/congreso.png"},{"@type":"BreadcrumbList","@id":"https:\/\/lospoliticosveracruz.com\/?p=23687#breadcrumb","itemListElement":[{"@type":"ListItem","position":1,"name":"Portada","item":"https:\/\/lospoliticosveracruz.com\/"},{"@type":"ListItem","position":2,"name":"PAN, 45% en la pr\u00f3xima Legis; PRI, 24"}]},{"@type":"WebSite","@id":"https:\/\/lospoliticosveracruz.com\/#website","url":"https:\/\/lospoliticosveracruz.com\/","name":"Los pol\u00edticos Veracruz","description":"","publisher":{"@id":"https:\/\/lospoliticosveracruz.com\/#organization"},"potentialAction":[{"@type":"SearchAction","target":{"@type":"EntryPoint","urlTemplate":"https:\/\/lospoliticosveracruz.com\/?s={search_term_string}"},"query-input":{"@type":"PropertyValueSpecification","valueRequired":true,"valueName":"search_term_string"}}],"inLanguage":"es"},{"@type":"Organization","@id":"https:\/\/lospoliticosveracruz.com\/#organization","name":"Los pol\u00edticos Veracruz","url":"https:\/\/lospoliticosveracruz.com\/","logo":{"@type":"ImageObject","inLanguage":"es","@id":"https:\/\/lospoliticosveracruz.com\/#\/schema\/logo\/image\/","url":"https:\/\/lospoliticosveracruz.com\/wp-content\/uploads\/2025\/12\/Logo-Nuevo-LOS-POLITICOS-1.jpg","contentUrl":"https:\/\/lospoliticosveracruz.com\/wp-content\/uploads\/2025\/12\/Logo-Nuevo-LOS-POLITICOS-1.jpg","width":260,"height":70,"caption":"Los pol\u00edticos Veracruz"},"image":{"@id":"https:\/\/lospoliticosveracruz.com\/#\/schema\/logo\/image\/"},"sameAs":["https:\/\/www.facebook.com\/people\/Notimemes-de-los-Polticos\/61565672886568\/","https:\/\/x.com\/LosPoliticosVer"]},{"@type":"Person","@id":"https:\/\/lospoliticosveracruz.com\/#\/schema\/person\/b8702bb0e538456e6efd07080bf2a4a2","name":"Lo viste en Los Pol\u00edticos","image":{"@type":"ImageObject","inLanguage":"es","@id":"https:\/\/secure.gravatar.com\/avatar\/3a8de04a2656d44082be478bd6c086daa447c4651605818287b9532d3d0bd435?s=96&d=mm&r=g","url":"https:\/\/secure.gravatar.com\/avatar\/3a8de04a2656d44082be478bd6c086daa447c4651605818287b9532d3d0bd435?s=96&d=mm&r=g","contentUrl":"https:\/\/secure.gravatar.com\/avatar\/3a8de04a2656d44082be478bd6c086daa447c4651605818287b9532d3d0bd435?s=96&d=mm&r=g","caption":"Lo viste en Los Pol\u00edticos"},"url":"https:\/\/lospoliticosveracruz.com\/?author=2"}]}},"_links":{"self":[{"href":"https:\/\/lospoliticosveracruz.com\/index.php?rest_route=\/wp\/v2\/posts\/23687","targetHints":{"allow":["GET"]}}],"collection":[{"href":"https:\/\/lospoliticosveracruz.com\/index.php?rest_route=\/wp\/v2\/posts"}],"about":[{"href":"https:\/\/lospoliticosveracruz.com\/index.php?rest_route=\/wp\/v2\/types\/post"}],"author":[{"embeddable":true,"href":"https:\/\/lospoliticosveracruz.com\/index.php?rest_route=\/wp\/v2\/users\/2"}],"replies":[{"embeddable":true,"href":"https:\/\/lospoliticosveracruz.com\/index.php?rest_route=%2Fwp%2Fv2%2Fcomments&post=23687"}],"version-history":[{"count":1,"href":"https:\/\/lospoliticosveracruz.com\/index.php?rest_route=\/wp\/v2\/posts\/23687\/revisions"}],"predecessor-version":[{"id":23688,"href":"https:\/\/lospoliticosveracruz.com\/index.php?rest_route=\/wp\/v2\/posts\/23687\/revisions\/23688"}],"wp:attachment":[{"href":"https:\/\/lospoliticosveracruz.com\/index.php?rest_route=%2Fwp%2Fv2%2Fmedia&parent=23687"}],"wp:term":[{"taxonomy":"category","embeddable":true,"href":"https:\/\/lospoliticosveracruz.com\/index.php?rest_route=%2Fwp%2Fv2%2Fcategories&post=23687"},{"taxonomy":"post_tag","embeddable":true,"href":"https:\/\/lospoliticosveracruz.com\/index.php?rest_route=%2Fwp%2Fv2%2Ftags&post=23687"}],"curies":[{"name":"wp","href":"https:\/\/api.w.org\/{rel}","templated":true}]}}