{"id":23689,"date":"2016-06-13T23:02:11","date_gmt":"2016-06-14T04:02:11","guid":{"rendered":"http:\/\/www.lospoliticosveracruz.com.mx\/?p=23689"},"modified":"2016-06-13T23:02:11","modified_gmt":"2016-06-14T04:02:11","slug":"impugnacion-la-amenaza","status":"publish","type":"post","link":"https:\/\/lospoliticosveracruz.com\/?p=23689","title":{"rendered":"Impugnaci\u00f3n, la amenaza"},"content":{"rendered":"<p><a href=\"http:\/\/www.lospoliticosveracruz.com.mx\/wp-content\/uploads\/2015\/12\/Duarte-Amadeo-H\u00e9ctor.jpg\"><img loading=\"lazy\" decoding=\"async\" class=\"aligncenter size-full wp-image-19603\" src=\"http:\/\/www.lospoliticosveracruz.com.mx\/wp-content\/uploads\/2015\/12\/Duarte-Amadeo-H\u00e9ctor.jpg\" alt=\"Duarte Amadeo H\u00e9ctor\" width=\"600\" height=\"387\" \/><\/a><br \/>\n<strong>Salvador Mu\u00f1oz<\/strong><\/p>\n<p><em>Los Pol\u00edticos<\/em><\/p>\n<p>Un pol\u00edtico me dijo hace muchos d\u00edas, antes de las elecciones, una frase que me dej\u00f3 helado, pero a la vez, extasiado por la profundidad del contenido: \u201cEl \u00e1rbol de la democracia debe ser regado de vez en cuando con sangre\u2026\u201d Me dijo el autor de estas palabras: un presidente de Estados Unidos, Thomas Jefferson. Por supuesto, que busco en Google y s\u00ed, efectivamente, le atribuyen al tercer presidente de Estados Unidos tal comentario s\u00f3lo que con unas ligeras variantes: \u201cEl \u00e1rbol de la libertad debe ser vigorizado de vez en cuando con sangre de patriotas y tiranos\u2026 es su fertilizante natural\u201d.<br \/>\nII<br \/>\nD\u00edas antes de las elecciones, pareciera que los demonios andaban sueltos por Veracruz, entre muertos, incendios, ataques, levantones y golpeados\u2026 \u00a1ya ni se diga el d\u00eda D!<br \/>\nEntonces record\u00e9 esa frase\u2026 el ba\u00f1o de sangre\u2026 que no la frase de Jefferson.<br \/>\nNo obstante, las cosas medio cambiaron cuando hubo que salir a votar.<br \/>\nA lo mejor alucino, pero a partir de las 23:30 horas del 5 de junio, no s\u00e9 si usted lector not\u00f3 lo que voy a platicar\u2026 muy independiente de los seguidores de Miguel \u00c1ngel Yunes Linares, de los perredistas y panistas, en ese sector de la sociedad que no cree en partidos, en pol\u00edticos, que a lo mejor ni vot\u00f3 o vot\u00f3 en contra del partido en el poder, su \u00e1nimo se percib\u00eda con alegr\u00eda, complacencia, satisfacci\u00f3n y hasta cierto dejo de sa\u00f1a ante el derrotado.<br \/>\nOjo\u2026 pero en el mayor n\u00famero de casos, la percepci\u00f3n que tambi\u00e9n tengo es que el derrotado no parec\u00eda ser H\u00e9ctor como s\u00ed el PRI o el mismo Gobierno estatal.<br \/>\nEl hecho de salir a la calle y ver a conocidos, que de calle a calle se saludaban y gritaban \u201c\u00a1Ganamos!\u201d con un rostro de alegr\u00eda, hac\u00eda creer que desde ese lunes 6, Veracruz ya estaba mejor.<br \/>\nIII<br \/>\nA todos nos queda claro que en nuestra partidocracia se pierde o se gana. Por eso, cuando se ve a H\u00e9ctor Yunes reconociendo la derrota, o la conferencia de Duarte llamando a la reconciliaci\u00f3n, pens\u00e9 que se ara\u00f1aba ya la democracia. La desilusi\u00f3n lleg\u00f3 pronto cuando d\u00edas posteriores, el candidato del PRI daba una patada de ahogado y el Gobernador volv\u00eda a las bravuconadas v\u00eda video. A ello, la declaraci\u00f3n del partido de Amadeo, diciendo que van a impugnar las elecciones.<br \/>\nSe entiende su posici\u00f3n. A veces asimilar la derrota est\u00e1 cabr\u00f3n, complicado y a veces es m\u00e1s f\u00e1cil pasar a la negaci\u00f3n olvidando nuestro entorno.<br \/>\n\u00bfY cu\u00e1l es nuestro entorno?<br \/>\nPues ese ambiente que vive la sociedad veracruzana al saber que el partido poderoso en Veracruz hab\u00eda sido derrotado.<br \/>\nNuestra entidad tiene rato que viv\u00eda un malestar para con nuestras autoridades por diferentes motivos que van desde la inseguridad hasta la sospecha de que nuestros servidores p\u00fablicos, tanto de este gobierno como el anterior, y si me apuran, hasta el de principios de siglo, se hicieron ricos a las costillas del pueblo a quien sumieron en la pobreza (\u00bfcuatro millones bien jodidos?).<br \/>\nHoy, todav\u00eda embriagados por el triunfo del PAN-PRD o la derrota del PRI, veo a un veracruzano feliz, contento\u2026 \u00bfpor qu\u00e9 entonces, el partido que a\u00fan mantiene el poder pretende arrancarle ese cachito de arco-iris con luces democr\u00e1ticas?<br \/>\nIV<br \/>\nInsisto: es respetable que tanto el PRI como Morena pretendan impugnar el resultado electoral alegando inconsistencias e irregularidades\u2026 pero (esos pinches \u201cperos\u201d) creo que est\u00e1n dejando pasar por alto algo: en cuanto se asiente la impugnaci\u00f3n, el primero que ha de respingar, no ser\u00e1 Miguel \u00c1ngel Yunes Linares\u2026 se corre el riesgo de que quien m\u00e1s se sienta indignado, ofendido, burlado con esa pretensi\u00f3n (totalmente legal, insisto), es el pueblo de Veracruz.<br \/>\nA veces, s\u00ed, \u201cel \u00e1rbol de la libertad debe ser vigorizado de vez en cuando con sangre de patriotas y tiranos\u201d, pero tambi\u00e9n de vez en cuando hay que variarle el fertilizante\u2026 la esperanza de un mejor ma\u00f1ana en el \u00e1nimo de la gente creo que no se la deber\u00edan de quitar ni el PRI ni Morena\u2026 porque estar\u00edan regalando desde este momento la elecci\u00f3n del 2017 y estoy seguro que Yunes Linares ans\u00eda m\u00e1s que nadie que sus contrincantes den el primer paso.<\/p>\n<p>smcainito@gmail.com<\/p>\n","protected":false},"excerpt":{"rendered":"<p>Salvador Mu\u00f1oz Los Pol\u00edticos Un pol\u00edtico me dijo hace muchos d\u00edas, antes de las elecciones, una frase que me dej\u00f3 helado, pero a la vez, extasiado por la profundidad del contenido: \u201cEl \u00e1rbol de la democracia debe ser regado de vez en cuando con sangre\u2026\u201d Me dijo el autor de estas palabras: un presidente de [&hellip;]<\/p>\n","protected":false},"author":2,"featured_media":0,"comment_status":"open","ping_status":"open","sticky":false,"template":"","format":"standard","meta":{"tdm_status":"","tdm_grid_status":"","footnotes":""},"categories":[70],"tags":[119,428,1026,251],"class_list":{"0":"post-23689","1":"post","2":"type-post","3":"status-publish","4":"format-standard","6":"category-de-opinion","7":"tag-hector-yunes","8":"tag-miguel-angel-yunes-linares","9":"tag-morena","10":"tag-pri"},"yoast_head":"<!-- This site is optimized with the Yoast SEO plugin v27.4 - https:\/\/yoast.com\/product\/yoast-seo-wordpress\/ -->\n<title>Impugnaci\u00f3n, la amenaza - Los pol\u00edticos Veracruz<\/title>\n<meta name=\"robots\" content=\"index, follow, max-snippet:-1, max-image-preview:large, max-video-preview:-1\" \/>\n<link rel=\"canonical\" href=\"https:\/\/lospoliticosveracruz.com\/?p=23689\" \/>\n<meta property=\"og:locale\" content=\"es_ES\" \/>\n<meta property=\"og:type\" content=\"article\" \/>\n<meta property=\"og:title\" content=\"Impugnaci\u00f3n, la amenaza - Los pol\u00edticos Veracruz\" \/>\n<meta property=\"og:description\" content=\"Salvador Mu\u00f1oz Los Pol\u00edticos Un pol\u00edtico me dijo hace muchos d\u00edas, antes de las elecciones, una frase que me dej\u00f3 helado, pero a la vez, extasiado por la profundidad del contenido: \u201cEl \u00e1rbol de la democracia debe ser regado de vez en cuando con sangre\u2026\u201d Me dijo el autor de estas palabras: un presidente de [&hellip;]\" \/>\n<meta property=\"og:url\" content=\"https:\/\/lospoliticosveracruz.com\/?p=23689\" \/>\n<meta property=\"og:site_name\" content=\"Los pol\u00edticos Veracruz\" \/>\n<meta property=\"article:publisher\" content=\"https:\/\/www.facebook.com\/people\/Notimemes-de-los-Polticos\/61565672886568\/\" \/>\n<meta property=\"article:published_time\" content=\"2016-06-14T04:02:11+00:00\" \/>\n<meta property=\"og:image\" content=\"https:\/\/lospoliticosveracruz.com\/wp-content\/uploads\/2016\/07\/Logo-Dor.jpg\" \/>\n\t<meta property=\"og:image:width\" content=\"200\" \/>\n\t<meta property=\"og:image:height\" content=\"200\" \/>\n\t<meta property=\"og:image:type\" content=\"image\/jpeg\" \/>\n<meta name=\"author\" content=\"Lo viste en Los Pol\u00edticos\" \/>\n<meta name=\"twitter:card\" content=\"summary_large_image\" \/>\n<meta name=\"twitter:creator\" content=\"@LosPoliticosVer\" \/>\n<meta name=\"twitter:site\" content=\"@LosPoliticosVer\" \/>\n<meta name=\"twitter:label1\" content=\"Escrito por\" \/>\n\t<meta name=\"twitter:data1\" content=\"Lo viste en Los Pol\u00edticos\" \/>\n\t<meta name=\"twitter:label2\" content=\"Tiempo de lectura\" \/>\n\t<meta name=\"twitter:data2\" content=\"4 minutos\" \/>\n<script type=\"application\/ld+json\" class=\"yoast-schema-graph\">{\"@context\":\"https:\\\/\\\/schema.org\",\"@graph\":[{\"@type\":\"Article\",\"@id\":\"https:\\\/\\\/lospoliticosveracruz.com\\\/?p=23689#article\",\"isPartOf\":{\"@id\":\"https:\\\/\\\/lospoliticosveracruz.com\\\/?p=23689\"},\"author\":{\"name\":\"Lo viste en Los Pol\u00edticos\",\"@id\":\"https:\\\/\\\/lospoliticosveracruz.com\\\/#\\\/schema\\\/person\\\/b8702bb0e538456e6efd07080bf2a4a2\"},\"headline\":\"Impugnaci\u00f3n, la amenaza\",\"datePublished\":\"2016-06-14T04:02:11+00:00\",\"mainEntityOfPage\":{\"@id\":\"https:\\\/\\\/lospoliticosveracruz.com\\\/?p=23689\"},\"wordCount\":756,\"commentCount\":1,\"publisher\":{\"@id\":\"https:\\\/\\\/lospoliticosveracruz.com\\\/#organization\"},\"keywords\":[\"H\u00e9ctor Yunes\",\"Miguel Angel Yunes Linares\",\"Morena\",\"PRI\"],\"articleSection\":[\"De Opini\u00f3n\"],\"inLanguage\":\"es\",\"potentialAction\":[{\"@type\":\"CommentAction\",\"name\":\"Comment\",\"target\":[\"https:\\\/\\\/lospoliticosveracruz.com\\\/?p=23689#respond\"]}]},{\"@type\":\"WebPage\",\"@id\":\"https:\\\/\\\/lospoliticosveracruz.com\\\/?p=23689\",\"url\":\"https:\\\/\\\/lospoliticosveracruz.com\\\/?p=23689\",\"name\":\"Impugnaci\u00f3n, la amenaza - Los pol\u00edticos Veracruz\",\"isPartOf\":{\"@id\":\"https:\\\/\\\/lospoliticosveracruz.com\\\/#website\"},\"datePublished\":\"2016-06-14T04:02:11+00:00\",\"breadcrumb\":{\"@id\":\"https:\\\/\\\/lospoliticosveracruz.com\\\/?p=23689#breadcrumb\"},\"inLanguage\":\"es\",\"potentialAction\":[{\"@type\":\"ReadAction\",\"target\":[\"https:\\\/\\\/lospoliticosveracruz.com\\\/?p=23689\"]}]},{\"@type\":\"BreadcrumbList\",\"@id\":\"https:\\\/\\\/lospoliticosveracruz.com\\\/?p=23689#breadcrumb\",\"itemListElement\":[{\"@type\":\"ListItem\",\"position\":1,\"name\":\"Portada\",\"item\":\"https:\\\/\\\/lospoliticosveracruz.com\\\/\"},{\"@type\":\"ListItem\",\"position\":2,\"name\":\"Impugnaci\u00f3n, la amenaza\"}]},{\"@type\":\"WebSite\",\"@id\":\"https:\\\/\\\/lospoliticosveracruz.com\\\/#website\",\"url\":\"https:\\\/\\\/lospoliticosveracruz.com\\\/\",\"name\":\"Los pol\u00edticos Veracruz\",\"description\":\"\",\"publisher\":{\"@id\":\"https:\\\/\\\/lospoliticosveracruz.com\\\/#organization\"},\"potentialAction\":[{\"@type\":\"SearchAction\",\"target\":{\"@type\":\"EntryPoint\",\"urlTemplate\":\"https:\\\/\\\/lospoliticosveracruz.com\\\/?s={search_term_string}\"},\"query-input\":{\"@type\":\"PropertyValueSpecification\",\"valueRequired\":true,\"valueName\":\"search_term_string\"}}],\"inLanguage\":\"es\"},{\"@type\":\"Organization\",\"@id\":\"https:\\\/\\\/lospoliticosveracruz.com\\\/#organization\",\"name\":\"Los pol\u00edticos Veracruz\",\"url\":\"https:\\\/\\\/lospoliticosveracruz.com\\\/\",\"logo\":{\"@type\":\"ImageObject\",\"inLanguage\":\"es\",\"@id\":\"https:\\\/\\\/lospoliticosveracruz.com\\\/#\\\/schema\\\/logo\\\/image\\\/\",\"url\":\"https:\\\/\\\/lospoliticosveracruz.com\\\/wp-content\\\/uploads\\\/2025\\\/12\\\/Logo-Nuevo-LOS-POLITICOS-1.jpg\",\"contentUrl\":\"https:\\\/\\\/lospoliticosveracruz.com\\\/wp-content\\\/uploads\\\/2025\\\/12\\\/Logo-Nuevo-LOS-POLITICOS-1.jpg\",\"width\":260,\"height\":70,\"caption\":\"Los pol\u00edticos Veracruz\"},\"image\":{\"@id\":\"https:\\\/\\\/lospoliticosveracruz.com\\\/#\\\/schema\\\/logo\\\/image\\\/\"},\"sameAs\":[\"https:\\\/\\\/www.facebook.com\\\/people\\\/Notimemes-de-los-Polticos\\\/61565672886568\\\/\",\"https:\\\/\\\/x.com\\\/LosPoliticosVer\"]},{\"@type\":\"Person\",\"@id\":\"https:\\\/\\\/lospoliticosveracruz.com\\\/#\\\/schema\\\/person\\\/b8702bb0e538456e6efd07080bf2a4a2\",\"name\":\"Lo viste en Los Pol\u00edticos\",\"image\":{\"@type\":\"ImageObject\",\"inLanguage\":\"es\",\"@id\":\"https:\\\/\\\/secure.gravatar.com\\\/avatar\\\/3a8de04a2656d44082be478bd6c086daa447c4651605818287b9532d3d0bd435?s=96&d=mm&r=g\",\"url\":\"https:\\\/\\\/secure.gravatar.com\\\/avatar\\\/3a8de04a2656d44082be478bd6c086daa447c4651605818287b9532d3d0bd435?s=96&d=mm&r=g\",\"contentUrl\":\"https:\\\/\\\/secure.gravatar.com\\\/avatar\\\/3a8de04a2656d44082be478bd6c086daa447c4651605818287b9532d3d0bd435?s=96&d=mm&r=g\",\"caption\":\"Lo viste en Los Pol\u00edticos\"},\"url\":\"https:\\\/\\\/lospoliticosveracruz.com\\\/?author=2\"}]}<\/script>\n<!-- \/ Yoast SEO plugin. -->","yoast_head_json":{"title":"Impugnaci\u00f3n, la amenaza - Los pol\u00edticos Veracruz","robots":{"index":"index","follow":"follow","max-snippet":"max-snippet:-1","max-image-preview":"max-image-preview:large","max-video-preview":"max-video-preview:-1"},"canonical":"https:\/\/lospoliticosveracruz.com\/?p=23689","og_locale":"es_ES","og_type":"article","og_title":"Impugnaci\u00f3n, la amenaza - Los pol\u00edticos Veracruz","og_description":"Salvador Mu\u00f1oz Los Pol\u00edticos Un pol\u00edtico me dijo hace muchos d\u00edas, antes de las elecciones, una frase que me dej\u00f3 helado, pero a la vez, extasiado por la profundidad del contenido: \u201cEl \u00e1rbol de la democracia debe ser regado de vez en cuando con sangre\u2026\u201d Me dijo el autor de estas palabras: un presidente de [&hellip;]","og_url":"https:\/\/lospoliticosveracruz.com\/?p=23689","og_site_name":"Los pol\u00edticos Veracruz","article_publisher":"https:\/\/www.facebook.com\/people\/Notimemes-de-los-Polticos\/61565672886568\/","article_published_time":"2016-06-14T04:02:11+00:00","og_image":[{"width":200,"height":200,"url":"https:\/\/lospoliticosveracruz.com\/wp-content\/uploads\/2016\/07\/Logo-Dor.jpg","type":"image\/jpeg"}],"author":"Lo viste en Los Pol\u00edticos","twitter_card":"summary_large_image","twitter_creator":"@LosPoliticosVer","twitter_site":"@LosPoliticosVer","twitter_misc":{"Escrito por":"Lo viste en Los Pol\u00edticos","Tiempo de lectura":"4 minutos"},"schema":{"@context":"https:\/\/schema.org","@graph":[{"@type":"Article","@id":"https:\/\/lospoliticosveracruz.com\/?p=23689#article","isPartOf":{"@id":"https:\/\/lospoliticosveracruz.com\/?p=23689"},"author":{"name":"Lo viste en Los Pol\u00edticos","@id":"https:\/\/lospoliticosveracruz.com\/#\/schema\/person\/b8702bb0e538456e6efd07080bf2a4a2"},"headline":"Impugnaci\u00f3n, la amenaza","datePublished":"2016-06-14T04:02:11+00:00","mainEntityOfPage":{"@id":"https:\/\/lospoliticosveracruz.com\/?p=23689"},"wordCount":756,"commentCount":1,"publisher":{"@id":"https:\/\/lospoliticosveracruz.com\/#organization"},"keywords":["H\u00e9ctor Yunes","Miguel Angel Yunes Linares","Morena","PRI"],"articleSection":["De Opini\u00f3n"],"inLanguage":"es","potentialAction":[{"@type":"CommentAction","name":"Comment","target":["https:\/\/lospoliticosveracruz.com\/?p=23689#respond"]}]},{"@type":"WebPage","@id":"https:\/\/lospoliticosveracruz.com\/?p=23689","url":"https:\/\/lospoliticosveracruz.com\/?p=23689","name":"Impugnaci\u00f3n, la amenaza - Los pol\u00edticos Veracruz","isPartOf":{"@id":"https:\/\/lospoliticosveracruz.com\/#website"},"datePublished":"2016-06-14T04:02:11+00:00","breadcrumb":{"@id":"https:\/\/lospoliticosveracruz.com\/?p=23689#breadcrumb"},"inLanguage":"es","potentialAction":[{"@type":"ReadAction","target":["https:\/\/lospoliticosveracruz.com\/?p=23689"]}]},{"@type":"BreadcrumbList","@id":"https:\/\/lospoliticosveracruz.com\/?p=23689#breadcrumb","itemListElement":[{"@type":"ListItem","position":1,"name":"Portada","item":"https:\/\/lospoliticosveracruz.com\/"},{"@type":"ListItem","position":2,"name":"Impugnaci\u00f3n, la amenaza"}]},{"@type":"WebSite","@id":"https:\/\/lospoliticosveracruz.com\/#website","url":"https:\/\/lospoliticosveracruz.com\/","name":"Los pol\u00edticos Veracruz","description":"","publisher":{"@id":"https:\/\/lospoliticosveracruz.com\/#organization"},"potentialAction":[{"@type":"SearchAction","target":{"@type":"EntryPoint","urlTemplate":"https:\/\/lospoliticosveracruz.com\/?s={search_term_string}"},"query-input":{"@type":"PropertyValueSpecification","valueRequired":true,"valueName":"search_term_string"}}],"inLanguage":"es"},{"@type":"Organization","@id":"https:\/\/lospoliticosveracruz.com\/#organization","name":"Los pol\u00edticos Veracruz","url":"https:\/\/lospoliticosveracruz.com\/","logo":{"@type":"ImageObject","inLanguage":"es","@id":"https:\/\/lospoliticosveracruz.com\/#\/schema\/logo\/image\/","url":"https:\/\/lospoliticosveracruz.com\/wp-content\/uploads\/2025\/12\/Logo-Nuevo-LOS-POLITICOS-1.jpg","contentUrl":"https:\/\/lospoliticosveracruz.com\/wp-content\/uploads\/2025\/12\/Logo-Nuevo-LOS-POLITICOS-1.jpg","width":260,"height":70,"caption":"Los pol\u00edticos Veracruz"},"image":{"@id":"https:\/\/lospoliticosveracruz.com\/#\/schema\/logo\/image\/"},"sameAs":["https:\/\/www.facebook.com\/people\/Notimemes-de-los-Polticos\/61565672886568\/","https:\/\/x.com\/LosPoliticosVer"]},{"@type":"Person","@id":"https:\/\/lospoliticosveracruz.com\/#\/schema\/person\/b8702bb0e538456e6efd07080bf2a4a2","name":"Lo viste en Los Pol\u00edticos","image":{"@type":"ImageObject","inLanguage":"es","@id":"https:\/\/secure.gravatar.com\/avatar\/3a8de04a2656d44082be478bd6c086daa447c4651605818287b9532d3d0bd435?s=96&d=mm&r=g","url":"https:\/\/secure.gravatar.com\/avatar\/3a8de04a2656d44082be478bd6c086daa447c4651605818287b9532d3d0bd435?s=96&d=mm&r=g","contentUrl":"https:\/\/secure.gravatar.com\/avatar\/3a8de04a2656d44082be478bd6c086daa447c4651605818287b9532d3d0bd435?s=96&d=mm&r=g","caption":"Lo viste en Los Pol\u00edticos"},"url":"https:\/\/lospoliticosveracruz.com\/?author=2"}]}},"_links":{"self":[{"href":"https:\/\/lospoliticosveracruz.com\/index.php?rest_route=\/wp\/v2\/posts\/23689","targetHints":{"allow":["GET"]}}],"collection":[{"href":"https:\/\/lospoliticosveracruz.com\/index.php?rest_route=\/wp\/v2\/posts"}],"about":[{"href":"https:\/\/lospoliticosveracruz.com\/index.php?rest_route=\/wp\/v2\/types\/post"}],"author":[{"embeddable":true,"href":"https:\/\/lospoliticosveracruz.com\/index.php?rest_route=\/wp\/v2\/users\/2"}],"replies":[{"embeddable":true,"href":"https:\/\/lospoliticosveracruz.com\/index.php?rest_route=%2Fwp%2Fv2%2Fcomments&post=23689"}],"version-history":[{"count":1,"href":"https:\/\/lospoliticosveracruz.com\/index.php?rest_route=\/wp\/v2\/posts\/23689\/revisions"}],"predecessor-version":[{"id":23690,"href":"https:\/\/lospoliticosveracruz.com\/index.php?rest_route=\/wp\/v2\/posts\/23689\/revisions\/23690"}],"wp:attachment":[{"href":"https:\/\/lospoliticosveracruz.com\/index.php?rest_route=%2Fwp%2Fv2%2Fmedia&parent=23689"}],"wp:term":[{"taxonomy":"category","embeddable":true,"href":"https:\/\/lospoliticosveracruz.com\/index.php?rest_route=%2Fwp%2Fv2%2Fcategories&post=23689"},{"taxonomy":"post_tag","embeddable":true,"href":"https:\/\/lospoliticosveracruz.com\/index.php?rest_route=%2Fwp%2Fv2%2Ftags&post=23689"}],"curies":[{"name":"wp","href":"https:\/\/api.w.org\/{rel}","templated":true}]}}