{"id":23698,"date":"2016-06-14T08:13:38","date_gmt":"2016-06-14T13:13:38","guid":{"rendered":"http:\/\/www.lospoliticosveracruz.com.mx\/?p=23698"},"modified":"2016-06-14T08:13:38","modified_gmt":"2016-06-14T13:13:38","slug":"no-se-equivoquen-es-vicente","status":"publish","type":"post","link":"https:\/\/lospoliticosveracruz.com\/?p=23698","title":{"rendered":"No se equivoquen, es Vicente\u2026"},"content":{"rendered":"<p><a href=\"http:\/\/www.lospoliticosveracruz.com.mx\/wp-content\/uploads\/2008\/10\/Vicente-Ben-C3-ADtez-3.jpg\"><img loading=\"lazy\" decoding=\"async\" class=\"aligncenter size-full wp-image-12021\" src=\"http:\/\/www.lospoliticosveracruz.com.mx\/wp-content\/uploads\/2008\/10\/Vicente-Ben-C3-ADtez-3.jpg\" alt=\"Vicente-Ben-C3-ADtez-3\" width=\"768\" height=\"1024\" \/><\/a><br \/>\n<strong>Miriam Gracia Maga\u00f1a<\/strong><\/p>\n<p><em>Pasillos y Antesalas<\/em><br \/>\nCuando al cierre del conteo del PREP OPLE se supo la cifra de 31, 983 votos que le dieron el triunfo a Vicente Guillermo Ben\u00edtez Gonz\u00e1lez, candidato de Nueva Alianza a la Diputaci\u00f3n Local de San Andr\u00e9s Tuxtla, sobre la coalici\u00f3n PAN-PRD y Morena, de inmediato la victoria tuvo muchos padres, entre ellos, el megal\u00f3mano Manuel Rosendo Pelayo, alcalde de San Andr\u00e9s Tuxtla\u2026nada m\u00e1s alejado de la realidad: Vicente gan\u00f3 pese a \u00e9l. Desde hace m\u00e1s de tres a\u00f1os las visitas que el ex funcionario del gabinete duartista realizara en todos los municipios de la regi\u00f3n de Los Tuxtlas, incluidos los que no pertenecen al distrito electoral del cual hoy es diputado electo, fueron su mayor fortaleza y su presencia represent\u00f3 apoyos sin precedentes en los municipios de la zona tuxtleca. Sin embargo, la loza que carga el reci\u00e9n electo legislador en la figura de Rosendo Pelayo es muy, muy sombr\u00eda y pesada, su gesti\u00f3n al frente del ayuntamiento sanandresino est\u00e1 salpicada de actos de corrupci\u00f3n, nepotismo e historias oscuras no tan s\u00f3lo de \u00e9l sino de sus m\u00e1s cercanos colaboradores; uno de ellos, es el suplente del propio Ben\u00edtez Gonz\u00e1lez, Roberto Virgen Riveroll, padre de quien comanda a un grupo de j\u00f3venes a los que han apodado los \u201cPorkis\u201d de los Tuxtlas, debido a sus conductas prepotentes y arbitrarias en esa ciudad, amparados por el manto protector de quien es adem\u00e1s, Secretario de Ayuntamiento y posible candidato a suceder a Manuel Rosendo. Es conocido de todos, la manera en que el famoso \u201cChendo Mentiras\u201d vende su \u201ccapital pol\u00edtico\u201d al candidato en turno; sin embargo, poco tiene que ofertar ya que los ciudadanos han visto durante su mandato las obras inconclusas como la alberca semiolimpica que fue pagada con recursos del gobierno federal, que incluso, en su Informe presume como terminada; sus enfrentamientos con la prensa cr\u00edtica local han sido m\u00e1s que publicitados, lo que ha mermado su popularidad y por si esto fuera poco, solicit\u00f3 al Congreso local un pr\u00e9stamo para hipotecar por 20 a\u00f1os las finanzas municipales por un monto de 300 millones de pesos, lo cual evitar\u00e1 la recuperaci\u00f3n de la capacidad financiera de la administraci\u00f3n. Adem\u00e1s, son muchos los proveedores que hacen largas colas esperando si no el pago total, si un abono al monto total de los compromisos que el mun\u00edcipe contrajo con ellos casi a principios de su cuatrienio sin que hasta el momento les hayan sido resueltos. La cereza en el pastel ocurri\u00f3 la semana pasada cuando Andrei Dom\u00ednguez Lagunas, escolta y chofer durante doce a\u00f1os de Rosendo Pelayo fue asesinado con lujo de violencia y huellas de tortura, aunque como es su costumbre, el presidente se quiso desligar del asunto y faltando al respeto a la memoria de quien fue su \u201camigo\u201d, como \u00e9l mismo lo llam\u00f3, declar\u00f3 que eran \u201casuntos personales\u201d del hoy finado: nada m\u00e1s lejos de la verdad. Seg\u00fan las primeras pesquisas, todo apunta al mun\u00edcipe y el mensaje que le dejaron fue perfectamente claro para \u00e9l, el ajuste de cuentas se advierte cercano\u2026sutil y poderoso; si eso le ocurri\u00f3 al hombre que se encargaba de su seguridad, qu\u00e9 no le puede ocurrir a \u00e9l. No se equivoquen: Vicente Guillermo Ben\u00edtez Gonz\u00e1lez gan\u00f3 la contienda electoral por la labor que \u00e9l y su equipo han realizado a\u00f1os atr\u00e1s, gan\u00f3 pese a tener cerca un lastre como Manuel Rosendo, quien en sus borracheras constantes y famosas por sus excesos, asegura que tanto Jorge Carvallo como Ben\u00edtez Gonz\u00e1lez le deben a \u00e9l ser diputados, federal y local respectivamente. Ya se ver\u00e1 cuando sea candidato al Senado, como presume; aunque con sus enfrentamientos con el Gobernador electo, dudamos siquiera que logre la candidatura a la Federal, lo que mucho le ayudar\u00eda para evadir la rendici\u00f3n de cuentas que tendr\u00e1 que enfrentar muy pronto. No se equivoquen, Ben\u00edtez Gonz\u00e1lez es el responsable directo del 90 por ciento de las obras realizadas en los municipios de Catemaco, San Andr\u00e9s y Hueyapan de Ocampo en lo que va de las administraciones actuales; su quehacer inici\u00f3 a\u00f1os atr\u00e1s por lo que su llegada al Congreso Local era un paso natural para seguir con su actividad de gestor\u00eda en pro de las familias tuxtlecas; son los mun\u00edcipes quien le deben a \u00e9l cumplirle a su pueblo y a\u00fan as\u00ed, algunos con todo y esto, fallan, verdad Manuelito?<\/p>\n<p>El diputado federal, Enrique P\u00e9rez Rodr\u00edguez, ha estado durante varios d\u00edas en la Secretaria de Finanzas y Planeaci\u00f3n del Gobierno del Estado, al parecer se ha anticipado un poco a la entrega recepci\u00f3n; se ha manejado como lo ha hecho a lo largo de su vida, de manera discreta. P\u00e9rez Rodr\u00edguez es el hombre de todas, absolutamente de todas las confianzas del gobernador electo.<\/p>\n<p>Correo electr\u00f3nico: labrujatuxtleca@gmail.com<br \/>\nTwitter: @miriamgrissel<\/p>\n","protected":false},"excerpt":{"rendered":"<p>Miriam Gracia Maga\u00f1a Pasillos y Antesalas Cuando al cierre del conteo del PREP OPLE se supo la cifra de 31, 983 votos que le dieron el triunfo a Vicente Guillermo Ben\u00edtez Gonz\u00e1lez, candidato de Nueva Alianza a la Diputaci\u00f3n Local de San Andr\u00e9s Tuxtla, sobre la coalici\u00f3n PAN-PRD y Morena, de inmediato la victoria tuvo [&hellip;]<\/p>\n","protected":false},"author":2,"featured_media":0,"comment_status":"open","ping_status":"open","sticky":false,"template":"","format":"standard","meta":{"tdm_status":"","tdm_grid_status":"","footnotes":""},"categories":[70],"tags":[290,122],"class_list":{"0":"post-23698","1":"post","2":"type-post","3":"status-publish","4":"format-standard","6":"category-de-opinion","7":"tag-manuel-rosendo-pelayo","8":"tag-san-andres-tuxtla"},"yoast_head":"<!-- This site is optimized with the Yoast SEO plugin v27.4 - https:\/\/yoast.com\/product\/yoast-seo-wordpress\/ -->\n<title>No se equivoquen, es Vicente\u2026 - Los pol\u00edticos Veracruz<\/title>\n<meta name=\"robots\" content=\"index, follow, max-snippet:-1, max-image-preview:large, max-video-preview:-1\" \/>\n<link rel=\"canonical\" href=\"https:\/\/lospoliticosveracruz.com\/?p=23698\" \/>\n<meta property=\"og:locale\" content=\"es_ES\" \/>\n<meta property=\"og:type\" content=\"article\" \/>\n<meta property=\"og:title\" content=\"No se equivoquen, es Vicente\u2026 - Los pol\u00edticos Veracruz\" \/>\n<meta property=\"og:description\" content=\"Miriam Gracia Maga\u00f1a Pasillos y Antesalas Cuando al cierre del conteo del PREP OPLE se supo la cifra de 31, 983 votos que le dieron el triunfo a Vicente Guillermo Ben\u00edtez Gonz\u00e1lez, candidato de Nueva Alianza a la Diputaci\u00f3n Local de San Andr\u00e9s Tuxtla, sobre la coalici\u00f3n PAN-PRD y Morena, de inmediato la victoria tuvo [&hellip;]\" \/>\n<meta property=\"og:url\" content=\"https:\/\/lospoliticosveracruz.com\/?p=23698\" \/>\n<meta property=\"og:site_name\" content=\"Los pol\u00edticos Veracruz\" \/>\n<meta property=\"article:publisher\" content=\"https:\/\/www.facebook.com\/people\/Notimemes-de-los-Polticos\/61565672886568\/\" \/>\n<meta property=\"article:published_time\" content=\"2016-06-14T13:13:38+00:00\" \/>\n<meta property=\"og:image\" content=\"http:\/\/www.lospoliticosveracruz.com.mx\/wp-content\/uploads\/2008\/10\/Vicente-Ben-C3-ADtez-3.jpg\" \/>\n<meta name=\"author\" content=\"Lo viste en Los Pol\u00edticos\" \/>\n<meta name=\"twitter:card\" content=\"summary_large_image\" \/>\n<meta name=\"twitter:creator\" content=\"@LosPoliticosVer\" \/>\n<meta name=\"twitter:site\" content=\"@LosPoliticosVer\" \/>\n<meta name=\"twitter:label1\" content=\"Escrito por\" \/>\n\t<meta name=\"twitter:data1\" content=\"Lo viste en Los Pol\u00edticos\" \/>\n\t<meta name=\"twitter:label2\" content=\"Tiempo de lectura\" \/>\n\t<meta name=\"twitter:data2\" content=\"4 minutos\" \/>\n<script type=\"application\/ld+json\" class=\"yoast-schema-graph\">{\"@context\":\"https:\\\/\\\/schema.org\",\"@graph\":[{\"@type\":\"Article\",\"@id\":\"https:\\\/\\\/lospoliticosveracruz.com\\\/?p=23698#article\",\"isPartOf\":{\"@id\":\"https:\\\/\\\/lospoliticosveracruz.com\\\/?p=23698\"},\"author\":{\"name\":\"Lo viste en Los Pol\u00edticos\",\"@id\":\"https:\\\/\\\/lospoliticosveracruz.com\\\/#\\\/schema\\\/person\\\/b8702bb0e538456e6efd07080bf2a4a2\"},\"headline\":\"No se equivoquen, es Vicente\u2026\",\"datePublished\":\"2016-06-14T13:13:38+00:00\",\"mainEntityOfPage\":{\"@id\":\"https:\\\/\\\/lospoliticosveracruz.com\\\/?p=23698\"},\"wordCount\":859,\"commentCount\":1,\"publisher\":{\"@id\":\"https:\\\/\\\/lospoliticosveracruz.com\\\/#organization\"},\"image\":{\"@id\":\"https:\\\/\\\/lospoliticosveracruz.com\\\/?p=23698#primaryimage\"},\"thumbnailUrl\":\"http:\\\/\\\/www.lospoliticosveracruz.com.mx\\\/wp-content\\\/uploads\\\/2008\\\/10\\\/Vicente-Ben-C3-ADtez-3.jpg\",\"keywords\":[\"Manuel Rosendo Pelayo\",\"San Andr\u00e9s Tuxtla\"],\"articleSection\":[\"De Opini\u00f3n\"],\"inLanguage\":\"es\",\"potentialAction\":[{\"@type\":\"CommentAction\",\"name\":\"Comment\",\"target\":[\"https:\\\/\\\/lospoliticosveracruz.com\\\/?p=23698#respond\"]}]},{\"@type\":\"WebPage\",\"@id\":\"https:\\\/\\\/lospoliticosveracruz.com\\\/?p=23698\",\"url\":\"https:\\\/\\\/lospoliticosveracruz.com\\\/?p=23698\",\"name\":\"No se equivoquen, es Vicente\u2026 - Los pol\u00edticos Veracruz\",\"isPartOf\":{\"@id\":\"https:\\\/\\\/lospoliticosveracruz.com\\\/#website\"},\"primaryImageOfPage\":{\"@id\":\"https:\\\/\\\/lospoliticosveracruz.com\\\/?p=23698#primaryimage\"},\"image\":{\"@id\":\"https:\\\/\\\/lospoliticosveracruz.com\\\/?p=23698#primaryimage\"},\"thumbnailUrl\":\"http:\\\/\\\/www.lospoliticosveracruz.com.mx\\\/wp-content\\\/uploads\\\/2008\\\/10\\\/Vicente-Ben-C3-ADtez-3.jpg\",\"datePublished\":\"2016-06-14T13:13:38+00:00\",\"breadcrumb\":{\"@id\":\"https:\\\/\\\/lospoliticosveracruz.com\\\/?p=23698#breadcrumb\"},\"inLanguage\":\"es\",\"potentialAction\":[{\"@type\":\"ReadAction\",\"target\":[\"https:\\\/\\\/lospoliticosveracruz.com\\\/?p=23698\"]}]},{\"@type\":\"ImageObject\",\"inLanguage\":\"es\",\"@id\":\"https:\\\/\\\/lospoliticosveracruz.com\\\/?p=23698#primaryimage\",\"url\":\"http:\\\/\\\/www.lospoliticosveracruz.com.mx\\\/wp-content\\\/uploads\\\/2008\\\/10\\\/Vicente-Ben-C3-ADtez-3.jpg\",\"contentUrl\":\"http:\\\/\\\/www.lospoliticosveracruz.com.mx\\\/wp-content\\\/uploads\\\/2008\\\/10\\\/Vicente-Ben-C3-ADtez-3.jpg\"},{\"@type\":\"BreadcrumbList\",\"@id\":\"https:\\\/\\\/lospoliticosveracruz.com\\\/?p=23698#breadcrumb\",\"itemListElement\":[{\"@type\":\"ListItem\",\"position\":1,\"name\":\"Portada\",\"item\":\"https:\\\/\\\/lospoliticosveracruz.com\\\/\"},{\"@type\":\"ListItem\",\"position\":2,\"name\":\"No se equivoquen, es Vicente\u2026\"}]},{\"@type\":\"WebSite\",\"@id\":\"https:\\\/\\\/lospoliticosveracruz.com\\\/#website\",\"url\":\"https:\\\/\\\/lospoliticosveracruz.com\\\/\",\"name\":\"Los pol\u00edticos Veracruz\",\"description\":\"\",\"publisher\":{\"@id\":\"https:\\\/\\\/lospoliticosveracruz.com\\\/#organization\"},\"potentialAction\":[{\"@type\":\"SearchAction\",\"target\":{\"@type\":\"EntryPoint\",\"urlTemplate\":\"https:\\\/\\\/lospoliticosveracruz.com\\\/?s={search_term_string}\"},\"query-input\":{\"@type\":\"PropertyValueSpecification\",\"valueRequired\":true,\"valueName\":\"search_term_string\"}}],\"inLanguage\":\"es\"},{\"@type\":\"Organization\",\"@id\":\"https:\\\/\\\/lospoliticosveracruz.com\\\/#organization\",\"name\":\"Los pol\u00edticos Veracruz\",\"url\":\"https:\\\/\\\/lospoliticosveracruz.com\\\/\",\"logo\":{\"@type\":\"ImageObject\",\"inLanguage\":\"es\",\"@id\":\"https:\\\/\\\/lospoliticosveracruz.com\\\/#\\\/schema\\\/logo\\\/image\\\/\",\"url\":\"https:\\\/\\\/lospoliticosveracruz.com\\\/wp-content\\\/uploads\\\/2025\\\/12\\\/Logo-Nuevo-LOS-POLITICOS-1.jpg\",\"contentUrl\":\"https:\\\/\\\/lospoliticosveracruz.com\\\/wp-content\\\/uploads\\\/2025\\\/12\\\/Logo-Nuevo-LOS-POLITICOS-1.jpg\",\"width\":260,\"height\":70,\"caption\":\"Los pol\u00edticos Veracruz\"},\"image\":{\"@id\":\"https:\\\/\\\/lospoliticosveracruz.com\\\/#\\\/schema\\\/logo\\\/image\\\/\"},\"sameAs\":[\"https:\\\/\\\/www.facebook.com\\\/people\\\/Notimemes-de-los-Polticos\\\/61565672886568\\\/\",\"https:\\\/\\\/x.com\\\/LosPoliticosVer\"]},{\"@type\":\"Person\",\"@id\":\"https:\\\/\\\/lospoliticosveracruz.com\\\/#\\\/schema\\\/person\\\/b8702bb0e538456e6efd07080bf2a4a2\",\"name\":\"Lo viste en Los Pol\u00edticos\",\"image\":{\"@type\":\"ImageObject\",\"inLanguage\":\"es\",\"@id\":\"https:\\\/\\\/secure.gravatar.com\\\/avatar\\\/3a8de04a2656d44082be478bd6c086daa447c4651605818287b9532d3d0bd435?s=96&d=mm&r=g\",\"url\":\"https:\\\/\\\/secure.gravatar.com\\\/avatar\\\/3a8de04a2656d44082be478bd6c086daa447c4651605818287b9532d3d0bd435?s=96&d=mm&r=g\",\"contentUrl\":\"https:\\\/\\\/secure.gravatar.com\\\/avatar\\\/3a8de04a2656d44082be478bd6c086daa447c4651605818287b9532d3d0bd435?s=96&d=mm&r=g\",\"caption\":\"Lo viste en Los Pol\u00edticos\"},\"url\":\"https:\\\/\\\/lospoliticosveracruz.com\\\/?author=2\"}]}<\/script>\n<!-- \/ Yoast SEO plugin. -->","yoast_head_json":{"title":"No se equivoquen, es Vicente\u2026 - Los pol\u00edticos Veracruz","robots":{"index":"index","follow":"follow","max-snippet":"max-snippet:-1","max-image-preview":"max-image-preview:large","max-video-preview":"max-video-preview:-1"},"canonical":"https:\/\/lospoliticosveracruz.com\/?p=23698","og_locale":"es_ES","og_type":"article","og_title":"No se equivoquen, es Vicente\u2026 - Los pol\u00edticos Veracruz","og_description":"Miriam Gracia Maga\u00f1a Pasillos y Antesalas Cuando al cierre del conteo del PREP OPLE se supo la cifra de 31, 983 votos que le dieron el triunfo a Vicente Guillermo Ben\u00edtez Gonz\u00e1lez, candidato de Nueva Alianza a la Diputaci\u00f3n Local de San Andr\u00e9s Tuxtla, sobre la coalici\u00f3n PAN-PRD y Morena, de inmediato la victoria tuvo [&hellip;]","og_url":"https:\/\/lospoliticosveracruz.com\/?p=23698","og_site_name":"Los pol\u00edticos Veracruz","article_publisher":"https:\/\/www.facebook.com\/people\/Notimemes-de-los-Polticos\/61565672886568\/","article_published_time":"2016-06-14T13:13:38+00:00","og_image":[{"url":"http:\/\/www.lospoliticosveracruz.com.mx\/wp-content\/uploads\/2008\/10\/Vicente-Ben-C3-ADtez-3.jpg","type":"","width":"","height":""}],"author":"Lo viste en Los Pol\u00edticos","twitter_card":"summary_large_image","twitter_creator":"@LosPoliticosVer","twitter_site":"@LosPoliticosVer","twitter_misc":{"Escrito por":"Lo viste en Los Pol\u00edticos","Tiempo de lectura":"4 minutos"},"schema":{"@context":"https:\/\/schema.org","@graph":[{"@type":"Article","@id":"https:\/\/lospoliticosveracruz.com\/?p=23698#article","isPartOf":{"@id":"https:\/\/lospoliticosveracruz.com\/?p=23698"},"author":{"name":"Lo viste en Los Pol\u00edticos","@id":"https:\/\/lospoliticosveracruz.com\/#\/schema\/person\/b8702bb0e538456e6efd07080bf2a4a2"},"headline":"No se equivoquen, es Vicente\u2026","datePublished":"2016-06-14T13:13:38+00:00","mainEntityOfPage":{"@id":"https:\/\/lospoliticosveracruz.com\/?p=23698"},"wordCount":859,"commentCount":1,"publisher":{"@id":"https:\/\/lospoliticosveracruz.com\/#organization"},"image":{"@id":"https:\/\/lospoliticosveracruz.com\/?p=23698#primaryimage"},"thumbnailUrl":"http:\/\/www.lospoliticosveracruz.com.mx\/wp-content\/uploads\/2008\/10\/Vicente-Ben-C3-ADtez-3.jpg","keywords":["Manuel Rosendo Pelayo","San Andr\u00e9s Tuxtla"],"articleSection":["De Opini\u00f3n"],"inLanguage":"es","potentialAction":[{"@type":"CommentAction","name":"Comment","target":["https:\/\/lospoliticosveracruz.com\/?p=23698#respond"]}]},{"@type":"WebPage","@id":"https:\/\/lospoliticosveracruz.com\/?p=23698","url":"https:\/\/lospoliticosveracruz.com\/?p=23698","name":"No se equivoquen, es Vicente\u2026 - Los pol\u00edticos Veracruz","isPartOf":{"@id":"https:\/\/lospoliticosveracruz.com\/#website"},"primaryImageOfPage":{"@id":"https:\/\/lospoliticosveracruz.com\/?p=23698#primaryimage"},"image":{"@id":"https:\/\/lospoliticosveracruz.com\/?p=23698#primaryimage"},"thumbnailUrl":"http:\/\/www.lospoliticosveracruz.com.mx\/wp-content\/uploads\/2008\/10\/Vicente-Ben-C3-ADtez-3.jpg","datePublished":"2016-06-14T13:13:38+00:00","breadcrumb":{"@id":"https:\/\/lospoliticosveracruz.com\/?p=23698#breadcrumb"},"inLanguage":"es","potentialAction":[{"@type":"ReadAction","target":["https:\/\/lospoliticosveracruz.com\/?p=23698"]}]},{"@type":"ImageObject","inLanguage":"es","@id":"https:\/\/lospoliticosveracruz.com\/?p=23698#primaryimage","url":"http:\/\/www.lospoliticosveracruz.com.mx\/wp-content\/uploads\/2008\/10\/Vicente-Ben-C3-ADtez-3.jpg","contentUrl":"http:\/\/www.lospoliticosveracruz.com.mx\/wp-content\/uploads\/2008\/10\/Vicente-Ben-C3-ADtez-3.jpg"},{"@type":"BreadcrumbList","@id":"https:\/\/lospoliticosveracruz.com\/?p=23698#breadcrumb","itemListElement":[{"@type":"ListItem","position":1,"name":"Portada","item":"https:\/\/lospoliticosveracruz.com\/"},{"@type":"ListItem","position":2,"name":"No se equivoquen, es Vicente\u2026"}]},{"@type":"WebSite","@id":"https:\/\/lospoliticosveracruz.com\/#website","url":"https:\/\/lospoliticosveracruz.com\/","name":"Los pol\u00edticos Veracruz","description":"","publisher":{"@id":"https:\/\/lospoliticosveracruz.com\/#organization"},"potentialAction":[{"@type":"SearchAction","target":{"@type":"EntryPoint","urlTemplate":"https:\/\/lospoliticosveracruz.com\/?s={search_term_string}"},"query-input":{"@type":"PropertyValueSpecification","valueRequired":true,"valueName":"search_term_string"}}],"inLanguage":"es"},{"@type":"Organization","@id":"https:\/\/lospoliticosveracruz.com\/#organization","name":"Los pol\u00edticos Veracruz","url":"https:\/\/lospoliticosveracruz.com\/","logo":{"@type":"ImageObject","inLanguage":"es","@id":"https:\/\/lospoliticosveracruz.com\/#\/schema\/logo\/image\/","url":"https:\/\/lospoliticosveracruz.com\/wp-content\/uploads\/2025\/12\/Logo-Nuevo-LOS-POLITICOS-1.jpg","contentUrl":"https:\/\/lospoliticosveracruz.com\/wp-content\/uploads\/2025\/12\/Logo-Nuevo-LOS-POLITICOS-1.jpg","width":260,"height":70,"caption":"Los pol\u00edticos Veracruz"},"image":{"@id":"https:\/\/lospoliticosveracruz.com\/#\/schema\/logo\/image\/"},"sameAs":["https:\/\/www.facebook.com\/people\/Notimemes-de-los-Polticos\/61565672886568\/","https:\/\/x.com\/LosPoliticosVer"]},{"@type":"Person","@id":"https:\/\/lospoliticosveracruz.com\/#\/schema\/person\/b8702bb0e538456e6efd07080bf2a4a2","name":"Lo viste en Los Pol\u00edticos","image":{"@type":"ImageObject","inLanguage":"es","@id":"https:\/\/secure.gravatar.com\/avatar\/3a8de04a2656d44082be478bd6c086daa447c4651605818287b9532d3d0bd435?s=96&d=mm&r=g","url":"https:\/\/secure.gravatar.com\/avatar\/3a8de04a2656d44082be478bd6c086daa447c4651605818287b9532d3d0bd435?s=96&d=mm&r=g","contentUrl":"https:\/\/secure.gravatar.com\/avatar\/3a8de04a2656d44082be478bd6c086daa447c4651605818287b9532d3d0bd435?s=96&d=mm&r=g","caption":"Lo viste en Los Pol\u00edticos"},"url":"https:\/\/lospoliticosveracruz.com\/?author=2"}]}},"_links":{"self":[{"href":"https:\/\/lospoliticosveracruz.com\/index.php?rest_route=\/wp\/v2\/posts\/23698","targetHints":{"allow":["GET"]}}],"collection":[{"href":"https:\/\/lospoliticosveracruz.com\/index.php?rest_route=\/wp\/v2\/posts"}],"about":[{"href":"https:\/\/lospoliticosveracruz.com\/index.php?rest_route=\/wp\/v2\/types\/post"}],"author":[{"embeddable":true,"href":"https:\/\/lospoliticosveracruz.com\/index.php?rest_route=\/wp\/v2\/users\/2"}],"replies":[{"embeddable":true,"href":"https:\/\/lospoliticosveracruz.com\/index.php?rest_route=%2Fwp%2Fv2%2Fcomments&post=23698"}],"version-history":[{"count":1,"href":"https:\/\/lospoliticosveracruz.com\/index.php?rest_route=\/wp\/v2\/posts\/23698\/revisions"}],"predecessor-version":[{"id":23699,"href":"https:\/\/lospoliticosveracruz.com\/index.php?rest_route=\/wp\/v2\/posts\/23698\/revisions\/23699"}],"wp:attachment":[{"href":"https:\/\/lospoliticosveracruz.com\/index.php?rest_route=%2Fwp%2Fv2%2Fmedia&parent=23698"}],"wp:term":[{"taxonomy":"category","embeddable":true,"href":"https:\/\/lospoliticosveracruz.com\/index.php?rest_route=%2Fwp%2Fv2%2Fcategories&post=23698"},{"taxonomy":"post_tag","embeddable":true,"href":"https:\/\/lospoliticosveracruz.com\/index.php?rest_route=%2Fwp%2Fv2%2Ftags&post=23698"}],"curies":[{"name":"wp","href":"https:\/\/api.w.org\/{rel}","templated":true}]}}