{"id":23702,"date":"2016-06-14T13:37:04","date_gmt":"2016-06-14T18:37:04","guid":{"rendered":"http:\/\/www.lospoliticosveracruz.com.mx\/?p=23702"},"modified":"2016-06-14T13:37:04","modified_gmt":"2016-06-14T18:37:04","slug":"la-cultura-de-la-violacion","status":"publish","type":"post","link":"https:\/\/lospoliticosveracruz.com\/?p=23702","title":{"rendered":"La cultura de la violaci\u00f3n"},"content":{"rendered":"<p><a href=\"http:\/\/www.lospoliticosveracruz.com.mx\/wp-content\/uploads\/2016\/06\/Violaci\u00f3n-de-Lucrecia.jpg\"><img loading=\"lazy\" decoding=\"async\" class=\"aligncenter size-full wp-image-23705\" src=\"http:\/\/www.lospoliticosveracruz.com.mx\/wp-content\/uploads\/2016\/06\/Violaci\u00f3n-de-Lucrecia.jpg\" alt=\"Violaci\u00f3n de Lucrecia\" width=\"600\" height=\"384\" \/><\/a><\/p>\n<p><strong>Sheyla Fuertes Lara<\/strong><\/p>\n<p><em>Mujeres que Saben Lat\u00edn<\/em><\/p>\n<p>En los \u00faltimos meses han circulado en diversos medios y en las redes sociales informaci\u00f3n de diversos casos de abuso sexual en contra de jovencitas y ni\u00f1as, este delito se ha registrado a nivel estatal y a nivel internacional.<\/p>\n<p>Aqu\u00ed en el estado hubo dos casos que causaron indignaci\u00f3n general, el de la joven Daphne Fern\u00e1ndez, qui\u00e9n denunci\u00f3 a sus agresores y conforme a los hechos se determin\u00f3 el delito de pederastia por ser menor de edad.<\/p>\n<p>Poco despu\u00e9s, se denunci\u00f3 otro, el de una joven de 19 a\u00f1os de edad que fue violada, grabada y exhibida por tres estudiantes de la Universidad del Valle de M\u00e9xico. La madre de la joven present\u00f3 la denuncia y los estudiantes fueron dados de baja de la universidad.<\/p>\n<p>Y si esto no fuera poco, tambi\u00e9n conocimos la brutal violaci\u00f3n colectiva a una joven de 16 a\u00f1os drogada y violada por 30 hombres y de la que presumieron en redes sociales, hecho que despert\u00f3 la indignaci\u00f3n en Brasil y en el mundo.<\/p>\n<p>Otro caso terrible ocurri\u00f3 en Utah Estados Unidos, en el que una menor de 9 a\u00f1os de edad fue violada por tres hombres, que m\u00e1s tarde fueron detenidos acusados de violaci\u00f3n en primer grado y sodom\u00eda a un infante.<\/p>\n<p>Estos hechos tambi\u00e9n provocaron la ira en gran parte de la sociedad porque no es posible que siga present\u00e1ndose la cultura de la violaci\u00f3n como algo normal y que los delitos queden impunes. Y es que esta sociedad machista se normaliza la violencia y se sigue culpando a las mujeres de ser v\u00edctimas de estos sucesos.<\/p>\n<p>\u00bfCu\u00e1ntas veces no hemos escuchado que si algo nos pasa es porque nos lo buscamos, porque \u00edbamos solas, por c\u00f3mo nos vestimos, por c\u00f3mo caminamos, porque nos subimos al auto de un conocido o desconocido, porque fuimos a su casa, entre tantas m\u00e1s?<\/p>\n<p>Lo que las personas no terminan de comprender es que una mujer puede vestirse como quiera, caminar sola, estar donde ella quiera, subirse al auto de quien quiera, pero nadie puede obligarla a hacer lo que no quiera, nadie tiene derecho a agredirnos.<\/p>\n<p>Lo que se tiene que hacer es dejar los prejuicios moralistas de lado, porque no abonan y hacen ver los hechos de violencia como algo que se buscan las mujeres, y se les quita la responsabilidad a los victimarios.<\/p>\n<p>Hace unos d\u00edas escuchaba en una conferencia al ponente decir, que un hombre tambi\u00e9n puede ser violado por una mujer, ojal\u00e1 hubiera presentado datos que puedan demostrar esto. Pero no lo hizo. En cambio, las agresiones sexuales de las que se tiene registro siguen siendo de hombres hacia mujeres, ni\u00f1as, personas homosexuales y transg\u00e9nero, porque hay una cultura que les permite a los varones disponer de los cuerpos que considera vulnerables y sobre los que puede demostrar poder: \u00e9sa es la cultura de la violaci\u00f3n.<\/p>\n<p>El tema es que las sociedades cambian y no podemos quedarnos atr\u00e1s y seguir reproduciendo la misma educaci\u00f3n que recibieron nuestros ancestros. Tenemos que educar en la construcci\u00f3n de relaciones igualitarias basadas en el respeto y reconocimiento de las mujeres como seres de derecho; en esto deben enfocarse quienes tienen hijas, hijos, para no seguir propiciando relaciones de poder, de dominaci\u00f3n, porque est\u00e1 demostrado que lo \u00fanico que provocan es m\u00e1s violencia.<\/p>\n<p>Y no, la violencia no es normal, son procesos aprendidos que podemos desaprender, y en esto nos toca participar a todas las personas, no s\u00f3lo a las mujeres. Que faltan muchas cosas para logarlo, s\u00ed; que falta mucho para ver un cambio, igual. Pero desde nuestro entorno podemos contribuir con un grano de arena, para cambiar esto. Vale la pena que lo hagamos.<\/p>\n","protected":false},"excerpt":{"rendered":"<p>Sheyla Fuertes Lara Mujeres que Saben Lat\u00edn En los \u00faltimos meses han circulado en diversos medios y en las redes sociales informaci\u00f3n de diversos casos de abuso sexual en contra de jovencitas y ni\u00f1as, este delito se ha registrado a nivel estatal y a nivel internacional. Aqu\u00ed en el estado hubo dos casos que causaron [&hellip;]<\/p>\n","protected":false},"author":2,"featured_media":0,"comment_status":"open","ping_status":"open","sticky":false,"template":"","format":"standard","meta":{"tdm_status":"","tdm_grid_status":"","footnotes":""},"categories":[70],"tags":[5259],"class_list":{"0":"post-23702","1":"post","2":"type-post","3":"status-publish","4":"format-standard","6":"category-de-opinion","7":"tag-daphne-fernandez"},"yoast_head":"<!-- This site is optimized with the Yoast SEO plugin v27.4 - https:\/\/yoast.com\/product\/yoast-seo-wordpress\/ -->\n<title>La cultura de la violaci\u00f3n - Los pol\u00edticos Veracruz<\/title>\n<meta name=\"robots\" content=\"index, follow, max-snippet:-1, max-image-preview:large, max-video-preview:-1\" \/>\n<link rel=\"canonical\" href=\"https:\/\/lospoliticosveracruz.com\/?p=23702\" \/>\n<meta property=\"og:locale\" content=\"es_ES\" \/>\n<meta property=\"og:type\" content=\"article\" \/>\n<meta property=\"og:title\" content=\"La cultura de la violaci\u00f3n - Los pol\u00edticos Veracruz\" \/>\n<meta property=\"og:description\" content=\"Sheyla Fuertes Lara Mujeres que Saben Lat\u00edn En los \u00faltimos meses han circulado en diversos medios y en las redes sociales informaci\u00f3n de diversos casos de abuso sexual en contra de jovencitas y ni\u00f1as, este delito se ha registrado a nivel estatal y a nivel internacional. Aqu\u00ed en el estado hubo dos casos que causaron [&hellip;]\" \/>\n<meta property=\"og:url\" content=\"https:\/\/lospoliticosveracruz.com\/?p=23702\" \/>\n<meta property=\"og:site_name\" content=\"Los pol\u00edticos Veracruz\" \/>\n<meta property=\"article:publisher\" content=\"https:\/\/www.facebook.com\/people\/Notimemes-de-los-Polticos\/61565672886568\/\" \/>\n<meta property=\"article:published_time\" content=\"2016-06-14T18:37:04+00:00\" \/>\n<meta property=\"og:image\" content=\"https:\/\/lospoliticosveracruz.com\/wp-content\/uploads\/2016\/07\/Logo-Dor.jpg\" \/>\n\t<meta property=\"og:image:width\" content=\"200\" \/>\n\t<meta property=\"og:image:height\" content=\"200\" \/>\n\t<meta property=\"og:image:type\" content=\"image\/jpeg\" \/>\n<meta name=\"author\" content=\"Lo viste en Los Pol\u00edticos\" \/>\n<meta name=\"twitter:card\" content=\"summary_large_image\" \/>\n<meta name=\"twitter:creator\" content=\"@LosPoliticosVer\" \/>\n<meta name=\"twitter:site\" content=\"@LosPoliticosVer\" \/>\n<meta name=\"twitter:label1\" content=\"Escrito por\" \/>\n\t<meta name=\"twitter:data1\" content=\"Lo viste en Los Pol\u00edticos\" \/>\n\t<meta name=\"twitter:label2\" content=\"Tiempo de lectura\" \/>\n\t<meta name=\"twitter:data2\" content=\"3 minutos\" \/>\n<script type=\"application\/ld+json\" class=\"yoast-schema-graph\">{\"@context\":\"https:\\\/\\\/schema.org\",\"@graph\":[{\"@type\":\"Article\",\"@id\":\"https:\\\/\\\/lospoliticosveracruz.com\\\/?p=23702#article\",\"isPartOf\":{\"@id\":\"https:\\\/\\\/lospoliticosveracruz.com\\\/?p=23702\"},\"author\":{\"name\":\"Lo viste en Los Pol\u00edticos\",\"@id\":\"https:\\\/\\\/lospoliticosveracruz.com\\\/#\\\/schema\\\/person\\\/b8702bb0e538456e6efd07080bf2a4a2\"},\"headline\":\"La cultura de la violaci\u00f3n\",\"datePublished\":\"2016-06-14T18:37:04+00:00\",\"mainEntityOfPage\":{\"@id\":\"https:\\\/\\\/lospoliticosveracruz.com\\\/?p=23702\"},\"wordCount\":653,\"commentCount\":0,\"publisher\":{\"@id\":\"https:\\\/\\\/lospoliticosveracruz.com\\\/#organization\"},\"keywords\":[\"Daphne Fern\u00e1ndez\"],\"articleSection\":[\"De Opini\u00f3n\"],\"inLanguage\":\"es\",\"potentialAction\":[{\"@type\":\"CommentAction\",\"name\":\"Comment\",\"target\":[\"https:\\\/\\\/lospoliticosveracruz.com\\\/?p=23702#respond\"]}]},{\"@type\":\"WebPage\",\"@id\":\"https:\\\/\\\/lospoliticosveracruz.com\\\/?p=23702\",\"url\":\"https:\\\/\\\/lospoliticosveracruz.com\\\/?p=23702\",\"name\":\"La cultura de la violaci\u00f3n - Los pol\u00edticos Veracruz\",\"isPartOf\":{\"@id\":\"https:\\\/\\\/lospoliticosveracruz.com\\\/#website\"},\"datePublished\":\"2016-06-14T18:37:04+00:00\",\"breadcrumb\":{\"@id\":\"https:\\\/\\\/lospoliticosveracruz.com\\\/?p=23702#breadcrumb\"},\"inLanguage\":\"es\",\"potentialAction\":[{\"@type\":\"ReadAction\",\"target\":[\"https:\\\/\\\/lospoliticosveracruz.com\\\/?p=23702\"]}]},{\"@type\":\"BreadcrumbList\",\"@id\":\"https:\\\/\\\/lospoliticosveracruz.com\\\/?p=23702#breadcrumb\",\"itemListElement\":[{\"@type\":\"ListItem\",\"position\":1,\"name\":\"Portada\",\"item\":\"https:\\\/\\\/lospoliticosveracruz.com\\\/\"},{\"@type\":\"ListItem\",\"position\":2,\"name\":\"La cultura de la violaci\u00f3n\"}]},{\"@type\":\"WebSite\",\"@id\":\"https:\\\/\\\/lospoliticosveracruz.com\\\/#website\",\"url\":\"https:\\\/\\\/lospoliticosveracruz.com\\\/\",\"name\":\"Los pol\u00edticos Veracruz\",\"description\":\"\",\"publisher\":{\"@id\":\"https:\\\/\\\/lospoliticosveracruz.com\\\/#organization\"},\"potentialAction\":[{\"@type\":\"SearchAction\",\"target\":{\"@type\":\"EntryPoint\",\"urlTemplate\":\"https:\\\/\\\/lospoliticosveracruz.com\\\/?s={search_term_string}\"},\"query-input\":{\"@type\":\"PropertyValueSpecification\",\"valueRequired\":true,\"valueName\":\"search_term_string\"}}],\"inLanguage\":\"es\"},{\"@type\":\"Organization\",\"@id\":\"https:\\\/\\\/lospoliticosveracruz.com\\\/#organization\",\"name\":\"Los pol\u00edticos Veracruz\",\"url\":\"https:\\\/\\\/lospoliticosveracruz.com\\\/\",\"logo\":{\"@type\":\"ImageObject\",\"inLanguage\":\"es\",\"@id\":\"https:\\\/\\\/lospoliticosveracruz.com\\\/#\\\/schema\\\/logo\\\/image\\\/\",\"url\":\"https:\\\/\\\/lospoliticosveracruz.com\\\/wp-content\\\/uploads\\\/2025\\\/12\\\/Logo-Nuevo-LOS-POLITICOS-1.jpg\",\"contentUrl\":\"https:\\\/\\\/lospoliticosveracruz.com\\\/wp-content\\\/uploads\\\/2025\\\/12\\\/Logo-Nuevo-LOS-POLITICOS-1.jpg\",\"width\":260,\"height\":70,\"caption\":\"Los pol\u00edticos Veracruz\"},\"image\":{\"@id\":\"https:\\\/\\\/lospoliticosveracruz.com\\\/#\\\/schema\\\/logo\\\/image\\\/\"},\"sameAs\":[\"https:\\\/\\\/www.facebook.com\\\/people\\\/Notimemes-de-los-Polticos\\\/61565672886568\\\/\",\"https:\\\/\\\/x.com\\\/LosPoliticosVer\"]},{\"@type\":\"Person\",\"@id\":\"https:\\\/\\\/lospoliticosveracruz.com\\\/#\\\/schema\\\/person\\\/b8702bb0e538456e6efd07080bf2a4a2\",\"name\":\"Lo viste en Los Pol\u00edticos\",\"image\":{\"@type\":\"ImageObject\",\"inLanguage\":\"es\",\"@id\":\"https:\\\/\\\/secure.gravatar.com\\\/avatar\\\/3a8de04a2656d44082be478bd6c086daa447c4651605818287b9532d3d0bd435?s=96&d=mm&r=g\",\"url\":\"https:\\\/\\\/secure.gravatar.com\\\/avatar\\\/3a8de04a2656d44082be478bd6c086daa447c4651605818287b9532d3d0bd435?s=96&d=mm&r=g\",\"contentUrl\":\"https:\\\/\\\/secure.gravatar.com\\\/avatar\\\/3a8de04a2656d44082be478bd6c086daa447c4651605818287b9532d3d0bd435?s=96&d=mm&r=g\",\"caption\":\"Lo viste en Los Pol\u00edticos\"},\"url\":\"https:\\\/\\\/lospoliticosveracruz.com\\\/?author=2\"}]}<\/script>\n<!-- \/ Yoast SEO plugin. -->","yoast_head_json":{"title":"La cultura de la violaci\u00f3n - Los pol\u00edticos Veracruz","robots":{"index":"index","follow":"follow","max-snippet":"max-snippet:-1","max-image-preview":"max-image-preview:large","max-video-preview":"max-video-preview:-1"},"canonical":"https:\/\/lospoliticosveracruz.com\/?p=23702","og_locale":"es_ES","og_type":"article","og_title":"La cultura de la violaci\u00f3n - Los pol\u00edticos Veracruz","og_description":"Sheyla Fuertes Lara Mujeres que Saben Lat\u00edn En los \u00faltimos meses han circulado en diversos medios y en las redes sociales informaci\u00f3n de diversos casos de abuso sexual en contra de jovencitas y ni\u00f1as, este delito se ha registrado a nivel estatal y a nivel internacional. Aqu\u00ed en el estado hubo dos casos que causaron [&hellip;]","og_url":"https:\/\/lospoliticosveracruz.com\/?p=23702","og_site_name":"Los pol\u00edticos Veracruz","article_publisher":"https:\/\/www.facebook.com\/people\/Notimemes-de-los-Polticos\/61565672886568\/","article_published_time":"2016-06-14T18:37:04+00:00","og_image":[{"width":200,"height":200,"url":"https:\/\/lospoliticosveracruz.com\/wp-content\/uploads\/2016\/07\/Logo-Dor.jpg","type":"image\/jpeg"}],"author":"Lo viste en Los Pol\u00edticos","twitter_card":"summary_large_image","twitter_creator":"@LosPoliticosVer","twitter_site":"@LosPoliticosVer","twitter_misc":{"Escrito por":"Lo viste en Los Pol\u00edticos","Tiempo de lectura":"3 minutos"},"schema":{"@context":"https:\/\/schema.org","@graph":[{"@type":"Article","@id":"https:\/\/lospoliticosveracruz.com\/?p=23702#article","isPartOf":{"@id":"https:\/\/lospoliticosveracruz.com\/?p=23702"},"author":{"name":"Lo viste en Los Pol\u00edticos","@id":"https:\/\/lospoliticosveracruz.com\/#\/schema\/person\/b8702bb0e538456e6efd07080bf2a4a2"},"headline":"La cultura de la violaci\u00f3n","datePublished":"2016-06-14T18:37:04+00:00","mainEntityOfPage":{"@id":"https:\/\/lospoliticosveracruz.com\/?p=23702"},"wordCount":653,"commentCount":0,"publisher":{"@id":"https:\/\/lospoliticosveracruz.com\/#organization"},"keywords":["Daphne Fern\u00e1ndez"],"articleSection":["De Opini\u00f3n"],"inLanguage":"es","potentialAction":[{"@type":"CommentAction","name":"Comment","target":["https:\/\/lospoliticosveracruz.com\/?p=23702#respond"]}]},{"@type":"WebPage","@id":"https:\/\/lospoliticosveracruz.com\/?p=23702","url":"https:\/\/lospoliticosveracruz.com\/?p=23702","name":"La cultura de la violaci\u00f3n - Los pol\u00edticos Veracruz","isPartOf":{"@id":"https:\/\/lospoliticosveracruz.com\/#website"},"datePublished":"2016-06-14T18:37:04+00:00","breadcrumb":{"@id":"https:\/\/lospoliticosveracruz.com\/?p=23702#breadcrumb"},"inLanguage":"es","potentialAction":[{"@type":"ReadAction","target":["https:\/\/lospoliticosveracruz.com\/?p=23702"]}]},{"@type":"BreadcrumbList","@id":"https:\/\/lospoliticosveracruz.com\/?p=23702#breadcrumb","itemListElement":[{"@type":"ListItem","position":1,"name":"Portada","item":"https:\/\/lospoliticosveracruz.com\/"},{"@type":"ListItem","position":2,"name":"La cultura de la violaci\u00f3n"}]},{"@type":"WebSite","@id":"https:\/\/lospoliticosveracruz.com\/#website","url":"https:\/\/lospoliticosveracruz.com\/","name":"Los pol\u00edticos Veracruz","description":"","publisher":{"@id":"https:\/\/lospoliticosveracruz.com\/#organization"},"potentialAction":[{"@type":"SearchAction","target":{"@type":"EntryPoint","urlTemplate":"https:\/\/lospoliticosveracruz.com\/?s={search_term_string}"},"query-input":{"@type":"PropertyValueSpecification","valueRequired":true,"valueName":"search_term_string"}}],"inLanguage":"es"},{"@type":"Organization","@id":"https:\/\/lospoliticosveracruz.com\/#organization","name":"Los pol\u00edticos Veracruz","url":"https:\/\/lospoliticosveracruz.com\/","logo":{"@type":"ImageObject","inLanguage":"es","@id":"https:\/\/lospoliticosveracruz.com\/#\/schema\/logo\/image\/","url":"https:\/\/lospoliticosveracruz.com\/wp-content\/uploads\/2025\/12\/Logo-Nuevo-LOS-POLITICOS-1.jpg","contentUrl":"https:\/\/lospoliticosveracruz.com\/wp-content\/uploads\/2025\/12\/Logo-Nuevo-LOS-POLITICOS-1.jpg","width":260,"height":70,"caption":"Los pol\u00edticos Veracruz"},"image":{"@id":"https:\/\/lospoliticosveracruz.com\/#\/schema\/logo\/image\/"},"sameAs":["https:\/\/www.facebook.com\/people\/Notimemes-de-los-Polticos\/61565672886568\/","https:\/\/x.com\/LosPoliticosVer"]},{"@type":"Person","@id":"https:\/\/lospoliticosveracruz.com\/#\/schema\/person\/b8702bb0e538456e6efd07080bf2a4a2","name":"Lo viste en Los Pol\u00edticos","image":{"@type":"ImageObject","inLanguage":"es","@id":"https:\/\/secure.gravatar.com\/avatar\/3a8de04a2656d44082be478bd6c086daa447c4651605818287b9532d3d0bd435?s=96&d=mm&r=g","url":"https:\/\/secure.gravatar.com\/avatar\/3a8de04a2656d44082be478bd6c086daa447c4651605818287b9532d3d0bd435?s=96&d=mm&r=g","contentUrl":"https:\/\/secure.gravatar.com\/avatar\/3a8de04a2656d44082be478bd6c086daa447c4651605818287b9532d3d0bd435?s=96&d=mm&r=g","caption":"Lo viste en Los Pol\u00edticos"},"url":"https:\/\/lospoliticosveracruz.com\/?author=2"}]}},"_links":{"self":[{"href":"https:\/\/lospoliticosveracruz.com\/index.php?rest_route=\/wp\/v2\/posts\/23702","targetHints":{"allow":["GET"]}}],"collection":[{"href":"https:\/\/lospoliticosveracruz.com\/index.php?rest_route=\/wp\/v2\/posts"}],"about":[{"href":"https:\/\/lospoliticosveracruz.com\/index.php?rest_route=\/wp\/v2\/types\/post"}],"author":[{"embeddable":true,"href":"https:\/\/lospoliticosveracruz.com\/index.php?rest_route=\/wp\/v2\/users\/2"}],"replies":[{"embeddable":true,"href":"https:\/\/lospoliticosveracruz.com\/index.php?rest_route=%2Fwp%2Fv2%2Fcomments&post=23702"}],"version-history":[{"count":1,"href":"https:\/\/lospoliticosveracruz.com\/index.php?rest_route=\/wp\/v2\/posts\/23702\/revisions"}],"predecessor-version":[{"id":23706,"href":"https:\/\/lospoliticosveracruz.com\/index.php?rest_route=\/wp\/v2\/posts\/23702\/revisions\/23706"}],"wp:attachment":[{"href":"https:\/\/lospoliticosveracruz.com\/index.php?rest_route=%2Fwp%2Fv2%2Fmedia&parent=23702"}],"wp:term":[{"taxonomy":"category","embeddable":true,"href":"https:\/\/lospoliticosveracruz.com\/index.php?rest_route=%2Fwp%2Fv2%2Fcategories&post=23702"},{"taxonomy":"post_tag","embeddable":true,"href":"https:\/\/lospoliticosveracruz.com\/index.php?rest_route=%2Fwp%2Fv2%2Ftags&post=23702"}],"curies":[{"name":"wp","href":"https:\/\/api.w.org\/{rel}","templated":true}]}}