{"id":23741,"date":"2016-06-15T22:28:44","date_gmt":"2016-06-16T03:28:44","guid":{"rendered":"http:\/\/www.lospoliticosveracruz.com.mx\/?p=23741"},"modified":"2016-06-15T22:28:44","modified_gmt":"2016-06-16T03:28:44","slug":"erika-ayala-y-la-ley-anticorrupcion","status":"publish","type":"post","link":"https:\/\/lospoliticosveracruz.com\/?p=23741","title":{"rendered":"\u00c9rika Ayala y la Ley Anticorrupci\u00f3n"},"content":{"rendered":"<p><a href=\"http:\/\/www.lospoliticosveracruz.com.mx\/wp-content\/uploads\/2015\/09\/Erika-Ayala-R\u00edos.jpg\"><img loading=\"lazy\" decoding=\"async\" class=\"aligncenter size-full wp-image-17750\" src=\"http:\/\/www.lospoliticosveracruz.com.mx\/wp-content\/uploads\/2015\/09\/Erika-Ayala-R\u00edos.jpg\" alt=\"Erika Ayala R\u00edos\" width=\"600\" height=\"411\" \/><\/a><\/p>\n<p><strong>Luis Alberto Romero<\/strong><\/p>\n<p><em>Hora Cero<\/em><\/p>\n<p>Luego de la andanada de cr\u00edticas y se\u00f1alamientos lanzados por el Partido Acci\u00f3n Nacional contra los senadores del Revolucionario Institucional que supuestamente votaron en contra de la ley anticorrupci\u00f3n discutida en la c\u00e1mara alta, la senadora veracruzana \u00c9rika Ayala R\u00edos aclar\u00f3 que su voto fue a favor del dictamen elaborado en comisiones y en contra de las modificaciones al mismo, que pretend\u00edan hacer PAN y PRD al cuarto para las doce.<\/p>\n<p>El asunto relacionado con la ley anticorrupci\u00f3n acapara la atenci\u00f3n dentro de la agenda legislativa nacional; es un paquete que b\u00e1sicamente consta de 5 ordenamientos jur\u00eddicos: la Ley General del Sistema Nacional Anticorrupci\u00f3n; la Ley General de Responsabilidades Administrativas, ambas ya aprobadas por el Senado de la Rep\u00fablica; la Ley Org\u00e1nica del Tribunal Federal de Justicia Administrativa; el C\u00f3digo Penal Federal; y la Ley Org\u00e1nica de la Procuradur\u00eda General de la Rep\u00fablica; los \u00faltimos tres todav\u00eda est\u00e1n en discusi\u00f3n.<\/p>\n<p>Originalmente, esta iniciativa de ley fue presentada y avalada, de manera p\u00fablica, como Ley 3 de 3, por diversas organizaciones no gubernamentales, como Transparencia Mexicana, el Instituto Mexicano para la Competitividad, Causa en Com\u00fan, Ciudadanos por la Transparencia, la Confederaci\u00f3n Patronal de la Rep\u00fablica Mexicana, el Observatorio Nacional Ciudadano, Sociedad en Movimiento y M\u00e9xico Vigila, entre muchas otras.<\/p>\n<p>En total, m\u00e1s de 600 mil mexicanos de todos los estados del pa\u00eds se pronunciaron por la necesidad de que la clase pol\u00edtica fuera obligada a rendir cuentas claras; es ah\u00ed donde surgieron algunos planteamientos relacionados con la transparencia, por ejemplo, que quienes ocupan cargos p\u00fablicos deber\u00edan presentar sus declaraciones patrimonial, fiscal y de intereses, as\u00ed como las de sus familiares directos.<\/p>\n<p>El caso es que luego de la aprobaci\u00f3n, durante la madrugada de este mi\u00e9rcoles, de la Ley General de Responsabilidades Administrativas, gener\u00f3 duras cr\u00edticas de organizaciones civiles y no gubernamentales, que calificaron el ordenamiento jur\u00eddico aprobado en el Senado como un documento light y descafeinado, una versi\u00f3n edulcorada y sin gluten de la iniciativa ciudadana 3 de 3.<\/p>\n<p>De inmediato, senadores de los partidos Acci\u00f3n Nacional y de la Revoluci\u00f3n Democr\u00e1tica, as\u00ed como del Movimiento de Regeneraci\u00f3n Nacional se apresuraron a desmarcarse de la responsabilidad en la elaboraci\u00f3n de dicha ley, apuntando que los priistas votaron en contra de las modificaciones que se pretend\u00edan.<\/p>\n<p>Ante ello, la senadora veracruzana \u00c9rika Ayala R\u00edos, quien fue tajante al negar que su voto se haya registrado contra la iniciativa; de hecho, aclar\u00f3 que vot\u00f3 a favor del proyecto elaborado en comisiones y en contra de las modificaciones que pretend\u00edan realizar panistas y perredistas, por considerar que \u00e9stas se planteaban como ocurrencias, documentos elaborados sobre las rodillas, que carec\u00edan de sustento.<\/p>\n<p>Nosotros, subray\u00f3 Ayala R\u00edos, votamos en contra de la modificaci\u00f3n a los dict\u00e1menes que salieron de las comisiones, pero a favor de la Ley de Responsabilidades Administrativas, que finalmente fue aprobada.<\/p>\n<p>Argumenta, con raz\u00f3n, que el documento aprobado por la madrugada del mi\u00e9rcoles, a fin de cuentas, sali\u00f3 de comisiones, donde debaten los senadores que representan, sin excepci\u00f3n, a todas las fuerzas pol\u00edticas.<\/p>\n<p>Es ah\u00ed, en comisiones, donde los senadores dejaron fuera la obligatoriedad de hacer p\u00fablicas las declaraciones de la clase pol\u00edtica, porque ello contraviene otros ordenamientos jur\u00eddicos de nuestro pa\u00eds, destac\u00f3 la tambi\u00e9n lideresa del sindicato del Cobaev.<\/p>\n<p><strong>L\u00ednea a diputados<\/strong><\/p>\n<p>La reuni\u00f3n que encabez\u00f3 el gobernador Javier Duarte de Ochoa este mi\u00e9rcoles con diputados locales, en Casa Veracruz, seguramente despert\u00f3 suspicacias entre m\u00e1s de uno.<\/p>\n<p>Se supone que los temas tuvieron que ver con la agenda legislativa veracruzana y, en ese sentido, uno de los temas que se abordaron es la reforma al art\u00edculo 98 de la Ley del Instituto de Pensiones del Estado.<\/p>\n<p>Sin embargo, la reuni\u00f3n tambi\u00e9n genera expectativa porque ser\u00e1 este jueves cuando en la sesi\u00f3n plenaria del Congreso local se presentar\u00e1 la convocatoria para designar, por cinco a\u00f1os, al fiscal anticorrupci\u00f3n.<\/p>\n<p>El tema del nombre o los nombres de los posibles candidatos al cargo ha generado posturas encontradas entre los diferentes grupos pol\u00edticos y sectores involucrados.<\/p>\n<p>Por eso, en la reuni\u00f3n en la que estuvieron presentes el titular de la Secretar\u00eda de Gobierno, Flavino R\u00edos; el subsecretario Genaro Mej\u00eda de la Merced; la presidenta de la Mesa Directiva del Congreso local, Octavia Ortega Arteaga; el presidente de la Junta de Coordinaci\u00f3n Pol\u00edtica, Juan Nicol\u00e1s Callejas Arroyo, y otras invitados m\u00e1s, pone a a pensar sobre los acuerdos que se habr\u00edan tomado y que se conocer\u00e1n este jueves en la sesi\u00f3n del Congreso.<\/p>\n<p><strong>Festival de las Flores<\/strong><\/p>\n<p>Ser\u00e1 este jueves 16 de junio, a las 20:00 horas, cuando se presente en el Xallitic, el Festival de las Flores, Xalapa llena de luz, un evento que, a decir de sus organizadores, ser\u00e1 \u00fanico y el mejor del pa\u00eds, con la presencia de Juan Gabriel, Francisco C\u00e9spedes, Natalia Lafourcade y Pablo Milan\u00e9s, entre otros.<\/p>\n<p>Los nombres de estos cantantes ya alborotaron a los xalape\u00f1os, quienes ya preguntan por las fechas y el boletaje. El Patronato de la Cultura, Artes y Fiestas de M\u00e9xico AC, que presiden Ernesto Aguilar Yarmuch y Mauricio Cuevas Gayosso, ya est\u00e1 listo para brindar, en nombre del ayuntamiento que encabeza Am\u00e9rico Z\u00fa\u00f1iga Mart\u00ednez, el mejor festival que haya visto Xalapa en muchos a\u00f1os, nos dicen.<\/p>\n","protected":false},"excerpt":{"rendered":"<p>Luis Alberto Romero Hora Cero Luego de la andanada de cr\u00edticas y se\u00f1alamientos lanzados por el Partido Acci\u00f3n Nacional contra los senadores del Revolucionario Institucional que supuestamente votaron en contra de la ley anticorrupci\u00f3n discutida en la c\u00e1mara alta, la senadora veracruzana \u00c9rika Ayala R\u00edos aclar\u00f3 que su voto fue a favor del dictamen elaborado [&hellip;]<\/p>\n","protected":false},"author":2,"featured_media":0,"comment_status":"open","ping_status":"open","sticky":false,"template":"","format":"standard","meta":{"tdm_status":"","tdm_grid_status":"","footnotes":""},"categories":[70],"tags":[539,3525,5511,4727,96],"class_list":{"0":"post-23741","1":"post","2":"type-post","3":"status-publish","4":"format-standard","6":"category-de-opinion","7":"tag-americo-zuniga-martinez","8":"tag-erika-ayala-rios","9":"tag-festival-de-las-flores","10":"tag-ley-3-de-3","11":"tag-xalapa"},"yoast_head":"<!-- This site is optimized with the Yoast SEO plugin v27.4 - https:\/\/yoast.com\/product\/yoast-seo-wordpress\/ -->\n<title>\u00c9rika Ayala y la Ley Anticorrupci\u00f3n - Los pol\u00edticos Veracruz<\/title>\n<meta name=\"robots\" content=\"index, follow, max-snippet:-1, max-image-preview:large, max-video-preview:-1\" \/>\n<link rel=\"canonical\" href=\"https:\/\/lospoliticosveracruz.com\/?p=23741\" \/>\n<meta property=\"og:locale\" content=\"es_ES\" \/>\n<meta property=\"og:type\" content=\"article\" \/>\n<meta property=\"og:title\" content=\"\u00c9rika Ayala y la Ley Anticorrupci\u00f3n - Los pol\u00edticos Veracruz\" \/>\n<meta property=\"og:description\" content=\"Luis Alberto Romero Hora Cero Luego de la andanada de cr\u00edticas y se\u00f1alamientos lanzados por el Partido Acci\u00f3n Nacional contra los senadores del Revolucionario Institucional que supuestamente votaron en contra de la ley anticorrupci\u00f3n discutida en la c\u00e1mara alta, la senadora veracruzana \u00c9rika Ayala R\u00edos aclar\u00f3 que su voto fue a favor del dictamen elaborado [&hellip;]\" \/>\n<meta property=\"og:url\" content=\"https:\/\/lospoliticosveracruz.com\/?p=23741\" \/>\n<meta property=\"og:site_name\" content=\"Los pol\u00edticos Veracruz\" \/>\n<meta property=\"article:publisher\" content=\"https:\/\/www.facebook.com\/people\/Notimemes-de-los-Polticos\/61565672886568\/\" \/>\n<meta property=\"article:published_time\" content=\"2016-06-16T03:28:44+00:00\" \/>\n<meta property=\"og:image\" content=\"https:\/\/lospoliticosveracruz.com\/wp-content\/uploads\/2016\/07\/Logo-Dor.jpg\" \/>\n\t<meta property=\"og:image:width\" content=\"200\" \/>\n\t<meta property=\"og:image:height\" content=\"200\" \/>\n\t<meta property=\"og:image:type\" content=\"image\/jpeg\" \/>\n<meta name=\"author\" content=\"Lo viste en Los Pol\u00edticos\" \/>\n<meta name=\"twitter:card\" content=\"summary_large_image\" \/>\n<meta name=\"twitter:creator\" content=\"@LosPoliticosVer\" \/>\n<meta name=\"twitter:site\" content=\"@LosPoliticosVer\" \/>\n<meta name=\"twitter:label1\" content=\"Escrito por\" \/>\n\t<meta name=\"twitter:data1\" content=\"Lo viste en Los Pol\u00edticos\" \/>\n\t<meta name=\"twitter:label2\" content=\"Tiempo de lectura\" \/>\n\t<meta name=\"twitter:data2\" content=\"5 minutos\" \/>\n<script type=\"application\/ld+json\" class=\"yoast-schema-graph\">{\"@context\":\"https:\\\/\\\/schema.org\",\"@graph\":[{\"@type\":\"Article\",\"@id\":\"https:\\\/\\\/lospoliticosveracruz.com\\\/?p=23741#article\",\"isPartOf\":{\"@id\":\"https:\\\/\\\/lospoliticosveracruz.com\\\/?p=23741\"},\"author\":{\"name\":\"Lo viste en Los Pol\u00edticos\",\"@id\":\"https:\\\/\\\/lospoliticosveracruz.com\\\/#\\\/schema\\\/person\\\/b8702bb0e538456e6efd07080bf2a4a2\"},\"headline\":\"\u00c9rika Ayala y la Ley Anticorrupci\u00f3n\",\"datePublished\":\"2016-06-16T03:28:44+00:00\",\"mainEntityOfPage\":{\"@id\":\"https:\\\/\\\/lospoliticosveracruz.com\\\/?p=23741\"},\"wordCount\":951,\"commentCount\":0,\"publisher\":{\"@id\":\"https:\\\/\\\/lospoliticosveracruz.com\\\/#organization\"},\"keywords\":[\"Am\u00e9rico Z\u00fa\u00f1iga Mart\u00ednez\",\"Erika Ayala R\u00edos\",\"Festival de las Flores\",\"Ley 3 de 3\",\"Xalapa\"],\"articleSection\":[\"De Opini\u00f3n\"],\"inLanguage\":\"es\",\"potentialAction\":[{\"@type\":\"CommentAction\",\"name\":\"Comment\",\"target\":[\"https:\\\/\\\/lospoliticosveracruz.com\\\/?p=23741#respond\"]}]},{\"@type\":\"WebPage\",\"@id\":\"https:\\\/\\\/lospoliticosveracruz.com\\\/?p=23741\",\"url\":\"https:\\\/\\\/lospoliticosveracruz.com\\\/?p=23741\",\"name\":\"\u00c9rika Ayala y la Ley Anticorrupci\u00f3n - Los pol\u00edticos Veracruz\",\"isPartOf\":{\"@id\":\"https:\\\/\\\/lospoliticosveracruz.com\\\/#website\"},\"datePublished\":\"2016-06-16T03:28:44+00:00\",\"breadcrumb\":{\"@id\":\"https:\\\/\\\/lospoliticosveracruz.com\\\/?p=23741#breadcrumb\"},\"inLanguage\":\"es\",\"potentialAction\":[{\"@type\":\"ReadAction\",\"target\":[\"https:\\\/\\\/lospoliticosveracruz.com\\\/?p=23741\"]}]},{\"@type\":\"BreadcrumbList\",\"@id\":\"https:\\\/\\\/lospoliticosveracruz.com\\\/?p=23741#breadcrumb\",\"itemListElement\":[{\"@type\":\"ListItem\",\"position\":1,\"name\":\"Portada\",\"item\":\"https:\\\/\\\/lospoliticosveracruz.com\\\/\"},{\"@type\":\"ListItem\",\"position\":2,\"name\":\"\u00c9rika Ayala y la Ley Anticorrupci\u00f3n\"}]},{\"@type\":\"WebSite\",\"@id\":\"https:\\\/\\\/lospoliticosveracruz.com\\\/#website\",\"url\":\"https:\\\/\\\/lospoliticosveracruz.com\\\/\",\"name\":\"Los pol\u00edticos Veracruz\",\"description\":\"\",\"publisher\":{\"@id\":\"https:\\\/\\\/lospoliticosveracruz.com\\\/#organization\"},\"potentialAction\":[{\"@type\":\"SearchAction\",\"target\":{\"@type\":\"EntryPoint\",\"urlTemplate\":\"https:\\\/\\\/lospoliticosveracruz.com\\\/?s={search_term_string}\"},\"query-input\":{\"@type\":\"PropertyValueSpecification\",\"valueRequired\":true,\"valueName\":\"search_term_string\"}}],\"inLanguage\":\"es\"},{\"@type\":\"Organization\",\"@id\":\"https:\\\/\\\/lospoliticosveracruz.com\\\/#organization\",\"name\":\"Los pol\u00edticos Veracruz\",\"url\":\"https:\\\/\\\/lospoliticosveracruz.com\\\/\",\"logo\":{\"@type\":\"ImageObject\",\"inLanguage\":\"es\",\"@id\":\"https:\\\/\\\/lospoliticosveracruz.com\\\/#\\\/schema\\\/logo\\\/image\\\/\",\"url\":\"https:\\\/\\\/lospoliticosveracruz.com\\\/wp-content\\\/uploads\\\/2025\\\/12\\\/Logo-Nuevo-LOS-POLITICOS-1.jpg\",\"contentUrl\":\"https:\\\/\\\/lospoliticosveracruz.com\\\/wp-content\\\/uploads\\\/2025\\\/12\\\/Logo-Nuevo-LOS-POLITICOS-1.jpg\",\"width\":260,\"height\":70,\"caption\":\"Los pol\u00edticos Veracruz\"},\"image\":{\"@id\":\"https:\\\/\\\/lospoliticosveracruz.com\\\/#\\\/schema\\\/logo\\\/image\\\/\"},\"sameAs\":[\"https:\\\/\\\/www.facebook.com\\\/people\\\/Notimemes-de-los-Polticos\\\/61565672886568\\\/\",\"https:\\\/\\\/x.com\\\/LosPoliticosVer\"]},{\"@type\":\"Person\",\"@id\":\"https:\\\/\\\/lospoliticosveracruz.com\\\/#\\\/schema\\\/person\\\/b8702bb0e538456e6efd07080bf2a4a2\",\"name\":\"Lo viste en Los Pol\u00edticos\",\"image\":{\"@type\":\"ImageObject\",\"inLanguage\":\"es\",\"@id\":\"https:\\\/\\\/secure.gravatar.com\\\/avatar\\\/3a8de04a2656d44082be478bd6c086daa447c4651605818287b9532d3d0bd435?s=96&d=mm&r=g\",\"url\":\"https:\\\/\\\/secure.gravatar.com\\\/avatar\\\/3a8de04a2656d44082be478bd6c086daa447c4651605818287b9532d3d0bd435?s=96&d=mm&r=g\",\"contentUrl\":\"https:\\\/\\\/secure.gravatar.com\\\/avatar\\\/3a8de04a2656d44082be478bd6c086daa447c4651605818287b9532d3d0bd435?s=96&d=mm&r=g\",\"caption\":\"Lo viste en Los Pol\u00edticos\"},\"url\":\"https:\\\/\\\/lospoliticosveracruz.com\\\/?author=2\"}]}<\/script>\n<!-- \/ Yoast SEO plugin. -->","yoast_head_json":{"title":"\u00c9rika Ayala y la Ley Anticorrupci\u00f3n - Los pol\u00edticos Veracruz","robots":{"index":"index","follow":"follow","max-snippet":"max-snippet:-1","max-image-preview":"max-image-preview:large","max-video-preview":"max-video-preview:-1"},"canonical":"https:\/\/lospoliticosveracruz.com\/?p=23741","og_locale":"es_ES","og_type":"article","og_title":"\u00c9rika Ayala y la Ley Anticorrupci\u00f3n - Los pol\u00edticos Veracruz","og_description":"Luis Alberto Romero Hora Cero Luego de la andanada de cr\u00edticas y se\u00f1alamientos lanzados por el Partido Acci\u00f3n Nacional contra los senadores del Revolucionario Institucional que supuestamente votaron en contra de la ley anticorrupci\u00f3n discutida en la c\u00e1mara alta, la senadora veracruzana \u00c9rika Ayala R\u00edos aclar\u00f3 que su voto fue a favor del dictamen elaborado [&hellip;]","og_url":"https:\/\/lospoliticosveracruz.com\/?p=23741","og_site_name":"Los pol\u00edticos Veracruz","article_publisher":"https:\/\/www.facebook.com\/people\/Notimemes-de-los-Polticos\/61565672886568\/","article_published_time":"2016-06-16T03:28:44+00:00","og_image":[{"width":200,"height":200,"url":"https:\/\/lospoliticosveracruz.com\/wp-content\/uploads\/2016\/07\/Logo-Dor.jpg","type":"image\/jpeg"}],"author":"Lo viste en Los Pol\u00edticos","twitter_card":"summary_large_image","twitter_creator":"@LosPoliticosVer","twitter_site":"@LosPoliticosVer","twitter_misc":{"Escrito por":"Lo viste en Los Pol\u00edticos","Tiempo de lectura":"5 minutos"},"schema":{"@context":"https:\/\/schema.org","@graph":[{"@type":"Article","@id":"https:\/\/lospoliticosveracruz.com\/?p=23741#article","isPartOf":{"@id":"https:\/\/lospoliticosveracruz.com\/?p=23741"},"author":{"name":"Lo viste en Los Pol\u00edticos","@id":"https:\/\/lospoliticosveracruz.com\/#\/schema\/person\/b8702bb0e538456e6efd07080bf2a4a2"},"headline":"\u00c9rika Ayala y la Ley Anticorrupci\u00f3n","datePublished":"2016-06-16T03:28:44+00:00","mainEntityOfPage":{"@id":"https:\/\/lospoliticosveracruz.com\/?p=23741"},"wordCount":951,"commentCount":0,"publisher":{"@id":"https:\/\/lospoliticosveracruz.com\/#organization"},"keywords":["Am\u00e9rico Z\u00fa\u00f1iga Mart\u00ednez","Erika Ayala R\u00edos","Festival de las Flores","Ley 3 de 3","Xalapa"],"articleSection":["De Opini\u00f3n"],"inLanguage":"es","potentialAction":[{"@type":"CommentAction","name":"Comment","target":["https:\/\/lospoliticosveracruz.com\/?p=23741#respond"]}]},{"@type":"WebPage","@id":"https:\/\/lospoliticosveracruz.com\/?p=23741","url":"https:\/\/lospoliticosveracruz.com\/?p=23741","name":"\u00c9rika Ayala y la Ley Anticorrupci\u00f3n - Los pol\u00edticos Veracruz","isPartOf":{"@id":"https:\/\/lospoliticosveracruz.com\/#website"},"datePublished":"2016-06-16T03:28:44+00:00","breadcrumb":{"@id":"https:\/\/lospoliticosveracruz.com\/?p=23741#breadcrumb"},"inLanguage":"es","potentialAction":[{"@type":"ReadAction","target":["https:\/\/lospoliticosveracruz.com\/?p=23741"]}]},{"@type":"BreadcrumbList","@id":"https:\/\/lospoliticosveracruz.com\/?p=23741#breadcrumb","itemListElement":[{"@type":"ListItem","position":1,"name":"Portada","item":"https:\/\/lospoliticosveracruz.com\/"},{"@type":"ListItem","position":2,"name":"\u00c9rika Ayala y la Ley Anticorrupci\u00f3n"}]},{"@type":"WebSite","@id":"https:\/\/lospoliticosveracruz.com\/#website","url":"https:\/\/lospoliticosveracruz.com\/","name":"Los pol\u00edticos Veracruz","description":"","publisher":{"@id":"https:\/\/lospoliticosveracruz.com\/#organization"},"potentialAction":[{"@type":"SearchAction","target":{"@type":"EntryPoint","urlTemplate":"https:\/\/lospoliticosveracruz.com\/?s={search_term_string}"},"query-input":{"@type":"PropertyValueSpecification","valueRequired":true,"valueName":"search_term_string"}}],"inLanguage":"es"},{"@type":"Organization","@id":"https:\/\/lospoliticosveracruz.com\/#organization","name":"Los pol\u00edticos Veracruz","url":"https:\/\/lospoliticosveracruz.com\/","logo":{"@type":"ImageObject","inLanguage":"es","@id":"https:\/\/lospoliticosveracruz.com\/#\/schema\/logo\/image\/","url":"https:\/\/lospoliticosveracruz.com\/wp-content\/uploads\/2025\/12\/Logo-Nuevo-LOS-POLITICOS-1.jpg","contentUrl":"https:\/\/lospoliticosveracruz.com\/wp-content\/uploads\/2025\/12\/Logo-Nuevo-LOS-POLITICOS-1.jpg","width":260,"height":70,"caption":"Los pol\u00edticos Veracruz"},"image":{"@id":"https:\/\/lospoliticosveracruz.com\/#\/schema\/logo\/image\/"},"sameAs":["https:\/\/www.facebook.com\/people\/Notimemes-de-los-Polticos\/61565672886568\/","https:\/\/x.com\/LosPoliticosVer"]},{"@type":"Person","@id":"https:\/\/lospoliticosveracruz.com\/#\/schema\/person\/b8702bb0e538456e6efd07080bf2a4a2","name":"Lo viste en Los Pol\u00edticos","image":{"@type":"ImageObject","inLanguage":"es","@id":"https:\/\/secure.gravatar.com\/avatar\/3a8de04a2656d44082be478bd6c086daa447c4651605818287b9532d3d0bd435?s=96&d=mm&r=g","url":"https:\/\/secure.gravatar.com\/avatar\/3a8de04a2656d44082be478bd6c086daa447c4651605818287b9532d3d0bd435?s=96&d=mm&r=g","contentUrl":"https:\/\/secure.gravatar.com\/avatar\/3a8de04a2656d44082be478bd6c086daa447c4651605818287b9532d3d0bd435?s=96&d=mm&r=g","caption":"Lo viste en Los Pol\u00edticos"},"url":"https:\/\/lospoliticosveracruz.com\/?author=2"}]}},"_links":{"self":[{"href":"https:\/\/lospoliticosveracruz.com\/index.php?rest_route=\/wp\/v2\/posts\/23741","targetHints":{"allow":["GET"]}}],"collection":[{"href":"https:\/\/lospoliticosveracruz.com\/index.php?rest_route=\/wp\/v2\/posts"}],"about":[{"href":"https:\/\/lospoliticosveracruz.com\/index.php?rest_route=\/wp\/v2\/types\/post"}],"author":[{"embeddable":true,"href":"https:\/\/lospoliticosveracruz.com\/index.php?rest_route=\/wp\/v2\/users\/2"}],"replies":[{"embeddable":true,"href":"https:\/\/lospoliticosveracruz.com\/index.php?rest_route=%2Fwp%2Fv2%2Fcomments&post=23741"}],"version-history":[{"count":1,"href":"https:\/\/lospoliticosveracruz.com\/index.php?rest_route=\/wp\/v2\/posts\/23741\/revisions"}],"predecessor-version":[{"id":23742,"href":"https:\/\/lospoliticosveracruz.com\/index.php?rest_route=\/wp\/v2\/posts\/23741\/revisions\/23742"}],"wp:attachment":[{"href":"https:\/\/lospoliticosveracruz.com\/index.php?rest_route=%2Fwp%2Fv2%2Fmedia&parent=23741"}],"wp:term":[{"taxonomy":"category","embeddable":true,"href":"https:\/\/lospoliticosveracruz.com\/index.php?rest_route=%2Fwp%2Fv2%2Fcategories&post=23741"},{"taxonomy":"post_tag","embeddable":true,"href":"https:\/\/lospoliticosveracruz.com\/index.php?rest_route=%2Fwp%2Fv2%2Ftags&post=23741"}],"curies":[{"name":"wp","href":"https:\/\/api.w.org\/{rel}","templated":true}]}}