{"id":23743,"date":"2016-06-15T22:40:06","date_gmt":"2016-06-16T03:40:06","guid":{"rendered":"http:\/\/www.lospoliticosveracruz.com.mx\/?p=23743"},"modified":"2016-06-15T22:40:06","modified_gmt":"2016-06-16T03:40:06","slug":"pri-carvallo-y-hector","status":"publish","type":"post","link":"https:\/\/lospoliticosveracruz.com\/?p=23743","title":{"rendered":"PRI: Carvallo y H\u00e9ctor"},"content":{"rendered":"<p><a href=\"http:\/\/www.lospoliticosveracruz.com.mx\/wp-content\/uploads\/2016\/06\/Jorge-Carvallo-Delfin.jpg\"><img loading=\"lazy\" decoding=\"async\" class=\"aligncenter size-full wp-image-23745\" src=\"http:\/\/www.lospoliticosveracruz.com.mx\/wp-content\/uploads\/2016\/06\/Jorge-Carvallo-Delfin.jpg\" alt=\"Jorge-Carvallo-Delfin\" width=\"600\" height=\"348\" \/><\/a><br \/>\n<strong>Salvador Mu\u00f1oz<\/strong><\/p>\n<p><em>Los Pol\u00edticos<\/em><\/p>\n<p>\u00a1Y que me corrigen la plana! Amigos del diputado Jorge Carvallo Delf\u00edn precisan que con la mano en la cintura, el vecino de Lerdo de Tejada puede caber f\u00e1cilmente entre los candidatos a quienes postulan para ocupar la dirigencia del Partido, primero, porque llega a San L\u00e1zaro v\u00eda PRI y todav\u00eda para machacar mi error (le puse camisa del PVEM), recuerdan que es Vicecoordinador de la bancada tricolor en San L\u00e1zaro.<br \/>\nVamos, es que el tema de la sucesi\u00f3n (no la gubernamental\u2026 \u00e9sa ya pas\u00f3 a mejor historia) en la dirigencia del PRI, vaya que ha levantado el \u00e1nimo de los militantes, tan as\u00ed, que a los que ya se hab\u00edan citado (Erika Ayala, Edgar Spinoso, Mota, Carvallo y Am\u00e9rico Z\u00fa\u00f1iga), ayer, otro ya estaba listo: H\u00e9ctor Yunes Landa.<br \/>\nPero vayamos por partes.<br \/>\nII<br \/>\nPor el momento, de los tantos citados a ocupar el lugar de Amadeo Flores en la dirigencia del PRI veracruzano, dos ya se descartaron: Adolfo Mota y (casi) Jorge Carvallo, y ambos coinciden: antes del relevo, la reflexi\u00f3n. Hay que agregar que este martes, hubo encerrona de diputados federales jarochos, para ver cu\u00e1l ser\u00e1 su posici\u00f3n ahora que todo indica, se ha de apostar a la \u00abreconstrucci\u00f3n\u00bb del partido. Por el momento, acordaron, que primero concluya el proceso postelectoral y una vez terminado esto, entonces s\u00ed, que se tengan que reunir con quien se tengan que reunir para dar el siguiente paso. Aunque ya Adolfo Mota dice que no&#8230; \u00bfy Carvallo qu\u00e9 dice?, \u00abpor el momento, no\u00bb.<br \/>\nIII<br \/>\nDe seguro los carvallistas me van a adorar y los anticarvallistas, han de querer lincharme, pero ese \u00abpor el momento, no\u00bb de Jorge Carvallo es para m\u00ed, a todas luces, un \u00abS\u00ed, pero&#8230;\u00bb. Es claro que para Carvallo, teniendo en cuenta la alternancia, la decisi\u00f3n de qui\u00e9n podr\u00eda ser el nuevo dirigente del PRI en Veracruz ser\u00e1 un asunto con injerencia del altiplano ante la ausencia de poder gubernamental\u2026 y siendo francos, es el altiplano uno de los elementos donde mejor se desenvuelve pol\u00edticamente el de Lerdo.<br \/>\nSer\u00eda interesante tambi\u00e9n conocer la posici\u00f3n de uno de los impulsores, maestro y compa\u00f1ero de bancada de Carvallo, como lo es C\u00e9sar Camacho Quiroz, as\u00ed como saber qu\u00e9 cartas son las que avalan al lerdense.<br \/>\nIV<br \/>\n\u00a1Ojo! Hay que recordar que entre los citados, hay cuatro personajes que ya han sido dirigentes del partido: Erika Ayala, Adolfo Mota (descartado), Jorge Carvallo y H\u00e9ctor Yunes\u2026 s\u00ed, hay quienes tambi\u00e9n opinan que en el PRI debe quedar alguien que empate con Pepe Yunes, a quien muchos a\u00fan consideran el candidato para el 2018.<br \/>\nDe los citados, si la memoria no me falla (y si me falla, hagan como los carvallistas: \u00a1corr\u00edjanme!), s\u00f3lo dos han tenido en sus manos la responsabilidad de unas elecciones: Mota y Carvallo. El resto, su labor fue tipo administrativo (creo que hasta Pepe Yunes entra en esta categor\u00eda).<br \/>\nSi no mal recuerdo, a Mota le toca la elecci\u00f3n de Gobernador y diputados en el 2004 y deja los pelos de Fidel Herrera en la cerca y sufre una derrota fuerte en el Congreso\u2026 Si no mal recuerdo, a Carvallo le toca la gubernatura de Javier Duarte de Ochoa y diputados locales\u2026 \u00bfle toc\u00f3 una elecci\u00f3n federal?, creo que s\u00ed\u2026 \u00a1y gan\u00f3!<br \/>\nClaro\u2026 para cualquier persona que ocupe la dirigencia del PRI en este momento, hoy ser\u00e1n unas circunstancias totalmente diferentes, adversas, a contracorriente\u2026 ya no son los a\u00f1os de antes\u2026<br \/>\nV<br \/>\nEn las instalaciones de la CNC apareci\u00f3 H\u00e9ctor Yunes Landa. Juan Carlos Molina Palacios, dirigente campesino, ten\u00eda reuni\u00f3n con Comit\u00e9s Regionales. Entrevistaron al chole\u00f1o y le preguntaron sobre la posibilidad de regresar al Senado o buscar la dirigencia de su partido en Veracruz. Al igual que Jorge Carvallo, pero cada quien con su estilo, respondi\u00f3: \u201cA\u00fan no lo decido\u201d&#8230;<br \/>\nHay quienes dicen que se podr\u00eda capitalizar el liderazgo de H\u00e9ctor (traducido en los 900 mil votos obtenidos) v\u00eda sito Ruiz Cortines esquina con Moreno, para impulsar en 2018 la candidatura de Pepe Yunes Zorrilla; hay quienes creen que ya bail\u00f3 y que deje bailar a otros\u2026<br \/>\nPero independientemente de ello, es loable reconocer la gratitud en su persona. Ayer lleg\u00f3 exclusivamente a la calle de Alcalde y Garc\u00eda con 5 de Febrero para agradecer personalmente a los Comit\u00e9s Regionales de la CNC por todo el apoyo brindado durante su campa\u00f1a.<br \/>\nAll\u00ed mismo, se congreg\u00f3 otro grupo con quien habr\u00eda de sostener una reuni\u00f3n posterior Yunes Landa\u2026 rostros conocidos como el de Carlos Rodr\u00edguez Velasco, Ch\u00f3foro Hern\u00e1ndez Cerecedo, Silvia Dom\u00ednguez, Alicia Gonz\u00e1lez Cerecedo, Jorge Moreno Salinas, Olga Lidia Robles Ar\u00e9valo, entre otros\u2026<br \/>\nPor su parte, Molina Palacios, breve en sus palabras pero concisas, considera que la gente se manifest\u00f3, que hay que trabajar y espera que esto (el 5 de junio) sirva para quitar a quienes secuestraron al PRI y sacudirse a los simuladores que les toc\u00f3 \u201chueso\u201d sin sudarlo&#8230;<br \/>\nVI<br \/>\nMientras, sin que digan ni alcen la mano, se mantienen en esta carrera por la dirigencia del PRI estatal, Erika Ayala R\u00edos y Am\u00e9rico Z\u00fa\u00f1iga, as\u00ed como Jorge Carvallo Delf\u00edn y H\u00e9ctor Yunes Landa, y es curioso, pero son estos dos \u00faltimos, Jorge y H\u00e9ctor, los que sin querer, pueden tener muchas coincidencias: Ambos, a diferencia de muchos diputados federales, no los se\u00f1ala la Auditor\u00eda Superior de la Federaci\u00f3n; ambos, a pesar de tener relaci\u00f3n con Duarte, no empataban; ambos, ocupan cargos de representaci\u00f3n popular y ambos, al menos en este a\u00f1o, han pedido licencia; ambos, no le temen al desafuero; y lo mejor, es que ambos se llevan con Miguel \u00c1ngel Yunes Linares (aunque es seguro que uno de ellos la amistad est\u00e9 un poco deteriorada)&#8230; pero como comentaron los mismos diputados federales en su reuni\u00f3n del martes, es tiempo de reflexi\u00f3n, no de relevo. Se est\u00e1 a tiempo\u2026<\/p>\n<p>smcainito@gmail.com<\/p>\n","protected":false},"excerpt":{"rendered":"<p>Salvador Mu\u00f1oz Los Pol\u00edticos \u00a1Y que me corrigen la plana! Amigos del diputado Jorge Carvallo Delf\u00edn precisan que con la mano en la cintura, el vecino de Lerdo de Tejada puede caber f\u00e1cilmente entre los candidatos a quienes postulan para ocupar la dirigencia del Partido, primero, porque llega a San L\u00e1zaro v\u00eda PRI y todav\u00eda [&hellip;]<\/p>\n","protected":false},"author":2,"featured_media":0,"comment_status":"open","ping_status":"open","sticky":false,"template":"","format":"standard","meta":{"tdm_status":"","tdm_grid_status":"","footnotes":""},"categories":[70],"tags":[348,851,251,195],"class_list":{"0":"post-23743","1":"post","2":"type-post","3":"status-publish","4":"format-standard","6":"category-de-opinion","7":"tag-hector-yunes-landa","8":"tag-jorge-carvallo-delfin","9":"tag-pri","10":"tag-veracruz"},"yoast_head":"<!-- This site is optimized with the Yoast SEO plugin v27.4 - https:\/\/yoast.com\/product\/yoast-seo-wordpress\/ -->\n<title>PRI: Carvallo y H\u00e9ctor - Los pol\u00edticos Veracruz<\/title>\n<meta name=\"robots\" content=\"index, follow, max-snippet:-1, max-image-preview:large, max-video-preview:-1\" \/>\n<link rel=\"canonical\" href=\"https:\/\/lospoliticosveracruz.com\/?p=23743\" \/>\n<meta property=\"og:locale\" content=\"es_ES\" \/>\n<meta property=\"og:type\" content=\"article\" \/>\n<meta property=\"og:title\" content=\"PRI: Carvallo y H\u00e9ctor - Los pol\u00edticos Veracruz\" \/>\n<meta property=\"og:description\" content=\"Salvador Mu\u00f1oz Los Pol\u00edticos \u00a1Y que me corrigen la plana! Amigos del diputado Jorge Carvallo Delf\u00edn precisan que con la mano en la cintura, el vecino de Lerdo de Tejada puede caber f\u00e1cilmente entre los candidatos a quienes postulan para ocupar la dirigencia del Partido, primero, porque llega a San L\u00e1zaro v\u00eda PRI y todav\u00eda [&hellip;]\" \/>\n<meta property=\"og:url\" content=\"https:\/\/lospoliticosveracruz.com\/?p=23743\" \/>\n<meta property=\"og:site_name\" content=\"Los pol\u00edticos Veracruz\" \/>\n<meta property=\"article:publisher\" content=\"https:\/\/www.facebook.com\/people\/Notimemes-de-los-Polticos\/61565672886568\/\" \/>\n<meta property=\"article:published_time\" content=\"2016-06-16T03:40:06+00:00\" \/>\n<meta property=\"og:image\" content=\"http:\/\/www.lospoliticosveracruz.com.mx\/wp-content\/uploads\/2016\/06\/Jorge-Carvallo-Delfin.jpg\" \/>\n<meta name=\"author\" content=\"Lo viste en Los Pol\u00edticos\" \/>\n<meta name=\"twitter:card\" content=\"summary_large_image\" \/>\n<meta name=\"twitter:creator\" content=\"@LosPoliticosVer\" \/>\n<meta name=\"twitter:site\" content=\"@LosPoliticosVer\" \/>\n<meta name=\"twitter:label1\" content=\"Escrito por\" \/>\n\t<meta name=\"twitter:data1\" content=\"Lo viste en Los Pol\u00edticos\" \/>\n\t<meta name=\"twitter:label2\" content=\"Tiempo de lectura\" \/>\n\t<meta name=\"twitter:data2\" content=\"5 minutos\" \/>\n<script type=\"application\/ld+json\" class=\"yoast-schema-graph\">{\"@context\":\"https:\\\/\\\/schema.org\",\"@graph\":[{\"@type\":\"Article\",\"@id\":\"https:\\\/\\\/lospoliticosveracruz.com\\\/?p=23743#article\",\"isPartOf\":{\"@id\":\"https:\\\/\\\/lospoliticosveracruz.com\\\/?p=23743\"},\"author\":{\"name\":\"Lo viste en Los Pol\u00edticos\",\"@id\":\"https:\\\/\\\/lospoliticosveracruz.com\\\/#\\\/schema\\\/person\\\/b8702bb0e538456e6efd07080bf2a4a2\"},\"headline\":\"PRI: Carvallo y H\u00e9ctor\",\"datePublished\":\"2016-06-16T03:40:06+00:00\",\"mainEntityOfPage\":{\"@id\":\"https:\\\/\\\/lospoliticosveracruz.com\\\/?p=23743\"},\"wordCount\":1038,\"commentCount\":0,\"publisher\":{\"@id\":\"https:\\\/\\\/lospoliticosveracruz.com\\\/#organization\"},\"image\":{\"@id\":\"https:\\\/\\\/lospoliticosveracruz.com\\\/?p=23743#primaryimage\"},\"thumbnailUrl\":\"http:\\\/\\\/www.lospoliticosveracruz.com.mx\\\/wp-content\\\/uploads\\\/2016\\\/06\\\/Jorge-Carvallo-Delfin.jpg\",\"keywords\":[\"H\u00e9ctor Yunes Landa\",\"Jorge Carvallo Delf\u00edn\",\"PRI\",\"Veracruz\"],\"articleSection\":[\"De Opini\u00f3n\"],\"inLanguage\":\"es\",\"potentialAction\":[{\"@type\":\"CommentAction\",\"name\":\"Comment\",\"target\":[\"https:\\\/\\\/lospoliticosveracruz.com\\\/?p=23743#respond\"]}]},{\"@type\":\"WebPage\",\"@id\":\"https:\\\/\\\/lospoliticosveracruz.com\\\/?p=23743\",\"url\":\"https:\\\/\\\/lospoliticosveracruz.com\\\/?p=23743\",\"name\":\"PRI: Carvallo y H\u00e9ctor - Los pol\u00edticos Veracruz\",\"isPartOf\":{\"@id\":\"https:\\\/\\\/lospoliticosveracruz.com\\\/#website\"},\"primaryImageOfPage\":{\"@id\":\"https:\\\/\\\/lospoliticosveracruz.com\\\/?p=23743#primaryimage\"},\"image\":{\"@id\":\"https:\\\/\\\/lospoliticosveracruz.com\\\/?p=23743#primaryimage\"},\"thumbnailUrl\":\"http:\\\/\\\/www.lospoliticosveracruz.com.mx\\\/wp-content\\\/uploads\\\/2016\\\/06\\\/Jorge-Carvallo-Delfin.jpg\",\"datePublished\":\"2016-06-16T03:40:06+00:00\",\"breadcrumb\":{\"@id\":\"https:\\\/\\\/lospoliticosveracruz.com\\\/?p=23743#breadcrumb\"},\"inLanguage\":\"es\",\"potentialAction\":[{\"@type\":\"ReadAction\",\"target\":[\"https:\\\/\\\/lospoliticosveracruz.com\\\/?p=23743\"]}]},{\"@type\":\"ImageObject\",\"inLanguage\":\"es\",\"@id\":\"https:\\\/\\\/lospoliticosveracruz.com\\\/?p=23743#primaryimage\",\"url\":\"http:\\\/\\\/www.lospoliticosveracruz.com.mx\\\/wp-content\\\/uploads\\\/2016\\\/06\\\/Jorge-Carvallo-Delfin.jpg\",\"contentUrl\":\"http:\\\/\\\/www.lospoliticosveracruz.com.mx\\\/wp-content\\\/uploads\\\/2016\\\/06\\\/Jorge-Carvallo-Delfin.jpg\"},{\"@type\":\"BreadcrumbList\",\"@id\":\"https:\\\/\\\/lospoliticosveracruz.com\\\/?p=23743#breadcrumb\",\"itemListElement\":[{\"@type\":\"ListItem\",\"position\":1,\"name\":\"Portada\",\"item\":\"https:\\\/\\\/lospoliticosveracruz.com\\\/\"},{\"@type\":\"ListItem\",\"position\":2,\"name\":\"PRI: Carvallo y H\u00e9ctor\"}]},{\"@type\":\"WebSite\",\"@id\":\"https:\\\/\\\/lospoliticosveracruz.com\\\/#website\",\"url\":\"https:\\\/\\\/lospoliticosveracruz.com\\\/\",\"name\":\"Los pol\u00edticos Veracruz\",\"description\":\"\",\"publisher\":{\"@id\":\"https:\\\/\\\/lospoliticosveracruz.com\\\/#organization\"},\"potentialAction\":[{\"@type\":\"SearchAction\",\"target\":{\"@type\":\"EntryPoint\",\"urlTemplate\":\"https:\\\/\\\/lospoliticosveracruz.com\\\/?s={search_term_string}\"},\"query-input\":{\"@type\":\"PropertyValueSpecification\",\"valueRequired\":true,\"valueName\":\"search_term_string\"}}],\"inLanguage\":\"es\"},{\"@type\":\"Organization\",\"@id\":\"https:\\\/\\\/lospoliticosveracruz.com\\\/#organization\",\"name\":\"Los pol\u00edticos Veracruz\",\"url\":\"https:\\\/\\\/lospoliticosveracruz.com\\\/\",\"logo\":{\"@type\":\"ImageObject\",\"inLanguage\":\"es\",\"@id\":\"https:\\\/\\\/lospoliticosveracruz.com\\\/#\\\/schema\\\/logo\\\/image\\\/\",\"url\":\"https:\\\/\\\/lospoliticosveracruz.com\\\/wp-content\\\/uploads\\\/2025\\\/12\\\/Logo-Nuevo-LOS-POLITICOS-1.jpg\",\"contentUrl\":\"https:\\\/\\\/lospoliticosveracruz.com\\\/wp-content\\\/uploads\\\/2025\\\/12\\\/Logo-Nuevo-LOS-POLITICOS-1.jpg\",\"width\":260,\"height\":70,\"caption\":\"Los pol\u00edticos Veracruz\"},\"image\":{\"@id\":\"https:\\\/\\\/lospoliticosveracruz.com\\\/#\\\/schema\\\/logo\\\/image\\\/\"},\"sameAs\":[\"https:\\\/\\\/www.facebook.com\\\/people\\\/Notimemes-de-los-Polticos\\\/61565672886568\\\/\",\"https:\\\/\\\/x.com\\\/LosPoliticosVer\"]},{\"@type\":\"Person\",\"@id\":\"https:\\\/\\\/lospoliticosveracruz.com\\\/#\\\/schema\\\/person\\\/b8702bb0e538456e6efd07080bf2a4a2\",\"name\":\"Lo viste en Los Pol\u00edticos\",\"image\":{\"@type\":\"ImageObject\",\"inLanguage\":\"es\",\"@id\":\"https:\\\/\\\/secure.gravatar.com\\\/avatar\\\/3a8de04a2656d44082be478bd6c086daa447c4651605818287b9532d3d0bd435?s=96&d=mm&r=g\",\"url\":\"https:\\\/\\\/secure.gravatar.com\\\/avatar\\\/3a8de04a2656d44082be478bd6c086daa447c4651605818287b9532d3d0bd435?s=96&d=mm&r=g\",\"contentUrl\":\"https:\\\/\\\/secure.gravatar.com\\\/avatar\\\/3a8de04a2656d44082be478bd6c086daa447c4651605818287b9532d3d0bd435?s=96&d=mm&r=g\",\"caption\":\"Lo viste en Los Pol\u00edticos\"},\"url\":\"https:\\\/\\\/lospoliticosveracruz.com\\\/?author=2\"}]}<\/script>\n<!-- \/ Yoast SEO plugin. -->","yoast_head_json":{"title":"PRI: Carvallo y H\u00e9ctor - Los pol\u00edticos Veracruz","robots":{"index":"index","follow":"follow","max-snippet":"max-snippet:-1","max-image-preview":"max-image-preview:large","max-video-preview":"max-video-preview:-1"},"canonical":"https:\/\/lospoliticosveracruz.com\/?p=23743","og_locale":"es_ES","og_type":"article","og_title":"PRI: Carvallo y H\u00e9ctor - Los pol\u00edticos Veracruz","og_description":"Salvador Mu\u00f1oz Los Pol\u00edticos \u00a1Y que me corrigen la plana! Amigos del diputado Jorge Carvallo Delf\u00edn precisan que con la mano en la cintura, el vecino de Lerdo de Tejada puede caber f\u00e1cilmente entre los candidatos a quienes postulan para ocupar la dirigencia del Partido, primero, porque llega a San L\u00e1zaro v\u00eda PRI y todav\u00eda [&hellip;]","og_url":"https:\/\/lospoliticosveracruz.com\/?p=23743","og_site_name":"Los pol\u00edticos Veracruz","article_publisher":"https:\/\/www.facebook.com\/people\/Notimemes-de-los-Polticos\/61565672886568\/","article_published_time":"2016-06-16T03:40:06+00:00","og_image":[{"url":"http:\/\/www.lospoliticosveracruz.com.mx\/wp-content\/uploads\/2016\/06\/Jorge-Carvallo-Delfin.jpg","type":"","width":"","height":""}],"author":"Lo viste en Los Pol\u00edticos","twitter_card":"summary_large_image","twitter_creator":"@LosPoliticosVer","twitter_site":"@LosPoliticosVer","twitter_misc":{"Escrito por":"Lo viste en Los Pol\u00edticos","Tiempo de lectura":"5 minutos"},"schema":{"@context":"https:\/\/schema.org","@graph":[{"@type":"Article","@id":"https:\/\/lospoliticosveracruz.com\/?p=23743#article","isPartOf":{"@id":"https:\/\/lospoliticosveracruz.com\/?p=23743"},"author":{"name":"Lo viste en Los Pol\u00edticos","@id":"https:\/\/lospoliticosveracruz.com\/#\/schema\/person\/b8702bb0e538456e6efd07080bf2a4a2"},"headline":"PRI: Carvallo y H\u00e9ctor","datePublished":"2016-06-16T03:40:06+00:00","mainEntityOfPage":{"@id":"https:\/\/lospoliticosveracruz.com\/?p=23743"},"wordCount":1038,"commentCount":0,"publisher":{"@id":"https:\/\/lospoliticosveracruz.com\/#organization"},"image":{"@id":"https:\/\/lospoliticosveracruz.com\/?p=23743#primaryimage"},"thumbnailUrl":"http:\/\/www.lospoliticosveracruz.com.mx\/wp-content\/uploads\/2016\/06\/Jorge-Carvallo-Delfin.jpg","keywords":["H\u00e9ctor Yunes Landa","Jorge Carvallo Delf\u00edn","PRI","Veracruz"],"articleSection":["De Opini\u00f3n"],"inLanguage":"es","potentialAction":[{"@type":"CommentAction","name":"Comment","target":["https:\/\/lospoliticosveracruz.com\/?p=23743#respond"]}]},{"@type":"WebPage","@id":"https:\/\/lospoliticosveracruz.com\/?p=23743","url":"https:\/\/lospoliticosveracruz.com\/?p=23743","name":"PRI: Carvallo y H\u00e9ctor - Los pol\u00edticos Veracruz","isPartOf":{"@id":"https:\/\/lospoliticosveracruz.com\/#website"},"primaryImageOfPage":{"@id":"https:\/\/lospoliticosveracruz.com\/?p=23743#primaryimage"},"image":{"@id":"https:\/\/lospoliticosveracruz.com\/?p=23743#primaryimage"},"thumbnailUrl":"http:\/\/www.lospoliticosveracruz.com.mx\/wp-content\/uploads\/2016\/06\/Jorge-Carvallo-Delfin.jpg","datePublished":"2016-06-16T03:40:06+00:00","breadcrumb":{"@id":"https:\/\/lospoliticosveracruz.com\/?p=23743#breadcrumb"},"inLanguage":"es","potentialAction":[{"@type":"ReadAction","target":["https:\/\/lospoliticosveracruz.com\/?p=23743"]}]},{"@type":"ImageObject","inLanguage":"es","@id":"https:\/\/lospoliticosveracruz.com\/?p=23743#primaryimage","url":"http:\/\/www.lospoliticosveracruz.com.mx\/wp-content\/uploads\/2016\/06\/Jorge-Carvallo-Delfin.jpg","contentUrl":"http:\/\/www.lospoliticosveracruz.com.mx\/wp-content\/uploads\/2016\/06\/Jorge-Carvallo-Delfin.jpg"},{"@type":"BreadcrumbList","@id":"https:\/\/lospoliticosveracruz.com\/?p=23743#breadcrumb","itemListElement":[{"@type":"ListItem","position":1,"name":"Portada","item":"https:\/\/lospoliticosveracruz.com\/"},{"@type":"ListItem","position":2,"name":"PRI: Carvallo y H\u00e9ctor"}]},{"@type":"WebSite","@id":"https:\/\/lospoliticosveracruz.com\/#website","url":"https:\/\/lospoliticosveracruz.com\/","name":"Los pol\u00edticos Veracruz","description":"","publisher":{"@id":"https:\/\/lospoliticosveracruz.com\/#organization"},"potentialAction":[{"@type":"SearchAction","target":{"@type":"EntryPoint","urlTemplate":"https:\/\/lospoliticosveracruz.com\/?s={search_term_string}"},"query-input":{"@type":"PropertyValueSpecification","valueRequired":true,"valueName":"search_term_string"}}],"inLanguage":"es"},{"@type":"Organization","@id":"https:\/\/lospoliticosveracruz.com\/#organization","name":"Los pol\u00edticos Veracruz","url":"https:\/\/lospoliticosveracruz.com\/","logo":{"@type":"ImageObject","inLanguage":"es","@id":"https:\/\/lospoliticosveracruz.com\/#\/schema\/logo\/image\/","url":"https:\/\/lospoliticosveracruz.com\/wp-content\/uploads\/2025\/12\/Logo-Nuevo-LOS-POLITICOS-1.jpg","contentUrl":"https:\/\/lospoliticosveracruz.com\/wp-content\/uploads\/2025\/12\/Logo-Nuevo-LOS-POLITICOS-1.jpg","width":260,"height":70,"caption":"Los pol\u00edticos Veracruz"},"image":{"@id":"https:\/\/lospoliticosveracruz.com\/#\/schema\/logo\/image\/"},"sameAs":["https:\/\/www.facebook.com\/people\/Notimemes-de-los-Polticos\/61565672886568\/","https:\/\/x.com\/LosPoliticosVer"]},{"@type":"Person","@id":"https:\/\/lospoliticosveracruz.com\/#\/schema\/person\/b8702bb0e538456e6efd07080bf2a4a2","name":"Lo viste en Los Pol\u00edticos","image":{"@type":"ImageObject","inLanguage":"es","@id":"https:\/\/secure.gravatar.com\/avatar\/3a8de04a2656d44082be478bd6c086daa447c4651605818287b9532d3d0bd435?s=96&d=mm&r=g","url":"https:\/\/secure.gravatar.com\/avatar\/3a8de04a2656d44082be478bd6c086daa447c4651605818287b9532d3d0bd435?s=96&d=mm&r=g","contentUrl":"https:\/\/secure.gravatar.com\/avatar\/3a8de04a2656d44082be478bd6c086daa447c4651605818287b9532d3d0bd435?s=96&d=mm&r=g","caption":"Lo viste en Los Pol\u00edticos"},"url":"https:\/\/lospoliticosveracruz.com\/?author=2"}]}},"_links":{"self":[{"href":"https:\/\/lospoliticosveracruz.com\/index.php?rest_route=\/wp\/v2\/posts\/23743","targetHints":{"allow":["GET"]}}],"collection":[{"href":"https:\/\/lospoliticosveracruz.com\/index.php?rest_route=\/wp\/v2\/posts"}],"about":[{"href":"https:\/\/lospoliticosveracruz.com\/index.php?rest_route=\/wp\/v2\/types\/post"}],"author":[{"embeddable":true,"href":"https:\/\/lospoliticosveracruz.com\/index.php?rest_route=\/wp\/v2\/users\/2"}],"replies":[{"embeddable":true,"href":"https:\/\/lospoliticosveracruz.com\/index.php?rest_route=%2Fwp%2Fv2%2Fcomments&post=23743"}],"version-history":[{"count":1,"href":"https:\/\/lospoliticosveracruz.com\/index.php?rest_route=\/wp\/v2\/posts\/23743\/revisions"}],"predecessor-version":[{"id":23746,"href":"https:\/\/lospoliticosveracruz.com\/index.php?rest_route=\/wp\/v2\/posts\/23743\/revisions\/23746"}],"wp:attachment":[{"href":"https:\/\/lospoliticosveracruz.com\/index.php?rest_route=%2Fwp%2Fv2%2Fmedia&parent=23743"}],"wp:term":[{"taxonomy":"category","embeddable":true,"href":"https:\/\/lospoliticosveracruz.com\/index.php?rest_route=%2Fwp%2Fv2%2Fcategories&post=23743"},{"taxonomy":"post_tag","embeddable":true,"href":"https:\/\/lospoliticosveracruz.com\/index.php?rest_route=%2Fwp%2Fv2%2Ftags&post=23743"}],"curies":[{"name":"wp","href":"https:\/\/api.w.org\/{rel}","templated":true}]}}