{"id":23749,"date":"2016-06-16T20:02:53","date_gmt":"2016-06-17T01:02:53","guid":{"rendered":"http:\/\/www.lospoliticosveracruz.com.mx\/?p=23749"},"modified":"2016-06-16T20:02:53","modified_gmt":"2016-06-17T01:02:53","slug":"ivai-el-buen-juez","status":"publish","type":"post","link":"https:\/\/lospoliticosveracruz.com\/?p=23749","title":{"rendered":"IVAI: El buen juez&#8230;"},"content":{"rendered":"<p><a href=\"http:\/\/www.lospoliticosveracruz.com.mx\/wp-content\/uploads\/2015\/10\/Yolli-Garc\u00eda-\u00c1lvarez.jpg\"><img loading=\"lazy\" decoding=\"async\" class=\"aligncenter size-full wp-image-18552\" src=\"http:\/\/www.lospoliticosveracruz.com.mx\/wp-content\/uploads\/2015\/10\/Yolli-Garc\u00eda-\u00c1lvarez.jpg\" alt=\"Yolli Garc\u00eda \u00c1lvarez\" width=\"600\" height=\"400\" \/><\/a><br \/>\n<strong>Miriam Gracia Maga\u00f1a<\/strong><\/p>\n<p><em>Pasillos y Antesalas<\/em><\/p>\n<p>Mientras el director de Acceso a la Informaci\u00f3n del IVAI, Hugo Santiago Blanco Le\u00f3n, asegur\u00f3 que tras la aprobaci\u00f3n, por parte del Congreso del Estado, de la Ley de Transparencia y Acceso a la Informaci\u00f3n se definir\u00e1 en un periodo de 6 a 8 meses la cantidad exacta de cu\u00e1ntos funcionarios deber\u00e1n de transparentar el uso de los recursos p\u00fablicos que les son asignados \u2013actualmente s\u00f3lo hay 356 sujetos obligados\u2013, la Consejera Presidenta del Instituto Veracruzano de Acceso a la Informaci\u00f3n, Yoli Garc\u00eda \u00c1lvarez, sigue haciendo de las suyas, sin percatarse de la enorme responsabilidad que tienen en sus manos y que el buen juez por su casa empieza.<\/p>\n<p>En Los Pasillos y Antesalas es constante la queja que cada quincena se les escucha a los empleados porque de su sueldo tienen que \u201cdonar\u201d un diez por ciento para comprar pastelitos, refrescos y frituras que la titular utiliza en las fiestecitas que organiza en el recinto oficial, pues ahora ya no tan s\u00f3lo celebra \u201cbaby showers\u201d, tambi\u00e9n cumplea\u00f1os y aniversarios de bodas y literalmente, obliga a sus subalternos a \u201ccooperar\u201d; pero los excesos de Garc\u00eda \u00c1lvarez no terminan ah\u00ed, es este instituto quien paga su chofer particular: Rom\u00e1n Villanueva es la persona encargada de atender a los hijos de la maestra \u201cYoli\u201d como le gusta que la llamen y sus principales responsabilidades de este empleado no se refieren a actividades relacionadas con el IVAI, sino de llevar al hijo de la dama en cuesti\u00f3n, a sus juegos de basquetboll, y tambi\u00e9n se da tiempo de trasladar a su hija a clases de ingl\u00e9s y alem\u00e1n.\u00a0A prop\u00f3sito \u00bfCu\u00e1l ser\u00e1 el t\u00e9rmino en alem\u00e1n, de \u201ccorrupci\u00f3n\u201d?<\/p>\n<p>Los empleados, adem\u00e1s son obligados a destinar varias horas de su horario de trabajo para \u201capoyar\u201d en las tareas escolares a los hijos de la maestra Yoli. Los 12 mil pesos que el IVAI le asign\u00f3 como sueldo al chofer Villanueva es el pago por realizar actividades propias del Instituto, no como \u201cnano\u201d particular de la Consejera Presidenta.<\/p>\n<p>Ella, quien debiera ser ejemplo de prudencia y transparencia en su quehacer institucional, es quien primero incurre en este tipo de conductas incorrectas.<\/p>\n<p>Por cierto, el ex Consejero del IVAI y actual Secretario del Trabajo, Fernando Aguilera de Hombre ha sido muy reservado en la labor que realiza, tan es as\u00ed que no ha querido publicar que est\u00e1 \u201cestrenando\u201d Contralor: Manuel S\u00e1nchez Azamar llega directamente de la Contralor\u00eda General del Estado con las mejores recomendaciones despu\u00e9s de que el anterior, Felipe de Jes\u00fas Ram\u00edrez Gonz\u00e1lez, diera resultados mediocres y los rezagos en materia administrativa sean uno de los principales problemas que el nuevo funcionario tenga que atender de manera urgente. Se dice que hay mucha, pero mucha informaci\u00f3n que comprometer\u00eda no tan s\u00f3lo a Gabriel D\u00b4Antes sino a administraciones anteriores\u2026\u00bfser\u00e1?<\/p>\n<p>Resbal\u00f3n\u2026 \u00bfQui\u00e9n es el ex funcionario sure\u00f1o que despu\u00e9s de sufrir vergonzosamente la derrota de su \u201cpupilo\u201d ante MORENA en las pasadas elecciones, ahora anda rez\u00e1ndole a todos los santos y tocando puertas para que sea nombrado titular de Prospera\u00a0Veracruz y ha ofrecido varios, varios millones de pesos a un funcionario federal para que lo coloque ah\u00ed, pues seg\u00fan afirma a sus cercanos, de ah\u00ed mismo saldr\u00e1 lo invertido?<\/p>\n<p>Correo electr\u00f3nico: labrujatuxtleca@gmail.com<br \/>\nTwitter: @miriamgrissel<\/p>\n","protected":false},"excerpt":{"rendered":"<p>Miriam Gracia Maga\u00f1a Pasillos y Antesalas Mientras el director de Acceso a la Informaci\u00f3n del IVAI, Hugo Santiago Blanco Le\u00f3n, asegur\u00f3 que tras la aprobaci\u00f3n, por parte del Congreso del Estado, de la Ley de Transparencia y Acceso a la Informaci\u00f3n se definir\u00e1 en un periodo de 6 a 8 meses la cantidad exacta de [&hellip;]<\/p>\n","protected":false},"author":2,"featured_media":0,"comment_status":"open","ping_status":"open","sticky":false,"template":"","format":"standard","meta":{"tdm_status":"","tdm_grid_status":"","footnotes":""},"categories":[70],"tags":[1559,5515,985,5516,5518],"class_list":{"0":"post-23749","1":"post","2":"type-post","3":"status-publish","4":"format-standard","6":"category-de-opinion","7":"tag-fernando-aguilera-de-hombre","8":"tag-hugo-santiago-blanco-leon","9":"tag-ivai","10":"tag-ley-de-transparencia","11":"tag-manuel-sanchez-azamar"},"yoast_head":"<!-- This site is optimized with the Yoast SEO plugin v27.4 - https:\/\/yoast.com\/product\/yoast-seo-wordpress\/ -->\n<title>IVAI: El buen juez... - Los pol\u00edticos Veracruz<\/title>\n<meta name=\"robots\" content=\"index, follow, max-snippet:-1, max-image-preview:large, max-video-preview:-1\" \/>\n<link rel=\"canonical\" href=\"https:\/\/lospoliticosveracruz.com\/?p=23749\" \/>\n<meta property=\"og:locale\" content=\"es_ES\" \/>\n<meta property=\"og:type\" content=\"article\" \/>\n<meta property=\"og:title\" content=\"IVAI: El buen juez... - Los pol\u00edticos Veracruz\" \/>\n<meta property=\"og:description\" content=\"Miriam Gracia Maga\u00f1a Pasillos y Antesalas Mientras el director de Acceso a la Informaci\u00f3n del IVAI, Hugo Santiago Blanco Le\u00f3n, asegur\u00f3 que tras la aprobaci\u00f3n, por parte del Congreso del Estado, de la Ley de Transparencia y Acceso a la Informaci\u00f3n se definir\u00e1 en un periodo de 6 a 8 meses la cantidad exacta de [&hellip;]\" \/>\n<meta property=\"og:url\" content=\"https:\/\/lospoliticosveracruz.com\/?p=23749\" \/>\n<meta property=\"og:site_name\" content=\"Los pol\u00edticos Veracruz\" \/>\n<meta property=\"article:publisher\" content=\"https:\/\/www.facebook.com\/people\/Notimemes-de-los-Polticos\/61565672886568\/\" \/>\n<meta property=\"article:published_time\" content=\"2016-06-17T01:02:53+00:00\" \/>\n<meta property=\"og:image\" content=\"https:\/\/lospoliticosveracruz.com\/wp-content\/uploads\/2016\/07\/Logo-Dor.jpg\" \/>\n\t<meta property=\"og:image:width\" content=\"200\" \/>\n\t<meta property=\"og:image:height\" content=\"200\" \/>\n\t<meta property=\"og:image:type\" content=\"image\/jpeg\" \/>\n<meta name=\"author\" content=\"Lo viste en Los Pol\u00edticos\" \/>\n<meta name=\"twitter:card\" content=\"summary_large_image\" \/>\n<meta name=\"twitter:creator\" content=\"@LosPoliticosVer\" \/>\n<meta name=\"twitter:site\" content=\"@LosPoliticosVer\" \/>\n<meta name=\"twitter:label1\" content=\"Escrito por\" \/>\n\t<meta name=\"twitter:data1\" content=\"Lo viste en Los Pol\u00edticos\" \/>\n\t<meta name=\"twitter:label2\" content=\"Tiempo de lectura\" \/>\n\t<meta name=\"twitter:data2\" content=\"3 minutos\" \/>\n<script type=\"application\/ld+json\" class=\"yoast-schema-graph\">{\"@context\":\"https:\\\/\\\/schema.org\",\"@graph\":[{\"@type\":\"Article\",\"@id\":\"https:\\\/\\\/lospoliticosveracruz.com\\\/?p=23749#article\",\"isPartOf\":{\"@id\":\"https:\\\/\\\/lospoliticosveracruz.com\\\/?p=23749\"},\"author\":{\"name\":\"Lo viste en Los Pol\u00edticos\",\"@id\":\"https:\\\/\\\/lospoliticosveracruz.com\\\/#\\\/schema\\\/person\\\/b8702bb0e538456e6efd07080bf2a4a2\"},\"headline\":\"IVAI: El buen juez&#8230;\",\"datePublished\":\"2016-06-17T01:02:53+00:00\",\"mainEntityOfPage\":{\"@id\":\"https:\\\/\\\/lospoliticosveracruz.com\\\/?p=23749\"},\"wordCount\":590,\"commentCount\":0,\"publisher\":{\"@id\":\"https:\\\/\\\/lospoliticosveracruz.com\\\/#organization\"},\"keywords\":[\"Fernando Aguilera de Hombre\",\"Hugo Santiago Blanco Le\u00f3n\",\"IVAI\",\"Ley de Transparencia\",\"Manuel S\u00e1nchez Azamar\"],\"articleSection\":[\"De Opini\u00f3n\"],\"inLanguage\":\"es\",\"potentialAction\":[{\"@type\":\"CommentAction\",\"name\":\"Comment\",\"target\":[\"https:\\\/\\\/lospoliticosveracruz.com\\\/?p=23749#respond\"]}]},{\"@type\":\"WebPage\",\"@id\":\"https:\\\/\\\/lospoliticosveracruz.com\\\/?p=23749\",\"url\":\"https:\\\/\\\/lospoliticosveracruz.com\\\/?p=23749\",\"name\":\"IVAI: El buen juez... - Los pol\u00edticos Veracruz\",\"isPartOf\":{\"@id\":\"https:\\\/\\\/lospoliticosveracruz.com\\\/#website\"},\"datePublished\":\"2016-06-17T01:02:53+00:00\",\"breadcrumb\":{\"@id\":\"https:\\\/\\\/lospoliticosveracruz.com\\\/?p=23749#breadcrumb\"},\"inLanguage\":\"es\",\"potentialAction\":[{\"@type\":\"ReadAction\",\"target\":[\"https:\\\/\\\/lospoliticosveracruz.com\\\/?p=23749\"]}]},{\"@type\":\"BreadcrumbList\",\"@id\":\"https:\\\/\\\/lospoliticosveracruz.com\\\/?p=23749#breadcrumb\",\"itemListElement\":[{\"@type\":\"ListItem\",\"position\":1,\"name\":\"Portada\",\"item\":\"https:\\\/\\\/lospoliticosveracruz.com\\\/\"},{\"@type\":\"ListItem\",\"position\":2,\"name\":\"IVAI: El buen juez&#8230;\"}]},{\"@type\":\"WebSite\",\"@id\":\"https:\\\/\\\/lospoliticosveracruz.com\\\/#website\",\"url\":\"https:\\\/\\\/lospoliticosveracruz.com\\\/\",\"name\":\"Los pol\u00edticos Veracruz\",\"description\":\"\",\"publisher\":{\"@id\":\"https:\\\/\\\/lospoliticosveracruz.com\\\/#organization\"},\"potentialAction\":[{\"@type\":\"SearchAction\",\"target\":{\"@type\":\"EntryPoint\",\"urlTemplate\":\"https:\\\/\\\/lospoliticosveracruz.com\\\/?s={search_term_string}\"},\"query-input\":{\"@type\":\"PropertyValueSpecification\",\"valueRequired\":true,\"valueName\":\"search_term_string\"}}],\"inLanguage\":\"es\"},{\"@type\":\"Organization\",\"@id\":\"https:\\\/\\\/lospoliticosveracruz.com\\\/#organization\",\"name\":\"Los pol\u00edticos Veracruz\",\"url\":\"https:\\\/\\\/lospoliticosveracruz.com\\\/\",\"logo\":{\"@type\":\"ImageObject\",\"inLanguage\":\"es\",\"@id\":\"https:\\\/\\\/lospoliticosveracruz.com\\\/#\\\/schema\\\/logo\\\/image\\\/\",\"url\":\"https:\\\/\\\/lospoliticosveracruz.com\\\/wp-content\\\/uploads\\\/2025\\\/12\\\/Logo-Nuevo-LOS-POLITICOS-1.jpg\",\"contentUrl\":\"https:\\\/\\\/lospoliticosveracruz.com\\\/wp-content\\\/uploads\\\/2025\\\/12\\\/Logo-Nuevo-LOS-POLITICOS-1.jpg\",\"width\":260,\"height\":70,\"caption\":\"Los pol\u00edticos Veracruz\"},\"image\":{\"@id\":\"https:\\\/\\\/lospoliticosveracruz.com\\\/#\\\/schema\\\/logo\\\/image\\\/\"},\"sameAs\":[\"https:\\\/\\\/www.facebook.com\\\/people\\\/Notimemes-de-los-Polticos\\\/61565672886568\\\/\",\"https:\\\/\\\/x.com\\\/LosPoliticosVer\"]},{\"@type\":\"Person\",\"@id\":\"https:\\\/\\\/lospoliticosveracruz.com\\\/#\\\/schema\\\/person\\\/b8702bb0e538456e6efd07080bf2a4a2\",\"name\":\"Lo viste en Los Pol\u00edticos\",\"image\":{\"@type\":\"ImageObject\",\"inLanguage\":\"es\",\"@id\":\"https:\\\/\\\/secure.gravatar.com\\\/avatar\\\/3a8de04a2656d44082be478bd6c086daa447c4651605818287b9532d3d0bd435?s=96&d=mm&r=g\",\"url\":\"https:\\\/\\\/secure.gravatar.com\\\/avatar\\\/3a8de04a2656d44082be478bd6c086daa447c4651605818287b9532d3d0bd435?s=96&d=mm&r=g\",\"contentUrl\":\"https:\\\/\\\/secure.gravatar.com\\\/avatar\\\/3a8de04a2656d44082be478bd6c086daa447c4651605818287b9532d3d0bd435?s=96&d=mm&r=g\",\"caption\":\"Lo viste en Los Pol\u00edticos\"},\"url\":\"https:\\\/\\\/lospoliticosveracruz.com\\\/?author=2\"}]}<\/script>\n<!-- \/ Yoast SEO plugin. -->","yoast_head_json":{"title":"IVAI: El buen juez... - Los pol\u00edticos Veracruz","robots":{"index":"index","follow":"follow","max-snippet":"max-snippet:-1","max-image-preview":"max-image-preview:large","max-video-preview":"max-video-preview:-1"},"canonical":"https:\/\/lospoliticosveracruz.com\/?p=23749","og_locale":"es_ES","og_type":"article","og_title":"IVAI: El buen juez... - Los pol\u00edticos Veracruz","og_description":"Miriam Gracia Maga\u00f1a Pasillos y Antesalas Mientras el director de Acceso a la Informaci\u00f3n del IVAI, Hugo Santiago Blanco Le\u00f3n, asegur\u00f3 que tras la aprobaci\u00f3n, por parte del Congreso del Estado, de la Ley de Transparencia y Acceso a la Informaci\u00f3n se definir\u00e1 en un periodo de 6 a 8 meses la cantidad exacta de [&hellip;]","og_url":"https:\/\/lospoliticosveracruz.com\/?p=23749","og_site_name":"Los pol\u00edticos Veracruz","article_publisher":"https:\/\/www.facebook.com\/people\/Notimemes-de-los-Polticos\/61565672886568\/","article_published_time":"2016-06-17T01:02:53+00:00","og_image":[{"width":200,"height":200,"url":"https:\/\/lospoliticosveracruz.com\/wp-content\/uploads\/2016\/07\/Logo-Dor.jpg","type":"image\/jpeg"}],"author":"Lo viste en Los Pol\u00edticos","twitter_card":"summary_large_image","twitter_creator":"@LosPoliticosVer","twitter_site":"@LosPoliticosVer","twitter_misc":{"Escrito por":"Lo viste en Los Pol\u00edticos","Tiempo de lectura":"3 minutos"},"schema":{"@context":"https:\/\/schema.org","@graph":[{"@type":"Article","@id":"https:\/\/lospoliticosveracruz.com\/?p=23749#article","isPartOf":{"@id":"https:\/\/lospoliticosveracruz.com\/?p=23749"},"author":{"name":"Lo viste en Los Pol\u00edticos","@id":"https:\/\/lospoliticosveracruz.com\/#\/schema\/person\/b8702bb0e538456e6efd07080bf2a4a2"},"headline":"IVAI: El buen juez&#8230;","datePublished":"2016-06-17T01:02:53+00:00","mainEntityOfPage":{"@id":"https:\/\/lospoliticosveracruz.com\/?p=23749"},"wordCount":590,"commentCount":0,"publisher":{"@id":"https:\/\/lospoliticosveracruz.com\/#organization"},"keywords":["Fernando Aguilera de Hombre","Hugo Santiago Blanco Le\u00f3n","IVAI","Ley de Transparencia","Manuel S\u00e1nchez Azamar"],"articleSection":["De Opini\u00f3n"],"inLanguage":"es","potentialAction":[{"@type":"CommentAction","name":"Comment","target":["https:\/\/lospoliticosveracruz.com\/?p=23749#respond"]}]},{"@type":"WebPage","@id":"https:\/\/lospoliticosveracruz.com\/?p=23749","url":"https:\/\/lospoliticosveracruz.com\/?p=23749","name":"IVAI: El buen juez... - Los pol\u00edticos Veracruz","isPartOf":{"@id":"https:\/\/lospoliticosveracruz.com\/#website"},"datePublished":"2016-06-17T01:02:53+00:00","breadcrumb":{"@id":"https:\/\/lospoliticosveracruz.com\/?p=23749#breadcrumb"},"inLanguage":"es","potentialAction":[{"@type":"ReadAction","target":["https:\/\/lospoliticosveracruz.com\/?p=23749"]}]},{"@type":"BreadcrumbList","@id":"https:\/\/lospoliticosveracruz.com\/?p=23749#breadcrumb","itemListElement":[{"@type":"ListItem","position":1,"name":"Portada","item":"https:\/\/lospoliticosveracruz.com\/"},{"@type":"ListItem","position":2,"name":"IVAI: El buen juez&#8230;"}]},{"@type":"WebSite","@id":"https:\/\/lospoliticosveracruz.com\/#website","url":"https:\/\/lospoliticosveracruz.com\/","name":"Los pol\u00edticos Veracruz","description":"","publisher":{"@id":"https:\/\/lospoliticosveracruz.com\/#organization"},"potentialAction":[{"@type":"SearchAction","target":{"@type":"EntryPoint","urlTemplate":"https:\/\/lospoliticosveracruz.com\/?s={search_term_string}"},"query-input":{"@type":"PropertyValueSpecification","valueRequired":true,"valueName":"search_term_string"}}],"inLanguage":"es"},{"@type":"Organization","@id":"https:\/\/lospoliticosveracruz.com\/#organization","name":"Los pol\u00edticos Veracruz","url":"https:\/\/lospoliticosveracruz.com\/","logo":{"@type":"ImageObject","inLanguage":"es","@id":"https:\/\/lospoliticosveracruz.com\/#\/schema\/logo\/image\/","url":"https:\/\/lospoliticosveracruz.com\/wp-content\/uploads\/2025\/12\/Logo-Nuevo-LOS-POLITICOS-1.jpg","contentUrl":"https:\/\/lospoliticosveracruz.com\/wp-content\/uploads\/2025\/12\/Logo-Nuevo-LOS-POLITICOS-1.jpg","width":260,"height":70,"caption":"Los pol\u00edticos Veracruz"},"image":{"@id":"https:\/\/lospoliticosveracruz.com\/#\/schema\/logo\/image\/"},"sameAs":["https:\/\/www.facebook.com\/people\/Notimemes-de-los-Polticos\/61565672886568\/","https:\/\/x.com\/LosPoliticosVer"]},{"@type":"Person","@id":"https:\/\/lospoliticosveracruz.com\/#\/schema\/person\/b8702bb0e538456e6efd07080bf2a4a2","name":"Lo viste en Los Pol\u00edticos","image":{"@type":"ImageObject","inLanguage":"es","@id":"https:\/\/secure.gravatar.com\/avatar\/3a8de04a2656d44082be478bd6c086daa447c4651605818287b9532d3d0bd435?s=96&d=mm&r=g","url":"https:\/\/secure.gravatar.com\/avatar\/3a8de04a2656d44082be478bd6c086daa447c4651605818287b9532d3d0bd435?s=96&d=mm&r=g","contentUrl":"https:\/\/secure.gravatar.com\/avatar\/3a8de04a2656d44082be478bd6c086daa447c4651605818287b9532d3d0bd435?s=96&d=mm&r=g","caption":"Lo viste en Los Pol\u00edticos"},"url":"https:\/\/lospoliticosveracruz.com\/?author=2"}]}},"_links":{"self":[{"href":"https:\/\/lospoliticosveracruz.com\/index.php?rest_route=\/wp\/v2\/posts\/23749","targetHints":{"allow":["GET"]}}],"collection":[{"href":"https:\/\/lospoliticosveracruz.com\/index.php?rest_route=\/wp\/v2\/posts"}],"about":[{"href":"https:\/\/lospoliticosveracruz.com\/index.php?rest_route=\/wp\/v2\/types\/post"}],"author":[{"embeddable":true,"href":"https:\/\/lospoliticosveracruz.com\/index.php?rest_route=\/wp\/v2\/users\/2"}],"replies":[{"embeddable":true,"href":"https:\/\/lospoliticosveracruz.com\/index.php?rest_route=%2Fwp%2Fv2%2Fcomments&post=23749"}],"version-history":[{"count":1,"href":"https:\/\/lospoliticosveracruz.com\/index.php?rest_route=\/wp\/v2\/posts\/23749\/revisions"}],"predecessor-version":[{"id":23750,"href":"https:\/\/lospoliticosveracruz.com\/index.php?rest_route=\/wp\/v2\/posts\/23749\/revisions\/23750"}],"wp:attachment":[{"href":"https:\/\/lospoliticosveracruz.com\/index.php?rest_route=%2Fwp%2Fv2%2Fmedia&parent=23749"}],"wp:term":[{"taxonomy":"category","embeddable":true,"href":"https:\/\/lospoliticosveracruz.com\/index.php?rest_route=%2Fwp%2Fv2%2Fcategories&post=23749"},{"taxonomy":"post_tag","embeddable":true,"href":"https:\/\/lospoliticosveracruz.com\/index.php?rest_route=%2Fwp%2Fv2%2Ftags&post=23749"}],"curies":[{"name":"wp","href":"https:\/\/api.w.org\/{rel}","templated":true}]}}