{"id":23760,"date":"2016-06-16T22:36:58","date_gmt":"2016-06-17T03:36:58","guid":{"rendered":"http:\/\/www.lospoliticosveracruz.com.mx\/?p=23760"},"modified":"2016-06-16T22:36:58","modified_gmt":"2016-06-17T03:36:58","slug":"3-de-3-el-peje-tenia-razon","status":"publish","type":"post","link":"https:\/\/lospoliticosveracruz.com\/?p=23760","title":{"rendered":"3 de 3: El Peje ten\u00eda raz\u00f3n"},"content":{"rendered":"<p><a href=\"http:\/\/www.lospoliticosveracruz.com.mx\/wp-content\/uploads\/2016\/02\/Ley-3-de-3.png\"><img loading=\"lazy\" decoding=\"async\" class=\"aligncenter size-full wp-image-20915\" src=\"http:\/\/www.lospoliticosveracruz.com.mx\/wp-content\/uploads\/2016\/02\/Ley-3-de-3.png\" alt=\"Ley 3 de 3\" width=\"600\" height=\"350\" \/><\/a><br \/>\n<strong>Brenda Caballero<\/strong><br \/>\n<em>N\u00fameros Rojos<\/em><\/p>\n<p>Todo un show se ha hecho con la Propuesta Ciudadana 3 de 3, al grado que hasta los miembros afiliados a la Coparmex se fueron a manifestar al \u00c1ngel de la Independencia para exigir la aprobaci\u00f3n del Sistema Nacional Anticorrupci\u00f3n.<br \/>\nEsta medida hist\u00f3rica fue tomada por los empresarios despu\u00e9s de que los senadores ajustaran la iniciativa para que ellos tambi\u00e9n presentaran su 3 de 3: su declaraci\u00f3n de Situaci\u00f3n Patrimonial, su declaraci\u00f3n de Impuestos y su declaraci\u00f3n de Posible Conflicto de Intereses.<br \/>\nRecordemos que inicialmente la iniciativa iba enfocada a los servidores p\u00fablicos que manejen recursos u ocupen un cargo de elecci\u00f3n popular para que la presentaran y la hicieran p\u00fablica.<br \/>\nDesde luego que parece una venganza que a los empresarios los obliguen a presentar su 3 de 3, pero dijeran por all\u00ed: el que nada debe, nada teme.<br \/>\nAunque no todos los empresarios estar\u00edan obligados a hacerlo, tan s\u00f3lo los que firmen contratos para obras o servicios del sector p\u00fablico pues es donde se debe transparentar los recursos del pueblo para que no haya moches.<br \/>\nEn este mismo espacio, cuando inici\u00f3 el proyecto ciudadano de la Iniciativa 3 de 3, aplaud\u00ed la medida, aunque ahora ya no me emociona tanto, y no es que me est\u00e9 \u201capejando\u201d, pues en sus recientes declaraciones el l\u00edder de Morena, Andr\u00e9s Manuel L\u00f3pez Obrador, se refiri\u00f3 a la Ley 3 de 3 como \u201cuna tomadura de pelo\u201d; sino que me pregunto \u00bfrealmente funcionar\u00e1 para abatir la corrupci\u00f3n? Vayamos por partes.<br \/>\n<strong>Declaraci\u00f3n de Impuestos.-<\/strong> Constitucionalmente, todas las personas f\u00edsicas y morales estamos obligadas a contribuir con nuestro pa\u00eds a trav\u00e9s del pago de impuestos. Por ende, toda persona que recibe un ingreso tiene la obligaci\u00f3n de presentar sus declaraciones ante Hacienda. Ahora, reconozco que culturalmente los mexicanos (no todos) evadimos impuestos tratando de pagar lo menos posible.<br \/>\n\u00bfQu\u00e9 certeza nos da que el funcionario p\u00fablico o empresario dice la verdad respecto a sus ingresos obtenidos en su declaraci\u00f3n fiscal?<br \/>\nDesde luego que s\u00f3lo el SAT \u201cpodr\u00eda\u201d determinarlo, aunque con el caso del Panam\u00e1 Papers, ha dejado mucho que desear.<br \/>\nAhora tomemos en cuenta que muchos contribuyentes con apellido pol\u00edtico o empresarial contratan los servicios de despachos que les ayudan a \u201cevadir impuestos\u201d o para que no se escuche muy feo, pagar menos a trav\u00e9s de la creaci\u00f3n de diversas empresas en las que tienen prestanombres o de plano mandan sus capitales a para\u00edsos fiscales.<br \/>\nY nadie se da cuenta, hasta que un grupo de periodistas ventila a nivel internacional la evasi\u00f3n y el mismo SAT saca un proyecto denominado Retorno de Inversiones, para que los contribuyentes regresen el dinero mandado a otro pa\u00eds y paguen el impuesto correspondiente.<br \/>\n<strong>Declaraci\u00f3n de Situaci\u00f3n Patrimonial.-<\/strong> De acuerdo a la Ley de Responsabilidades Administrativas, los servidores p\u00fablicos con puesto de jefatura hasta el presidente de la Rep\u00fablica o los que tengan una relaci\u00f3n directa con el manejo o aplicaci\u00f3n de dinero p\u00fablico, estar\u00edan obligados a presentar esta declaraci\u00f3n para dar a conocer la congruencia de sus ingresos y gastos.<br \/>\nAqu\u00ed hasta la pregunta sobra \u00bfha servido la Declaraci\u00f3n de Situaci\u00f3n Patrimonial? La historia dice que no, pues si fuese lo contrario no habr\u00eda municipios, estados e incluso la misma federaci\u00f3n endeudados, as\u00ed como funcionarios enriquecidos de la noche a la ma\u00f1ana.<br \/>\n<strong>Declaraci\u00f3n de Conflicto de Intereses.-<\/strong> \u00c9sta s\u00ed parece ser la gota que derram\u00f3 el vaso, pues \u00bfqui\u00e9n se\u00f1alar\u00e1 a sus prestanombres o socios con los que mantiene cierto conflicto de intereses?<br \/>\n\u00a1Vamos! en muchos casos hasta la familia est\u00e1 inmiscuida.<br \/>\nNo me apejo, pero creo que Andr\u00e9s Manuel L\u00f3pez Obrador tiene raz\u00f3n si pensamos que con estas medidas se acabar\u00e1 la corrupci\u00f3n. Parece otra \u201ctomada de pelo\u201d<\/p>\n<p>Email: caballero_brenda@hotmail.com<\/p>\n","protected":false},"excerpt":{"rendered":"<p>Brenda Caballero N\u00fameros Rojos Todo un show se ha hecho con la Propuesta Ciudadana 3 de 3, al grado que hasta los miembros afiliados a la Coparmex se fueron a manifestar al \u00c1ngel de la Independencia para exigir la aprobaci\u00f3n del Sistema Nacional Anticorrupci\u00f3n. Esta medida hist\u00f3rica fue tomada por los empresarios despu\u00e9s de que [&hellip;]<\/p>\n","protected":false},"author":2,"featured_media":0,"comment_status":"open","ping_status":"open","sticky":false,"template":"","format":"standard","meta":{"tdm_status":"","tdm_grid_status":"","footnotes":""},"categories":[70],"tags":[2241,5524],"class_list":{"0":"post-23760","1":"post","2":"type-post","3":"status-publish","4":"format-standard","6":"category-de-opinion","7":"tag-declaracion-patrimonial","8":"tag-manuel-lopez-obrador"},"yoast_head":"<!-- This site is optimized with the Yoast SEO plugin v27.4 - https:\/\/yoast.com\/product\/yoast-seo-wordpress\/ -->\n<title>3 de 3: El Peje ten\u00eda raz\u00f3n - Los pol\u00edticos Veracruz<\/title>\n<meta name=\"robots\" content=\"index, follow, max-snippet:-1, max-image-preview:large, max-video-preview:-1\" \/>\n<link rel=\"canonical\" href=\"https:\/\/lospoliticosveracruz.com\/?p=23760\" \/>\n<meta property=\"og:locale\" content=\"es_ES\" \/>\n<meta property=\"og:type\" content=\"article\" \/>\n<meta property=\"og:title\" content=\"3 de 3: El Peje ten\u00eda raz\u00f3n - Los pol\u00edticos Veracruz\" \/>\n<meta property=\"og:description\" content=\"Brenda Caballero N\u00fameros Rojos Todo un show se ha hecho con la Propuesta Ciudadana 3 de 3, al grado que hasta los miembros afiliados a la Coparmex se fueron a manifestar al \u00c1ngel de la Independencia para exigir la aprobaci\u00f3n del Sistema Nacional Anticorrupci\u00f3n. Esta medida hist\u00f3rica fue tomada por los empresarios despu\u00e9s de que [&hellip;]\" \/>\n<meta property=\"og:url\" content=\"https:\/\/lospoliticosveracruz.com\/?p=23760\" \/>\n<meta property=\"og:site_name\" content=\"Los pol\u00edticos Veracruz\" \/>\n<meta property=\"article:publisher\" content=\"https:\/\/www.facebook.com\/people\/Notimemes-de-los-Polticos\/61565672886568\/\" \/>\n<meta property=\"article:published_time\" content=\"2016-06-17T03:36:58+00:00\" \/>\n<meta property=\"og:image\" content=\"http:\/\/www.lospoliticosveracruz.com.mx\/wp-content\/uploads\/2016\/02\/Ley-3-de-3.png\" \/>\n<meta name=\"author\" content=\"Lo viste en Los Pol\u00edticos\" \/>\n<meta name=\"twitter:card\" content=\"summary_large_image\" \/>\n<meta name=\"twitter:creator\" content=\"@LosPoliticosVer\" \/>\n<meta name=\"twitter:site\" content=\"@LosPoliticosVer\" \/>\n<meta name=\"twitter:label1\" content=\"Escrito por\" \/>\n\t<meta name=\"twitter:data1\" content=\"Lo viste en Los Pol\u00edticos\" \/>\n\t<meta name=\"twitter:label2\" content=\"Tiempo de lectura\" \/>\n\t<meta name=\"twitter:data2\" content=\"3 minutos\" \/>\n<script type=\"application\/ld+json\" class=\"yoast-schema-graph\">{\"@context\":\"https:\\\/\\\/schema.org\",\"@graph\":[{\"@type\":\"Article\",\"@id\":\"https:\\\/\\\/lospoliticosveracruz.com\\\/?p=23760#article\",\"isPartOf\":{\"@id\":\"https:\\\/\\\/lospoliticosveracruz.com\\\/?p=23760\"},\"author\":{\"name\":\"Lo viste en Los Pol\u00edticos\",\"@id\":\"https:\\\/\\\/lospoliticosveracruz.com\\\/#\\\/schema\\\/person\\\/b8702bb0e538456e6efd07080bf2a4a2\"},\"headline\":\"3 de 3: El Peje ten\u00eda raz\u00f3n\",\"datePublished\":\"2016-06-17T03:36:58+00:00\",\"mainEntityOfPage\":{\"@id\":\"https:\\\/\\\/lospoliticosveracruz.com\\\/?p=23760\"},\"wordCount\":675,\"commentCount\":0,\"publisher\":{\"@id\":\"https:\\\/\\\/lospoliticosveracruz.com\\\/#organization\"},\"image\":{\"@id\":\"https:\\\/\\\/lospoliticosveracruz.com\\\/?p=23760#primaryimage\"},\"thumbnailUrl\":\"http:\\\/\\\/www.lospoliticosveracruz.com.mx\\\/wp-content\\\/uploads\\\/2016\\\/02\\\/Ley-3-de-3.png\",\"keywords\":[\"declaraci\u00f3n patrimonial\",\"Manuel L\u00f3pez Obrador\"],\"articleSection\":[\"De Opini\u00f3n\"],\"inLanguage\":\"es\",\"potentialAction\":[{\"@type\":\"CommentAction\",\"name\":\"Comment\",\"target\":[\"https:\\\/\\\/lospoliticosveracruz.com\\\/?p=23760#respond\"]}]},{\"@type\":\"WebPage\",\"@id\":\"https:\\\/\\\/lospoliticosveracruz.com\\\/?p=23760\",\"url\":\"https:\\\/\\\/lospoliticosveracruz.com\\\/?p=23760\",\"name\":\"3 de 3: El Peje ten\u00eda raz\u00f3n - Los pol\u00edticos Veracruz\",\"isPartOf\":{\"@id\":\"https:\\\/\\\/lospoliticosveracruz.com\\\/#website\"},\"primaryImageOfPage\":{\"@id\":\"https:\\\/\\\/lospoliticosveracruz.com\\\/?p=23760#primaryimage\"},\"image\":{\"@id\":\"https:\\\/\\\/lospoliticosveracruz.com\\\/?p=23760#primaryimage\"},\"thumbnailUrl\":\"http:\\\/\\\/www.lospoliticosveracruz.com.mx\\\/wp-content\\\/uploads\\\/2016\\\/02\\\/Ley-3-de-3.png\",\"datePublished\":\"2016-06-17T03:36:58+00:00\",\"breadcrumb\":{\"@id\":\"https:\\\/\\\/lospoliticosveracruz.com\\\/?p=23760#breadcrumb\"},\"inLanguage\":\"es\",\"potentialAction\":[{\"@type\":\"ReadAction\",\"target\":[\"https:\\\/\\\/lospoliticosveracruz.com\\\/?p=23760\"]}]},{\"@type\":\"ImageObject\",\"inLanguage\":\"es\",\"@id\":\"https:\\\/\\\/lospoliticosveracruz.com\\\/?p=23760#primaryimage\",\"url\":\"http:\\\/\\\/www.lospoliticosveracruz.com.mx\\\/wp-content\\\/uploads\\\/2016\\\/02\\\/Ley-3-de-3.png\",\"contentUrl\":\"http:\\\/\\\/www.lospoliticosveracruz.com.mx\\\/wp-content\\\/uploads\\\/2016\\\/02\\\/Ley-3-de-3.png\"},{\"@type\":\"BreadcrumbList\",\"@id\":\"https:\\\/\\\/lospoliticosveracruz.com\\\/?p=23760#breadcrumb\",\"itemListElement\":[{\"@type\":\"ListItem\",\"position\":1,\"name\":\"Portada\",\"item\":\"https:\\\/\\\/lospoliticosveracruz.com\\\/\"},{\"@type\":\"ListItem\",\"position\":2,\"name\":\"3 de 3: El Peje ten\u00eda raz\u00f3n\"}]},{\"@type\":\"WebSite\",\"@id\":\"https:\\\/\\\/lospoliticosveracruz.com\\\/#website\",\"url\":\"https:\\\/\\\/lospoliticosveracruz.com\\\/\",\"name\":\"Los pol\u00edticos Veracruz\",\"description\":\"\",\"publisher\":{\"@id\":\"https:\\\/\\\/lospoliticosveracruz.com\\\/#organization\"},\"potentialAction\":[{\"@type\":\"SearchAction\",\"target\":{\"@type\":\"EntryPoint\",\"urlTemplate\":\"https:\\\/\\\/lospoliticosveracruz.com\\\/?s={search_term_string}\"},\"query-input\":{\"@type\":\"PropertyValueSpecification\",\"valueRequired\":true,\"valueName\":\"search_term_string\"}}],\"inLanguage\":\"es\"},{\"@type\":\"Organization\",\"@id\":\"https:\\\/\\\/lospoliticosveracruz.com\\\/#organization\",\"name\":\"Los pol\u00edticos Veracruz\",\"url\":\"https:\\\/\\\/lospoliticosveracruz.com\\\/\",\"logo\":{\"@type\":\"ImageObject\",\"inLanguage\":\"es\",\"@id\":\"https:\\\/\\\/lospoliticosveracruz.com\\\/#\\\/schema\\\/logo\\\/image\\\/\",\"url\":\"https:\\\/\\\/lospoliticosveracruz.com\\\/wp-content\\\/uploads\\\/2025\\\/12\\\/Logo-Nuevo-LOS-POLITICOS-1.jpg\",\"contentUrl\":\"https:\\\/\\\/lospoliticosveracruz.com\\\/wp-content\\\/uploads\\\/2025\\\/12\\\/Logo-Nuevo-LOS-POLITICOS-1.jpg\",\"width\":260,\"height\":70,\"caption\":\"Los pol\u00edticos Veracruz\"},\"image\":{\"@id\":\"https:\\\/\\\/lospoliticosveracruz.com\\\/#\\\/schema\\\/logo\\\/image\\\/\"},\"sameAs\":[\"https:\\\/\\\/www.facebook.com\\\/people\\\/Notimemes-de-los-Polticos\\\/61565672886568\\\/\",\"https:\\\/\\\/x.com\\\/LosPoliticosVer\"]},{\"@type\":\"Person\",\"@id\":\"https:\\\/\\\/lospoliticosveracruz.com\\\/#\\\/schema\\\/person\\\/b8702bb0e538456e6efd07080bf2a4a2\",\"name\":\"Lo viste en Los Pol\u00edticos\",\"image\":{\"@type\":\"ImageObject\",\"inLanguage\":\"es\",\"@id\":\"https:\\\/\\\/secure.gravatar.com\\\/avatar\\\/3a8de04a2656d44082be478bd6c086daa447c4651605818287b9532d3d0bd435?s=96&d=mm&r=g\",\"url\":\"https:\\\/\\\/secure.gravatar.com\\\/avatar\\\/3a8de04a2656d44082be478bd6c086daa447c4651605818287b9532d3d0bd435?s=96&d=mm&r=g\",\"contentUrl\":\"https:\\\/\\\/secure.gravatar.com\\\/avatar\\\/3a8de04a2656d44082be478bd6c086daa447c4651605818287b9532d3d0bd435?s=96&d=mm&r=g\",\"caption\":\"Lo viste en Los Pol\u00edticos\"},\"url\":\"https:\\\/\\\/lospoliticosveracruz.com\\\/?author=2\"}]}<\/script>\n<!-- \/ Yoast SEO plugin. -->","yoast_head_json":{"title":"3 de 3: El Peje ten\u00eda raz\u00f3n - Los pol\u00edticos Veracruz","robots":{"index":"index","follow":"follow","max-snippet":"max-snippet:-1","max-image-preview":"max-image-preview:large","max-video-preview":"max-video-preview:-1"},"canonical":"https:\/\/lospoliticosveracruz.com\/?p=23760","og_locale":"es_ES","og_type":"article","og_title":"3 de 3: El Peje ten\u00eda raz\u00f3n - Los pol\u00edticos Veracruz","og_description":"Brenda Caballero N\u00fameros Rojos Todo un show se ha hecho con la Propuesta Ciudadana 3 de 3, al grado que hasta los miembros afiliados a la Coparmex se fueron a manifestar al \u00c1ngel de la Independencia para exigir la aprobaci\u00f3n del Sistema Nacional Anticorrupci\u00f3n. Esta medida hist\u00f3rica fue tomada por los empresarios despu\u00e9s de que [&hellip;]","og_url":"https:\/\/lospoliticosveracruz.com\/?p=23760","og_site_name":"Los pol\u00edticos Veracruz","article_publisher":"https:\/\/www.facebook.com\/people\/Notimemes-de-los-Polticos\/61565672886568\/","article_published_time":"2016-06-17T03:36:58+00:00","og_image":[{"url":"http:\/\/www.lospoliticosveracruz.com.mx\/wp-content\/uploads\/2016\/02\/Ley-3-de-3.png","type":"","width":"","height":""}],"author":"Lo viste en Los Pol\u00edticos","twitter_card":"summary_large_image","twitter_creator":"@LosPoliticosVer","twitter_site":"@LosPoliticosVer","twitter_misc":{"Escrito por":"Lo viste en Los Pol\u00edticos","Tiempo de lectura":"3 minutos"},"schema":{"@context":"https:\/\/schema.org","@graph":[{"@type":"Article","@id":"https:\/\/lospoliticosveracruz.com\/?p=23760#article","isPartOf":{"@id":"https:\/\/lospoliticosveracruz.com\/?p=23760"},"author":{"name":"Lo viste en Los Pol\u00edticos","@id":"https:\/\/lospoliticosveracruz.com\/#\/schema\/person\/b8702bb0e538456e6efd07080bf2a4a2"},"headline":"3 de 3: El Peje ten\u00eda raz\u00f3n","datePublished":"2016-06-17T03:36:58+00:00","mainEntityOfPage":{"@id":"https:\/\/lospoliticosveracruz.com\/?p=23760"},"wordCount":675,"commentCount":0,"publisher":{"@id":"https:\/\/lospoliticosveracruz.com\/#organization"},"image":{"@id":"https:\/\/lospoliticosveracruz.com\/?p=23760#primaryimage"},"thumbnailUrl":"http:\/\/www.lospoliticosveracruz.com.mx\/wp-content\/uploads\/2016\/02\/Ley-3-de-3.png","keywords":["declaraci\u00f3n patrimonial","Manuel L\u00f3pez Obrador"],"articleSection":["De Opini\u00f3n"],"inLanguage":"es","potentialAction":[{"@type":"CommentAction","name":"Comment","target":["https:\/\/lospoliticosveracruz.com\/?p=23760#respond"]}]},{"@type":"WebPage","@id":"https:\/\/lospoliticosveracruz.com\/?p=23760","url":"https:\/\/lospoliticosveracruz.com\/?p=23760","name":"3 de 3: El Peje ten\u00eda raz\u00f3n - Los pol\u00edticos Veracruz","isPartOf":{"@id":"https:\/\/lospoliticosveracruz.com\/#website"},"primaryImageOfPage":{"@id":"https:\/\/lospoliticosveracruz.com\/?p=23760#primaryimage"},"image":{"@id":"https:\/\/lospoliticosveracruz.com\/?p=23760#primaryimage"},"thumbnailUrl":"http:\/\/www.lospoliticosveracruz.com.mx\/wp-content\/uploads\/2016\/02\/Ley-3-de-3.png","datePublished":"2016-06-17T03:36:58+00:00","breadcrumb":{"@id":"https:\/\/lospoliticosveracruz.com\/?p=23760#breadcrumb"},"inLanguage":"es","potentialAction":[{"@type":"ReadAction","target":["https:\/\/lospoliticosveracruz.com\/?p=23760"]}]},{"@type":"ImageObject","inLanguage":"es","@id":"https:\/\/lospoliticosveracruz.com\/?p=23760#primaryimage","url":"http:\/\/www.lospoliticosveracruz.com.mx\/wp-content\/uploads\/2016\/02\/Ley-3-de-3.png","contentUrl":"http:\/\/www.lospoliticosveracruz.com.mx\/wp-content\/uploads\/2016\/02\/Ley-3-de-3.png"},{"@type":"BreadcrumbList","@id":"https:\/\/lospoliticosveracruz.com\/?p=23760#breadcrumb","itemListElement":[{"@type":"ListItem","position":1,"name":"Portada","item":"https:\/\/lospoliticosveracruz.com\/"},{"@type":"ListItem","position":2,"name":"3 de 3: El Peje ten\u00eda raz\u00f3n"}]},{"@type":"WebSite","@id":"https:\/\/lospoliticosveracruz.com\/#website","url":"https:\/\/lospoliticosveracruz.com\/","name":"Los pol\u00edticos Veracruz","description":"","publisher":{"@id":"https:\/\/lospoliticosveracruz.com\/#organization"},"potentialAction":[{"@type":"SearchAction","target":{"@type":"EntryPoint","urlTemplate":"https:\/\/lospoliticosveracruz.com\/?s={search_term_string}"},"query-input":{"@type":"PropertyValueSpecification","valueRequired":true,"valueName":"search_term_string"}}],"inLanguage":"es"},{"@type":"Organization","@id":"https:\/\/lospoliticosveracruz.com\/#organization","name":"Los pol\u00edticos Veracruz","url":"https:\/\/lospoliticosveracruz.com\/","logo":{"@type":"ImageObject","inLanguage":"es","@id":"https:\/\/lospoliticosveracruz.com\/#\/schema\/logo\/image\/","url":"https:\/\/lospoliticosveracruz.com\/wp-content\/uploads\/2025\/12\/Logo-Nuevo-LOS-POLITICOS-1.jpg","contentUrl":"https:\/\/lospoliticosveracruz.com\/wp-content\/uploads\/2025\/12\/Logo-Nuevo-LOS-POLITICOS-1.jpg","width":260,"height":70,"caption":"Los pol\u00edticos Veracruz"},"image":{"@id":"https:\/\/lospoliticosveracruz.com\/#\/schema\/logo\/image\/"},"sameAs":["https:\/\/www.facebook.com\/people\/Notimemes-de-los-Polticos\/61565672886568\/","https:\/\/x.com\/LosPoliticosVer"]},{"@type":"Person","@id":"https:\/\/lospoliticosveracruz.com\/#\/schema\/person\/b8702bb0e538456e6efd07080bf2a4a2","name":"Lo viste en Los Pol\u00edticos","image":{"@type":"ImageObject","inLanguage":"es","@id":"https:\/\/secure.gravatar.com\/avatar\/3a8de04a2656d44082be478bd6c086daa447c4651605818287b9532d3d0bd435?s=96&d=mm&r=g","url":"https:\/\/secure.gravatar.com\/avatar\/3a8de04a2656d44082be478bd6c086daa447c4651605818287b9532d3d0bd435?s=96&d=mm&r=g","contentUrl":"https:\/\/secure.gravatar.com\/avatar\/3a8de04a2656d44082be478bd6c086daa447c4651605818287b9532d3d0bd435?s=96&d=mm&r=g","caption":"Lo viste en Los Pol\u00edticos"},"url":"https:\/\/lospoliticosveracruz.com\/?author=2"}]}},"_links":{"self":[{"href":"https:\/\/lospoliticosveracruz.com\/index.php?rest_route=\/wp\/v2\/posts\/23760","targetHints":{"allow":["GET"]}}],"collection":[{"href":"https:\/\/lospoliticosveracruz.com\/index.php?rest_route=\/wp\/v2\/posts"}],"about":[{"href":"https:\/\/lospoliticosveracruz.com\/index.php?rest_route=\/wp\/v2\/types\/post"}],"author":[{"embeddable":true,"href":"https:\/\/lospoliticosveracruz.com\/index.php?rest_route=\/wp\/v2\/users\/2"}],"replies":[{"embeddable":true,"href":"https:\/\/lospoliticosveracruz.com\/index.php?rest_route=%2Fwp%2Fv2%2Fcomments&post=23760"}],"version-history":[{"count":1,"href":"https:\/\/lospoliticosveracruz.com\/index.php?rest_route=\/wp\/v2\/posts\/23760\/revisions"}],"predecessor-version":[{"id":23761,"href":"https:\/\/lospoliticosveracruz.com\/index.php?rest_route=\/wp\/v2\/posts\/23760\/revisions\/23761"}],"wp:attachment":[{"href":"https:\/\/lospoliticosveracruz.com\/index.php?rest_route=%2Fwp%2Fv2%2Fmedia&parent=23760"}],"wp:term":[{"taxonomy":"category","embeddable":true,"href":"https:\/\/lospoliticosveracruz.com\/index.php?rest_route=%2Fwp%2Fv2%2Fcategories&post=23760"},{"taxonomy":"post_tag","embeddable":true,"href":"https:\/\/lospoliticosveracruz.com\/index.php?rest_route=%2Fwp%2Fv2%2Ftags&post=23760"}],"curies":[{"name":"wp","href":"https:\/\/api.w.org\/{rel}","templated":true}]}}