{"id":23762,"date":"2016-06-16T22:53:09","date_gmt":"2016-06-17T03:53:09","guid":{"rendered":"http:\/\/www.lospoliticosveracruz.com.mx\/?p=23762"},"modified":"2016-06-16T22:53:09","modified_gmt":"2016-06-17T03:53:09","slug":"los-yunes-en-san-lazaro","status":"publish","type":"post","link":"https:\/\/lospoliticosveracruz.com\/?p=23762","title":{"rendered":"Los Yunes en San L\u00e1zaro"},"content":{"rendered":"<p><a href=\"http:\/\/www.lospoliticosveracruz.com.mx\/wp-content\/uploads\/2016\/03\/Miguel-H\u00e9ctor-Yunes.jpg\"><img loading=\"lazy\" decoding=\"async\" class=\"aligncenter size-full wp-image-21608\" src=\"http:\/\/www.lospoliticosveracruz.com.mx\/wp-content\/uploads\/2016\/03\/Miguel-H\u00e9ctor-Yunes.jpg\" alt=\"Miguel H\u00e9ctor Yunes\" width=\"599\" height=\"473\" \/><\/a><br \/>\n<strong>Salvador Mu\u00f1oz<\/strong><\/p>\n<p><em>Los Pol\u00edticos<\/em><\/p>\n<p>Algo tiene la ciudad de M\u00e9xico\u2026 s\u00ed, es un lugar m\u00e1gico, fant\u00e1stico, lleno de colorido, de universos incre\u00edbles de gente\u2026 pero tambi\u00e9n de grilla, tan de grilla que trae en estos \u00faltimos d\u00edas, locos a los jarochos. Vea si no:<br \/>\nDe que llegaron a las 11 de la ma\u00f1ana, no hay duda, fueron puntuales. Aunque de inmediato se hizo la pregunta: Si llegaron a la misma hora, \u00bftambi\u00e9n habr\u00e1n llegado juntos? Porque eso s\u00ed, si bien se les pod\u00eda ver a los dos en el recinto de San L\u00e1zaro, cierto es que tambi\u00e9n se les ve\u00eda a cada quien por su lado, aunque es m\u00e1s cierto que si bien, ambos dieron a conocer los motivos de su visita, las reales-reales fueron causa del verbo m\u00e1s recurrente en nuestra pol\u00edtica jarocha: especular.<br \/>\nII<br \/>\nEn breve comunicado, el Gobernador electo Miguel \u00c1ngel Yunes Linares informa de su reuni\u00f3n ayer en San L\u00e1zaro con diputados del PAN y PRD.<br \/>\nAll\u00ed, habl\u00f3 de la situaci\u00f3n de Veracruz y solicit\u00f3 el apoyo de los legisladores para que en el Presupuesto del 2017, Veracruz pueda tener un trato preferencial para resolver los graves problemas que enfrenta la entidad.<br \/>\nAunque no s\u00f3lo se refiri\u00f3 al futuro, sino tambi\u00e9n al presente inmediato y pasado presente\u2026 presente en algunas curules de San L\u00e1zaro, al se\u00f1alar que la crisis financiera que vive el Gobierno estatal se refleja en m\u00e1s pobreza, m\u00e1s inseguridad, deficientes servicios de salud, deficientes servicios educativos, problemas graves de infraestructura, problemas incluso para pagar la n\u00f3mina de pensionados y que por ello es indispensable que los recursos federales fluyan en mayor medida a Veracruz.<br \/>\n\u00a1Y ojo! Esto no lo manej\u00f3 el bolet\u00edn, pero dicen que no dej\u00f3 de citar que sus ahora compa\u00f1eros de partido no se olviden de lo se\u00f1alado y se\u00f1alados por la Auditor\u00eda Superior de la Federaci\u00f3n donde andan bailando miles de millones de pesos.<br \/>\nEs seguro que si lo hubieran escuchado Edgar Spinoso, Adolfo Mota, Erick Lagos y Tarek Abdal\u00e1, habr\u00edan tragado saliva\u2026 \u00bfme falt\u00f3 otro sospechoso?<br \/>\nIII<br \/>\nPor su parte, H\u00e9ctor Yunes Landa igual difundi\u00f3 sus actividades en la Ciudad de M\u00e9xico, desde un desayuno con Manlio Fabio Beltrones Rivera, dirigente nacional del PRI, y con Amadeo Flores Espinosa, dirigente estatal del PRI.<br \/>\n(Por cierto, el vecino de Cotaxtla ya tiene d\u00edas por el altiplano y con quien se encuentra y le pregunta, adem\u00e1s de que igual se lo ha comentado a sus allegados, dice que ya tiene bien definido su futuro: no se queda en el edificio de Ruiz Cortines esquina con Moreno\u2026 ya tiene ganas de atender los asuntos propios de su notar\u00eda, as\u00ed como de su rancho y estar en su casa\u2026 nada m\u00e1s espera que se resuelva lo que haya que resolver en el proceso postelectoral)<br \/>\nTras la reuni\u00f3n con Beltrones, Yunes Landa fue a San L\u00e1zaro donde estuvo con C\u00e9sar Camacho Quiroz\u2026 presume el comunicado que por espacio de m\u00e1s de dos horas estuvo dialogando con el cabeza de manada de la bancada priista pero no ahonda en los puntos torales de la reuni\u00f3n lo que motiva a la especulaci\u00f3n: \u00bfle fue a pedir su apoyo para impulsarlo como dirigente del PRI estatal? digo, si presume del desayuno con Manlio y Amadeo, s\u00f3lo requiere cerrar la pinza con C\u00e9sar Camacho para generar el imaginario propicio para su postulaci\u00f3n, m\u00e1s cuando tambi\u00e9n anuncia que har\u00e1 un recorrido por todo el estado para agradecer a quienes votaron por \u00e9l.<br \/>\nIV<br \/>\nPero si H\u00e9ctor da lugar a especular con esas reuniones, igual entonces habr\u00eda que tomar atenci\u00f3n a ese rumor de que pasadas las elecciones, hubo una reuni\u00f3n en el DF de primo con primo, que si bien nunca fue ni aceptada ni desmentida, lleva a m\u00e1s de un pepista a desconfiar de ese pacto que se supone habr\u00eda hecho H\u00e9ctor con Pepe Yunes Zorrilla: En el 2016, uno; en el 2018, otro.<br \/>\nSi di\u00e9ramos por buena la reuni\u00f3n de H\u00e9ctor con Miguel, quiz\u00e1s el resultado de \u00e9sta bien podr\u00eda entenderse con los \u00faltimos comportamientos del candidato \u201cPara Mejorar Veracruz\u201d: 1) Reconocer su derrota; 2) A\u00fan no hay triunfador\u2026 y 3) Hagamos un Pacto. Por cierto, creo que el punto 3 ya lo bate\u00f3 el Gobernador Electo.<br \/>\n\u00bfY de la impugnaci\u00f3n, H\u00e9ctor? \u00a1Ni quien se acuerde!<br \/>\nV<br \/>\nAlgo ha de tener la ciudad de M\u00e9xico para tener muy alborotados a los jarochos en estos d\u00edas.<br \/>\nA los comensales de conocido restaurante de Polanco, les llam\u00f3 la atenci\u00f3n el inusual movimiento de camionetas y descenso de damas para instalarse en la mesa encabezada por una chaparrita cuerpo de uva.<br \/>\nEmperifolladas, luciendo sus mejores galas, las damas acud\u00edan al llamado de la (a\u00fan) senadora Erika Ayala R\u00edos\u2026 aseguran que adem\u00e1s de compa\u00f1eras de esca\u00f1o del PRI, hab\u00eda compa\u00f1eras de curul federal del mismo partido.<br \/>\nHay de dos\u2026 o Erika trat\u00f3 asuntos con relaci\u00f3n al G\u00e9nero, o era su despedida como Senadora ante el posible regreso de H\u00e9ctor, o por qu\u00e9 no, pedir su apoyo en pos de la dirigencia del PRI en Veracruz\u2026 dicen que por el momento, ya cuenta con el apoyo de Erick Lagos\u2026 y de su sindicato.<br \/>\nAs\u00ed las cosas en la ciudad de M\u00e9xico que trae locos a los jarochos que vienen y van, grillan y se agazapan\u2026 y todo es por la bendita alternancia. Por cierto, y quien no se vio ni se ha visto, ni ha dicho ni p\u00edo, es Pepe Yunes, quiz\u00e1s uno de los m\u00e1s interesados al 2018 pero que a diferencia de otros, sabe guardar prudencia y sabe manejar sus tiempos.<\/p>\n<p>smcainito@gmail.com<\/p>\n","protected":false},"excerpt":{"rendered":"<p>Salvador Mu\u00f1oz Los Pol\u00edticos Algo tiene la ciudad de M\u00e9xico\u2026 s\u00ed, es un lugar m\u00e1gico, fant\u00e1stico, lleno de colorido, de universos incre\u00edbles de gente\u2026 pero tambi\u00e9n de grilla, tan de grilla que trae en estos \u00faltimos d\u00edas, locos a los jarochos. Vea si no: De que llegaron a las 11 de la ma\u00f1ana, no hay [&hellip;]<\/p>\n","protected":false},"author":2,"featured_media":0,"comment_status":"open","ping_status":"open","sticky":false,"template":"","format":"standard","meta":{"tdm_status":"","tdm_grid_status":"","footnotes":""},"categories":[70],"tags":[3685,3525,348,4011,428,246,3270],"class_list":{"0":"post-23762","1":"post","2":"type-post","3":"status-publish","4":"format-standard","6":"category-de-opinion","7":"tag-amadeo-flores-espinosa","8":"tag-erika-ayala-rios","9":"tag-hector-yunes-landa","10":"tag-manlio-fabio-beltrones-rivera","11":"tag-miguel-angel-yunes-linares","12":"tag-pepe-yunes-zorrilla","13":"tag-san-lazaro"},"yoast_head":"<!-- This site is optimized with the Yoast SEO plugin v27.4 - https:\/\/yoast.com\/product\/yoast-seo-wordpress\/ -->\n<title>Los Yunes en San L\u00e1zaro - Los pol\u00edticos Veracruz<\/title>\n<meta name=\"robots\" content=\"index, follow, max-snippet:-1, max-image-preview:large, max-video-preview:-1\" \/>\n<link rel=\"canonical\" href=\"https:\/\/lospoliticosveracruz.com\/?p=23762\" \/>\n<meta property=\"og:locale\" content=\"es_ES\" \/>\n<meta property=\"og:type\" content=\"article\" \/>\n<meta property=\"og:title\" content=\"Los Yunes en San L\u00e1zaro - Los pol\u00edticos Veracruz\" \/>\n<meta property=\"og:description\" content=\"Salvador Mu\u00f1oz Los Pol\u00edticos Algo tiene la ciudad de M\u00e9xico\u2026 s\u00ed, es un lugar m\u00e1gico, fant\u00e1stico, lleno de colorido, de universos incre\u00edbles de gente\u2026 pero tambi\u00e9n de grilla, tan de grilla que trae en estos \u00faltimos d\u00edas, locos a los jarochos. Vea si no: De que llegaron a las 11 de la ma\u00f1ana, no hay [&hellip;]\" \/>\n<meta property=\"og:url\" content=\"https:\/\/lospoliticosveracruz.com\/?p=23762\" \/>\n<meta property=\"og:site_name\" content=\"Los pol\u00edticos Veracruz\" \/>\n<meta property=\"article:publisher\" content=\"https:\/\/www.facebook.com\/people\/Notimemes-de-los-Polticos\/61565672886568\/\" \/>\n<meta property=\"article:published_time\" content=\"2016-06-17T03:53:09+00:00\" \/>\n<meta property=\"og:image\" content=\"https:\/\/lospoliticosveracruz.com\/wp-content\/uploads\/2016\/07\/Logo-Dor.jpg\" \/>\n\t<meta property=\"og:image:width\" content=\"200\" \/>\n\t<meta property=\"og:image:height\" content=\"200\" \/>\n\t<meta property=\"og:image:type\" content=\"image\/jpeg\" \/>\n<meta name=\"author\" content=\"Lo viste en Los Pol\u00edticos\" \/>\n<meta name=\"twitter:card\" content=\"summary_large_image\" \/>\n<meta name=\"twitter:creator\" content=\"@LosPoliticosVer\" \/>\n<meta name=\"twitter:site\" content=\"@LosPoliticosVer\" \/>\n<meta name=\"twitter:label1\" content=\"Escrito por\" \/>\n\t<meta name=\"twitter:data1\" content=\"Lo viste en Los Pol\u00edticos\" \/>\n\t<meta name=\"twitter:label2\" content=\"Tiempo de lectura\" \/>\n\t<meta name=\"twitter:data2\" content=\"5 minutos\" \/>\n<script type=\"application\/ld+json\" class=\"yoast-schema-graph\">{\"@context\":\"https:\\\/\\\/schema.org\",\"@graph\":[{\"@type\":\"Article\",\"@id\":\"https:\\\/\\\/lospoliticosveracruz.com\\\/?p=23762#article\",\"isPartOf\":{\"@id\":\"https:\\\/\\\/lospoliticosveracruz.com\\\/?p=23762\"},\"author\":{\"name\":\"Lo viste en Los Pol\u00edticos\",\"@id\":\"https:\\\/\\\/lospoliticosveracruz.com\\\/#\\\/schema\\\/person\\\/b8702bb0e538456e6efd07080bf2a4a2\"},\"headline\":\"Los Yunes en San L\u00e1zaro\",\"datePublished\":\"2016-06-17T03:53:09+00:00\",\"mainEntityOfPage\":{\"@id\":\"https:\\\/\\\/lospoliticosveracruz.com\\\/?p=23762\"},\"wordCount\":1007,\"commentCount\":0,\"publisher\":{\"@id\":\"https:\\\/\\\/lospoliticosveracruz.com\\\/#organization\"},\"keywords\":[\"Amadeo Flores Espinosa\",\"Erika Ayala R\u00edos\",\"H\u00e9ctor Yunes Landa\",\"Manlio Fabio Beltrones Rivera\",\"Miguel Angel Yunes Linares\",\"Pepe Yunes Zorrilla\",\"San L\u00e1zaro\"],\"articleSection\":[\"De Opini\u00f3n\"],\"inLanguage\":\"es\",\"potentialAction\":[{\"@type\":\"CommentAction\",\"name\":\"Comment\",\"target\":[\"https:\\\/\\\/lospoliticosveracruz.com\\\/?p=23762#respond\"]}]},{\"@type\":\"WebPage\",\"@id\":\"https:\\\/\\\/lospoliticosveracruz.com\\\/?p=23762\",\"url\":\"https:\\\/\\\/lospoliticosveracruz.com\\\/?p=23762\",\"name\":\"Los Yunes en San L\u00e1zaro - Los pol\u00edticos Veracruz\",\"isPartOf\":{\"@id\":\"https:\\\/\\\/lospoliticosveracruz.com\\\/#website\"},\"datePublished\":\"2016-06-17T03:53:09+00:00\",\"breadcrumb\":{\"@id\":\"https:\\\/\\\/lospoliticosveracruz.com\\\/?p=23762#breadcrumb\"},\"inLanguage\":\"es\",\"potentialAction\":[{\"@type\":\"ReadAction\",\"target\":[\"https:\\\/\\\/lospoliticosveracruz.com\\\/?p=23762\"]}]},{\"@type\":\"BreadcrumbList\",\"@id\":\"https:\\\/\\\/lospoliticosveracruz.com\\\/?p=23762#breadcrumb\",\"itemListElement\":[{\"@type\":\"ListItem\",\"position\":1,\"name\":\"Portada\",\"item\":\"https:\\\/\\\/lospoliticosveracruz.com\\\/\"},{\"@type\":\"ListItem\",\"position\":2,\"name\":\"Los Yunes en San L\u00e1zaro\"}]},{\"@type\":\"WebSite\",\"@id\":\"https:\\\/\\\/lospoliticosveracruz.com\\\/#website\",\"url\":\"https:\\\/\\\/lospoliticosveracruz.com\\\/\",\"name\":\"Los pol\u00edticos Veracruz\",\"description\":\"\",\"publisher\":{\"@id\":\"https:\\\/\\\/lospoliticosveracruz.com\\\/#organization\"},\"potentialAction\":[{\"@type\":\"SearchAction\",\"target\":{\"@type\":\"EntryPoint\",\"urlTemplate\":\"https:\\\/\\\/lospoliticosveracruz.com\\\/?s={search_term_string}\"},\"query-input\":{\"@type\":\"PropertyValueSpecification\",\"valueRequired\":true,\"valueName\":\"search_term_string\"}}],\"inLanguage\":\"es\"},{\"@type\":\"Organization\",\"@id\":\"https:\\\/\\\/lospoliticosveracruz.com\\\/#organization\",\"name\":\"Los pol\u00edticos Veracruz\",\"url\":\"https:\\\/\\\/lospoliticosveracruz.com\\\/\",\"logo\":{\"@type\":\"ImageObject\",\"inLanguage\":\"es\",\"@id\":\"https:\\\/\\\/lospoliticosveracruz.com\\\/#\\\/schema\\\/logo\\\/image\\\/\",\"url\":\"https:\\\/\\\/lospoliticosveracruz.com\\\/wp-content\\\/uploads\\\/2025\\\/12\\\/Logo-Nuevo-LOS-POLITICOS-1.jpg\",\"contentUrl\":\"https:\\\/\\\/lospoliticosveracruz.com\\\/wp-content\\\/uploads\\\/2025\\\/12\\\/Logo-Nuevo-LOS-POLITICOS-1.jpg\",\"width\":260,\"height\":70,\"caption\":\"Los pol\u00edticos Veracruz\"},\"image\":{\"@id\":\"https:\\\/\\\/lospoliticosveracruz.com\\\/#\\\/schema\\\/logo\\\/image\\\/\"},\"sameAs\":[\"https:\\\/\\\/www.facebook.com\\\/people\\\/Notimemes-de-los-Polticos\\\/61565672886568\\\/\",\"https:\\\/\\\/x.com\\\/LosPoliticosVer\"]},{\"@type\":\"Person\",\"@id\":\"https:\\\/\\\/lospoliticosveracruz.com\\\/#\\\/schema\\\/person\\\/b8702bb0e538456e6efd07080bf2a4a2\",\"name\":\"Lo viste en Los Pol\u00edticos\",\"image\":{\"@type\":\"ImageObject\",\"inLanguage\":\"es\",\"@id\":\"https:\\\/\\\/secure.gravatar.com\\\/avatar\\\/3a8de04a2656d44082be478bd6c086daa447c4651605818287b9532d3d0bd435?s=96&d=mm&r=g\",\"url\":\"https:\\\/\\\/secure.gravatar.com\\\/avatar\\\/3a8de04a2656d44082be478bd6c086daa447c4651605818287b9532d3d0bd435?s=96&d=mm&r=g\",\"contentUrl\":\"https:\\\/\\\/secure.gravatar.com\\\/avatar\\\/3a8de04a2656d44082be478bd6c086daa447c4651605818287b9532d3d0bd435?s=96&d=mm&r=g\",\"caption\":\"Lo viste en Los Pol\u00edticos\"},\"url\":\"https:\\\/\\\/lospoliticosveracruz.com\\\/?author=2\"}]}<\/script>\n<!-- \/ Yoast SEO plugin. -->","yoast_head_json":{"title":"Los Yunes en San L\u00e1zaro - Los pol\u00edticos Veracruz","robots":{"index":"index","follow":"follow","max-snippet":"max-snippet:-1","max-image-preview":"max-image-preview:large","max-video-preview":"max-video-preview:-1"},"canonical":"https:\/\/lospoliticosveracruz.com\/?p=23762","og_locale":"es_ES","og_type":"article","og_title":"Los Yunes en San L\u00e1zaro - Los pol\u00edticos Veracruz","og_description":"Salvador Mu\u00f1oz Los Pol\u00edticos Algo tiene la ciudad de M\u00e9xico\u2026 s\u00ed, es un lugar m\u00e1gico, fant\u00e1stico, lleno de colorido, de universos incre\u00edbles de gente\u2026 pero tambi\u00e9n de grilla, tan de grilla que trae en estos \u00faltimos d\u00edas, locos a los jarochos. Vea si no: De que llegaron a las 11 de la ma\u00f1ana, no hay [&hellip;]","og_url":"https:\/\/lospoliticosveracruz.com\/?p=23762","og_site_name":"Los pol\u00edticos Veracruz","article_publisher":"https:\/\/www.facebook.com\/people\/Notimemes-de-los-Polticos\/61565672886568\/","article_published_time":"2016-06-17T03:53:09+00:00","og_image":[{"width":200,"height":200,"url":"https:\/\/lospoliticosveracruz.com\/wp-content\/uploads\/2016\/07\/Logo-Dor.jpg","type":"image\/jpeg"}],"author":"Lo viste en Los Pol\u00edticos","twitter_card":"summary_large_image","twitter_creator":"@LosPoliticosVer","twitter_site":"@LosPoliticosVer","twitter_misc":{"Escrito por":"Lo viste en Los Pol\u00edticos","Tiempo de lectura":"5 minutos"},"schema":{"@context":"https:\/\/schema.org","@graph":[{"@type":"Article","@id":"https:\/\/lospoliticosveracruz.com\/?p=23762#article","isPartOf":{"@id":"https:\/\/lospoliticosveracruz.com\/?p=23762"},"author":{"name":"Lo viste en Los Pol\u00edticos","@id":"https:\/\/lospoliticosveracruz.com\/#\/schema\/person\/b8702bb0e538456e6efd07080bf2a4a2"},"headline":"Los Yunes en San L\u00e1zaro","datePublished":"2016-06-17T03:53:09+00:00","mainEntityOfPage":{"@id":"https:\/\/lospoliticosveracruz.com\/?p=23762"},"wordCount":1007,"commentCount":0,"publisher":{"@id":"https:\/\/lospoliticosveracruz.com\/#organization"},"keywords":["Amadeo Flores Espinosa","Erika Ayala R\u00edos","H\u00e9ctor Yunes Landa","Manlio Fabio Beltrones Rivera","Miguel Angel Yunes Linares","Pepe Yunes Zorrilla","San L\u00e1zaro"],"articleSection":["De Opini\u00f3n"],"inLanguage":"es","potentialAction":[{"@type":"CommentAction","name":"Comment","target":["https:\/\/lospoliticosveracruz.com\/?p=23762#respond"]}]},{"@type":"WebPage","@id":"https:\/\/lospoliticosveracruz.com\/?p=23762","url":"https:\/\/lospoliticosveracruz.com\/?p=23762","name":"Los Yunes en San L\u00e1zaro - Los pol\u00edticos Veracruz","isPartOf":{"@id":"https:\/\/lospoliticosveracruz.com\/#website"},"datePublished":"2016-06-17T03:53:09+00:00","breadcrumb":{"@id":"https:\/\/lospoliticosveracruz.com\/?p=23762#breadcrumb"},"inLanguage":"es","potentialAction":[{"@type":"ReadAction","target":["https:\/\/lospoliticosveracruz.com\/?p=23762"]}]},{"@type":"BreadcrumbList","@id":"https:\/\/lospoliticosveracruz.com\/?p=23762#breadcrumb","itemListElement":[{"@type":"ListItem","position":1,"name":"Portada","item":"https:\/\/lospoliticosveracruz.com\/"},{"@type":"ListItem","position":2,"name":"Los Yunes en San L\u00e1zaro"}]},{"@type":"WebSite","@id":"https:\/\/lospoliticosveracruz.com\/#website","url":"https:\/\/lospoliticosveracruz.com\/","name":"Los pol\u00edticos Veracruz","description":"","publisher":{"@id":"https:\/\/lospoliticosveracruz.com\/#organization"},"potentialAction":[{"@type":"SearchAction","target":{"@type":"EntryPoint","urlTemplate":"https:\/\/lospoliticosveracruz.com\/?s={search_term_string}"},"query-input":{"@type":"PropertyValueSpecification","valueRequired":true,"valueName":"search_term_string"}}],"inLanguage":"es"},{"@type":"Organization","@id":"https:\/\/lospoliticosveracruz.com\/#organization","name":"Los pol\u00edticos Veracruz","url":"https:\/\/lospoliticosveracruz.com\/","logo":{"@type":"ImageObject","inLanguage":"es","@id":"https:\/\/lospoliticosveracruz.com\/#\/schema\/logo\/image\/","url":"https:\/\/lospoliticosveracruz.com\/wp-content\/uploads\/2025\/12\/Logo-Nuevo-LOS-POLITICOS-1.jpg","contentUrl":"https:\/\/lospoliticosveracruz.com\/wp-content\/uploads\/2025\/12\/Logo-Nuevo-LOS-POLITICOS-1.jpg","width":260,"height":70,"caption":"Los pol\u00edticos Veracruz"},"image":{"@id":"https:\/\/lospoliticosveracruz.com\/#\/schema\/logo\/image\/"},"sameAs":["https:\/\/www.facebook.com\/people\/Notimemes-de-los-Polticos\/61565672886568\/","https:\/\/x.com\/LosPoliticosVer"]},{"@type":"Person","@id":"https:\/\/lospoliticosveracruz.com\/#\/schema\/person\/b8702bb0e538456e6efd07080bf2a4a2","name":"Lo viste en Los Pol\u00edticos","image":{"@type":"ImageObject","inLanguage":"es","@id":"https:\/\/secure.gravatar.com\/avatar\/3a8de04a2656d44082be478bd6c086daa447c4651605818287b9532d3d0bd435?s=96&d=mm&r=g","url":"https:\/\/secure.gravatar.com\/avatar\/3a8de04a2656d44082be478bd6c086daa447c4651605818287b9532d3d0bd435?s=96&d=mm&r=g","contentUrl":"https:\/\/secure.gravatar.com\/avatar\/3a8de04a2656d44082be478bd6c086daa447c4651605818287b9532d3d0bd435?s=96&d=mm&r=g","caption":"Lo viste en Los Pol\u00edticos"},"url":"https:\/\/lospoliticosveracruz.com\/?author=2"}]}},"_links":{"self":[{"href":"https:\/\/lospoliticosveracruz.com\/index.php?rest_route=\/wp\/v2\/posts\/23762","targetHints":{"allow":["GET"]}}],"collection":[{"href":"https:\/\/lospoliticosveracruz.com\/index.php?rest_route=\/wp\/v2\/posts"}],"about":[{"href":"https:\/\/lospoliticosveracruz.com\/index.php?rest_route=\/wp\/v2\/types\/post"}],"author":[{"embeddable":true,"href":"https:\/\/lospoliticosveracruz.com\/index.php?rest_route=\/wp\/v2\/users\/2"}],"replies":[{"embeddable":true,"href":"https:\/\/lospoliticosveracruz.com\/index.php?rest_route=%2Fwp%2Fv2%2Fcomments&post=23762"}],"version-history":[{"count":1,"href":"https:\/\/lospoliticosveracruz.com\/index.php?rest_route=\/wp\/v2\/posts\/23762\/revisions"}],"predecessor-version":[{"id":23763,"href":"https:\/\/lospoliticosveracruz.com\/index.php?rest_route=\/wp\/v2\/posts\/23762\/revisions\/23763"}],"wp:attachment":[{"href":"https:\/\/lospoliticosveracruz.com\/index.php?rest_route=%2Fwp%2Fv2%2Fmedia&parent=23762"}],"wp:term":[{"taxonomy":"category","embeddable":true,"href":"https:\/\/lospoliticosveracruz.com\/index.php?rest_route=%2Fwp%2Fv2%2Fcategories&post=23762"},{"taxonomy":"post_tag","embeddable":true,"href":"https:\/\/lospoliticosveracruz.com\/index.php?rest_route=%2Fwp%2Fv2%2Ftags&post=23762"}],"curies":[{"name":"wp","href":"https:\/\/api.w.org\/{rel}","templated":true}]}}