{"id":23778,"date":"2016-06-19T15:24:23","date_gmt":"2016-06-19T20:24:23","guid":{"rendered":"http:\/\/www.lospoliticosveracruz.com.mx\/?p=23778"},"modified":"2016-06-19T15:24:23","modified_gmt":"2016-06-19T20:24:23","slug":"pena-prefirio-a-mayl-para-cerrarle-el-paso-amlo","status":"publish","type":"post","link":"https:\/\/lospoliticosveracruz.com\/?p=23778","title":{"rendered":"\u00bfPe\u00f1a prefiri\u00f3 a MAYL para cerrarle el paso AMLO?"},"content":{"rendered":"<p><a href=\"http:\/\/www.lospoliticosveracruz.com.mx\/wp-content\/uploads\/2015\/10\/Peje.jpg\"><img loading=\"lazy\" decoding=\"async\" class=\"aligncenter size-full wp-image-18158\" src=\"http:\/\/www.lospoliticosveracruz.com.mx\/wp-content\/uploads\/2015\/10\/Peje.jpg\" alt=\"Peje\" width=\"630\" height=\"330\" \/><\/a><\/p>\n<p><strong>Pablo Jair Ortega<\/strong><\/p>\n<p><em>Columna Sin Nombre<\/em><\/p>\n<p>La hip\u00f3tesis surge al calor de unos tacos de birria con su respectivo consom\u00e9, bajo una pertinaz lluvia. El tema obligado en la mesa es la reciente elecci\u00f3n.<\/p>\n<p>Se plantea que la llegada de Miguel \u00c1ngel Yunes Linares al Palacio de Gobierno llama m\u00e1s la atenci\u00f3n por la aparente falta de intervenci\u00f3n del gobierno de Enrique Pe\u00f1a Nieto en las elecciones de Veracruz. Es decir, aunque en teor\u00eda se supone que as\u00ed debe ser en aras de la democracia, en la pr\u00e1ctica de la pol\u00edtica a la mexicana eso no ocurre y por eso la extra\u00f1eza.<\/p>\n<p>La conjetura inicia as\u00ed: el gran perdedor en Veracruz (y en el pa\u00eds) es Manlio Fabio Beltrones, quien recibe un fuerte descalabro y queda fuera de la contienda presidencial del 2018. En el caso de Veracruz, se acent\u00faa m\u00e1s lo anterior, por la relaci\u00f3n muy cercana del candidato H\u00e9ctor Yunes Landa con el sonorense.<\/p>\n<p>En el panorama nacional, a Veracruz llega por primera vez un partido diferente al PRI: llega lo que llaman \u201cla alternancia\u201d. Eso ayuda mucho a despresurizar al estado tan enardecido y se calmen los \u00e1nimos en la entidad con la llegada de un priista pintado de azul al Palacio de Gobierno.<\/p>\n<p>Yunes Linares (desde este espacio lo hemos se\u00f1alado) es muy amigo del secretario de Gobernaci\u00f3n, Miguel \u00c1ngel Osorio Chong, as\u00ed como cercano del grupo nacional conocido como \u201cLos Hidalguenses\u201d. Otra prueba de lo anterior, es que gente muy cercana a Jes\u00fas Murillo Karam vino a operar en la campa\u00f1a de Yunes Linares en el \u00e1rea de seguridad. A este grupo tambi\u00e9n pertenece Enrique Ampudia Mello, quien sigue siendo &#8211;de acuerdo a fuentes muy cercanas&#8211; el representante legal de las estaciones gasolineras que son propiedad de Yunes Linares.<\/p>\n<p>Siendo cercano a Osorio Chong, el gobernador electo Yunes Linares es el actor pol\u00edtico de la mentada alternancia con el que el gobierno federal puede negociar, situaci\u00f3n que no hubiese pasado si llegaba Cuitl\u00e1huac Garc\u00eda Jim\u00e9nez, el candidato de Movimiento Regeneraci\u00f3n Nacional (MORENA)<\/p>\n<p>Hay que recordar que MORENA es el m\u00e1s feroz combatiente y cr\u00edtico de las reformas constitucionales realizadas por Enrique Pe\u00f1a Nieto, y en Veracruz son dos gremios muy poderosos y fuertes los m\u00e1s afectados por dichas reformas: los maestros y los petroleros, que se supon\u00edan voto duro del PRI.<\/p>\n<p>A su vez, se hace crecer en el panorama nacional al panismo (a dos a\u00f1os de las elecciones presidenciales) que tambi\u00e9n aprovecha la situaci\u00f3n de hartazgo nacional y logra tener presencia en 7 gubernaturas, pero al menos tres de ellas con priistas: Yunes Linares, en Veracruz; Carlos Joaqu\u00edn Gonz\u00e1lez, en Quintana Roo, pariente del actual secretario de Energ\u00eda, Pedro Joaqu\u00edn Coldwell; y Jos\u00e9 Rosas Aispuro, en Durango.<\/p>\n<p>En el mismo panorama nacional se mueve Andr\u00e9s Manuel L\u00f3pez Obrador, quien es el m\u00e1s fuerte contendiente a la Presidencia de la Rep\u00fablica. Es apoyado a su vez por sectores como el magisterial y el petrolero, como se demostr\u00f3 en Veracruz, donde se ubica la secci\u00f3n 32, la m\u00e1s grande del Sindicato Nacional de Trabajadores de la Educaci\u00f3n (SNTE) en todo el pa\u00eds, as\u00ed como dos de las m\u00e1s fuertes secciones del sindicato petrolero: la 10 y la 11.<\/p>\n<p>AMLO tiene pr\u00e1cticamente el control y toda la simpat\u00eda de la Ciudad de M\u00e9xico, as\u00ed como un gran basti\u00f3n en Veracruz, que es el tercer lugar en padr\u00f3n electoral a nivel nacional. Si llegara a ganar el Estado de M\u00e9xico, pr\u00e1cticamente se apodera de la Presidencia, con las tres regiones donde mayor votantes hay.<\/p>\n<p>El PAN, luego entonces, en el plano del 2018 tiene en su mejor contendiente a Margarita Zavala de Calder\u00f3n, porque saben que AMLO destrozar\u00eda a Ricardo Anaya y a Rafael Moreno Valle. A su vez, L\u00f3pez Obrador sabe que no le convendr\u00eda atacar a una mujer, aunque \u00e9sta tenga en contra ser esposa de Felipe Calder\u00f3n, quien desencaden\u00f3 la violencia del crimen organizado por todo el pa\u00eds.<\/p>\n<p>Resumen Final: Manlio no llega a ser candidato del PRI, el tricolor y el PAN le cierran el paso a AMLO rumbo la Presidencia y Pe\u00f1a sale bien librado hist\u00f3ricamente como el presidente de las reformas, la alternancia y por ser quien permitir\u00eda la llegada de una mujer a la Presidencia aprovechando tambi\u00e9n el efecto \u201cHillary Clinton\u201d, quien para ese entonces muy probablemente ya ser\u00eda la primer presidenta de los Estados Unidos de Am\u00e9rica.<\/p>\n<p>Lo anterior, claro est\u00e1, si el PRI pierde la Presidencia de la Rep\u00fablica, aunque lo m\u00e1s probable es que lance a un Osorio Chong quien, al menos en Veracruz, sali\u00f3 muy fortalecido con la llegada de su amigo Yunes Linares a la gubernatura, as\u00ed como aliados en delegaciones federales del estado, como el caso de Anil\u00fa Ingram.<\/p>\n<p>Nos queda claro entonces cu\u00e1l es el objetivo de Yunes Linares en Veracruz, con un PRI muy debilitado y que tardar\u00e1 en recomponerse: MORENA y L\u00f3pez Obrador.<\/p>\n<p>(Algo le deben haber puesto a esos tacos y a ese consom\u00e9, que mire usted que ya and\u00e1bamos volados\u2026 Debe ser que nos chingamos unos de \u201calternancia\u201d).<\/p>\n<p>EP\u00cdLOGO: Apunte usted dentro del pr\u00f3ximo gabinete, en el \u00e1rea de Comunicaci\u00f3n Social, tambi\u00e9n a una mujer periodista nativa de Tabasco. Tambi\u00e9n se dice que por mera pluralidad llegar\u00eda un diputado local priista, de una famosa familia.<\/p>\n","protected":false},"excerpt":{"rendered":"<p>Pablo Jair Ortega Columna Sin Nombre La hip\u00f3tesis surge al calor de unos tacos de birria con su respectivo consom\u00e9, bajo una pertinaz lluvia. El tema obligado en la mesa es la reciente elecci\u00f3n. Se plantea que la llegada de Miguel \u00c1ngel Yunes Linares al Palacio de Gobierno llama m\u00e1s la atenci\u00f3n por la aparente [&hellip;]<\/p>\n","protected":false},"author":2,"featured_media":0,"comment_status":"open","ping_status":"open","sticky":false,"template":"","format":"standard","meta":{"tdm_status":"","tdm_grid_status":"","footnotes":""},"categories":[70],"tags":[281,348,887,617,445,428],"class_list":{"0":"post-23778","1":"post","2":"type-post","3":"status-publish","4":"format-standard","6":"category-de-opinion","7":"tag-enrique-pena-nieto","8":"tag-hector-yunes-landa","9":"tag-jesus-murillo-karam","10":"tag-manlio-fabio-beltrones","11":"tag-miguel-angel-osorio-chong","12":"tag-miguel-angel-yunes-linares"},"yoast_head":"<!-- This site is optimized with the Yoast SEO plugin v27.4 - https:\/\/yoast.com\/product\/yoast-seo-wordpress\/ -->\n<title>\u00bfPe\u00f1a prefiri\u00f3 a MAYL para cerrarle el paso AMLO? - Los pol\u00edticos Veracruz<\/title>\n<meta name=\"robots\" content=\"index, follow, max-snippet:-1, max-image-preview:large, max-video-preview:-1\" \/>\n<link rel=\"canonical\" href=\"https:\/\/lospoliticosveracruz.com\/?p=23778\" \/>\n<meta property=\"og:locale\" content=\"es_ES\" \/>\n<meta property=\"og:type\" content=\"article\" \/>\n<meta property=\"og:title\" content=\"\u00bfPe\u00f1a prefiri\u00f3 a MAYL para cerrarle el paso AMLO? - Los pol\u00edticos Veracruz\" \/>\n<meta property=\"og:description\" content=\"Pablo Jair Ortega Columna Sin Nombre La hip\u00f3tesis surge al calor de unos tacos de birria con su respectivo consom\u00e9, bajo una pertinaz lluvia. El tema obligado en la mesa es la reciente elecci\u00f3n. Se plantea que la llegada de Miguel \u00c1ngel Yunes Linares al Palacio de Gobierno llama m\u00e1s la atenci\u00f3n por la aparente [&hellip;]\" \/>\n<meta property=\"og:url\" content=\"https:\/\/lospoliticosveracruz.com\/?p=23778\" \/>\n<meta property=\"og:site_name\" content=\"Los pol\u00edticos Veracruz\" \/>\n<meta property=\"article:publisher\" content=\"https:\/\/www.facebook.com\/people\/Notimemes-de-los-Polticos\/61565672886568\/\" \/>\n<meta property=\"article:published_time\" content=\"2016-06-19T20:24:23+00:00\" \/>\n<meta property=\"og:image\" content=\"http:\/\/www.lospoliticosveracruz.com.mx\/wp-content\/uploads\/2015\/10\/Peje.jpg\" \/>\n<meta name=\"author\" content=\"Lo viste en Los Pol\u00edticos\" \/>\n<meta name=\"twitter:card\" content=\"summary_large_image\" \/>\n<meta name=\"twitter:creator\" content=\"@LosPoliticosVer\" \/>\n<meta name=\"twitter:site\" content=\"@LosPoliticosVer\" \/>\n<meta name=\"twitter:label1\" content=\"Escrito por\" \/>\n\t<meta name=\"twitter:data1\" content=\"Lo viste en Los Pol\u00edticos\" \/>\n\t<meta name=\"twitter:label2\" content=\"Tiempo de lectura\" \/>\n\t<meta name=\"twitter:data2\" content=\"5 minutos\" \/>\n<script type=\"application\/ld+json\" class=\"yoast-schema-graph\">{\"@context\":\"https:\\\/\\\/schema.org\",\"@graph\":[{\"@type\":\"Article\",\"@id\":\"https:\\\/\\\/lospoliticosveracruz.com\\\/?p=23778#article\",\"isPartOf\":{\"@id\":\"https:\\\/\\\/lospoliticosveracruz.com\\\/?p=23778\"},\"author\":{\"name\":\"Lo viste en Los Pol\u00edticos\",\"@id\":\"https:\\\/\\\/lospoliticosveracruz.com\\\/#\\\/schema\\\/person\\\/b8702bb0e538456e6efd07080bf2a4a2\"},\"headline\":\"\u00bfPe\u00f1a prefiri\u00f3 a MAYL para cerrarle el paso AMLO?\",\"datePublished\":\"2016-06-19T20:24:23+00:00\",\"mainEntityOfPage\":{\"@id\":\"https:\\\/\\\/lospoliticosveracruz.com\\\/?p=23778\"},\"wordCount\":956,\"commentCount\":0,\"publisher\":{\"@id\":\"https:\\\/\\\/lospoliticosveracruz.com\\\/#organization\"},\"image\":{\"@id\":\"https:\\\/\\\/lospoliticosveracruz.com\\\/?p=23778#primaryimage\"},\"thumbnailUrl\":\"http:\\\/\\\/www.lospoliticosveracruz.com.mx\\\/wp-content\\\/uploads\\\/2015\\\/10\\\/Peje.jpg\",\"keywords\":[\"Enrique Pe\u00f1a Nieto\",\"H\u00e9ctor Yunes Landa\",\"Jes\u00fas Murillo Karam\",\"Manlio Fabio Beltrones\",\"Miguel \u00c1ngel Osorio Chong\",\"Miguel Angel Yunes Linares\"],\"articleSection\":[\"De Opini\u00f3n\"],\"inLanguage\":\"es\",\"potentialAction\":[{\"@type\":\"CommentAction\",\"name\":\"Comment\",\"target\":[\"https:\\\/\\\/lospoliticosveracruz.com\\\/?p=23778#respond\"]}]},{\"@type\":\"WebPage\",\"@id\":\"https:\\\/\\\/lospoliticosveracruz.com\\\/?p=23778\",\"url\":\"https:\\\/\\\/lospoliticosveracruz.com\\\/?p=23778\",\"name\":\"\u00bfPe\u00f1a prefiri\u00f3 a MAYL para cerrarle el paso AMLO? - Los pol\u00edticos Veracruz\",\"isPartOf\":{\"@id\":\"https:\\\/\\\/lospoliticosveracruz.com\\\/#website\"},\"primaryImageOfPage\":{\"@id\":\"https:\\\/\\\/lospoliticosveracruz.com\\\/?p=23778#primaryimage\"},\"image\":{\"@id\":\"https:\\\/\\\/lospoliticosveracruz.com\\\/?p=23778#primaryimage\"},\"thumbnailUrl\":\"http:\\\/\\\/www.lospoliticosveracruz.com.mx\\\/wp-content\\\/uploads\\\/2015\\\/10\\\/Peje.jpg\",\"datePublished\":\"2016-06-19T20:24:23+00:00\",\"breadcrumb\":{\"@id\":\"https:\\\/\\\/lospoliticosveracruz.com\\\/?p=23778#breadcrumb\"},\"inLanguage\":\"es\",\"potentialAction\":[{\"@type\":\"ReadAction\",\"target\":[\"https:\\\/\\\/lospoliticosveracruz.com\\\/?p=23778\"]}]},{\"@type\":\"ImageObject\",\"inLanguage\":\"es\",\"@id\":\"https:\\\/\\\/lospoliticosveracruz.com\\\/?p=23778#primaryimage\",\"url\":\"http:\\\/\\\/www.lospoliticosveracruz.com.mx\\\/wp-content\\\/uploads\\\/2015\\\/10\\\/Peje.jpg\",\"contentUrl\":\"http:\\\/\\\/www.lospoliticosveracruz.com.mx\\\/wp-content\\\/uploads\\\/2015\\\/10\\\/Peje.jpg\"},{\"@type\":\"BreadcrumbList\",\"@id\":\"https:\\\/\\\/lospoliticosveracruz.com\\\/?p=23778#breadcrumb\",\"itemListElement\":[{\"@type\":\"ListItem\",\"position\":1,\"name\":\"Portada\",\"item\":\"https:\\\/\\\/lospoliticosveracruz.com\\\/\"},{\"@type\":\"ListItem\",\"position\":2,\"name\":\"\u00bfPe\u00f1a prefiri\u00f3 a MAYL para cerrarle el paso AMLO?\"}]},{\"@type\":\"WebSite\",\"@id\":\"https:\\\/\\\/lospoliticosveracruz.com\\\/#website\",\"url\":\"https:\\\/\\\/lospoliticosveracruz.com\\\/\",\"name\":\"Los pol\u00edticos Veracruz\",\"description\":\"\",\"publisher\":{\"@id\":\"https:\\\/\\\/lospoliticosveracruz.com\\\/#organization\"},\"potentialAction\":[{\"@type\":\"SearchAction\",\"target\":{\"@type\":\"EntryPoint\",\"urlTemplate\":\"https:\\\/\\\/lospoliticosveracruz.com\\\/?s={search_term_string}\"},\"query-input\":{\"@type\":\"PropertyValueSpecification\",\"valueRequired\":true,\"valueName\":\"search_term_string\"}}],\"inLanguage\":\"es\"},{\"@type\":\"Organization\",\"@id\":\"https:\\\/\\\/lospoliticosveracruz.com\\\/#organization\",\"name\":\"Los pol\u00edticos Veracruz\",\"url\":\"https:\\\/\\\/lospoliticosveracruz.com\\\/\",\"logo\":{\"@type\":\"ImageObject\",\"inLanguage\":\"es\",\"@id\":\"https:\\\/\\\/lospoliticosveracruz.com\\\/#\\\/schema\\\/logo\\\/image\\\/\",\"url\":\"https:\\\/\\\/lospoliticosveracruz.com\\\/wp-content\\\/uploads\\\/2025\\\/12\\\/Logo-Nuevo-LOS-POLITICOS-1.jpg\",\"contentUrl\":\"https:\\\/\\\/lospoliticosveracruz.com\\\/wp-content\\\/uploads\\\/2025\\\/12\\\/Logo-Nuevo-LOS-POLITICOS-1.jpg\",\"width\":260,\"height\":70,\"caption\":\"Los pol\u00edticos Veracruz\"},\"image\":{\"@id\":\"https:\\\/\\\/lospoliticosveracruz.com\\\/#\\\/schema\\\/logo\\\/image\\\/\"},\"sameAs\":[\"https:\\\/\\\/www.facebook.com\\\/people\\\/Notimemes-de-los-Polticos\\\/61565672886568\\\/\",\"https:\\\/\\\/x.com\\\/LosPoliticosVer\"]},{\"@type\":\"Person\",\"@id\":\"https:\\\/\\\/lospoliticosveracruz.com\\\/#\\\/schema\\\/person\\\/b8702bb0e538456e6efd07080bf2a4a2\",\"name\":\"Lo viste en Los Pol\u00edticos\",\"image\":{\"@type\":\"ImageObject\",\"inLanguage\":\"es\",\"@id\":\"https:\\\/\\\/secure.gravatar.com\\\/avatar\\\/3a8de04a2656d44082be478bd6c086daa447c4651605818287b9532d3d0bd435?s=96&d=mm&r=g\",\"url\":\"https:\\\/\\\/secure.gravatar.com\\\/avatar\\\/3a8de04a2656d44082be478bd6c086daa447c4651605818287b9532d3d0bd435?s=96&d=mm&r=g\",\"contentUrl\":\"https:\\\/\\\/secure.gravatar.com\\\/avatar\\\/3a8de04a2656d44082be478bd6c086daa447c4651605818287b9532d3d0bd435?s=96&d=mm&r=g\",\"caption\":\"Lo viste en Los Pol\u00edticos\"},\"url\":\"https:\\\/\\\/lospoliticosveracruz.com\\\/?author=2\"}]}<\/script>\n<!-- \/ Yoast SEO plugin. -->","yoast_head_json":{"title":"\u00bfPe\u00f1a prefiri\u00f3 a MAYL para cerrarle el paso AMLO? - Los pol\u00edticos Veracruz","robots":{"index":"index","follow":"follow","max-snippet":"max-snippet:-1","max-image-preview":"max-image-preview:large","max-video-preview":"max-video-preview:-1"},"canonical":"https:\/\/lospoliticosveracruz.com\/?p=23778","og_locale":"es_ES","og_type":"article","og_title":"\u00bfPe\u00f1a prefiri\u00f3 a MAYL para cerrarle el paso AMLO? - Los pol\u00edticos Veracruz","og_description":"Pablo Jair Ortega Columna Sin Nombre La hip\u00f3tesis surge al calor de unos tacos de birria con su respectivo consom\u00e9, bajo una pertinaz lluvia. El tema obligado en la mesa es la reciente elecci\u00f3n. Se plantea que la llegada de Miguel \u00c1ngel Yunes Linares al Palacio de Gobierno llama m\u00e1s la atenci\u00f3n por la aparente [&hellip;]","og_url":"https:\/\/lospoliticosveracruz.com\/?p=23778","og_site_name":"Los pol\u00edticos Veracruz","article_publisher":"https:\/\/www.facebook.com\/people\/Notimemes-de-los-Polticos\/61565672886568\/","article_published_time":"2016-06-19T20:24:23+00:00","og_image":[{"url":"http:\/\/www.lospoliticosveracruz.com.mx\/wp-content\/uploads\/2015\/10\/Peje.jpg","type":"","width":"","height":""}],"author":"Lo viste en Los Pol\u00edticos","twitter_card":"summary_large_image","twitter_creator":"@LosPoliticosVer","twitter_site":"@LosPoliticosVer","twitter_misc":{"Escrito por":"Lo viste en Los Pol\u00edticos","Tiempo de lectura":"5 minutos"},"schema":{"@context":"https:\/\/schema.org","@graph":[{"@type":"Article","@id":"https:\/\/lospoliticosveracruz.com\/?p=23778#article","isPartOf":{"@id":"https:\/\/lospoliticosveracruz.com\/?p=23778"},"author":{"name":"Lo viste en Los Pol\u00edticos","@id":"https:\/\/lospoliticosveracruz.com\/#\/schema\/person\/b8702bb0e538456e6efd07080bf2a4a2"},"headline":"\u00bfPe\u00f1a prefiri\u00f3 a MAYL para cerrarle el paso AMLO?","datePublished":"2016-06-19T20:24:23+00:00","mainEntityOfPage":{"@id":"https:\/\/lospoliticosveracruz.com\/?p=23778"},"wordCount":956,"commentCount":0,"publisher":{"@id":"https:\/\/lospoliticosveracruz.com\/#organization"},"image":{"@id":"https:\/\/lospoliticosveracruz.com\/?p=23778#primaryimage"},"thumbnailUrl":"http:\/\/www.lospoliticosveracruz.com.mx\/wp-content\/uploads\/2015\/10\/Peje.jpg","keywords":["Enrique Pe\u00f1a Nieto","H\u00e9ctor Yunes Landa","Jes\u00fas Murillo Karam","Manlio Fabio Beltrones","Miguel \u00c1ngel Osorio Chong","Miguel Angel Yunes Linares"],"articleSection":["De Opini\u00f3n"],"inLanguage":"es","potentialAction":[{"@type":"CommentAction","name":"Comment","target":["https:\/\/lospoliticosveracruz.com\/?p=23778#respond"]}]},{"@type":"WebPage","@id":"https:\/\/lospoliticosveracruz.com\/?p=23778","url":"https:\/\/lospoliticosveracruz.com\/?p=23778","name":"\u00bfPe\u00f1a prefiri\u00f3 a MAYL para cerrarle el paso AMLO? - Los pol\u00edticos Veracruz","isPartOf":{"@id":"https:\/\/lospoliticosveracruz.com\/#website"},"primaryImageOfPage":{"@id":"https:\/\/lospoliticosveracruz.com\/?p=23778#primaryimage"},"image":{"@id":"https:\/\/lospoliticosveracruz.com\/?p=23778#primaryimage"},"thumbnailUrl":"http:\/\/www.lospoliticosveracruz.com.mx\/wp-content\/uploads\/2015\/10\/Peje.jpg","datePublished":"2016-06-19T20:24:23+00:00","breadcrumb":{"@id":"https:\/\/lospoliticosveracruz.com\/?p=23778#breadcrumb"},"inLanguage":"es","potentialAction":[{"@type":"ReadAction","target":["https:\/\/lospoliticosveracruz.com\/?p=23778"]}]},{"@type":"ImageObject","inLanguage":"es","@id":"https:\/\/lospoliticosveracruz.com\/?p=23778#primaryimage","url":"http:\/\/www.lospoliticosveracruz.com.mx\/wp-content\/uploads\/2015\/10\/Peje.jpg","contentUrl":"http:\/\/www.lospoliticosveracruz.com.mx\/wp-content\/uploads\/2015\/10\/Peje.jpg"},{"@type":"BreadcrumbList","@id":"https:\/\/lospoliticosveracruz.com\/?p=23778#breadcrumb","itemListElement":[{"@type":"ListItem","position":1,"name":"Portada","item":"https:\/\/lospoliticosveracruz.com\/"},{"@type":"ListItem","position":2,"name":"\u00bfPe\u00f1a prefiri\u00f3 a MAYL para cerrarle el paso AMLO?"}]},{"@type":"WebSite","@id":"https:\/\/lospoliticosveracruz.com\/#website","url":"https:\/\/lospoliticosveracruz.com\/","name":"Los pol\u00edticos Veracruz","description":"","publisher":{"@id":"https:\/\/lospoliticosveracruz.com\/#organization"},"potentialAction":[{"@type":"SearchAction","target":{"@type":"EntryPoint","urlTemplate":"https:\/\/lospoliticosveracruz.com\/?s={search_term_string}"},"query-input":{"@type":"PropertyValueSpecification","valueRequired":true,"valueName":"search_term_string"}}],"inLanguage":"es"},{"@type":"Organization","@id":"https:\/\/lospoliticosveracruz.com\/#organization","name":"Los pol\u00edticos Veracruz","url":"https:\/\/lospoliticosveracruz.com\/","logo":{"@type":"ImageObject","inLanguage":"es","@id":"https:\/\/lospoliticosveracruz.com\/#\/schema\/logo\/image\/","url":"https:\/\/lospoliticosveracruz.com\/wp-content\/uploads\/2025\/12\/Logo-Nuevo-LOS-POLITICOS-1.jpg","contentUrl":"https:\/\/lospoliticosveracruz.com\/wp-content\/uploads\/2025\/12\/Logo-Nuevo-LOS-POLITICOS-1.jpg","width":260,"height":70,"caption":"Los pol\u00edticos Veracruz"},"image":{"@id":"https:\/\/lospoliticosveracruz.com\/#\/schema\/logo\/image\/"},"sameAs":["https:\/\/www.facebook.com\/people\/Notimemes-de-los-Polticos\/61565672886568\/","https:\/\/x.com\/LosPoliticosVer"]},{"@type":"Person","@id":"https:\/\/lospoliticosveracruz.com\/#\/schema\/person\/b8702bb0e538456e6efd07080bf2a4a2","name":"Lo viste en Los Pol\u00edticos","image":{"@type":"ImageObject","inLanguage":"es","@id":"https:\/\/secure.gravatar.com\/avatar\/3a8de04a2656d44082be478bd6c086daa447c4651605818287b9532d3d0bd435?s=96&d=mm&r=g","url":"https:\/\/secure.gravatar.com\/avatar\/3a8de04a2656d44082be478bd6c086daa447c4651605818287b9532d3d0bd435?s=96&d=mm&r=g","contentUrl":"https:\/\/secure.gravatar.com\/avatar\/3a8de04a2656d44082be478bd6c086daa447c4651605818287b9532d3d0bd435?s=96&d=mm&r=g","caption":"Lo viste en Los Pol\u00edticos"},"url":"https:\/\/lospoliticosveracruz.com\/?author=2"}]}},"_links":{"self":[{"href":"https:\/\/lospoliticosveracruz.com\/index.php?rest_route=\/wp\/v2\/posts\/23778","targetHints":{"allow":["GET"]}}],"collection":[{"href":"https:\/\/lospoliticosveracruz.com\/index.php?rest_route=\/wp\/v2\/posts"}],"about":[{"href":"https:\/\/lospoliticosveracruz.com\/index.php?rest_route=\/wp\/v2\/types\/post"}],"author":[{"embeddable":true,"href":"https:\/\/lospoliticosveracruz.com\/index.php?rest_route=\/wp\/v2\/users\/2"}],"replies":[{"embeddable":true,"href":"https:\/\/lospoliticosveracruz.com\/index.php?rest_route=%2Fwp%2Fv2%2Fcomments&post=23778"}],"version-history":[{"count":1,"href":"https:\/\/lospoliticosveracruz.com\/index.php?rest_route=\/wp\/v2\/posts\/23778\/revisions"}],"predecessor-version":[{"id":23779,"href":"https:\/\/lospoliticosveracruz.com\/index.php?rest_route=\/wp\/v2\/posts\/23778\/revisions\/23779"}],"wp:attachment":[{"href":"https:\/\/lospoliticosveracruz.com\/index.php?rest_route=%2Fwp%2Fv2%2Fmedia&parent=23778"}],"wp:term":[{"taxonomy":"category","embeddable":true,"href":"https:\/\/lospoliticosveracruz.com\/index.php?rest_route=%2Fwp%2Fv2%2Fcategories&post=23778"},{"taxonomy":"post_tag","embeddable":true,"href":"https:\/\/lospoliticosveracruz.com\/index.php?rest_route=%2Fwp%2Fv2%2Ftags&post=23778"}],"curies":[{"name":"wp","href":"https:\/\/api.w.org\/{rel}","templated":true}]}}