{"id":23802,"date":"2016-06-21T20:20:44","date_gmt":"2016-06-22T01:20:44","guid":{"rendered":"http:\/\/www.lospoliticosveracruz.com.mx\/?p=23802"},"modified":"2016-06-21T20:20:44","modified_gmt":"2016-06-22T01:20:44","slug":"etica-y-feminismo-recordando-a-graciela-hierro","status":"publish","type":"post","link":"https:\/\/lospoliticosveracruz.com\/?p=23802","title":{"rendered":"\u00c9tica y Feminismo: recordando a Graciela Hierro*"},"content":{"rendered":"<p style=\"text-align: left;\" align=\"RIGHT\"><a href=\"http:\/\/www.lospoliticosveracruz.com.mx\/wp-content\/uploads\/2016\/06\/\u00c9tica-y-Feminismo.jpg\"><img loading=\"lazy\" decoding=\"async\" class=\"aligncenter size-full wp-image-23803\" src=\"http:\/\/www.lospoliticosveracruz.com.mx\/wp-content\/uploads\/2016\/06\/\u00c9tica-y-Feminismo.jpg\" alt=\"\u00c9tica y Feminismo\" width=\"550\" height=\"480\" \/><\/a><\/p>\n<p style=\"text-align: left;\" align=\"RIGHT\"><strong>Yadira Hidalgo Gonz\u00e1lez<\/strong><\/p>\n<p style=\"text-align: left;\" align=\"RIGHT\"><em>Mujeres que Saben Lat\u00edn<\/em><\/p>\n<p style=\"text-align: right;\" align=\"RIGHT\"><em>\u201cLa lucha feminista es en contra de la ideolog\u00eda patriarcal, no en contra de los hombres concretos\u201d. Graciela Hierro<\/em><\/p>\n<p align=\"JUSTIFY\">Pas\u00f3 el d\u00eda del padre y no faltaron las t\u00edpicas reflexiones sobre este d\u00eda, desde aquellas que hac\u00edan alusi\u00f3n de manera pasivo-agresiva a esos padres que s\u00f3lo se cuelgan la etiqueta pero que no son capaces de pasar un centavo a sus hijos o se fueron campantemente de casa; hasta aquellas que reconocen la labor y el cari\u00f1o de aquellos que han dejado parte de su vida en la crianza de sus hijos e hijas.<\/p>\n<p align=\"JUSTIFY\">Tampoco faltaron las recriminaciones de los sentidos que ven como una \u201cusurpaci\u00f3n\u201d el que algunas personas feliciten a algunas madres que al quedarse solas, hacen \u201cel papel de padre\u201d tambi\u00e9n. <span lang=\"en-US\">\u00a1<\/span>Ay<span lang=\"en-US\">! E<\/span>so c<span lang=\"en-US\">\u00f3<\/span>mo les doli\u00f3, por cierto. Pero siendo objetivas una madre es una madre y un padre es un padre. As\u00ed de obvio y simple. Sin embargo la popular \u201cguerra de sexos\u201d que no es m\u00e1s que sexismo puro y duro, contribuye a la confusi\u00f3n de conceptos y de miradas.<\/p>\n<p align=\"JUSTIFY\">Leyendo el estupendo libro de la fil\u00f3sofa feminista Graciela Hierro (Cd. De M\u00e9xico 1928-2003. S\u00ed, \u00a1hay fil\u00f3sofas feministas mexicanas, aunque usted no lo crea!) titulado \u201c\u00c9tica y Feminismo\u201d, en el cual ella expone la necesidad de una \u00e9tica feminista encaminada a afirmar la autonom\u00eda y la dignidad de las mujeres, destaca la necesidad de llevar a cabo una transvalorizaci\u00f3n, eliminando el concepto de valor respecto del sexo y universalizando los valores que mejoran la calidad de vida de las personas.<\/p>\n<p align=\"JUSTIFY\">En otras palabras, ella plantea dar el mismo valor a los rasgos de car\u00e1cter considerados como femeninos (delicadeza, suavidad, afectividad, ternura, paciencia y sensibilidad), que a aquellos considerados masculinos (fuerza, independencia, valent\u00eda, seguridad, arrojo). La idea, seg\u00fan lo que ella explica en su ensayo, es que estos valores asignados por sexos, sean inculcados para su deseable desarrollo tanto en hombres como en mujeres. Dando a ambas partes el acceso y el ejercicio de la afectividad, lo cual impactar\u00eda en paternidades m\u00e1s involucradas, cari\u00f1osas y por ende, responsables y activas.<\/p>\n<p align=\"JUSTIFY\">De la misma forma, el libro plantea que esos valores considerados meramente masculinos inculcados en las mujeres, les dar\u00edan la oportunidad de tomar decisiones fundamentales para la vida, como por ejemplo, la de ser o no madres. Para Graciela Hierro resulta indispensable, en una sociedad igualitaria, que la maternidad se ejercite como un proyecto humano y no, como hasta la fecha se le considera, una funci\u00f3n natural. As\u00ed mismo pugna porque la paternidad se ejerza de la misma manera.<\/p>\n<p align=\"JUSTIFY\">El libro adem\u00e1s plantea la revalorizaci\u00f3n y distribuci\u00f3n del trabajo dom\u00e9stico, la concepci\u00f3n del amor rom\u00e1ntico y su impacto en la autonom\u00eda de las mujeres, la eliminaci\u00f3n de la competencia sexual, los objetivos de la lucha feminista y su relaci\u00f3n directa contra la opresi\u00f3n espec\u00edfica de las mujeres.<\/p>\n<p align=\"JUSTIFY\"><a name=\"_GoBack\"><\/a>Sabe bien leer y acercarnos a la inteligencia de una mexicana contempor\u00e1nea que dedic\u00f3 su trabajo y su pensamiento a comprender desde la teor\u00eda filos\u00f3fica, el sentido de la realidad cotidiana que se cierne sobre mujeres y hombres desde la visi\u00f3n del sistema patriarcal, con propuestas firmes para erradicar esas ideas que tanto da\u00f1o le han hecho al mundo, y en espec\u00edfico, a las mujeres.<\/p>\n<p align=\"JUSTIFY\">*HIERRO, Graciela. \u201c\u00c9tica y Feminismo\u201d. Universidad Nacional Aut\u00f3noma de M\u00e9xico. Tercera Edici\u00f3n. PUEG 2014.<\/p>\n","protected":false},"excerpt":{"rendered":"<p>Yadira Hidalgo Gonz\u00e1lez Mujeres que Saben Lat\u00edn \u201cLa lucha feminista es en contra de la ideolog\u00eda patriarcal, no en contra de los hombres concretos\u201d. Graciela Hierro Pas\u00f3 el d\u00eda del padre y no faltaron las t\u00edpicas reflexiones sobre este d\u00eda, desde aquellas que hac\u00edan alusi\u00f3n de manera pasivo-agresiva a esos padres que s\u00f3lo se cuelgan [&hellip;]<\/p>\n","protected":false},"author":2,"featured_media":0,"comment_status":"open","ping_status":"open","sticky":false,"template":"","format":"standard","meta":{"tdm_status":"","tdm_grid_status":"","footnotes":""},"categories":[70],"tags":[5536,2784,3441],"class_list":{"0":"post-23802","1":"post","2":"type-post","3":"status-publish","4":"format-standard","6":"category-de-opinion","7":"tag-etica-y-feminismo","8":"tag-graciela-hierro","9":"tag-sexo"},"yoast_head":"<!-- This site is optimized with the Yoast SEO plugin v27.4 - https:\/\/yoast.com\/product\/yoast-seo-wordpress\/ -->\n<title>\u00c9tica y Feminismo: recordando a Graciela Hierro* - Los pol\u00edticos Veracruz<\/title>\n<meta name=\"robots\" content=\"index, follow, max-snippet:-1, max-image-preview:large, max-video-preview:-1\" \/>\n<link rel=\"canonical\" href=\"https:\/\/lospoliticosveracruz.com\/?p=23802\" \/>\n<meta property=\"og:locale\" content=\"es_ES\" \/>\n<meta property=\"og:type\" content=\"article\" \/>\n<meta property=\"og:title\" content=\"\u00c9tica y Feminismo: recordando a Graciela Hierro* - Los pol\u00edticos Veracruz\" \/>\n<meta property=\"og:description\" content=\"Yadira Hidalgo Gonz\u00e1lez Mujeres que Saben Lat\u00edn \u201cLa lucha feminista es en contra de la ideolog\u00eda patriarcal, no en contra de los hombres concretos\u201d. Graciela Hierro Pas\u00f3 el d\u00eda del padre y no faltaron las t\u00edpicas reflexiones sobre este d\u00eda, desde aquellas que hac\u00edan alusi\u00f3n de manera pasivo-agresiva a esos padres que s\u00f3lo se cuelgan [&hellip;]\" \/>\n<meta property=\"og:url\" content=\"https:\/\/lospoliticosveracruz.com\/?p=23802\" \/>\n<meta property=\"og:site_name\" content=\"Los pol\u00edticos Veracruz\" \/>\n<meta property=\"article:publisher\" content=\"https:\/\/www.facebook.com\/people\/Notimemes-de-los-Polticos\/61565672886568\/\" \/>\n<meta property=\"article:published_time\" content=\"2016-06-22T01:20:44+00:00\" \/>\n<meta property=\"og:image\" content=\"https:\/\/lospoliticosveracruz.com\/wp-content\/uploads\/2016\/07\/Logo-Dor.jpg\" \/>\n\t<meta property=\"og:image:width\" content=\"200\" \/>\n\t<meta property=\"og:image:height\" content=\"200\" \/>\n\t<meta property=\"og:image:type\" content=\"image\/jpeg\" \/>\n<meta name=\"author\" content=\"Lo viste en Los Pol\u00edticos\" \/>\n<meta name=\"twitter:card\" content=\"summary_large_image\" \/>\n<meta name=\"twitter:creator\" content=\"@LosPoliticosVer\" \/>\n<meta name=\"twitter:site\" content=\"@LosPoliticosVer\" \/>\n<meta name=\"twitter:label1\" content=\"Escrito por\" \/>\n\t<meta name=\"twitter:data1\" content=\"Lo viste en Los Pol\u00edticos\" \/>\n\t<meta name=\"twitter:label2\" content=\"Tiempo de lectura\" \/>\n\t<meta name=\"twitter:data2\" content=\"3 minutos\" \/>\n<script type=\"application\/ld+json\" class=\"yoast-schema-graph\">{\"@context\":\"https:\\\/\\\/schema.org\",\"@graph\":[{\"@type\":\"Article\",\"@id\":\"https:\\\/\\\/lospoliticosveracruz.com\\\/?p=23802#article\",\"isPartOf\":{\"@id\":\"https:\\\/\\\/lospoliticosveracruz.com\\\/?p=23802\"},\"author\":{\"name\":\"Lo viste en Los Pol\u00edticos\",\"@id\":\"https:\\\/\\\/lospoliticosveracruz.com\\\/#\\\/schema\\\/person\\\/b8702bb0e538456e6efd07080bf2a4a2\"},\"headline\":\"\u00c9tica y Feminismo: recordando a Graciela Hierro*\",\"datePublished\":\"2016-06-22T01:20:44+00:00\",\"mainEntityOfPage\":{\"@id\":\"https:\\\/\\\/lospoliticosveracruz.com\\\/?p=23802\"},\"wordCount\":611,\"commentCount\":0,\"publisher\":{\"@id\":\"https:\\\/\\\/lospoliticosveracruz.com\\\/#organization\"},\"keywords\":[\"\u00c9tica y Feminismo\",\"Graciela Hierro\",\"Sexo\"],\"articleSection\":[\"De Opini\u00f3n\"],\"inLanguage\":\"es\",\"potentialAction\":[{\"@type\":\"CommentAction\",\"name\":\"Comment\",\"target\":[\"https:\\\/\\\/lospoliticosveracruz.com\\\/?p=23802#respond\"]}]},{\"@type\":\"WebPage\",\"@id\":\"https:\\\/\\\/lospoliticosveracruz.com\\\/?p=23802\",\"url\":\"https:\\\/\\\/lospoliticosveracruz.com\\\/?p=23802\",\"name\":\"\u00c9tica y Feminismo: recordando a Graciela Hierro* - Los pol\u00edticos Veracruz\",\"isPartOf\":{\"@id\":\"https:\\\/\\\/lospoliticosveracruz.com\\\/#website\"},\"datePublished\":\"2016-06-22T01:20:44+00:00\",\"breadcrumb\":{\"@id\":\"https:\\\/\\\/lospoliticosveracruz.com\\\/?p=23802#breadcrumb\"},\"inLanguage\":\"es\",\"potentialAction\":[{\"@type\":\"ReadAction\",\"target\":[\"https:\\\/\\\/lospoliticosveracruz.com\\\/?p=23802\"]}]},{\"@type\":\"BreadcrumbList\",\"@id\":\"https:\\\/\\\/lospoliticosveracruz.com\\\/?p=23802#breadcrumb\",\"itemListElement\":[{\"@type\":\"ListItem\",\"position\":1,\"name\":\"Portada\",\"item\":\"https:\\\/\\\/lospoliticosveracruz.com\\\/\"},{\"@type\":\"ListItem\",\"position\":2,\"name\":\"\u00c9tica y Feminismo: recordando a Graciela Hierro*\"}]},{\"@type\":\"WebSite\",\"@id\":\"https:\\\/\\\/lospoliticosveracruz.com\\\/#website\",\"url\":\"https:\\\/\\\/lospoliticosveracruz.com\\\/\",\"name\":\"Los pol\u00edticos Veracruz\",\"description\":\"\",\"publisher\":{\"@id\":\"https:\\\/\\\/lospoliticosveracruz.com\\\/#organization\"},\"potentialAction\":[{\"@type\":\"SearchAction\",\"target\":{\"@type\":\"EntryPoint\",\"urlTemplate\":\"https:\\\/\\\/lospoliticosveracruz.com\\\/?s={search_term_string}\"},\"query-input\":{\"@type\":\"PropertyValueSpecification\",\"valueRequired\":true,\"valueName\":\"search_term_string\"}}],\"inLanguage\":\"es\"},{\"@type\":\"Organization\",\"@id\":\"https:\\\/\\\/lospoliticosveracruz.com\\\/#organization\",\"name\":\"Los pol\u00edticos Veracruz\",\"url\":\"https:\\\/\\\/lospoliticosveracruz.com\\\/\",\"logo\":{\"@type\":\"ImageObject\",\"inLanguage\":\"es\",\"@id\":\"https:\\\/\\\/lospoliticosveracruz.com\\\/#\\\/schema\\\/logo\\\/image\\\/\",\"url\":\"https:\\\/\\\/lospoliticosveracruz.com\\\/wp-content\\\/uploads\\\/2025\\\/12\\\/Logo-Nuevo-LOS-POLITICOS-1.jpg\",\"contentUrl\":\"https:\\\/\\\/lospoliticosveracruz.com\\\/wp-content\\\/uploads\\\/2025\\\/12\\\/Logo-Nuevo-LOS-POLITICOS-1.jpg\",\"width\":260,\"height\":70,\"caption\":\"Los pol\u00edticos Veracruz\"},\"image\":{\"@id\":\"https:\\\/\\\/lospoliticosveracruz.com\\\/#\\\/schema\\\/logo\\\/image\\\/\"},\"sameAs\":[\"https:\\\/\\\/www.facebook.com\\\/people\\\/Notimemes-de-los-Polticos\\\/61565672886568\\\/\",\"https:\\\/\\\/x.com\\\/LosPoliticosVer\"]},{\"@type\":\"Person\",\"@id\":\"https:\\\/\\\/lospoliticosveracruz.com\\\/#\\\/schema\\\/person\\\/b8702bb0e538456e6efd07080bf2a4a2\",\"name\":\"Lo viste en Los Pol\u00edticos\",\"image\":{\"@type\":\"ImageObject\",\"inLanguage\":\"es\",\"@id\":\"https:\\\/\\\/secure.gravatar.com\\\/avatar\\\/3a8de04a2656d44082be478bd6c086daa447c4651605818287b9532d3d0bd435?s=96&d=mm&r=g\",\"url\":\"https:\\\/\\\/secure.gravatar.com\\\/avatar\\\/3a8de04a2656d44082be478bd6c086daa447c4651605818287b9532d3d0bd435?s=96&d=mm&r=g\",\"contentUrl\":\"https:\\\/\\\/secure.gravatar.com\\\/avatar\\\/3a8de04a2656d44082be478bd6c086daa447c4651605818287b9532d3d0bd435?s=96&d=mm&r=g\",\"caption\":\"Lo viste en Los Pol\u00edticos\"},\"url\":\"https:\\\/\\\/lospoliticosveracruz.com\\\/?author=2\"}]}<\/script>\n<!-- \/ Yoast SEO plugin. -->","yoast_head_json":{"title":"\u00c9tica y Feminismo: recordando a Graciela Hierro* - Los pol\u00edticos Veracruz","robots":{"index":"index","follow":"follow","max-snippet":"max-snippet:-1","max-image-preview":"max-image-preview:large","max-video-preview":"max-video-preview:-1"},"canonical":"https:\/\/lospoliticosveracruz.com\/?p=23802","og_locale":"es_ES","og_type":"article","og_title":"\u00c9tica y Feminismo: recordando a Graciela Hierro* - Los pol\u00edticos Veracruz","og_description":"Yadira Hidalgo Gonz\u00e1lez Mujeres que Saben Lat\u00edn \u201cLa lucha feminista es en contra de la ideolog\u00eda patriarcal, no en contra de los hombres concretos\u201d. Graciela Hierro Pas\u00f3 el d\u00eda del padre y no faltaron las t\u00edpicas reflexiones sobre este d\u00eda, desde aquellas que hac\u00edan alusi\u00f3n de manera pasivo-agresiva a esos padres que s\u00f3lo se cuelgan [&hellip;]","og_url":"https:\/\/lospoliticosveracruz.com\/?p=23802","og_site_name":"Los pol\u00edticos Veracruz","article_publisher":"https:\/\/www.facebook.com\/people\/Notimemes-de-los-Polticos\/61565672886568\/","article_published_time":"2016-06-22T01:20:44+00:00","og_image":[{"width":200,"height":200,"url":"https:\/\/lospoliticosveracruz.com\/wp-content\/uploads\/2016\/07\/Logo-Dor.jpg","type":"image\/jpeg"}],"author":"Lo viste en Los Pol\u00edticos","twitter_card":"summary_large_image","twitter_creator":"@LosPoliticosVer","twitter_site":"@LosPoliticosVer","twitter_misc":{"Escrito por":"Lo viste en Los Pol\u00edticos","Tiempo de lectura":"3 minutos"},"schema":{"@context":"https:\/\/schema.org","@graph":[{"@type":"Article","@id":"https:\/\/lospoliticosveracruz.com\/?p=23802#article","isPartOf":{"@id":"https:\/\/lospoliticosveracruz.com\/?p=23802"},"author":{"name":"Lo viste en Los Pol\u00edticos","@id":"https:\/\/lospoliticosveracruz.com\/#\/schema\/person\/b8702bb0e538456e6efd07080bf2a4a2"},"headline":"\u00c9tica y Feminismo: recordando a Graciela Hierro*","datePublished":"2016-06-22T01:20:44+00:00","mainEntityOfPage":{"@id":"https:\/\/lospoliticosveracruz.com\/?p=23802"},"wordCount":611,"commentCount":0,"publisher":{"@id":"https:\/\/lospoliticosveracruz.com\/#organization"},"keywords":["\u00c9tica y Feminismo","Graciela Hierro","Sexo"],"articleSection":["De Opini\u00f3n"],"inLanguage":"es","potentialAction":[{"@type":"CommentAction","name":"Comment","target":["https:\/\/lospoliticosveracruz.com\/?p=23802#respond"]}]},{"@type":"WebPage","@id":"https:\/\/lospoliticosveracruz.com\/?p=23802","url":"https:\/\/lospoliticosveracruz.com\/?p=23802","name":"\u00c9tica y Feminismo: recordando a Graciela Hierro* - Los pol\u00edticos Veracruz","isPartOf":{"@id":"https:\/\/lospoliticosveracruz.com\/#website"},"datePublished":"2016-06-22T01:20:44+00:00","breadcrumb":{"@id":"https:\/\/lospoliticosveracruz.com\/?p=23802#breadcrumb"},"inLanguage":"es","potentialAction":[{"@type":"ReadAction","target":["https:\/\/lospoliticosveracruz.com\/?p=23802"]}]},{"@type":"BreadcrumbList","@id":"https:\/\/lospoliticosveracruz.com\/?p=23802#breadcrumb","itemListElement":[{"@type":"ListItem","position":1,"name":"Portada","item":"https:\/\/lospoliticosveracruz.com\/"},{"@type":"ListItem","position":2,"name":"\u00c9tica y Feminismo: recordando a Graciela Hierro*"}]},{"@type":"WebSite","@id":"https:\/\/lospoliticosveracruz.com\/#website","url":"https:\/\/lospoliticosveracruz.com\/","name":"Los pol\u00edticos Veracruz","description":"","publisher":{"@id":"https:\/\/lospoliticosveracruz.com\/#organization"},"potentialAction":[{"@type":"SearchAction","target":{"@type":"EntryPoint","urlTemplate":"https:\/\/lospoliticosveracruz.com\/?s={search_term_string}"},"query-input":{"@type":"PropertyValueSpecification","valueRequired":true,"valueName":"search_term_string"}}],"inLanguage":"es"},{"@type":"Organization","@id":"https:\/\/lospoliticosveracruz.com\/#organization","name":"Los pol\u00edticos Veracruz","url":"https:\/\/lospoliticosveracruz.com\/","logo":{"@type":"ImageObject","inLanguage":"es","@id":"https:\/\/lospoliticosveracruz.com\/#\/schema\/logo\/image\/","url":"https:\/\/lospoliticosveracruz.com\/wp-content\/uploads\/2025\/12\/Logo-Nuevo-LOS-POLITICOS-1.jpg","contentUrl":"https:\/\/lospoliticosveracruz.com\/wp-content\/uploads\/2025\/12\/Logo-Nuevo-LOS-POLITICOS-1.jpg","width":260,"height":70,"caption":"Los pol\u00edticos Veracruz"},"image":{"@id":"https:\/\/lospoliticosveracruz.com\/#\/schema\/logo\/image\/"},"sameAs":["https:\/\/www.facebook.com\/people\/Notimemes-de-los-Polticos\/61565672886568\/","https:\/\/x.com\/LosPoliticosVer"]},{"@type":"Person","@id":"https:\/\/lospoliticosveracruz.com\/#\/schema\/person\/b8702bb0e538456e6efd07080bf2a4a2","name":"Lo viste en Los Pol\u00edticos","image":{"@type":"ImageObject","inLanguage":"es","@id":"https:\/\/secure.gravatar.com\/avatar\/3a8de04a2656d44082be478bd6c086daa447c4651605818287b9532d3d0bd435?s=96&d=mm&r=g","url":"https:\/\/secure.gravatar.com\/avatar\/3a8de04a2656d44082be478bd6c086daa447c4651605818287b9532d3d0bd435?s=96&d=mm&r=g","contentUrl":"https:\/\/secure.gravatar.com\/avatar\/3a8de04a2656d44082be478bd6c086daa447c4651605818287b9532d3d0bd435?s=96&d=mm&r=g","caption":"Lo viste en Los Pol\u00edticos"},"url":"https:\/\/lospoliticosveracruz.com\/?author=2"}]}},"_links":{"self":[{"href":"https:\/\/lospoliticosveracruz.com\/index.php?rest_route=\/wp\/v2\/posts\/23802","targetHints":{"allow":["GET"]}}],"collection":[{"href":"https:\/\/lospoliticosveracruz.com\/index.php?rest_route=\/wp\/v2\/posts"}],"about":[{"href":"https:\/\/lospoliticosveracruz.com\/index.php?rest_route=\/wp\/v2\/types\/post"}],"author":[{"embeddable":true,"href":"https:\/\/lospoliticosveracruz.com\/index.php?rest_route=\/wp\/v2\/users\/2"}],"replies":[{"embeddable":true,"href":"https:\/\/lospoliticosveracruz.com\/index.php?rest_route=%2Fwp%2Fv2%2Fcomments&post=23802"}],"version-history":[{"count":1,"href":"https:\/\/lospoliticosveracruz.com\/index.php?rest_route=\/wp\/v2\/posts\/23802\/revisions"}],"predecessor-version":[{"id":23804,"href":"https:\/\/lospoliticosveracruz.com\/index.php?rest_route=\/wp\/v2\/posts\/23802\/revisions\/23804"}],"wp:attachment":[{"href":"https:\/\/lospoliticosveracruz.com\/index.php?rest_route=%2Fwp%2Fv2%2Fmedia&parent=23802"}],"wp:term":[{"taxonomy":"category","embeddable":true,"href":"https:\/\/lospoliticosveracruz.com\/index.php?rest_route=%2Fwp%2Fv2%2Fcategories&post=23802"},{"taxonomy":"post_tag","embeddable":true,"href":"https:\/\/lospoliticosveracruz.com\/index.php?rest_route=%2Fwp%2Fv2%2Ftags&post=23802"}],"curies":[{"name":"wp","href":"https:\/\/api.w.org\/{rel}","templated":true}]}}