{"id":23885,"date":"2016-06-26T22:24:17","date_gmt":"2016-06-27T03:24:17","guid":{"rendered":"http:\/\/www.lospoliticosveracruz.com.mx\/?p=23885"},"modified":"2016-06-26T22:24:17","modified_gmt":"2016-06-27T03:24:17","slug":"queremos-mas-mujeres","status":"publish","type":"post","link":"https:\/\/lospoliticosveracruz.com\/?p=23885","title":{"rendered":"Queremos m\u00e1s mujeres"},"content":{"rendered":"<p><a href=\"http:\/\/www.lospoliticosveracruz.com.mx\/wp-content\/uploads\/2016\/06\/Naldy-Indira-Sonia.jpg\"><img loading=\"lazy\" decoding=\"async\" class=\"aligncenter size-full wp-image-23887\" src=\"http:\/\/www.lospoliticosveracruz.com.mx\/wp-content\/uploads\/2016\/06\/Naldy-Indira-Sonia.jpg\" alt=\"Naldy Indira Sonia\" width=\"600\" height=\"279\" \/><\/a><\/p>\n<p><strong>Brenda Caballero<\/strong><br \/>\n<em>N\u00fameros Rojos<\/em><\/p>\n<p>\u201cNo s\u00e9 porqu\u00e9 todos se quejan de la corrupci\u00f3n, si la corrupci\u00f3n te da otra oportunidad\u201d.<br \/>\nEs el discurso que se echa un judicial en la pel\u00edcula \u201cCero y van Cuatro\u201d (Una comedia mexicana de humor negro que refleja la inseguridad en la que vivimos) cuando agarra in fraganti a dos j\u00f3venes drog\u00e1ndose en un autom\u00f3vil en la v\u00eda p\u00fablica.<br \/>\nDesde luego que su obligaci\u00f3n es presentarlos ante los separos, pero el judicial les pide moche de cinco por piocha para que el asunto quede all\u00ed. As\u00ed justifica su corrupci\u00f3n como \u201cotra oportunidad\u201d.<br \/>\nNo quiero imaginarme cu\u00e1ntos funcionarios p\u00fablicos en Veracruz tienen esa frase; sin embargo, es una realidad: Veracruz tiene un grave problema y es la corrupci\u00f3n.<br \/>\n\u00c9sta es la raz\u00f3n principal y \u201cotras\u201d por la que se crea la Fiscal\u00eda Anticorrupci\u00f3n en Veracruz, la cual busca un titular que todo parece indicar que ser\u00e1 un var\u00f3n, pues de los ocho que han pasado a la siguiente etapa, s\u00f3lo una mujer est\u00e1 incluida: Ana Luz Herrera Hern\u00e1ndez, licenciada en Derecho y jueza en el distrito de Huatusco.<br \/>\nY claro que su designaci\u00f3n no es cuesti\u00f3n de g\u00e9nero, pero s\u00ed est\u00e1 demostrado mediante estudios que las mujeres son m\u00e1s propensas a desaprobar la corrupci\u00f3n pol\u00edtica y menos propensas a participar en redes de corrupci\u00f3n. Claro que en los pa\u00edses en donde la corrupci\u00f3n est\u00e1 m\u00e1s consentida por la sociedad, las mujeres son tan corruptas como los varones, pues muchas veces son presionadas por el mismo sistema.<br \/>\nSeg\u00fan especialistas en psicolog\u00eda, las mujeres obedecemos a un patr\u00f3n hist\u00f3rico cultural heredado, es decir, somos socializadas bajo una suposici\u00f3n para sujetarse y someterse, mientras que los varones est\u00e1n socializados para mandar y se les permite estar por encima de la norma por ser temerarios o aventureros.<br \/>\nII<br \/>\nContrario a la Fiscal\u00eda Anticorrupci\u00f3n, m\u00e1s mujeres se registraron para buscar la Comisi\u00f3n vacante que dej\u00f3 Fernando Aguilera de Hombre, en el Instituto Veracruzano de Acceso a la Informaci\u00f3n y Protecci\u00f3n de Datos Personales (IVAI). De los 26 aspirantes, s\u00f3lo hay ocho mujeres: Naldy Patricia Rodr\u00edguez Lagunes, Miriam Echandi Ju\u00e1rez, Martha Elvia Gonz\u00e1lez Mart\u00ednez, Mar\u00eda Janet Paredes Cabrera, Irma Rodr\u00edguez \u00c1ngel, Dulce Mar\u00eda Romero Aquino, Mercedes Santoyo Dom\u00ednguez, Dalia Blanca Tamayo Mungu\u00eda.<br \/>\nSer\u00e1 el d\u00eda de hoy cuando la Junta de Coordinaci\u00f3n Pol\u00edtica del Congreso del Estado analice los perfiles de todos los aspirantes. Esperemos que a pesar de los rumores de que hay \u201cun tapado\u201d, salga avante el perfil id\u00f3neo. En verdad que necesitamos una cara que sea m\u00e1s transparente\u2026 y si es de una mujer, mejor.<br \/>\nIII<br \/>\nY hablando de rostros transparentes\u2026 \u00cdndira Rosales San Rom\u00e1n forma parte del equipo de Transici\u00f3n del gobernador electo Miguel \u00c1ngel Yunes Linares. Desde este espacio celebramos que una mujer sea tomada en cuenta para coordinar estos trabajos para la siguiente administraci\u00f3n estatal.<br \/>\nSu perfil acad\u00e9mico nos hace reflexionar que la mujer no debe dejar de preparase para poder obtener un cargo p\u00fablico y es que \u00faltimamente nos hab\u00edan acostumbrado a que las mujeres que ocupaban puestos p\u00fablicos deber\u00edan tener \u201ctalentos\u201d y no capacidad.<br \/>\nSiguiendo con el pr\u00f3ximo gabinete de Yunes Linares, por all\u00ed corri\u00f3 el rumor de que Sonia S\u00e1nchez de Chirinos ser\u00e1 incluida en \u00e9l. Comentan que al escucharlo Sonia sonri\u00f3.<br \/>\nDefinitivamente suena extra\u00f1o, y m\u00e1s cuando Sonia apoy\u00f3 abiertamente a H\u00e9ctor Yunes Landa.<br \/>\nSi llegara a suceder, ser\u00eda una forma de que Yunes Linares tapara la boca a los que dicen que es rencoroso.<br \/>\nDijeran por all\u00ed, en pol\u00edtica todo puede pasar.<\/p>\n<p>Email:caballero_brenda@hotmail.com<\/p>\n","protected":false},"excerpt":{"rendered":"<p>Brenda Caballero N\u00fameros Rojos \u201cNo s\u00e9 porqu\u00e9 todos se quejan de la corrupci\u00f3n, si la corrupci\u00f3n te da otra oportunidad\u201d. Es el discurso que se echa un judicial en la pel\u00edcula \u201cCero y van Cuatro\u201d (Una comedia mexicana de humor negro que refleja la inseguridad en la que vivimos) cuando agarra in fraganti a dos [&hellip;]<\/p>\n","protected":false},"author":2,"featured_media":0,"comment_status":"open","ping_status":"open","sticky":false,"template":"","format":"standard","meta":{"tdm_status":"","tdm_grid_status":"","footnotes":""},"categories":[70],"tags":[5575,5585,5583,5576,5506,5582,985,5581,5580,5584,5579,5578,5118,195],"class_list":{"0":"post-23885","1":"post","2":"type-post","3":"status-publish","4":"format-standard","6":"category-de-opinion","7":"tag-cero-y-van-cuatro","8":"tag-dalia-blanca-tamayo-munguia","9":"tag-dulce-maria-romero-aquino","10":"tag-fiscalia-anticorrupcion","11":"tag-indira-rosales-san-roman","12":"tag-irma-rodriguez-angel","13":"tag-ivai","14":"tag-maria-janet-paredes-cabrera","15":"tag-martha-elvia-gonzalez-martinez","16":"tag-mercedes-santoyo-dominguez","17":"tag-miriam-echandi-juarez","18":"tag-naldy-patricia-rodriguez-lagunes","19":"tag-sonia-sanchez-de-chirinos","20":"tag-veracruz"},"yoast_head":"<!-- This site is optimized with the Yoast SEO plugin v27.4 - https:\/\/yoast.com\/product\/yoast-seo-wordpress\/ -->\n<title>Queremos m\u00e1s mujeres - Los pol\u00edticos Veracruz<\/title>\n<meta name=\"robots\" content=\"index, follow, max-snippet:-1, max-image-preview:large, max-video-preview:-1\" \/>\n<link rel=\"canonical\" href=\"https:\/\/lospoliticosveracruz.com\/?p=23885\" \/>\n<meta property=\"og:locale\" content=\"es_ES\" \/>\n<meta property=\"og:type\" content=\"article\" \/>\n<meta property=\"og:title\" content=\"Queremos m\u00e1s mujeres - Los pol\u00edticos Veracruz\" \/>\n<meta property=\"og:description\" content=\"Brenda Caballero N\u00fameros Rojos \u201cNo s\u00e9 porqu\u00e9 todos se quejan de la corrupci\u00f3n, si la corrupci\u00f3n te da otra oportunidad\u201d. Es el discurso que se echa un judicial en la pel\u00edcula \u201cCero y van Cuatro\u201d (Una comedia mexicana de humor negro que refleja la inseguridad en la que vivimos) cuando agarra in fraganti a dos [&hellip;]\" \/>\n<meta property=\"og:url\" content=\"https:\/\/lospoliticosveracruz.com\/?p=23885\" \/>\n<meta property=\"og:site_name\" content=\"Los pol\u00edticos Veracruz\" \/>\n<meta property=\"article:publisher\" content=\"https:\/\/www.facebook.com\/people\/Notimemes-de-los-Polticos\/61565672886568\/\" \/>\n<meta property=\"article:published_time\" content=\"2016-06-27T03:24:17+00:00\" \/>\n<meta property=\"og:image\" content=\"http:\/\/www.lospoliticosveracruz.com.mx\/wp-content\/uploads\/2016\/06\/Naldy-Indira-Sonia.jpg\" \/>\n<meta name=\"author\" content=\"Lo viste en Los Pol\u00edticos\" \/>\n<meta name=\"twitter:card\" content=\"summary_large_image\" \/>\n<meta name=\"twitter:creator\" content=\"@LosPoliticosVer\" \/>\n<meta name=\"twitter:site\" content=\"@LosPoliticosVer\" \/>\n<meta name=\"twitter:label1\" content=\"Escrito por\" \/>\n\t<meta name=\"twitter:data1\" content=\"Lo viste en Los Pol\u00edticos\" \/>\n\t<meta name=\"twitter:label2\" content=\"Tiempo de lectura\" \/>\n\t<meta name=\"twitter:data2\" content=\"3 minutos\" \/>\n<script type=\"application\/ld+json\" class=\"yoast-schema-graph\">{\"@context\":\"https:\\\/\\\/schema.org\",\"@graph\":[{\"@type\":\"Article\",\"@id\":\"https:\\\/\\\/lospoliticosveracruz.com\\\/?p=23885#article\",\"isPartOf\":{\"@id\":\"https:\\\/\\\/lospoliticosveracruz.com\\\/?p=23885\"},\"author\":{\"name\":\"Lo viste en Los Pol\u00edticos\",\"@id\":\"https:\\\/\\\/lospoliticosveracruz.com\\\/#\\\/schema\\\/person\\\/b8702bb0e538456e6efd07080bf2a4a2\"},\"headline\":\"Queremos m\u00e1s mujeres\",\"datePublished\":\"2016-06-27T03:24:17+00:00\",\"mainEntityOfPage\":{\"@id\":\"https:\\\/\\\/lospoliticosveracruz.com\\\/?p=23885\"},\"wordCount\":661,\"commentCount\":0,\"publisher\":{\"@id\":\"https:\\\/\\\/lospoliticosveracruz.com\\\/#organization\"},\"image\":{\"@id\":\"https:\\\/\\\/lospoliticosveracruz.com\\\/?p=23885#primaryimage\"},\"thumbnailUrl\":\"http:\\\/\\\/www.lospoliticosveracruz.com.mx\\\/wp-content\\\/uploads\\\/2016\\\/06\\\/Naldy-Indira-Sonia.jpg\",\"keywords\":[\"Cero y van Cuatro\",\"Dalia Blanca Tamayo Mungu\u00eda\",\"Dulce Mar\u00eda Romero Aquino\",\"Fiscal\u00eda Anticorrupci\u00f3n\",\"Indira Rosales San Rom\u00e1n\",\"Irma Rodr\u00edguez \u00c1ngel\",\"IVAI\",\"Mar\u00eda Janet Paredes Cabrera\",\"Martha Elvia Gonz\u00e1lez Mart\u00ednez\",\"Mercedes Santoyo Dom\u00ednguez\",\"Miriam Echandi Ju\u00e1rez\",\"Naldy Patricia Rodr\u00edguez Lagunes\",\"Sonia S\u00e1nchez de Chirinos\",\"Veracruz\"],\"articleSection\":[\"De Opini\u00f3n\"],\"inLanguage\":\"es\",\"potentialAction\":[{\"@type\":\"CommentAction\",\"name\":\"Comment\",\"target\":[\"https:\\\/\\\/lospoliticosveracruz.com\\\/?p=23885#respond\"]}]},{\"@type\":\"WebPage\",\"@id\":\"https:\\\/\\\/lospoliticosveracruz.com\\\/?p=23885\",\"url\":\"https:\\\/\\\/lospoliticosveracruz.com\\\/?p=23885\",\"name\":\"Queremos m\u00e1s mujeres - Los pol\u00edticos Veracruz\",\"isPartOf\":{\"@id\":\"https:\\\/\\\/lospoliticosveracruz.com\\\/#website\"},\"primaryImageOfPage\":{\"@id\":\"https:\\\/\\\/lospoliticosveracruz.com\\\/?p=23885#primaryimage\"},\"image\":{\"@id\":\"https:\\\/\\\/lospoliticosveracruz.com\\\/?p=23885#primaryimage\"},\"thumbnailUrl\":\"http:\\\/\\\/www.lospoliticosveracruz.com.mx\\\/wp-content\\\/uploads\\\/2016\\\/06\\\/Naldy-Indira-Sonia.jpg\",\"datePublished\":\"2016-06-27T03:24:17+00:00\",\"breadcrumb\":{\"@id\":\"https:\\\/\\\/lospoliticosveracruz.com\\\/?p=23885#breadcrumb\"},\"inLanguage\":\"es\",\"potentialAction\":[{\"@type\":\"ReadAction\",\"target\":[\"https:\\\/\\\/lospoliticosveracruz.com\\\/?p=23885\"]}]},{\"@type\":\"ImageObject\",\"inLanguage\":\"es\",\"@id\":\"https:\\\/\\\/lospoliticosveracruz.com\\\/?p=23885#primaryimage\",\"url\":\"http:\\\/\\\/www.lospoliticosveracruz.com.mx\\\/wp-content\\\/uploads\\\/2016\\\/06\\\/Naldy-Indira-Sonia.jpg\",\"contentUrl\":\"http:\\\/\\\/www.lospoliticosveracruz.com.mx\\\/wp-content\\\/uploads\\\/2016\\\/06\\\/Naldy-Indira-Sonia.jpg\"},{\"@type\":\"BreadcrumbList\",\"@id\":\"https:\\\/\\\/lospoliticosveracruz.com\\\/?p=23885#breadcrumb\",\"itemListElement\":[{\"@type\":\"ListItem\",\"position\":1,\"name\":\"Portada\",\"item\":\"https:\\\/\\\/lospoliticosveracruz.com\\\/\"},{\"@type\":\"ListItem\",\"position\":2,\"name\":\"Queremos m\u00e1s mujeres\"}]},{\"@type\":\"WebSite\",\"@id\":\"https:\\\/\\\/lospoliticosveracruz.com\\\/#website\",\"url\":\"https:\\\/\\\/lospoliticosveracruz.com\\\/\",\"name\":\"Los pol\u00edticos Veracruz\",\"description\":\"\",\"publisher\":{\"@id\":\"https:\\\/\\\/lospoliticosveracruz.com\\\/#organization\"},\"potentialAction\":[{\"@type\":\"SearchAction\",\"target\":{\"@type\":\"EntryPoint\",\"urlTemplate\":\"https:\\\/\\\/lospoliticosveracruz.com\\\/?s={search_term_string}\"},\"query-input\":{\"@type\":\"PropertyValueSpecification\",\"valueRequired\":true,\"valueName\":\"search_term_string\"}}],\"inLanguage\":\"es\"},{\"@type\":\"Organization\",\"@id\":\"https:\\\/\\\/lospoliticosveracruz.com\\\/#organization\",\"name\":\"Los pol\u00edticos Veracruz\",\"url\":\"https:\\\/\\\/lospoliticosveracruz.com\\\/\",\"logo\":{\"@type\":\"ImageObject\",\"inLanguage\":\"es\",\"@id\":\"https:\\\/\\\/lospoliticosveracruz.com\\\/#\\\/schema\\\/logo\\\/image\\\/\",\"url\":\"https:\\\/\\\/lospoliticosveracruz.com\\\/wp-content\\\/uploads\\\/2025\\\/12\\\/Logo-Nuevo-LOS-POLITICOS-1.jpg\",\"contentUrl\":\"https:\\\/\\\/lospoliticosveracruz.com\\\/wp-content\\\/uploads\\\/2025\\\/12\\\/Logo-Nuevo-LOS-POLITICOS-1.jpg\",\"width\":260,\"height\":70,\"caption\":\"Los pol\u00edticos Veracruz\"},\"image\":{\"@id\":\"https:\\\/\\\/lospoliticosveracruz.com\\\/#\\\/schema\\\/logo\\\/image\\\/\"},\"sameAs\":[\"https:\\\/\\\/www.facebook.com\\\/people\\\/Notimemes-de-los-Polticos\\\/61565672886568\\\/\",\"https:\\\/\\\/x.com\\\/LosPoliticosVer\"]},{\"@type\":\"Person\",\"@id\":\"https:\\\/\\\/lospoliticosveracruz.com\\\/#\\\/schema\\\/person\\\/b8702bb0e538456e6efd07080bf2a4a2\",\"name\":\"Lo viste en Los Pol\u00edticos\",\"image\":{\"@type\":\"ImageObject\",\"inLanguage\":\"es\",\"@id\":\"https:\\\/\\\/secure.gravatar.com\\\/avatar\\\/3a8de04a2656d44082be478bd6c086daa447c4651605818287b9532d3d0bd435?s=96&d=mm&r=g\",\"url\":\"https:\\\/\\\/secure.gravatar.com\\\/avatar\\\/3a8de04a2656d44082be478bd6c086daa447c4651605818287b9532d3d0bd435?s=96&d=mm&r=g\",\"contentUrl\":\"https:\\\/\\\/secure.gravatar.com\\\/avatar\\\/3a8de04a2656d44082be478bd6c086daa447c4651605818287b9532d3d0bd435?s=96&d=mm&r=g\",\"caption\":\"Lo viste en Los Pol\u00edticos\"},\"url\":\"https:\\\/\\\/lospoliticosveracruz.com\\\/?author=2\"}]}<\/script>\n<!-- \/ Yoast SEO plugin. -->","yoast_head_json":{"title":"Queremos m\u00e1s mujeres - Los pol\u00edticos Veracruz","robots":{"index":"index","follow":"follow","max-snippet":"max-snippet:-1","max-image-preview":"max-image-preview:large","max-video-preview":"max-video-preview:-1"},"canonical":"https:\/\/lospoliticosveracruz.com\/?p=23885","og_locale":"es_ES","og_type":"article","og_title":"Queremos m\u00e1s mujeres - Los pol\u00edticos Veracruz","og_description":"Brenda Caballero N\u00fameros Rojos \u201cNo s\u00e9 porqu\u00e9 todos se quejan de la corrupci\u00f3n, si la corrupci\u00f3n te da otra oportunidad\u201d. Es el discurso que se echa un judicial en la pel\u00edcula \u201cCero y van Cuatro\u201d (Una comedia mexicana de humor negro que refleja la inseguridad en la que vivimos) cuando agarra in fraganti a dos [&hellip;]","og_url":"https:\/\/lospoliticosveracruz.com\/?p=23885","og_site_name":"Los pol\u00edticos Veracruz","article_publisher":"https:\/\/www.facebook.com\/people\/Notimemes-de-los-Polticos\/61565672886568\/","article_published_time":"2016-06-27T03:24:17+00:00","og_image":[{"url":"http:\/\/www.lospoliticosveracruz.com.mx\/wp-content\/uploads\/2016\/06\/Naldy-Indira-Sonia.jpg","type":"","width":"","height":""}],"author":"Lo viste en Los Pol\u00edticos","twitter_card":"summary_large_image","twitter_creator":"@LosPoliticosVer","twitter_site":"@LosPoliticosVer","twitter_misc":{"Escrito por":"Lo viste en Los Pol\u00edticos","Tiempo de lectura":"3 minutos"},"schema":{"@context":"https:\/\/schema.org","@graph":[{"@type":"Article","@id":"https:\/\/lospoliticosveracruz.com\/?p=23885#article","isPartOf":{"@id":"https:\/\/lospoliticosveracruz.com\/?p=23885"},"author":{"name":"Lo viste en Los Pol\u00edticos","@id":"https:\/\/lospoliticosveracruz.com\/#\/schema\/person\/b8702bb0e538456e6efd07080bf2a4a2"},"headline":"Queremos m\u00e1s mujeres","datePublished":"2016-06-27T03:24:17+00:00","mainEntityOfPage":{"@id":"https:\/\/lospoliticosveracruz.com\/?p=23885"},"wordCount":661,"commentCount":0,"publisher":{"@id":"https:\/\/lospoliticosveracruz.com\/#organization"},"image":{"@id":"https:\/\/lospoliticosveracruz.com\/?p=23885#primaryimage"},"thumbnailUrl":"http:\/\/www.lospoliticosveracruz.com.mx\/wp-content\/uploads\/2016\/06\/Naldy-Indira-Sonia.jpg","keywords":["Cero y van Cuatro","Dalia Blanca Tamayo Mungu\u00eda","Dulce Mar\u00eda Romero Aquino","Fiscal\u00eda Anticorrupci\u00f3n","Indira Rosales San Rom\u00e1n","Irma Rodr\u00edguez \u00c1ngel","IVAI","Mar\u00eda Janet Paredes Cabrera","Martha Elvia Gonz\u00e1lez Mart\u00ednez","Mercedes Santoyo Dom\u00ednguez","Miriam Echandi Ju\u00e1rez","Naldy Patricia Rodr\u00edguez Lagunes","Sonia S\u00e1nchez de Chirinos","Veracruz"],"articleSection":["De Opini\u00f3n"],"inLanguage":"es","potentialAction":[{"@type":"CommentAction","name":"Comment","target":["https:\/\/lospoliticosveracruz.com\/?p=23885#respond"]}]},{"@type":"WebPage","@id":"https:\/\/lospoliticosveracruz.com\/?p=23885","url":"https:\/\/lospoliticosveracruz.com\/?p=23885","name":"Queremos m\u00e1s mujeres - Los pol\u00edticos Veracruz","isPartOf":{"@id":"https:\/\/lospoliticosveracruz.com\/#website"},"primaryImageOfPage":{"@id":"https:\/\/lospoliticosveracruz.com\/?p=23885#primaryimage"},"image":{"@id":"https:\/\/lospoliticosveracruz.com\/?p=23885#primaryimage"},"thumbnailUrl":"http:\/\/www.lospoliticosveracruz.com.mx\/wp-content\/uploads\/2016\/06\/Naldy-Indira-Sonia.jpg","datePublished":"2016-06-27T03:24:17+00:00","breadcrumb":{"@id":"https:\/\/lospoliticosveracruz.com\/?p=23885#breadcrumb"},"inLanguage":"es","potentialAction":[{"@type":"ReadAction","target":["https:\/\/lospoliticosveracruz.com\/?p=23885"]}]},{"@type":"ImageObject","inLanguage":"es","@id":"https:\/\/lospoliticosveracruz.com\/?p=23885#primaryimage","url":"http:\/\/www.lospoliticosveracruz.com.mx\/wp-content\/uploads\/2016\/06\/Naldy-Indira-Sonia.jpg","contentUrl":"http:\/\/www.lospoliticosveracruz.com.mx\/wp-content\/uploads\/2016\/06\/Naldy-Indira-Sonia.jpg"},{"@type":"BreadcrumbList","@id":"https:\/\/lospoliticosveracruz.com\/?p=23885#breadcrumb","itemListElement":[{"@type":"ListItem","position":1,"name":"Portada","item":"https:\/\/lospoliticosveracruz.com\/"},{"@type":"ListItem","position":2,"name":"Queremos m\u00e1s mujeres"}]},{"@type":"WebSite","@id":"https:\/\/lospoliticosveracruz.com\/#website","url":"https:\/\/lospoliticosveracruz.com\/","name":"Los pol\u00edticos Veracruz","description":"","publisher":{"@id":"https:\/\/lospoliticosveracruz.com\/#organization"},"potentialAction":[{"@type":"SearchAction","target":{"@type":"EntryPoint","urlTemplate":"https:\/\/lospoliticosveracruz.com\/?s={search_term_string}"},"query-input":{"@type":"PropertyValueSpecification","valueRequired":true,"valueName":"search_term_string"}}],"inLanguage":"es"},{"@type":"Organization","@id":"https:\/\/lospoliticosveracruz.com\/#organization","name":"Los pol\u00edticos Veracruz","url":"https:\/\/lospoliticosveracruz.com\/","logo":{"@type":"ImageObject","inLanguage":"es","@id":"https:\/\/lospoliticosveracruz.com\/#\/schema\/logo\/image\/","url":"https:\/\/lospoliticosveracruz.com\/wp-content\/uploads\/2025\/12\/Logo-Nuevo-LOS-POLITICOS-1.jpg","contentUrl":"https:\/\/lospoliticosveracruz.com\/wp-content\/uploads\/2025\/12\/Logo-Nuevo-LOS-POLITICOS-1.jpg","width":260,"height":70,"caption":"Los pol\u00edticos Veracruz"},"image":{"@id":"https:\/\/lospoliticosveracruz.com\/#\/schema\/logo\/image\/"},"sameAs":["https:\/\/www.facebook.com\/people\/Notimemes-de-los-Polticos\/61565672886568\/","https:\/\/x.com\/LosPoliticosVer"]},{"@type":"Person","@id":"https:\/\/lospoliticosveracruz.com\/#\/schema\/person\/b8702bb0e538456e6efd07080bf2a4a2","name":"Lo viste en Los Pol\u00edticos","image":{"@type":"ImageObject","inLanguage":"es","@id":"https:\/\/secure.gravatar.com\/avatar\/3a8de04a2656d44082be478bd6c086daa447c4651605818287b9532d3d0bd435?s=96&d=mm&r=g","url":"https:\/\/secure.gravatar.com\/avatar\/3a8de04a2656d44082be478bd6c086daa447c4651605818287b9532d3d0bd435?s=96&d=mm&r=g","contentUrl":"https:\/\/secure.gravatar.com\/avatar\/3a8de04a2656d44082be478bd6c086daa447c4651605818287b9532d3d0bd435?s=96&d=mm&r=g","caption":"Lo viste en Los Pol\u00edticos"},"url":"https:\/\/lospoliticosveracruz.com\/?author=2"}]}},"_links":{"self":[{"href":"https:\/\/lospoliticosveracruz.com\/index.php?rest_route=\/wp\/v2\/posts\/23885","targetHints":{"allow":["GET"]}}],"collection":[{"href":"https:\/\/lospoliticosveracruz.com\/index.php?rest_route=\/wp\/v2\/posts"}],"about":[{"href":"https:\/\/lospoliticosveracruz.com\/index.php?rest_route=\/wp\/v2\/types\/post"}],"author":[{"embeddable":true,"href":"https:\/\/lospoliticosveracruz.com\/index.php?rest_route=\/wp\/v2\/users\/2"}],"replies":[{"embeddable":true,"href":"https:\/\/lospoliticosveracruz.com\/index.php?rest_route=%2Fwp%2Fv2%2Fcomments&post=23885"}],"version-history":[{"count":2,"href":"https:\/\/lospoliticosveracruz.com\/index.php?rest_route=\/wp\/v2\/posts\/23885\/revisions"}],"predecessor-version":[{"id":23888,"href":"https:\/\/lospoliticosveracruz.com\/index.php?rest_route=\/wp\/v2\/posts\/23885\/revisions\/23888"}],"wp:attachment":[{"href":"https:\/\/lospoliticosveracruz.com\/index.php?rest_route=%2Fwp%2Fv2%2Fmedia&parent=23885"}],"wp:term":[{"taxonomy":"category","embeddable":true,"href":"https:\/\/lospoliticosveracruz.com\/index.php?rest_route=%2Fwp%2Fv2%2Fcategories&post=23885"},{"taxonomy":"post_tag","embeddable":true,"href":"https:\/\/lospoliticosveracruz.com\/index.php?rest_route=%2Fwp%2Fv2%2Ftags&post=23885"}],"curies":[{"name":"wp","href":"https:\/\/api.w.org\/{rel}","templated":true}]}}